{"id":3520,"date":"2023-10-31T20:42:07","date_gmt":"2023-10-31T20:42:07","guid":{"rendered":"https:\/\/www.nonsolomusicamagazine.it\/?p=3520"},"modified":"2023-10-31T20:42:08","modified_gmt":"2023-10-31T20:42:08","slug":"30-anni-fa-ci-lasciava-il-maestro-federico-fellini","status":"publish","type":"post","link":"https:\/\/www.nonsolomusicamagazine.it\/?p=3520","title":{"rendered":"30 anni fa ci lasciava il maestro Federico Fellini"},"content":{"rendered":"\n<p class=\"has-text-align-center\"><strong>Manuel M Buccarella<\/strong><\/p>\n\n\n\n<p>Il 31 ottobre 1993 ci lasciava Federico Fellini, uno dei pi\u00f9 grandi maestri e registi del cinema internazionale.Federico Fellini, riminese, \u00e8 stato un regista, sceneggiatore, fumettista e scrittore italiano. Considerato uno dei maggiori registi della storia del cinema, \u00e8 stato attivo per quarant&#8217;anni, dal 1950 al 1990, realizzando diciannove film. La fase iniziale della sua produzione \u00e8 condizionata dal cinema neorealista; successivamente andr\u00e0 un po&#8217; &#8220;a ruota libera&#8221;, nel senso che il suo cinema non \u00e8 facilmente etichettabile.<\/p>\n\n\n\n<p>I suoi film &#8220;La strada&#8221;, &#8220;Le notti di Cabiria&#8221;, &#8220;8\u00bd&#8221; e &#8220;Amarcord&#8221; hanno vinto l&#8217;Oscar al miglior film in lingua straniera. Candidato 12 volte al Premio Oscar, gli \u00e8 stato conferito nel 1993 l&#8217;Oscar alla carriera. Ha vinto due volte il Festival di Mosca (1963 e 1987), la Palma d&#8217;oro al Festival di Cannes nel 1960 e il Leone d&#8217;oro alla carriera alla Mostra del Cinema di Venezia nel 1985.<\/p>\n\n\n\n<h4 class=\"wp-block-heading\">L&#8217;Oscar ad \u201c8\u00bd\u201d <\/h4>\n\n\n\n<p>Il 13 aprile 1964 il film \u201c8\u00bd\u201d di\u00a0<strong>Federico Fellini\u00a0<\/strong>ottiene l\u2019Oscar come miglior film straniero e quello per i migliori costumi.<br>\u00c8 considerato uno dei capolavori di Fellini ed una delle migliori pellicole cinematografiche di tutti i tempi. Cast d\u2019eccezione con <strong>Marcello Mastroianni,\u00a0Claudia Cardinale, Anouk Aim\u00e9, Sandra Milo, Rossella Falk, Mario Pisu<\/strong>.<br>Trama: Guido \u00e8 un regista quarantenne, un po\u2019 stanco. Tutto ci\u00f2 che lo riguarda \u00e8 stanco: il rapporto con la moglie, col suo produttore, con gli amici, persino con l\u2019amante.<\/p>\n\n\n<figure class=\"wp-block-post-featured-image\"><img decoding=\"async\" width=\"520\" height=\"370\" src=\"https:\/\/www.nonsolomusicamagazine.it\/wp-content\/uploads\/2023\/10\/Fellini_camera.jpg\" class=\"attachment-post-thumbnail size-post-thumbnail wp-post-image\" alt=\"\" style=\"object-fit:cover;\" srcset=\"https:\/\/www.nonsolomusicamagazine.it\/wp-content\/uploads\/2023\/10\/Fellini_camera.jpg 520w, https:\/\/www.nonsolomusicamagazine.it\/wp-content\/uploads\/2023\/10\/Fellini_camera-300x213.jpg 300w\" sizes=\"(max-width: 520px) 100vw, 520px\" \/><\/figure>","protected":false},"excerpt":{"rendered":"<p>Manuel M Buccarella Il 31 ottobre 1993 ci lasciava Federico Fellini, uno dei pi\u00f9 grandi maestri e registi del cinema internazionale.Federico Fellini, riminese, \u00e8 stato un regista, sceneggiatore, fumettista e scrittore italiano. Considerato uno dei maggiori registi della storia del cinema, \u00e8 stato attivo per quarant&#8217;anni, dal 1950 al 1990, realizzando diciannove film. La fase [&hellip;]<\/p>\n","protected":false},"author":1,"featured_media":3521,"comment_status":"open","ping_status":"closed","sticky":false,"template":"","format":"standard","meta":{"footnotes":""},"categories":[135],"tags":[1154,1517],"class_list":["post-3520","post","type-post","status-publish","format-standard","has-post-thumbnail","hentry","category-cinema","tag-cinema","tag-federico-fellini"],"yoast_head":"<!-- This site is optimized with the Yoast SEO plugin v27.5 - https:\/\/yoast.com\/product\/yoast-seo-wordpress\/ -->\n<title>30 anni fa ci lasciava il maestro Federico Fellini - NonSoloMusicaMagazine<\/title>\n<meta name=\"description\" content=\"30 anni fa ci lasciava il maestro Federico Fellini\" \/>\n<meta name=\"robots\" content=\"index, follow, max-snippet:-1, max-image-preview:large, max-video-preview:-1\" \/>\n<link rel=\"canonical\" href=\"https:\/\/www.nonsolomusicamagazine.it\/?p=3520\" \/>\n<meta property=\"og:locale\" content=\"it_IT\" \/>\n<meta property=\"og:type\" content=\"article\" \/>\n<meta property=\"og:title\" content=\"30 anni fa ci lasciava il maestro Federico Fellini - NonSoloMusicaMagazine\" \/>\n<meta property=\"og:description\" content=\"30 anni fa ci lasciava il maestro Federico Fellini\" \/>\n<meta property=\"og:url\" content=\"https:\/\/www.nonsolomusicamagazine.it\/?p=3520\" \/>\n<meta property=\"og:site_name\" content=\"NonSoloMusicaMagazine\" \/>\n<meta property=\"article:published_time\" content=\"2023-10-31T20:42:07+00:00\" \/>\n<meta property=\"article:modified_time\" content=\"2023-10-31T20:42:08+00:00\" \/>\n<meta property=\"og:image\" content=\"https:\/\/www.nonsolomusicamagazine.it\/wp-content\/uploads\/2023\/10\/Fellini_camera.jpg\" \/>\n\t<meta property=\"og:image:width\" content=\"520\" \/>\n\t<meta property=\"og:image:height\" content=\"370\" \/>\n\t<meta property=\"og:image:type\" content=\"image\/jpeg\" \/>\n<meta name=\"author\" content=\"nonsolomusica\" \/>\n<meta name=\"twitter:card\" content=\"summary_large_image\" \/>\n<meta name=\"twitter:label1\" content=\"Scritto da\" \/>\n\t<meta name=\"twitter:data1\" content=\"nonsolomusica\" \/>\n\t<meta name=\"twitter:label2\" content=\"Tempo di lettura stimato\" \/>\n\t<meta name=\"twitter:data2\" content=\"2 minuti\" \/>\n<script type=\"application\/ld+json\" class=\"yoast-schema-graph\">{\"@context\":\"https:\\\/\\\/schema.org\",\"@graph\":[{\"@type\":\"Article\",\"@id\":\"https:\\\/\\\/www.nonsolomusicamagazine.it\\\/?p=3520#article\",\"isPartOf\":{\"@id\":\"https:\\\/\\\/www.nonsolomusicamagazine.it\\\/?p=3520\"},\"author\":{\"name\":\"nonsolomusica\",\"@id\":\"https:\\\/\\\/www.nonsolomusicamagazine.it\\\/#\\\/schema\\\/person\\\/a3349ad02300d046472d46cf6d31ae46\"},\"headline\":\"30 anni fa ci lasciava il maestro Federico Fellini\",\"datePublished\":\"2023-10-31T20:42:07+00:00\",\"dateModified\":\"2023-10-31T20:42:08+00:00\",\"mainEntityOfPage\":{\"@id\":\"https:\\\/\\\/www.nonsolomusicamagazine.it\\\/?p=3520\"},\"wordCount\":233,\"commentCount\":0,\"image\":{\"@id\":\"https:\\\/\\\/www.nonsolomusicamagazine.it\\\/?p=3520#primaryimage\"},\"thumbnailUrl\":\"https:\\\/\\\/www.nonsolomusicamagazine.it\\\/wp-content\\\/uploads\\\/2023\\\/10\\\/Fellini_camera.jpg\",\"keywords\":[\"cinema\",\"Federico Fellini\"],\"articleSection\":[\"Cinema\"],\"inLanguage\":\"it-IT\",\"potentialAction\":[{\"@type\":\"CommentAction\",\"name\":\"Comment\",\"target\":[\"https:\\\/\\\/www.nonsolomusicamagazine.it\\\/?p=3520#respond\"]}]},{\"@type\":\"WebPage\",\"@id\":\"https:\\\/\\\/www.nonsolomusicamagazine.it\\\/?p=3520\",\"url\":\"https:\\\/\\\/www.nonsolomusicamagazine.it\\\/?p=3520\",\"name\":\"30 anni fa ci lasciava il maestro Federico Fellini - NonSoloMusicaMagazine\",\"isPartOf\":{\"@id\":\"https:\\\/\\\/www.nonsolomusicamagazine.it\\\/#website\"},\"primaryImageOfPage\":{\"@id\":\"https:\\\/\\\/www.nonsolomusicamagazine.it\\\/?p=3520#primaryimage\"},\"image\":{\"@id\":\"https:\\\/\\\/www.nonsolomusicamagazine.it\\\/?p=3520#primaryimage\"},\"thumbnailUrl\":\"https:\\\/\\\/www.nonsolomusicamagazine.it\\\/wp-content\\\/uploads\\\/2023\\\/10\\\/Fellini_camera.jpg\",\"datePublished\":\"2023-10-31T20:42:07+00:00\",\"dateModified\":\"2023-10-31T20:42:08+00:00\",\"author\":{\"@id\":\"https:\\\/\\\/www.nonsolomusicamagazine.it\\\/#\\\/schema\\\/person\\\/a3349ad02300d046472d46cf6d31ae46\"},\"description\":\"30 anni fa ci lasciava il maestro Federico Fellini\",\"breadcrumb\":{\"@id\":\"https:\\\/\\\/www.nonsolomusicamagazine.it\\\/?p=3520#breadcrumb\"},\"inLanguage\":\"it-IT\",\"potentialAction\":[{\"@type\":\"ReadAction\",\"target\":[\"https:\\\/\\\/www.nonsolomusicamagazine.it\\\/?p=3520\"]}]},{\"@type\":\"ImageObject\",\"inLanguage\":\"it-IT\",\"@id\":\"https:\\\/\\\/www.nonsolomusicamagazine.it\\\/?p=3520#primaryimage\",\"url\":\"https:\\\/\\\/www.nonsolomusicamagazine.it\\\/wp-content\\\/uploads\\\/2023\\\/10\\\/Fellini_camera.jpg\",\"contentUrl\":\"https:\\\/\\\/www.nonsolomusicamagazine.it\\\/wp-content\\\/uploads\\\/2023\\\/10\\\/Fellini_camera.jpg\",\"width\":520,\"height\":370},{\"@type\":\"BreadcrumbList\",\"@id\":\"https:\\\/\\\/www.nonsolomusicamagazine.it\\\/?p=3520#breadcrumb\",\"itemListElement\":[{\"@type\":\"ListItem\",\"position\":1,\"name\":\"Home\",\"item\":\"https:\\\/\\\/www.nonsolomusicamagazine.it\\\/\"},{\"@type\":\"ListItem\",\"position\":2,\"name\":\"30 anni fa ci lasciava il maestro Federico Fellini\"}]},{\"@type\":\"WebSite\",\"@id\":\"https:\\\/\\\/www.nonsolomusicamagazine.it\\\/#website\",\"url\":\"https:\\\/\\\/www.nonsolomusicamagazine.it\\\/\",\"name\":\"Nonsolomusicamagazine\",\"description\":\"Dir. responsabile Manuel M Buccarella\",\"potentialAction\":[{\"@type\":\"SearchAction\",\"target\":{\"@type\":\"EntryPoint\",\"urlTemplate\":\"https:\\\/\\\/www.nonsolomusicamagazine.it\\\/?s={search_term_string}\"},\"query-input\":{\"@type\":\"PropertyValueSpecification\",\"valueRequired\":true,\"valueName\":\"search_term_string\"}}],\"inLanguage\":\"it-IT\"},{\"@type\":\"Person\",\"@id\":\"https:\\\/\\\/www.nonsolomusicamagazine.it\\\/#\\\/schema\\\/person\\\/a3349ad02300d046472d46cf6d31ae46\",\"name\":\"nonsolomusica\",\"image\":{\"@type\":\"ImageObject\",\"inLanguage\":\"it-IT\",\"@id\":\"https:\\\/\\\/www.nonsolomusicamagazine.it\\\/wp-content\\\/litespeed\\\/avatar\\\/3a675484bc84db6aba78d43bfc8b7197.jpg?ver=1776880798\",\"url\":\"https:\\\/\\\/www.nonsolomusicamagazine.it\\\/wp-content\\\/litespeed\\\/avatar\\\/3a675484bc84db6aba78d43bfc8b7197.jpg?ver=1776880798\",\"contentUrl\":\"https:\\\/\\\/www.nonsolomusicamagazine.it\\\/wp-content\\\/litespeed\\\/avatar\\\/3a675484bc84db6aba78d43bfc8b7197.jpg?ver=1776880798\",\"caption\":\"nonsolomusica\"},\"sameAs\":[\"https:\\\/\\\/www.nonsolomusicamagazine.it\"],\"url\":\"https:\\\/\\\/www.nonsolomusicamagazine.it\\\/?author=1\"}]}<\/script>\n<!-- \/ Yoast SEO plugin. -->","yoast_head_json":{"title":"30 anni fa ci lasciava il maestro Federico Fellini - NonSoloMusicaMagazine","description":"30 anni fa ci lasciava il maestro Federico Fellini","robots":{"index":"index","follow":"follow","max-snippet":"max-snippet:-1","max-image-preview":"max-image-preview:large","max-video-preview":"max-video-preview:-1"},"canonical":"https:\/\/www.nonsolomusicamagazine.it\/?p=3520","og_locale":"it_IT","og_type":"article","og_title":"30 anni fa ci lasciava il maestro Federico Fellini - NonSoloMusicaMagazine","og_description":"30 anni fa ci lasciava il maestro Federico Fellini","og_url":"https:\/\/www.nonsolomusicamagazine.it\/?p=3520","og_site_name":"NonSoloMusicaMagazine","article_published_time":"2023-10-31T20:42:07+00:00","article_modified_time":"2023-10-31T20:42:08+00:00","og_image":[{"width":520,"height":370,"url":"https:\/\/www.nonsolomusicamagazine.it\/wp-content\/uploads\/2023\/10\/Fellini_camera.jpg","type":"image\/jpeg"}],"author":"nonsolomusica","twitter_card":"summary_large_image","twitter_misc":{"Scritto da":"nonsolomusica","Tempo di lettura stimato":"2 minuti"},"schema":{"@context":"https:\/\/schema.org","@graph":[{"@type":"Article","@id":"https:\/\/www.nonsolomusicamagazine.it\/?p=3520#article","isPartOf":{"@id":"https:\/\/www.nonsolomusicamagazine.it\/?p=3520"},"author":{"name":"nonsolomusica","@id":"https:\/\/www.nonsolomusicamagazine.it\/#\/schema\/person\/a3349ad02300d046472d46cf6d31ae46"},"headline":"30 anni fa ci lasciava il maestro Federico Fellini","datePublished":"2023-10-31T20:42:07+00:00","dateModified":"2023-10-31T20:42:08+00:00","mainEntityOfPage":{"@id":"https:\/\/www.nonsolomusicamagazine.it\/?p=3520"},"wordCount":233,"commentCount":0,"image":{"@id":"https:\/\/www.nonsolomusicamagazine.it\/?p=3520#primaryimage"},"thumbnailUrl":"https:\/\/www.nonsolomusicamagazine.it\/wp-content\/uploads\/2023\/10\/Fellini_camera.jpg","keywords":["cinema","Federico Fellini"],"articleSection":["Cinema"],"inLanguage":"it-IT","potentialAction":[{"@type":"CommentAction","name":"Comment","target":["https:\/\/www.nonsolomusicamagazine.it\/?p=3520#respond"]}]},{"@type":"WebPage","@id":"https:\/\/www.nonsolomusicamagazine.it\/?p=3520","url":"https:\/\/www.nonsolomusicamagazine.it\/?p=3520","name":"30 anni fa ci lasciava il maestro Federico Fellini - NonSoloMusicaMagazine","isPartOf":{"@id":"https:\/\/www.nonsolomusicamagazine.it\/#website"},"primaryImageOfPage":{"@id":"https:\/\/www.nonsolomusicamagazine.it\/?p=3520#primaryimage"},"image":{"@id":"https:\/\/www.nonsolomusicamagazine.it\/?p=3520#primaryimage"},"thumbnailUrl":"https:\/\/www.nonsolomusicamagazine.it\/wp-content\/uploads\/2023\/10\/Fellini_camera.jpg","datePublished":"2023-10-31T20:42:07+00:00","dateModified":"2023-10-31T20:42:08+00:00","author":{"@id":"https:\/\/www.nonsolomusicamagazine.it\/#\/schema\/person\/a3349ad02300d046472d46cf6d31ae46"},"description":"30 anni fa ci lasciava il maestro Federico Fellini","breadcrumb":{"@id":"https:\/\/www.nonsolomusicamagazine.it\/?p=3520#breadcrumb"},"inLanguage":"it-IT","potentialAction":[{"@type":"ReadAction","target":["https:\/\/www.nonsolomusicamagazine.it\/?p=3520"]}]},{"@type":"ImageObject","inLanguage":"it-IT","@id":"https:\/\/www.nonsolomusicamagazine.it\/?p=3520#primaryimage","url":"https:\/\/www.nonsolomusicamagazine.it\/wp-content\/uploads\/2023\/10\/Fellini_camera.jpg","contentUrl":"https:\/\/www.nonsolomusicamagazine.it\/wp-content\/uploads\/2023\/10\/Fellini_camera.jpg","width":520,"height":370},{"@type":"BreadcrumbList","@id":"https:\/\/www.nonsolomusicamagazine.it\/?p=3520#breadcrumb","itemListElement":[{"@type":"ListItem","position":1,"name":"Home","item":"https:\/\/www.nonsolomusicamagazine.it\/"},{"@type":"ListItem","position":2,"name":"30 anni fa ci lasciava il maestro Federico Fellini"}]},{"@type":"WebSite","@id":"https:\/\/www.nonsolomusicamagazine.it\/#website","url":"https:\/\/www.nonsolomusicamagazine.it\/","name":"Nonsolomusicamagazine","description":"Dir. responsabile Manuel M Buccarella","potentialAction":[{"@type":"SearchAction","target":{"@type":"EntryPoint","urlTemplate":"https:\/\/www.nonsolomusicamagazine.it\/?s={search_term_string}"},"query-input":{"@type":"PropertyValueSpecification","valueRequired":true,"valueName":"search_term_string"}}],"inLanguage":"it-IT"},{"@type":"Person","@id":"https:\/\/www.nonsolomusicamagazine.it\/#\/schema\/person\/a3349ad02300d046472d46cf6d31ae46","name":"nonsolomusica","image":{"@type":"ImageObject","inLanguage":"it-IT","@id":"https:\/\/www.nonsolomusicamagazine.it\/wp-content\/litespeed\/avatar\/3a675484bc84db6aba78d43bfc8b7197.jpg?ver=1776880798","url":"https:\/\/www.nonsolomusicamagazine.it\/wp-content\/litespeed\/avatar\/3a675484bc84db6aba78d43bfc8b7197.jpg?ver=1776880798","contentUrl":"https:\/\/www.nonsolomusicamagazine.it\/wp-content\/litespeed\/avatar\/3a675484bc84db6aba78d43bfc8b7197.jpg?ver=1776880798","caption":"nonsolomusica"},"sameAs":["https:\/\/www.nonsolomusicamagazine.it"],"url":"https:\/\/www.nonsolomusicamagazine.it\/?author=1"}]}},"amp_enabled":true,"_links":{"self":[{"href":"https:\/\/www.nonsolomusicamagazine.it\/index.php?rest_route=\/wp\/v2\/posts\/3520","targetHints":{"allow":["GET"]}}],"collection":[{"href":"https:\/\/www.nonsolomusicamagazine.it\/index.php?rest_route=\/wp\/v2\/posts"}],"about":[{"href":"https:\/\/www.nonsolomusicamagazine.it\/index.php?rest_route=\/wp\/v2\/types\/post"}],"author":[{"embeddable":true,"href":"https:\/\/www.nonsolomusicamagazine.it\/index.php?rest_route=\/wp\/v2\/users\/1"}],"replies":[{"embeddable":true,"href":"https:\/\/www.nonsolomusicamagazine.it\/index.php?rest_route=%2Fwp%2Fv2%2Fcomments&post=3520"}],"version-history":[{"count":0,"href":"https:\/\/www.nonsolomusicamagazine.it\/index.php?rest_route=\/wp\/v2\/posts\/3520\/revisions"}],"wp:featuredmedia":[{"embeddable":true,"href":"https:\/\/www.nonsolomusicamagazine.it\/index.php?rest_route=\/wp\/v2\/media\/3521"}],"wp:attachment":[{"href":"https:\/\/www.nonsolomusicamagazine.it\/index.php?rest_route=%2Fwp%2Fv2%2Fmedia&parent=3520"}],"wp:term":[{"taxonomy":"category","embeddable":true,"href":"https:\/\/www.nonsolomusicamagazine.it\/index.php?rest_route=%2Fwp%2Fv2%2Fcategories&post=3520"},{"taxonomy":"post_tag","embeddable":true,"href":"https:\/\/www.nonsolomusicamagazine.it\/index.php?rest_route=%2Fwp%2Fv2%2Ftags&post=3520"}],"curies":[{"name":"wp","href":"https:\/\/api.w.org\/{rel}","templated":true}]}}