{"id":4134,"date":"2023-12-01T09:53:54","date_gmt":"2023-12-01T09:53:54","guid":{"rendered":"https:\/\/www.nonsolomusicamagazine.it\/?p=4134"},"modified":"2023-12-01T09:55:02","modified_gmt":"2023-12-01T09:55:02","slug":"adesso-basta-si-conclude-oggi-nelle-regioni-del-sud-italia-lo-sciopero-generale-di-cgil-e-uil","status":"publish","type":"post","link":"https:\/\/www.nonsolomusicamagazine.it\/?p=4134","title":{"rendered":"&#8220;Adesso Basta!&#8221; Si conclude oggi nelle regioni del Sud Italia lo sciopero generale di CGIL e UIL."},"content":{"rendered":"\n<p>Ultima tappa oggi della mobilitazione di Cgil e Uil  per lo sciopero generale contro la manovra finanziaria del governo Meloni. Braccia incrociate dunque in Campania, Basilicata, Calabria e Puglia. Quinto giorno di mobilitazione per Cgil e Uil. Tanti cortei al grido di \u201cAdesso basta!\u201d. <\/p>\n\n\n\n<p>La data di oggi, primo dicembre, fa seguito a quella del 17 novembre nella quale a fermarsi furono le regioni del Centro, al 20 novembre, sciopero in Sicilia, al 24 novembre, sciopero nel Nord Italia e al 27 novembre, mobilitazione in Sardegna. <\/p>\n\n\n\n<p>A Napoli il comizio sar\u00e0 concluso dal segretario generale della Cgil nazionale, Maurizio Landini. Pierpaolo Bombardieri, segretario generale della Uil, chiuder\u00e0 invece la manifestazione in programma a Bari. <\/p>\n\n\n\n<p>La manovra viene contestata in pi\u00f9 punti dalle organizzazioni sindacali, dalla disciplina delle pensioni, ai tagli alla sanit\u00e0. <\/p>\n\n\n\n<p>&#8220;L\u2019incontro col governo avvenuto il 28 novembre non ha cambiato le nostre posizioni, anzi ha rafforzato maggiormente le ragioni e le motivazioni per lo sciopero generale\u201d, ha detto Giovanni Sgambati nel suo intervento durante la conferenza stampa di Cgil e Uil, che si \u00e8 tenuta il 29 novembre nella sede della Uil\u00a0Campania in Varco Pisacane. \u201cIl governo sembra non voglia vedere le difficolt\u00e0 del mondo del lavoro e della cittadinanza. In circa venti anni il lavoro \u00e8 stato fatto a pezzi, con un abbassamento dei salari, con l\u2019aumento della precariet\u00e0, con le difficolt\u00e0 mai risolte per l\u2019occupazione giovanile e femminile, senza parlare dei ritardi insopportabili sul rinnovo dei contratti \u2013\u00a0ha sottolineato Sgambati \u2013.\u00a0La nostra piattaforma\u00a0non \u00e8 mai cambiata, \u00e8 sempre la stessa, con le ragioni e le esigenze del mondo del lavoro, delle famiglie, dei giovani e dei pensionati e se non \u00e8 cambiata \u00e8 perch\u00e9 a\u00a0oggi non abbiamo ricevuto le risposte adeguate. Si pensi alla Campania, alle regioni del Mezzogiorno, qui lo sciopero \u00e8 maggiormente sentito per gli alti tassi di disoccupazione, per la mancanza di investimenti e di una concreta prospettiva industriale e, in questa direzione, i ritardi sui progetti del Pnrr non ci aiutano affatto. Lo sciopero non \u00e8 la fine, ma l\u2019inizio delle nostre battaglie contro una manovra e\u00a0un governo completamente sordo alle esigenze reali del Paese\u201d.<\/p>\n\n\n<figure class=\"wp-block-post-featured-image\"><img decoding=\"async\" width=\"965\" height=\"542\" src=\"https:\/\/www.nonsolomusicamagazine.it\/wp-content\/uploads\/2023\/12\/mappa-manifestazioni-sud-01-12-2023.webp\" class=\"attachment-post-thumbnail size-post-thumbnail wp-post-image\" alt=\"\" style=\"object-fit:cover;\" srcset=\"https:\/\/www.nonsolomusicamagazine.it\/wp-content\/uploads\/2023\/12\/mappa-manifestazioni-sud-01-12-2023.webp 965w, https:\/\/www.nonsolomusicamagazine.it\/wp-content\/uploads\/2023\/12\/mappa-manifestazioni-sud-01-12-2023-300x168.webp 300w, https:\/\/www.nonsolomusicamagazine.it\/wp-content\/uploads\/2023\/12\/mappa-manifestazioni-sud-01-12-2023-768x431.webp 768w\" sizes=\"(max-width: 965px) 100vw, 965px\" \/><\/figure>","protected":false},"excerpt":{"rendered":"<p>Ultima tappa oggi della mobilitazione di Cgil e Uil per lo sciopero generale contro la manovra finanziaria del governo Meloni. Braccia incrociate dunque in Campania, Basilicata, Calabria e Puglia. Quinto giorno di mobilitazione per Cgil e Uil. Tanti cortei al grido di \u201cAdesso basta!\u201d. La data di oggi, primo dicembre, fa seguito a quella del [&hellip;]<\/p>\n","protected":false},"author":1,"featured_media":4135,"comment_status":"open","ping_status":"closed","sticky":false,"template":"","format":"standard","meta":{"footnotes":""},"categories":[1432,5],"tags":[208,170,2311,167,2423],"class_list":["post-4134","post","type-post","status-publish","format-standard","has-post-thumbnail","hentry","category-lavoro","category-politica","tag-cgil","tag-sciopero","tag-sciopero-generale","tag-sud","tag-uil"],"yoast_head":"<!-- This site is optimized with the Yoast SEO plugin v27.5 - https:\/\/yoast.com\/product\/yoast-seo-wordpress\/ -->\n<title>&quot;Adesso Basta!&quot; Si conclude oggi nelle regioni del Sud Italia lo sciopero generale di CGIL e UIL. - NonSoloMusicaMagazine<\/title>\n<meta name=\"description\" content=\"&quot;Adesso Basta!&quot; Si conclude oggi nelle regioni del Sud Italia lo sciopero generale di CGIL e UIL.\" \/>\n<meta name=\"robots\" content=\"index, follow, max-snippet:-1, max-image-preview:large, max-video-preview:-1\" \/>\n<link rel=\"canonical\" href=\"https:\/\/www.nonsolomusicamagazine.it\/?p=4134\" \/>\n<meta property=\"og:locale\" content=\"it_IT\" \/>\n<meta property=\"og:type\" content=\"article\" \/>\n<meta property=\"og:title\" content=\"&quot;Adesso Basta!&quot; Si conclude oggi nelle regioni del Sud Italia lo sciopero generale di CGIL e UIL. - NonSoloMusicaMagazine\" \/>\n<meta property=\"og:description\" content=\"&quot;Adesso Basta!&quot; Si conclude oggi nelle regioni del Sud Italia lo sciopero generale di CGIL e UIL.\" \/>\n<meta property=\"og:url\" content=\"https:\/\/www.nonsolomusicamagazine.it\/?p=4134\" \/>\n<meta property=\"og:site_name\" content=\"NonSoloMusicaMagazine\" \/>\n<meta property=\"article:published_time\" content=\"2023-12-01T09:53:54+00:00\" \/>\n<meta property=\"article:modified_time\" content=\"2023-12-01T09:55:02+00:00\" \/>\n<meta property=\"og:image\" content=\"https:\/\/www.nonsolomusicamagazine.it\/wp-content\/uploads\/2023\/12\/mappa-manifestazioni-sud-01-12-2023.webp\" \/>\n\t<meta property=\"og:image:width\" content=\"965\" \/>\n\t<meta property=\"og:image:height\" content=\"542\" \/>\n\t<meta property=\"og:image:type\" content=\"image\/webp\" \/>\n<meta name=\"author\" content=\"nonsolomusica\" \/>\n<meta name=\"twitter:card\" content=\"summary_large_image\" \/>\n<meta name=\"twitter:label1\" content=\"Scritto da\" \/>\n\t<meta name=\"twitter:data1\" content=\"nonsolomusica\" \/>\n\t<meta name=\"twitter:label2\" content=\"Tempo di lettura stimato\" \/>\n\t<meta name=\"twitter:data2\" content=\"2 minuti\" \/>\n<script type=\"application\/ld+json\" class=\"yoast-schema-graph\">{\"@context\":\"https:\\\/\\\/schema.org\",\"@graph\":[{\"@type\":\"Article\",\"@id\":\"https:\\\/\\\/www.nonsolomusicamagazine.it\\\/?p=4134#article\",\"isPartOf\":{\"@id\":\"https:\\\/\\\/www.nonsolomusicamagazine.it\\\/?p=4134\"},\"author\":{\"name\":\"nonsolomusica\",\"@id\":\"https:\\\/\\\/www.nonsolomusicamagazine.it\\\/#\\\/schema\\\/person\\\/a3349ad02300d046472d46cf6d31ae46\"},\"headline\":\"&#8220;Adesso Basta!&#8221; Si conclude oggi nelle regioni del Sud Italia lo sciopero generale di CGIL e UIL.\",\"datePublished\":\"2023-12-01T09:53:54+00:00\",\"dateModified\":\"2023-12-01T09:55:02+00:00\",\"mainEntityOfPage\":{\"@id\":\"https:\\\/\\\/www.nonsolomusicamagazine.it\\\/?p=4134\"},\"wordCount\":364,\"commentCount\":0,\"image\":{\"@id\":\"https:\\\/\\\/www.nonsolomusicamagazine.it\\\/?p=4134#primaryimage\"},\"thumbnailUrl\":\"https:\\\/\\\/www.nonsolomusicamagazine.it\\\/wp-content\\\/uploads\\\/2023\\\/12\\\/mappa-manifestazioni-sud-01-12-2023.webp\",\"keywords\":[\"Cgil\",\"Sciopero\",\"Sciopero generale\",\"Sud\",\"UIL\"],\"articleSection\":[\"Lavoro\",\"Politica\"],\"inLanguage\":\"it-IT\",\"potentialAction\":[{\"@type\":\"CommentAction\",\"name\":\"Comment\",\"target\":[\"https:\\\/\\\/www.nonsolomusicamagazine.it\\\/?p=4134#respond\"]}]},{\"@type\":\"WebPage\",\"@id\":\"https:\\\/\\\/www.nonsolomusicamagazine.it\\\/?p=4134\",\"url\":\"https:\\\/\\\/www.nonsolomusicamagazine.it\\\/?p=4134\",\"name\":\"\\\"Adesso Basta!\\\" Si conclude oggi nelle regioni del Sud Italia lo sciopero generale di CGIL e UIL. - NonSoloMusicaMagazine\",\"isPartOf\":{\"@id\":\"https:\\\/\\\/www.nonsolomusicamagazine.it\\\/#website\"},\"primaryImageOfPage\":{\"@id\":\"https:\\\/\\\/www.nonsolomusicamagazine.it\\\/?p=4134#primaryimage\"},\"image\":{\"@id\":\"https:\\\/\\\/www.nonsolomusicamagazine.it\\\/?p=4134#primaryimage\"},\"thumbnailUrl\":\"https:\\\/\\\/www.nonsolomusicamagazine.it\\\/wp-content\\\/uploads\\\/2023\\\/12\\\/mappa-manifestazioni-sud-01-12-2023.webp\",\"datePublished\":\"2023-12-01T09:53:54+00:00\",\"dateModified\":\"2023-12-01T09:55:02+00:00\",\"author\":{\"@id\":\"https:\\\/\\\/www.nonsolomusicamagazine.it\\\/#\\\/schema\\\/person\\\/a3349ad02300d046472d46cf6d31ae46\"},\"description\":\"\\\"Adesso Basta!\\\" Si conclude oggi nelle regioni del Sud Italia lo sciopero generale di CGIL e UIL.\",\"breadcrumb\":{\"@id\":\"https:\\\/\\\/www.nonsolomusicamagazine.it\\\/?p=4134#breadcrumb\"},\"inLanguage\":\"it-IT\",\"potentialAction\":[{\"@type\":\"ReadAction\",\"target\":[\"https:\\\/\\\/www.nonsolomusicamagazine.it\\\/?p=4134\"]}]},{\"@type\":\"ImageObject\",\"inLanguage\":\"it-IT\",\"@id\":\"https:\\\/\\\/www.nonsolomusicamagazine.it\\\/?p=4134#primaryimage\",\"url\":\"https:\\\/\\\/www.nonsolomusicamagazine.it\\\/wp-content\\\/uploads\\\/2023\\\/12\\\/mappa-manifestazioni-sud-01-12-2023.webp\",\"contentUrl\":\"https:\\\/\\\/www.nonsolomusicamagazine.it\\\/wp-content\\\/uploads\\\/2023\\\/12\\\/mappa-manifestazioni-sud-01-12-2023.webp\",\"width\":965,\"height\":542},{\"@type\":\"BreadcrumbList\",\"@id\":\"https:\\\/\\\/www.nonsolomusicamagazine.it\\\/?p=4134#breadcrumb\",\"itemListElement\":[{\"@type\":\"ListItem\",\"position\":1,\"name\":\"Home\",\"item\":\"https:\\\/\\\/www.nonsolomusicamagazine.it\\\/\"},{\"@type\":\"ListItem\",\"position\":2,\"name\":\"&#8220;Adesso Basta!&#8221; Si conclude oggi nelle regioni del Sud Italia lo sciopero generale di CGIL e UIL.\"}]},{\"@type\":\"WebSite\",\"@id\":\"https:\\\/\\\/www.nonsolomusicamagazine.it\\\/#website\",\"url\":\"https:\\\/\\\/www.nonsolomusicamagazine.it\\\/\",\"name\":\"Nonsolomusicamagazine\",\"description\":\"Dir. responsabile Manuel M Buccarella\",\"potentialAction\":[{\"@type\":\"SearchAction\",\"target\":{\"@type\":\"EntryPoint\",\"urlTemplate\":\"https:\\\/\\\/www.nonsolomusicamagazine.it\\\/?s={search_term_string}\"},\"query-input\":{\"@type\":\"PropertyValueSpecification\",\"valueRequired\":true,\"valueName\":\"search_term_string\"}}],\"inLanguage\":\"it-IT\"},{\"@type\":\"Person\",\"@id\":\"https:\\\/\\\/www.nonsolomusicamagazine.it\\\/#\\\/schema\\\/person\\\/a3349ad02300d046472d46cf6d31ae46\",\"name\":\"nonsolomusica\",\"image\":{\"@type\":\"ImageObject\",\"inLanguage\":\"it-IT\",\"@id\":\"https:\\\/\\\/www.nonsolomusicamagazine.it\\\/wp-content\\\/litespeed\\\/avatar\\\/3a675484bc84db6aba78d43bfc8b7197.jpg?ver=1777485663\",\"url\":\"https:\\\/\\\/www.nonsolomusicamagazine.it\\\/wp-content\\\/litespeed\\\/avatar\\\/3a675484bc84db6aba78d43bfc8b7197.jpg?ver=1777485663\",\"contentUrl\":\"https:\\\/\\\/www.nonsolomusicamagazine.it\\\/wp-content\\\/litespeed\\\/avatar\\\/3a675484bc84db6aba78d43bfc8b7197.jpg?ver=1777485663\",\"caption\":\"nonsolomusica\"},\"sameAs\":[\"https:\\\/\\\/www.nonsolomusicamagazine.it\"],\"url\":\"https:\\\/\\\/www.nonsolomusicamagazine.it\\\/?author=1\"}]}<\/script>\n<!-- \/ Yoast SEO plugin. -->","yoast_head_json":{"title":"\"Adesso Basta!\" Si conclude oggi nelle regioni del Sud Italia lo sciopero generale di CGIL e UIL. - NonSoloMusicaMagazine","description":"\"Adesso Basta!\" Si conclude oggi nelle regioni del Sud Italia lo sciopero generale di CGIL e UIL.","robots":{"index":"index","follow":"follow","max-snippet":"max-snippet:-1","max-image-preview":"max-image-preview:large","max-video-preview":"max-video-preview:-1"},"canonical":"https:\/\/www.nonsolomusicamagazine.it\/?p=4134","og_locale":"it_IT","og_type":"article","og_title":"\"Adesso Basta!\" Si conclude oggi nelle regioni del Sud Italia lo sciopero generale di CGIL e UIL. - NonSoloMusicaMagazine","og_description":"\"Adesso Basta!\" Si conclude oggi nelle regioni del Sud Italia lo sciopero generale di CGIL e UIL.","og_url":"https:\/\/www.nonsolomusicamagazine.it\/?p=4134","og_site_name":"NonSoloMusicaMagazine","article_published_time":"2023-12-01T09:53:54+00:00","article_modified_time":"2023-12-01T09:55:02+00:00","og_image":[{"width":965,"height":542,"url":"https:\/\/www.nonsolomusicamagazine.it\/wp-content\/uploads\/2023\/12\/mappa-manifestazioni-sud-01-12-2023.webp","type":"image\/webp"}],"author":"nonsolomusica","twitter_card":"summary_large_image","twitter_misc":{"Scritto da":"nonsolomusica","Tempo di lettura stimato":"2 minuti"},"schema":{"@context":"https:\/\/schema.org","@graph":[{"@type":"Article","@id":"https:\/\/www.nonsolomusicamagazine.it\/?p=4134#article","isPartOf":{"@id":"https:\/\/www.nonsolomusicamagazine.it\/?p=4134"},"author":{"name":"nonsolomusica","@id":"https:\/\/www.nonsolomusicamagazine.it\/#\/schema\/person\/a3349ad02300d046472d46cf6d31ae46"},"headline":"&#8220;Adesso Basta!&#8221; Si conclude oggi nelle regioni del Sud Italia lo sciopero generale di CGIL e UIL.","datePublished":"2023-12-01T09:53:54+00:00","dateModified":"2023-12-01T09:55:02+00:00","mainEntityOfPage":{"@id":"https:\/\/www.nonsolomusicamagazine.it\/?p=4134"},"wordCount":364,"commentCount":0,"image":{"@id":"https:\/\/www.nonsolomusicamagazine.it\/?p=4134#primaryimage"},"thumbnailUrl":"https:\/\/www.nonsolomusicamagazine.it\/wp-content\/uploads\/2023\/12\/mappa-manifestazioni-sud-01-12-2023.webp","keywords":["Cgil","Sciopero","Sciopero generale","Sud","UIL"],"articleSection":["Lavoro","Politica"],"inLanguage":"it-IT","potentialAction":[{"@type":"CommentAction","name":"Comment","target":["https:\/\/www.nonsolomusicamagazine.it\/?p=4134#respond"]}]},{"@type":"WebPage","@id":"https:\/\/www.nonsolomusicamagazine.it\/?p=4134","url":"https:\/\/www.nonsolomusicamagazine.it\/?p=4134","name":"\"Adesso Basta!\" Si conclude oggi nelle regioni del Sud Italia lo sciopero generale di CGIL e UIL. - NonSoloMusicaMagazine","isPartOf":{"@id":"https:\/\/www.nonsolomusicamagazine.it\/#website"},"primaryImageOfPage":{"@id":"https:\/\/www.nonsolomusicamagazine.it\/?p=4134#primaryimage"},"image":{"@id":"https:\/\/www.nonsolomusicamagazine.it\/?p=4134#primaryimage"},"thumbnailUrl":"https:\/\/www.nonsolomusicamagazine.it\/wp-content\/uploads\/2023\/12\/mappa-manifestazioni-sud-01-12-2023.webp","datePublished":"2023-12-01T09:53:54+00:00","dateModified":"2023-12-01T09:55:02+00:00","author":{"@id":"https:\/\/www.nonsolomusicamagazine.it\/#\/schema\/person\/a3349ad02300d046472d46cf6d31ae46"},"description":"\"Adesso Basta!\" Si conclude oggi nelle regioni del Sud Italia lo sciopero generale di CGIL e UIL.","breadcrumb":{"@id":"https:\/\/www.nonsolomusicamagazine.it\/?p=4134#breadcrumb"},"inLanguage":"it-IT","potentialAction":[{"@type":"ReadAction","target":["https:\/\/www.nonsolomusicamagazine.it\/?p=4134"]}]},{"@type":"ImageObject","inLanguage":"it-IT","@id":"https:\/\/www.nonsolomusicamagazine.it\/?p=4134#primaryimage","url":"https:\/\/www.nonsolomusicamagazine.it\/wp-content\/uploads\/2023\/12\/mappa-manifestazioni-sud-01-12-2023.webp","contentUrl":"https:\/\/www.nonsolomusicamagazine.it\/wp-content\/uploads\/2023\/12\/mappa-manifestazioni-sud-01-12-2023.webp","width":965,"height":542},{"@type":"BreadcrumbList","@id":"https:\/\/www.nonsolomusicamagazine.it\/?p=4134#breadcrumb","itemListElement":[{"@type":"ListItem","position":1,"name":"Home","item":"https:\/\/www.nonsolomusicamagazine.it\/"},{"@type":"ListItem","position":2,"name":"&#8220;Adesso Basta!&#8221; Si conclude oggi nelle regioni del Sud Italia lo sciopero generale di CGIL e UIL."}]},{"@type":"WebSite","@id":"https:\/\/www.nonsolomusicamagazine.it\/#website","url":"https:\/\/www.nonsolomusicamagazine.it\/","name":"Nonsolomusicamagazine","description":"Dir. responsabile Manuel M Buccarella","potentialAction":[{"@type":"SearchAction","target":{"@type":"EntryPoint","urlTemplate":"https:\/\/www.nonsolomusicamagazine.it\/?s={search_term_string}"},"query-input":{"@type":"PropertyValueSpecification","valueRequired":true,"valueName":"search_term_string"}}],"inLanguage":"it-IT"},{"@type":"Person","@id":"https:\/\/www.nonsolomusicamagazine.it\/#\/schema\/person\/a3349ad02300d046472d46cf6d31ae46","name":"nonsolomusica","image":{"@type":"ImageObject","inLanguage":"it-IT","@id":"https:\/\/www.nonsolomusicamagazine.it\/wp-content\/litespeed\/avatar\/3a675484bc84db6aba78d43bfc8b7197.jpg?ver=1777485663","url":"https:\/\/www.nonsolomusicamagazine.it\/wp-content\/litespeed\/avatar\/3a675484bc84db6aba78d43bfc8b7197.jpg?ver=1777485663","contentUrl":"https:\/\/www.nonsolomusicamagazine.it\/wp-content\/litespeed\/avatar\/3a675484bc84db6aba78d43bfc8b7197.jpg?ver=1777485663","caption":"nonsolomusica"},"sameAs":["https:\/\/www.nonsolomusicamagazine.it"],"url":"https:\/\/www.nonsolomusicamagazine.it\/?author=1"}]}},"amp_enabled":true,"_links":{"self":[{"href":"https:\/\/www.nonsolomusicamagazine.it\/index.php?rest_route=\/wp\/v2\/posts\/4134","targetHints":{"allow":["GET"]}}],"collection":[{"href":"https:\/\/www.nonsolomusicamagazine.it\/index.php?rest_route=\/wp\/v2\/posts"}],"about":[{"href":"https:\/\/www.nonsolomusicamagazine.it\/index.php?rest_route=\/wp\/v2\/types\/post"}],"author":[{"embeddable":true,"href":"https:\/\/www.nonsolomusicamagazine.it\/index.php?rest_route=\/wp\/v2\/users\/1"}],"replies":[{"embeddable":true,"href":"https:\/\/www.nonsolomusicamagazine.it\/index.php?rest_route=%2Fwp%2Fv2%2Fcomments&post=4134"}],"version-history":[{"count":0,"href":"https:\/\/www.nonsolomusicamagazine.it\/index.php?rest_route=\/wp\/v2\/posts\/4134\/revisions"}],"wp:featuredmedia":[{"embeddable":true,"href":"https:\/\/www.nonsolomusicamagazine.it\/index.php?rest_route=\/wp\/v2\/media\/4135"}],"wp:attachment":[{"href":"https:\/\/www.nonsolomusicamagazine.it\/index.php?rest_route=%2Fwp%2Fv2%2Fmedia&parent=4134"}],"wp:term":[{"taxonomy":"category","embeddable":true,"href":"https:\/\/www.nonsolomusicamagazine.it\/index.php?rest_route=%2Fwp%2Fv2%2Fcategories&post=4134"},{"taxonomy":"post_tag","embeddable":true,"href":"https:\/\/www.nonsolomusicamagazine.it\/index.php?rest_route=%2Fwp%2Fv2%2Ftags&post=4134"}],"curies":[{"name":"wp","href":"https:\/\/api.w.org\/{rel}","templated":true}]}}