{"id":4403,"date":"2023-12-17T15:03:59","date_gmt":"2023-12-17T15:03:59","guid":{"rendered":"https:\/\/www.nonsolomusicamagazine.it\/?p=4403"},"modified":"2023-12-17T15:04:00","modified_gmt":"2023-12-17T15:04:00","slug":"mino-de-santis-e-stasera-a-palazzo-san-pietro-a-san-pietro-in-lama-le","status":"publish","type":"post","link":"https:\/\/www.nonsolomusicamagazine.it\/?p=4403","title":{"rendered":"Mino De Santis \u00e8 stasera a Palazzo San Pietro, a San Pietro in Lama (Le)"},"content":{"rendered":"\n<p>Domenica 17 dicembre, dalle ore 18:30, il noto cantautore salentino Mino De Santis sar\u00e0 ospite di Mariangela e Paolo nell&#8217;House Concert di Palazzo San Pietro, in via Realino Corineo 3 a San Pietro in Lama (LE)! <\/p>\n\n\n\n<p>Management: ARTEN\ud83c\udf9f\ufe0f Quota di partecipazione: 15 \u20ac (comprensiva di spettacolo, aperitivo e degustazione di vino)<\/p>\n\n\n\n<p>\u2139\ufe0f Info e prenotazioni: +39 328 473 4240<\/p>\n\n\n\n<p>Mino De Santis \u00e8 il cantautore classe \u201967  di Tuglie, un canta-storie troppo spesso  definito il \u201cDe Andr\u00e9 del Salento\u201d per  l\u2019affinit\u00e0 a livello vocale, ma molto pi\u00f9  vicino a Georges Brassens sia nello stile  che nell\u2019animo, dotato di una scrittura  vera, senza filtri, senza giri di parole,  capace di aprire uno spaccato critico  sulla sua terra, facendo emergere con  ironia tutte le sue contraddizioni, ma  anche la sua storia pi\u00f9 intima. Voce profonda, parole distillate e  pesanti, cariche di vita e di rimandi, di  sarcasmo e amarezza, ironia e grottesco,  capaci di invitare alla riflessione: \u201dOgnuno \u00e8 ci\u00f2 che vive, ascolta, assorbe &#8211; sostiene &#8211; ed io sono io, non potrei essere  diversamente: un uomo libero. Altrimenti  non riuscirei a descrivere il mio mondo.\u201d De Santis \u00e8 autore di canzoni popolari \u201cautentiche\u201d, in cui racconta un Salento  estremamente \u201clento\u201d, ma bramoso di liberarsi dalla pur splendida prigionia del  tamburello, dell\u2019organetto e del violino,  per approdare ad un linguaggio nuovo,  fatto di dialetto e di italiano colto al volo .<\/p>\n\n\n\n<p>Autoironico e impietoso, De Santis \u00e8 un \u201cverista\u201d che descrive la realt\u00e0 sociale e, soprattutto, quella di tanta umanit\u00e0, con il suo modo singolare di vedere la realt\u00e0 e di  declinarla in versi. Insofferente a qualsiasi regola, poco incline al compromesso, \u00e8 un animo autenticamente libero ed anarchico.<\/p>\n\n\n<figure class=\"wp-block-post-featured-image\"><img decoding=\"async\" width=\"720\" height=\"720\" src=\"https:\/\/www.nonsolomusicamagazine.it\/wp-content\/uploads\/2023\/12\/FB_IMG_1702825255881.jpg\" class=\"attachment-post-thumbnail size-post-thumbnail wp-post-image\" alt=\"\" style=\"object-fit:cover;\" srcset=\"https:\/\/www.nonsolomusicamagazine.it\/wp-content\/uploads\/2023\/12\/FB_IMG_1702825255881.jpg 720w, https:\/\/www.nonsolomusicamagazine.it\/wp-content\/uploads\/2023\/12\/FB_IMG_1702825255881-300x300.jpg 300w, https:\/\/www.nonsolomusicamagazine.it\/wp-content\/uploads\/2023\/12\/FB_IMG_1702825255881-150x150.jpg 150w, https:\/\/www.nonsolomusicamagazine.it\/wp-content\/uploads\/2023\/12\/FB_IMG_1702825255881-450x450.jpg 450w, https:\/\/www.nonsolomusicamagazine.it\/wp-content\/uploads\/2023\/12\/FB_IMG_1702825255881-600x600.jpg 600w\" sizes=\"(max-width: 720px) 100vw, 720px\" \/><\/figure>","protected":false},"excerpt":{"rendered":"<p>Domenica 17 dicembre, dalle ore 18:30, il noto cantautore salentino Mino De Santis sar\u00e0 ospite di Mariangela e Paolo nell&#8217;House Concert di Palazzo San Pietro, in via Realino Corineo 3 a San Pietro in Lama (LE)! Management: ARTEN\ud83c\udf9f\ufe0f Quota di partecipazione: 15 \u20ac (comprensiva di spettacolo, aperitivo e degustazione di vino) \u2139\ufe0f Info e prenotazioni: [&hellip;]<\/p>\n","protected":false},"author":1,"featured_media":4404,"comment_status":"open","ping_status":"closed","sticky":false,"template":"","format":"standard","meta":{"footnotes":""},"categories":[1,247],"tags":[2518,2519],"class_list":["post-4403","post","type-post","status-publish","format-standard","has-post-thumbnail","hentry","category-musica","category-spettacoli","tag-mino-de-santis","tag-san-pietro-in-lama"],"yoast_head":"<!-- This site is optimized with the Yoast SEO plugin v27.5 - https:\/\/yoast.com\/product\/yoast-seo-wordpress\/ -->\n<title>Mino De Santis \u00e8 stasera a Palazzo San Pietro, a San Pietro in Lama (Le) - NonSoloMusicaMagazine<\/title>\n<meta name=\"description\" content=\"Mino De Santis \u00e8 stasera a Palazzo San Pietro, a San Pietro in Lama (Le)\" \/>\n<meta name=\"robots\" content=\"index, follow, max-snippet:-1, max-image-preview:large, max-video-preview:-1\" \/>\n<link rel=\"canonical\" href=\"https:\/\/www.nonsolomusicamagazine.it\/?p=4403\" \/>\n<meta property=\"og:locale\" content=\"it_IT\" \/>\n<meta property=\"og:type\" content=\"article\" \/>\n<meta property=\"og:title\" content=\"Mino De Santis \u00e8 stasera a Palazzo San Pietro, a San Pietro in Lama (Le) - NonSoloMusicaMagazine\" \/>\n<meta property=\"og:description\" content=\"Mino De Santis \u00e8 stasera a Palazzo San Pietro, a San Pietro in Lama (Le)\" \/>\n<meta property=\"og:url\" content=\"https:\/\/www.nonsolomusicamagazine.it\/?p=4403\" \/>\n<meta property=\"og:site_name\" content=\"NonSoloMusicaMagazine\" \/>\n<meta property=\"article:published_time\" content=\"2023-12-17T15:03:59+00:00\" \/>\n<meta property=\"article:modified_time\" content=\"2023-12-17T15:04:00+00:00\" \/>\n<meta property=\"og:image\" content=\"https:\/\/www.nonsolomusicamagazine.it\/wp-content\/uploads\/2023\/12\/FB_IMG_1702825255881.jpg\" \/>\n\t<meta property=\"og:image:width\" content=\"720\" \/>\n\t<meta property=\"og:image:height\" content=\"720\" \/>\n\t<meta property=\"og:image:type\" content=\"image\/jpeg\" \/>\n<meta name=\"author\" content=\"nonsolomusica\" \/>\n<meta name=\"twitter:card\" content=\"summary_large_image\" \/>\n<meta name=\"twitter:label1\" content=\"Scritto da\" \/>\n\t<meta name=\"twitter:data1\" content=\"nonsolomusica\" \/>\n\t<meta name=\"twitter:label2\" content=\"Tempo di lettura stimato\" \/>\n\t<meta name=\"twitter:data2\" content=\"2 minuti\" \/>\n<script type=\"application\/ld+json\" class=\"yoast-schema-graph\">{\"@context\":\"https:\\\/\\\/schema.org\",\"@graph\":[{\"@type\":\"Article\",\"@id\":\"https:\\\/\\\/www.nonsolomusicamagazine.it\\\/?p=4403#article\",\"isPartOf\":{\"@id\":\"https:\\\/\\\/www.nonsolomusicamagazine.it\\\/?p=4403\"},\"author\":{\"name\":\"nonsolomusica\",\"@id\":\"https:\\\/\\\/www.nonsolomusicamagazine.it\\\/#\\\/schema\\\/person\\\/a3349ad02300d046472d46cf6d31ae46\"},\"headline\":\"Mino De Santis \u00e8 stasera a Palazzo San Pietro, a San Pietro in Lama (Le)\",\"datePublished\":\"2023-12-17T15:03:59+00:00\",\"dateModified\":\"2023-12-17T15:04:00+00:00\",\"mainEntityOfPage\":{\"@id\":\"https:\\\/\\\/www.nonsolomusicamagazine.it\\\/?p=4403\"},\"wordCount\":278,\"commentCount\":0,\"image\":{\"@id\":\"https:\\\/\\\/www.nonsolomusicamagazine.it\\\/?p=4403#primaryimage\"},\"thumbnailUrl\":\"https:\\\/\\\/www.nonsolomusicamagazine.it\\\/wp-content\\\/uploads\\\/2023\\\/12\\\/FB_IMG_1702825255881.jpg\",\"keywords\":[\"Mino De Santis\",\"San Pietro in Lama\"],\"articleSection\":[\"Musica\",\"Spettacoli\"],\"inLanguage\":\"it-IT\",\"potentialAction\":[{\"@type\":\"CommentAction\",\"name\":\"Comment\",\"target\":[\"https:\\\/\\\/www.nonsolomusicamagazine.it\\\/?p=4403#respond\"]}]},{\"@type\":\"WebPage\",\"@id\":\"https:\\\/\\\/www.nonsolomusicamagazine.it\\\/?p=4403\",\"url\":\"https:\\\/\\\/www.nonsolomusicamagazine.it\\\/?p=4403\",\"name\":\"Mino De Santis \u00e8 stasera a Palazzo San Pietro, a San Pietro in Lama (Le) - NonSoloMusicaMagazine\",\"isPartOf\":{\"@id\":\"https:\\\/\\\/www.nonsolomusicamagazine.it\\\/#website\"},\"primaryImageOfPage\":{\"@id\":\"https:\\\/\\\/www.nonsolomusicamagazine.it\\\/?p=4403#primaryimage\"},\"image\":{\"@id\":\"https:\\\/\\\/www.nonsolomusicamagazine.it\\\/?p=4403#primaryimage\"},\"thumbnailUrl\":\"https:\\\/\\\/www.nonsolomusicamagazine.it\\\/wp-content\\\/uploads\\\/2023\\\/12\\\/FB_IMG_1702825255881.jpg\",\"datePublished\":\"2023-12-17T15:03:59+00:00\",\"dateModified\":\"2023-12-17T15:04:00+00:00\",\"author\":{\"@id\":\"https:\\\/\\\/www.nonsolomusicamagazine.it\\\/#\\\/schema\\\/person\\\/a3349ad02300d046472d46cf6d31ae46\"},\"description\":\"Mino De Santis \u00e8 stasera a Palazzo San Pietro, a San Pietro in Lama (Le)\",\"breadcrumb\":{\"@id\":\"https:\\\/\\\/www.nonsolomusicamagazine.it\\\/?p=4403#breadcrumb\"},\"inLanguage\":\"it-IT\",\"potentialAction\":[{\"@type\":\"ReadAction\",\"target\":[\"https:\\\/\\\/www.nonsolomusicamagazine.it\\\/?p=4403\"]}]},{\"@type\":\"ImageObject\",\"inLanguage\":\"it-IT\",\"@id\":\"https:\\\/\\\/www.nonsolomusicamagazine.it\\\/?p=4403#primaryimage\",\"url\":\"https:\\\/\\\/www.nonsolomusicamagazine.it\\\/wp-content\\\/uploads\\\/2023\\\/12\\\/FB_IMG_1702825255881.jpg\",\"contentUrl\":\"https:\\\/\\\/www.nonsolomusicamagazine.it\\\/wp-content\\\/uploads\\\/2023\\\/12\\\/FB_IMG_1702825255881.jpg\",\"width\":720,\"height\":720},{\"@type\":\"BreadcrumbList\",\"@id\":\"https:\\\/\\\/www.nonsolomusicamagazine.it\\\/?p=4403#breadcrumb\",\"itemListElement\":[{\"@type\":\"ListItem\",\"position\":1,\"name\":\"Home\",\"item\":\"https:\\\/\\\/www.nonsolomusicamagazine.it\\\/\"},{\"@type\":\"ListItem\",\"position\":2,\"name\":\"Mino De Santis \u00e8 stasera a Palazzo San Pietro, a San Pietro in Lama (Le)\"}]},{\"@type\":\"WebSite\",\"@id\":\"https:\\\/\\\/www.nonsolomusicamagazine.it\\\/#website\",\"url\":\"https:\\\/\\\/www.nonsolomusicamagazine.it\\\/\",\"name\":\"Nonsolomusicamagazine\",\"description\":\"Dir. responsabile Manuel M Buccarella\",\"potentialAction\":[{\"@type\":\"SearchAction\",\"target\":{\"@type\":\"EntryPoint\",\"urlTemplate\":\"https:\\\/\\\/www.nonsolomusicamagazine.it\\\/?s={search_term_string}\"},\"query-input\":{\"@type\":\"PropertyValueSpecification\",\"valueRequired\":true,\"valueName\":\"search_term_string\"}}],\"inLanguage\":\"it-IT\"},{\"@type\":\"Person\",\"@id\":\"https:\\\/\\\/www.nonsolomusicamagazine.it\\\/#\\\/schema\\\/person\\\/a3349ad02300d046472d46cf6d31ae46\",\"name\":\"nonsolomusica\",\"image\":{\"@type\":\"ImageObject\",\"inLanguage\":\"it-IT\",\"@id\":\"https:\\\/\\\/www.nonsolomusicamagazine.it\\\/wp-content\\\/litespeed\\\/avatar\\\/3a675484bc84db6aba78d43bfc8b7197.jpg?ver=1777485663\",\"url\":\"https:\\\/\\\/www.nonsolomusicamagazine.it\\\/wp-content\\\/litespeed\\\/avatar\\\/3a675484bc84db6aba78d43bfc8b7197.jpg?ver=1777485663\",\"contentUrl\":\"https:\\\/\\\/www.nonsolomusicamagazine.it\\\/wp-content\\\/litespeed\\\/avatar\\\/3a675484bc84db6aba78d43bfc8b7197.jpg?ver=1777485663\",\"caption\":\"nonsolomusica\"},\"sameAs\":[\"https:\\\/\\\/www.nonsolomusicamagazine.it\"],\"url\":\"https:\\\/\\\/www.nonsolomusicamagazine.it\\\/?author=1\"}]}<\/script>\n<!-- \/ Yoast SEO plugin. -->","yoast_head_json":{"title":"Mino De Santis \u00e8 stasera a Palazzo San Pietro, a San Pietro in Lama (Le) - NonSoloMusicaMagazine","description":"Mino De Santis \u00e8 stasera a Palazzo San Pietro, a San Pietro in Lama (Le)","robots":{"index":"index","follow":"follow","max-snippet":"max-snippet:-1","max-image-preview":"max-image-preview:large","max-video-preview":"max-video-preview:-1"},"canonical":"https:\/\/www.nonsolomusicamagazine.it\/?p=4403","og_locale":"it_IT","og_type":"article","og_title":"Mino De Santis \u00e8 stasera a Palazzo San Pietro, a San Pietro in Lama (Le) - NonSoloMusicaMagazine","og_description":"Mino De Santis \u00e8 stasera a Palazzo San Pietro, a San Pietro in Lama (Le)","og_url":"https:\/\/www.nonsolomusicamagazine.it\/?p=4403","og_site_name":"NonSoloMusicaMagazine","article_published_time":"2023-12-17T15:03:59+00:00","article_modified_time":"2023-12-17T15:04:00+00:00","og_image":[{"width":720,"height":720,"url":"https:\/\/www.nonsolomusicamagazine.it\/wp-content\/uploads\/2023\/12\/FB_IMG_1702825255881.jpg","type":"image\/jpeg"}],"author":"nonsolomusica","twitter_card":"summary_large_image","twitter_misc":{"Scritto da":"nonsolomusica","Tempo di lettura stimato":"2 minuti"},"schema":{"@context":"https:\/\/schema.org","@graph":[{"@type":"Article","@id":"https:\/\/www.nonsolomusicamagazine.it\/?p=4403#article","isPartOf":{"@id":"https:\/\/www.nonsolomusicamagazine.it\/?p=4403"},"author":{"name":"nonsolomusica","@id":"https:\/\/www.nonsolomusicamagazine.it\/#\/schema\/person\/a3349ad02300d046472d46cf6d31ae46"},"headline":"Mino De Santis \u00e8 stasera a Palazzo San Pietro, a San Pietro in Lama (Le)","datePublished":"2023-12-17T15:03:59+00:00","dateModified":"2023-12-17T15:04:00+00:00","mainEntityOfPage":{"@id":"https:\/\/www.nonsolomusicamagazine.it\/?p=4403"},"wordCount":278,"commentCount":0,"image":{"@id":"https:\/\/www.nonsolomusicamagazine.it\/?p=4403#primaryimage"},"thumbnailUrl":"https:\/\/www.nonsolomusicamagazine.it\/wp-content\/uploads\/2023\/12\/FB_IMG_1702825255881.jpg","keywords":["Mino De Santis","San Pietro in Lama"],"articleSection":["Musica","Spettacoli"],"inLanguage":"it-IT","potentialAction":[{"@type":"CommentAction","name":"Comment","target":["https:\/\/www.nonsolomusicamagazine.it\/?p=4403#respond"]}]},{"@type":"WebPage","@id":"https:\/\/www.nonsolomusicamagazine.it\/?p=4403","url":"https:\/\/www.nonsolomusicamagazine.it\/?p=4403","name":"Mino De Santis \u00e8 stasera a Palazzo San Pietro, a San Pietro in Lama (Le) - NonSoloMusicaMagazine","isPartOf":{"@id":"https:\/\/www.nonsolomusicamagazine.it\/#website"},"primaryImageOfPage":{"@id":"https:\/\/www.nonsolomusicamagazine.it\/?p=4403#primaryimage"},"image":{"@id":"https:\/\/www.nonsolomusicamagazine.it\/?p=4403#primaryimage"},"thumbnailUrl":"https:\/\/www.nonsolomusicamagazine.it\/wp-content\/uploads\/2023\/12\/FB_IMG_1702825255881.jpg","datePublished":"2023-12-17T15:03:59+00:00","dateModified":"2023-12-17T15:04:00+00:00","author":{"@id":"https:\/\/www.nonsolomusicamagazine.it\/#\/schema\/person\/a3349ad02300d046472d46cf6d31ae46"},"description":"Mino De Santis \u00e8 stasera a Palazzo San Pietro, a San Pietro in Lama (Le)","breadcrumb":{"@id":"https:\/\/www.nonsolomusicamagazine.it\/?p=4403#breadcrumb"},"inLanguage":"it-IT","potentialAction":[{"@type":"ReadAction","target":["https:\/\/www.nonsolomusicamagazine.it\/?p=4403"]}]},{"@type":"ImageObject","inLanguage":"it-IT","@id":"https:\/\/www.nonsolomusicamagazine.it\/?p=4403#primaryimage","url":"https:\/\/www.nonsolomusicamagazine.it\/wp-content\/uploads\/2023\/12\/FB_IMG_1702825255881.jpg","contentUrl":"https:\/\/www.nonsolomusicamagazine.it\/wp-content\/uploads\/2023\/12\/FB_IMG_1702825255881.jpg","width":720,"height":720},{"@type":"BreadcrumbList","@id":"https:\/\/www.nonsolomusicamagazine.it\/?p=4403#breadcrumb","itemListElement":[{"@type":"ListItem","position":1,"name":"Home","item":"https:\/\/www.nonsolomusicamagazine.it\/"},{"@type":"ListItem","position":2,"name":"Mino De Santis \u00e8 stasera a Palazzo San Pietro, a San Pietro in Lama (Le)"}]},{"@type":"WebSite","@id":"https:\/\/www.nonsolomusicamagazine.it\/#website","url":"https:\/\/www.nonsolomusicamagazine.it\/","name":"Nonsolomusicamagazine","description":"Dir. responsabile Manuel M Buccarella","potentialAction":[{"@type":"SearchAction","target":{"@type":"EntryPoint","urlTemplate":"https:\/\/www.nonsolomusicamagazine.it\/?s={search_term_string}"},"query-input":{"@type":"PropertyValueSpecification","valueRequired":true,"valueName":"search_term_string"}}],"inLanguage":"it-IT"},{"@type":"Person","@id":"https:\/\/www.nonsolomusicamagazine.it\/#\/schema\/person\/a3349ad02300d046472d46cf6d31ae46","name":"nonsolomusica","image":{"@type":"ImageObject","inLanguage":"it-IT","@id":"https:\/\/www.nonsolomusicamagazine.it\/wp-content\/litespeed\/avatar\/3a675484bc84db6aba78d43bfc8b7197.jpg?ver=1777485663","url":"https:\/\/www.nonsolomusicamagazine.it\/wp-content\/litespeed\/avatar\/3a675484bc84db6aba78d43bfc8b7197.jpg?ver=1777485663","contentUrl":"https:\/\/www.nonsolomusicamagazine.it\/wp-content\/litespeed\/avatar\/3a675484bc84db6aba78d43bfc8b7197.jpg?ver=1777485663","caption":"nonsolomusica"},"sameAs":["https:\/\/www.nonsolomusicamagazine.it"],"url":"https:\/\/www.nonsolomusicamagazine.it\/?author=1"}]}},"amp_enabled":true,"_links":{"self":[{"href":"https:\/\/www.nonsolomusicamagazine.it\/index.php?rest_route=\/wp\/v2\/posts\/4403","targetHints":{"allow":["GET"]}}],"collection":[{"href":"https:\/\/www.nonsolomusicamagazine.it\/index.php?rest_route=\/wp\/v2\/posts"}],"about":[{"href":"https:\/\/www.nonsolomusicamagazine.it\/index.php?rest_route=\/wp\/v2\/types\/post"}],"author":[{"embeddable":true,"href":"https:\/\/www.nonsolomusicamagazine.it\/index.php?rest_route=\/wp\/v2\/users\/1"}],"replies":[{"embeddable":true,"href":"https:\/\/www.nonsolomusicamagazine.it\/index.php?rest_route=%2Fwp%2Fv2%2Fcomments&post=4403"}],"version-history":[{"count":0,"href":"https:\/\/www.nonsolomusicamagazine.it\/index.php?rest_route=\/wp\/v2\/posts\/4403\/revisions"}],"wp:featuredmedia":[{"embeddable":true,"href":"https:\/\/www.nonsolomusicamagazine.it\/index.php?rest_route=\/wp\/v2\/media\/4404"}],"wp:attachment":[{"href":"https:\/\/www.nonsolomusicamagazine.it\/index.php?rest_route=%2Fwp%2Fv2%2Fmedia&parent=4403"}],"wp:term":[{"taxonomy":"category","embeddable":true,"href":"https:\/\/www.nonsolomusicamagazine.it\/index.php?rest_route=%2Fwp%2Fv2%2Fcategories&post=4403"},{"taxonomy":"post_tag","embeddable":true,"href":"https:\/\/www.nonsolomusicamagazine.it\/index.php?rest_route=%2Fwp%2Fv2%2Ftags&post=4403"}],"curies":[{"name":"wp","href":"https:\/\/api.w.org\/{rel}","templated":true}]}}