{"id":4607,"date":"2024-01-01T16:51:24","date_gmt":"2024-01-01T16:51:24","guid":{"rendered":"https:\/\/www.nonsolomusicamagazine.it\/?p=4607"},"modified":"2024-01-01T16:52:13","modified_gmt":"2024-01-01T16:52:13","slug":"crisi-alimentare-e-carestia-certificata-nella-striscia-di-gaza-a-causa-della-guerra-di-israele-e-si-attende-l-incriminazione-di-tel-aviv-per-delitti-contro-l-umanita-dalla-corte-penale-internazio","status":"publish","type":"post","link":"https:\/\/www.nonsolomusicamagazine.it\/?p=4607","title":{"rendered":"Crisi alimentare e carestia certificata nella Striscia di Gaza a causa della guerra di Israele. E si attende l&#8217; incriminazione di Tel Aviv per delitti contro l&#8217; umanit\u00e0 dalla Corte Penale Internazionale&#8230;"},"content":{"rendered":"\n<p>Una catastrofica crisi alimentare si \u00e8 verificata nella Striscia di Gaza, lasciando la sua popolazione sull\u2019orlo della fame e della carestia. La guerra di sterminio di Israele ha esacerbato la gi\u00e0 terribile situazione causata dal blocco che dura da 16 anni, provocando fame e sete diffuse. In una chiara violazione del diritto internazionale e in un altro crimine di guerra, Israele sta usando la fame forzata di civili come metodo di guerra a Gaza, ha rivelato Human Rights Watch. <\/p>\n\n\n\n<p>L\u2019intera popolazione della Striscia di Gaza, che comprende 2,2 milioni di persone, \u00e8 stata classificata nella fase 3 o superiore della classificazione integrata delle fasi di sicurezza alimentare (IPC), il che significa che l\u2019assistenza alimentare umanitaria \u00e8 urgentemente necessaria. La classificazione segna la percentuale pi\u00f9 alta di persone che affrontano livelli elevati di insicurezza alimentare acuta che l\u2019iniziativa IPC abbia mai classificato per una determinata area o paese. <\/p>\n\n\n\n<p>Il Comitato per la revisione della carestia (FRC) \u00e8 stato attivato perch\u00e9 \u00e8 stato dimostrato che nell\u2019enclave \u00e8 stata raggiunta la fase 5, la fase pi\u00f9 alta. Nonostante l\u2019urgente bisogno di assistenza alimentare umanitaria, le forniture a Gaza sono fortemente limitate a causa del controllo di Israele su ci\u00f2 che entra nell\u2019enclave. Solo poche persone a Gaza possono ricevere aiuti alimentari dalle Nazioni Unite, per lo pi\u00f9 cibo in scatola. Nel frattempo, il sostegno e l\u2019assistenza alimentare primaria di Gaza provengono da organizzazioni di beneficenza e cucina solidale. Gli abitanti di Gaza, dai bambini agli anziani, fanno la fila per ore per ricevere la loro porzione. Questo sistema esisteva prima della guerra, anche se soprattutto per i poveri. Ora \u00e8 diventata l\u2019unica ancora di salvezza per l\u2019intera popolazione. <\/p>\n\n\n<figure class=\"wp-block-post-featured-image\"><img decoding=\"async\" width=\"603\" height=\"804\" src=\"https:\/\/www.nonsolomusicamagazine.it\/wp-content\/uploads\/2023\/12\/Screenshot_2023-12-23-17-21-55-769_com.whatsapp.jpg\" class=\"attachment-post-thumbnail size-post-thumbnail wp-post-image\" alt=\"\" style=\"object-fit:cover;\" srcset=\"https:\/\/www.nonsolomusicamagazine.it\/wp-content\/uploads\/2023\/12\/Screenshot_2023-12-23-17-21-55-769_com.whatsapp.jpg 603w, https:\/\/www.nonsolomusicamagazine.it\/wp-content\/uploads\/2023\/12\/Screenshot_2023-12-23-17-21-55-769_com.whatsapp-225x300.jpg 225w\" sizes=\"(max-width: 603px) 100vw, 603px\" \/><\/figure>","protected":false},"excerpt":{"rendered":"<p>Una catastrofica crisi alimentare si \u00e8 verificata nella Striscia di Gaza, lasciando la sua popolazione sull\u2019orlo della fame e della carestia. La guerra di sterminio di Israele ha esacerbato la gi\u00e0 terribile situazione causata dal blocco che dura da 16 anni, provocando fame e sete diffuse. In una chiara violazione del diritto internazionale e in [&hellip;]<\/p>\n","protected":false},"author":1,"featured_media":4489,"comment_status":"open","ping_status":"closed","sticky":false,"template":"","format":"standard","meta":{"footnotes":""},"categories":[6],"tags":[2573,627,221,216,217],"class_list":["post-4607","post","type-post","status-publish","format-standard","has-post-thumbnail","hentry","category-esteri","tag-carestia","tag-gaza","tag-guerra","tag-israele","tag-palestina"],"yoast_head":"<!-- This site is optimized with the Yoast SEO plugin v27.4 - https:\/\/yoast.com\/product\/yoast-seo-wordpress\/ -->\n<title>Crisi alimentare e carestia certificata nella Striscia di Gaza a causa della guerra di Israele. E si attende l&#039; incriminazione di Tel Aviv per delitti contro l&#039; umanit\u00e0 dalla Corte Penale Internazionale... - NonSoloMusicaMagazine<\/title>\n<meta name=\"description\" content=\"Crisi alimentare e carestia certificata nella Striscia di Gaza a causa della guerra di Israele. E si attende l&#039; incriminazione di Tel Aviv per delitti contro l&#039; umanit\u00e0 dalla Corte Penale Internazionale...\" \/>\n<meta name=\"robots\" content=\"index, follow, max-snippet:-1, max-image-preview:large, max-video-preview:-1\" \/>\n<link rel=\"canonical\" href=\"https:\/\/www.nonsolomusicamagazine.it\/?p=4607\" \/>\n<meta property=\"og:locale\" content=\"it_IT\" \/>\n<meta property=\"og:type\" content=\"article\" \/>\n<meta property=\"og:title\" content=\"Crisi alimentare e carestia certificata nella Striscia di Gaza a causa della guerra di Israele. E si attende l&#039; incriminazione di Tel Aviv per delitti contro l&#039; umanit\u00e0 dalla Corte Penale Internazionale... - NonSoloMusicaMagazine\" \/>\n<meta property=\"og:description\" content=\"Crisi alimentare e carestia certificata nella Striscia di Gaza a causa della guerra di Israele. E si attende l&#039; incriminazione di Tel Aviv per delitti contro l&#039; umanit\u00e0 dalla Corte Penale Internazionale...\" \/>\n<meta property=\"og:url\" content=\"https:\/\/www.nonsolomusicamagazine.it\/?p=4607\" \/>\n<meta property=\"og:site_name\" content=\"NonSoloMusicaMagazine\" \/>\n<meta property=\"article:published_time\" content=\"2024-01-01T16:51:24+00:00\" \/>\n<meta property=\"article:modified_time\" content=\"2024-01-01T16:52:13+00:00\" \/>\n<meta property=\"og:image\" content=\"https:\/\/www.nonsolomusicamagazine.it\/wp-content\/uploads\/2023\/12\/Screenshot_2023-12-23-17-21-55-769_com.whatsapp.jpg\" \/>\n\t<meta property=\"og:image:width\" content=\"603\" \/>\n\t<meta property=\"og:image:height\" content=\"804\" \/>\n\t<meta property=\"og:image:type\" content=\"image\/jpeg\" \/>\n<meta name=\"author\" content=\"nonsolomusica\" \/>\n<meta name=\"twitter:card\" content=\"summary_large_image\" \/>\n<meta name=\"twitter:label1\" content=\"Scritto da\" \/>\n\t<meta name=\"twitter:data1\" content=\"nonsolomusica\" \/>\n\t<meta name=\"twitter:label2\" content=\"Tempo di lettura stimato\" \/>\n\t<meta name=\"twitter:data2\" content=\"2 minuti\" \/>\n<script type=\"application\/ld+json\" class=\"yoast-schema-graph\">{\"@context\":\"https:\\\/\\\/schema.org\",\"@graph\":[{\"@type\":\"Article\",\"@id\":\"https:\\\/\\\/www.nonsolomusicamagazine.it\\\/?p=4607#article\",\"isPartOf\":{\"@id\":\"https:\\\/\\\/www.nonsolomusicamagazine.it\\\/?p=4607\"},\"author\":{\"name\":\"nonsolomusica\",\"@id\":\"https:\\\/\\\/www.nonsolomusicamagazine.it\\\/#\\\/schema\\\/person\\\/a3349ad02300d046472d46cf6d31ae46\"},\"headline\":\"Crisi alimentare e carestia certificata nella Striscia di Gaza a causa della guerra di Israele. E si attende l&#8217; incriminazione di Tel Aviv per delitti contro l&#8217; umanit\u00e0 dalla Corte Penale Internazionale&#8230;\",\"datePublished\":\"2024-01-01T16:51:24+00:00\",\"dateModified\":\"2024-01-01T16:52:13+00:00\",\"mainEntityOfPage\":{\"@id\":\"https:\\\/\\\/www.nonsolomusicamagazine.it\\\/?p=4607\"},\"wordCount\":306,\"commentCount\":0,\"image\":{\"@id\":\"https:\\\/\\\/www.nonsolomusicamagazine.it\\\/?p=4607#primaryimage\"},\"thumbnailUrl\":\"https:\\\/\\\/www.nonsolomusicamagazine.it\\\/wp-content\\\/uploads\\\/2023\\\/12\\\/Screenshot_2023-12-23-17-21-55-769_com.whatsapp.jpg\",\"keywords\":[\"Carestia\",\"Gaza\",\"Guerra\",\"Israele\",\"Palestina\"],\"articleSection\":[\"Esteri\"],\"inLanguage\":\"it-IT\",\"potentialAction\":[{\"@type\":\"CommentAction\",\"name\":\"Comment\",\"target\":[\"https:\\\/\\\/www.nonsolomusicamagazine.it\\\/?p=4607#respond\"]}]},{\"@type\":\"WebPage\",\"@id\":\"https:\\\/\\\/www.nonsolomusicamagazine.it\\\/?p=4607\",\"url\":\"https:\\\/\\\/www.nonsolomusicamagazine.it\\\/?p=4607\",\"name\":\"Crisi alimentare e carestia certificata nella Striscia di Gaza a causa della guerra di Israele. E si attende l' incriminazione di Tel Aviv per delitti contro l' umanit\u00e0 dalla Corte Penale Internazionale... - NonSoloMusicaMagazine\",\"isPartOf\":{\"@id\":\"https:\\\/\\\/www.nonsolomusicamagazine.it\\\/#website\"},\"primaryImageOfPage\":{\"@id\":\"https:\\\/\\\/www.nonsolomusicamagazine.it\\\/?p=4607#primaryimage\"},\"image\":{\"@id\":\"https:\\\/\\\/www.nonsolomusicamagazine.it\\\/?p=4607#primaryimage\"},\"thumbnailUrl\":\"https:\\\/\\\/www.nonsolomusicamagazine.it\\\/wp-content\\\/uploads\\\/2023\\\/12\\\/Screenshot_2023-12-23-17-21-55-769_com.whatsapp.jpg\",\"datePublished\":\"2024-01-01T16:51:24+00:00\",\"dateModified\":\"2024-01-01T16:52:13+00:00\",\"author\":{\"@id\":\"https:\\\/\\\/www.nonsolomusicamagazine.it\\\/#\\\/schema\\\/person\\\/a3349ad02300d046472d46cf6d31ae46\"},\"description\":\"Crisi alimentare e carestia certificata nella Striscia di Gaza a causa della guerra di Israele. E si attende l' incriminazione di Tel Aviv per delitti contro l' umanit\u00e0 dalla Corte Penale Internazionale...\",\"breadcrumb\":{\"@id\":\"https:\\\/\\\/www.nonsolomusicamagazine.it\\\/?p=4607#breadcrumb\"},\"inLanguage\":\"it-IT\",\"potentialAction\":[{\"@type\":\"ReadAction\",\"target\":[\"https:\\\/\\\/www.nonsolomusicamagazine.it\\\/?p=4607\"]}]},{\"@type\":\"ImageObject\",\"inLanguage\":\"it-IT\",\"@id\":\"https:\\\/\\\/www.nonsolomusicamagazine.it\\\/?p=4607#primaryimage\",\"url\":\"https:\\\/\\\/www.nonsolomusicamagazine.it\\\/wp-content\\\/uploads\\\/2023\\\/12\\\/Screenshot_2023-12-23-17-21-55-769_com.whatsapp.jpg\",\"contentUrl\":\"https:\\\/\\\/www.nonsolomusicamagazine.it\\\/wp-content\\\/uploads\\\/2023\\\/12\\\/Screenshot_2023-12-23-17-21-55-769_com.whatsapp.jpg\",\"width\":603,\"height\":804},{\"@type\":\"BreadcrumbList\",\"@id\":\"https:\\\/\\\/www.nonsolomusicamagazine.it\\\/?p=4607#breadcrumb\",\"itemListElement\":[{\"@type\":\"ListItem\",\"position\":1,\"name\":\"Home\",\"item\":\"https:\\\/\\\/www.nonsolomusicamagazine.it\\\/\"},{\"@type\":\"ListItem\",\"position\":2,\"name\":\"Crisi alimentare e carestia certificata nella Striscia di Gaza a causa della guerra di Israele. E si attende l&#8217; incriminazione di Tel Aviv per delitti contro l&#8217; umanit\u00e0 dalla Corte Penale Internazionale&#8230;\"}]},{\"@type\":\"WebSite\",\"@id\":\"https:\\\/\\\/www.nonsolomusicamagazine.it\\\/#website\",\"url\":\"https:\\\/\\\/www.nonsolomusicamagazine.it\\\/\",\"name\":\"Nonsolomusicamagazine\",\"description\":\"Dir. responsabile Manuel M Buccarella\",\"potentialAction\":[{\"@type\":\"SearchAction\",\"target\":{\"@type\":\"EntryPoint\",\"urlTemplate\":\"https:\\\/\\\/www.nonsolomusicamagazine.it\\\/?s={search_term_string}\"},\"query-input\":{\"@type\":\"PropertyValueSpecification\",\"valueRequired\":true,\"valueName\":\"search_term_string\"}}],\"inLanguage\":\"it-IT\"},{\"@type\":\"Person\",\"@id\":\"https:\\\/\\\/www.nonsolomusicamagazine.it\\\/#\\\/schema\\\/person\\\/a3349ad02300d046472d46cf6d31ae46\",\"name\":\"nonsolomusica\",\"image\":{\"@type\":\"ImageObject\",\"inLanguage\":\"it-IT\",\"@id\":\"https:\\\/\\\/www.nonsolomusicamagazine.it\\\/wp-content\\\/litespeed\\\/avatar\\\/3a675484bc84db6aba78d43bfc8b7197.jpg?ver=1776880798\",\"url\":\"https:\\\/\\\/www.nonsolomusicamagazine.it\\\/wp-content\\\/litespeed\\\/avatar\\\/3a675484bc84db6aba78d43bfc8b7197.jpg?ver=1776880798\",\"contentUrl\":\"https:\\\/\\\/www.nonsolomusicamagazine.it\\\/wp-content\\\/litespeed\\\/avatar\\\/3a675484bc84db6aba78d43bfc8b7197.jpg?ver=1776880798\",\"caption\":\"nonsolomusica\"},\"sameAs\":[\"https:\\\/\\\/www.nonsolomusicamagazine.it\"],\"url\":\"https:\\\/\\\/www.nonsolomusicamagazine.it\\\/?author=1\"}]}<\/script>\n<!-- \/ Yoast SEO plugin. -->","yoast_head_json":{"title":"Crisi alimentare e carestia certificata nella Striscia di Gaza a causa della guerra di Israele. E si attende l' incriminazione di Tel Aviv per delitti contro l' umanit\u00e0 dalla Corte Penale Internazionale... - NonSoloMusicaMagazine","description":"Crisi alimentare e carestia certificata nella Striscia di Gaza a causa della guerra di Israele. E si attende l' incriminazione di Tel Aviv per delitti contro l' umanit\u00e0 dalla Corte Penale Internazionale...","robots":{"index":"index","follow":"follow","max-snippet":"max-snippet:-1","max-image-preview":"max-image-preview:large","max-video-preview":"max-video-preview:-1"},"canonical":"https:\/\/www.nonsolomusicamagazine.it\/?p=4607","og_locale":"it_IT","og_type":"article","og_title":"Crisi alimentare e carestia certificata nella Striscia di Gaza a causa della guerra di Israele. E si attende l' incriminazione di Tel Aviv per delitti contro l' umanit\u00e0 dalla Corte Penale Internazionale... - NonSoloMusicaMagazine","og_description":"Crisi alimentare e carestia certificata nella Striscia di Gaza a causa della guerra di Israele. E si attende l' incriminazione di Tel Aviv per delitti contro l' umanit\u00e0 dalla Corte Penale Internazionale...","og_url":"https:\/\/www.nonsolomusicamagazine.it\/?p=4607","og_site_name":"NonSoloMusicaMagazine","article_published_time":"2024-01-01T16:51:24+00:00","article_modified_time":"2024-01-01T16:52:13+00:00","og_image":[{"width":603,"height":804,"url":"https:\/\/www.nonsolomusicamagazine.it\/wp-content\/uploads\/2023\/12\/Screenshot_2023-12-23-17-21-55-769_com.whatsapp.jpg","type":"image\/jpeg"}],"author":"nonsolomusica","twitter_card":"summary_large_image","twitter_misc":{"Scritto da":"nonsolomusica","Tempo di lettura stimato":"2 minuti"},"schema":{"@context":"https:\/\/schema.org","@graph":[{"@type":"Article","@id":"https:\/\/www.nonsolomusicamagazine.it\/?p=4607#article","isPartOf":{"@id":"https:\/\/www.nonsolomusicamagazine.it\/?p=4607"},"author":{"name":"nonsolomusica","@id":"https:\/\/www.nonsolomusicamagazine.it\/#\/schema\/person\/a3349ad02300d046472d46cf6d31ae46"},"headline":"Crisi alimentare e carestia certificata nella Striscia di Gaza a causa della guerra di Israele. E si attende l&#8217; incriminazione di Tel Aviv per delitti contro l&#8217; umanit\u00e0 dalla Corte Penale Internazionale&#8230;","datePublished":"2024-01-01T16:51:24+00:00","dateModified":"2024-01-01T16:52:13+00:00","mainEntityOfPage":{"@id":"https:\/\/www.nonsolomusicamagazine.it\/?p=4607"},"wordCount":306,"commentCount":0,"image":{"@id":"https:\/\/www.nonsolomusicamagazine.it\/?p=4607#primaryimage"},"thumbnailUrl":"https:\/\/www.nonsolomusicamagazine.it\/wp-content\/uploads\/2023\/12\/Screenshot_2023-12-23-17-21-55-769_com.whatsapp.jpg","keywords":["Carestia","Gaza","Guerra","Israele","Palestina"],"articleSection":["Esteri"],"inLanguage":"it-IT","potentialAction":[{"@type":"CommentAction","name":"Comment","target":["https:\/\/www.nonsolomusicamagazine.it\/?p=4607#respond"]}]},{"@type":"WebPage","@id":"https:\/\/www.nonsolomusicamagazine.it\/?p=4607","url":"https:\/\/www.nonsolomusicamagazine.it\/?p=4607","name":"Crisi alimentare e carestia certificata nella Striscia di Gaza a causa della guerra di Israele. E si attende l' incriminazione di Tel Aviv per delitti contro l' umanit\u00e0 dalla Corte Penale Internazionale... - NonSoloMusicaMagazine","isPartOf":{"@id":"https:\/\/www.nonsolomusicamagazine.it\/#website"},"primaryImageOfPage":{"@id":"https:\/\/www.nonsolomusicamagazine.it\/?p=4607#primaryimage"},"image":{"@id":"https:\/\/www.nonsolomusicamagazine.it\/?p=4607#primaryimage"},"thumbnailUrl":"https:\/\/www.nonsolomusicamagazine.it\/wp-content\/uploads\/2023\/12\/Screenshot_2023-12-23-17-21-55-769_com.whatsapp.jpg","datePublished":"2024-01-01T16:51:24+00:00","dateModified":"2024-01-01T16:52:13+00:00","author":{"@id":"https:\/\/www.nonsolomusicamagazine.it\/#\/schema\/person\/a3349ad02300d046472d46cf6d31ae46"},"description":"Crisi alimentare e carestia certificata nella Striscia di Gaza a causa della guerra di Israele. E si attende l' incriminazione di Tel Aviv per delitti contro l' umanit\u00e0 dalla Corte Penale Internazionale...","breadcrumb":{"@id":"https:\/\/www.nonsolomusicamagazine.it\/?p=4607#breadcrumb"},"inLanguage":"it-IT","potentialAction":[{"@type":"ReadAction","target":["https:\/\/www.nonsolomusicamagazine.it\/?p=4607"]}]},{"@type":"ImageObject","inLanguage":"it-IT","@id":"https:\/\/www.nonsolomusicamagazine.it\/?p=4607#primaryimage","url":"https:\/\/www.nonsolomusicamagazine.it\/wp-content\/uploads\/2023\/12\/Screenshot_2023-12-23-17-21-55-769_com.whatsapp.jpg","contentUrl":"https:\/\/www.nonsolomusicamagazine.it\/wp-content\/uploads\/2023\/12\/Screenshot_2023-12-23-17-21-55-769_com.whatsapp.jpg","width":603,"height":804},{"@type":"BreadcrumbList","@id":"https:\/\/www.nonsolomusicamagazine.it\/?p=4607#breadcrumb","itemListElement":[{"@type":"ListItem","position":1,"name":"Home","item":"https:\/\/www.nonsolomusicamagazine.it\/"},{"@type":"ListItem","position":2,"name":"Crisi alimentare e carestia certificata nella Striscia di Gaza a causa della guerra di Israele. E si attende l&#8217; incriminazione di Tel Aviv per delitti contro l&#8217; umanit\u00e0 dalla Corte Penale Internazionale&#8230;"}]},{"@type":"WebSite","@id":"https:\/\/www.nonsolomusicamagazine.it\/#website","url":"https:\/\/www.nonsolomusicamagazine.it\/","name":"Nonsolomusicamagazine","description":"Dir. responsabile Manuel M Buccarella","potentialAction":[{"@type":"SearchAction","target":{"@type":"EntryPoint","urlTemplate":"https:\/\/www.nonsolomusicamagazine.it\/?s={search_term_string}"},"query-input":{"@type":"PropertyValueSpecification","valueRequired":true,"valueName":"search_term_string"}}],"inLanguage":"it-IT"},{"@type":"Person","@id":"https:\/\/www.nonsolomusicamagazine.it\/#\/schema\/person\/a3349ad02300d046472d46cf6d31ae46","name":"nonsolomusica","image":{"@type":"ImageObject","inLanguage":"it-IT","@id":"https:\/\/www.nonsolomusicamagazine.it\/wp-content\/litespeed\/avatar\/3a675484bc84db6aba78d43bfc8b7197.jpg?ver=1776880798","url":"https:\/\/www.nonsolomusicamagazine.it\/wp-content\/litespeed\/avatar\/3a675484bc84db6aba78d43bfc8b7197.jpg?ver=1776880798","contentUrl":"https:\/\/www.nonsolomusicamagazine.it\/wp-content\/litespeed\/avatar\/3a675484bc84db6aba78d43bfc8b7197.jpg?ver=1776880798","caption":"nonsolomusica"},"sameAs":["https:\/\/www.nonsolomusicamagazine.it"],"url":"https:\/\/www.nonsolomusicamagazine.it\/?author=1"}]}},"amp_enabled":true,"_links":{"self":[{"href":"https:\/\/www.nonsolomusicamagazine.it\/index.php?rest_route=\/wp\/v2\/posts\/4607","targetHints":{"allow":["GET"]}}],"collection":[{"href":"https:\/\/www.nonsolomusicamagazine.it\/index.php?rest_route=\/wp\/v2\/posts"}],"about":[{"href":"https:\/\/www.nonsolomusicamagazine.it\/index.php?rest_route=\/wp\/v2\/types\/post"}],"author":[{"embeddable":true,"href":"https:\/\/www.nonsolomusicamagazine.it\/index.php?rest_route=\/wp\/v2\/users\/1"}],"replies":[{"embeddable":true,"href":"https:\/\/www.nonsolomusicamagazine.it\/index.php?rest_route=%2Fwp%2Fv2%2Fcomments&post=4607"}],"version-history":[{"count":0,"href":"https:\/\/www.nonsolomusicamagazine.it\/index.php?rest_route=\/wp\/v2\/posts\/4607\/revisions"}],"wp:featuredmedia":[{"embeddable":true,"href":"https:\/\/www.nonsolomusicamagazine.it\/index.php?rest_route=\/wp\/v2\/media\/4489"}],"wp:attachment":[{"href":"https:\/\/www.nonsolomusicamagazine.it\/index.php?rest_route=%2Fwp%2Fv2%2Fmedia&parent=4607"}],"wp:term":[{"taxonomy":"category","embeddable":true,"href":"https:\/\/www.nonsolomusicamagazine.it\/index.php?rest_route=%2Fwp%2Fv2%2Fcategories&post=4607"},{"taxonomy":"post_tag","embeddable":true,"href":"https:\/\/www.nonsolomusicamagazine.it\/index.php?rest_route=%2Fwp%2Fv2%2Ftags&post=4607"}],"curies":[{"name":"wp","href":"https:\/\/api.w.org\/{rel}","templated":true}]}}