{"id":4852,"date":"2024-01-18T21:04:30","date_gmt":"2024-01-18T21:04:30","guid":{"rendered":"https:\/\/www.nonsolomusicamagazine.it\/?p=4852"},"modified":"2024-01-18T21:04:31","modified_gmt":"2024-01-18T21:04:31","slug":"dubbi-da-il-dubbio-sulla-morte-di-giovanna-pedretti-e-sulla-sua-convocazione-nella-caserma-dei-carabinieri","status":"publish","type":"post","link":"https:\/\/www.nonsolomusicamagazine.it\/?p=4852","title":{"rendered":"Dubbi da &#8220;Il Dubbio&#8221; sulla morte di Giovanna Pedretti e sulla sua convocazione nella caserma dei carabinieri."},"content":{"rendered":"\n<p>Conosciamo tutti ormai la triste storia di Giovanna Pedretti, titolare di una pizzeria a Sant&#8217; Angelo Lodigiano, trovata morta nel Lambro dopo che i social si erano scatenati contro di lei davanti ad una contestazione mossa da un noto influencer sull&#8217;autenticit\u00e0 della recensione di un cliente che lamentava la presenza di gay e di un disabile nel locale gestito dalla signora. Sabato scorso la signora \u00e8 stata convocata dai carabinieri per discutere proprio della veridicit\u00e0 della recensione incriminata e della sua replica.<\/p>\n\n\n\n<p>Riportiamo il testo di un articolo pubblicato ieri su &#8220;Il Dubbio&#8221; da Alessandro Barbano, che ci pare pertinente.<\/p>\n\n\n\n<p class=\"has-text-align-center\">xxxxxx<\/p>\n\n\n\n<p>Perch\u00e9 i carabinieri hanno convocato Giovanna Pedretti in caserma per interrogarla come persona informata sui fatti?<\/p>\n\n\n\n<p>\u00c8 la domanda chiave, nel suicidio della ristoratrice, ancorch\u00e9 del tutto ignorata da media e politici, che da quarantott\u2019ore, e da parti opposte, si rinfacciano la responsabilit\u00e0 della gogna, come fonte di una presunta istigazione al suicidio.<\/p>\n\n\n\n<p>Nessuno si chiede perch\u00e9 un cittadino debba essere convocato da un\u2019autorit\u00e0 di polizia per spiegare il senso di una sua libera manifestazione di pensiero sui social, ancorch\u00e9 non veritiera, ancorch\u00e9 forse mossa dal bisogno di farsi pubblicit\u00e0. In Italia la bugia \u00e8 forse diventata un reato?<\/p>\n\n\n\n<p>\u00c8 legittimo che a smascherarla sia un influencer. \u00c8 discutibile che l\u2019influencer si travesta da investigatore, vantandosi di una conversazione-interrogatorio con la vittima, messa nel mirino del suo bazooka di verit\u00e0.<\/p>\n\n\n\n<p>Ma a che titolo la potest\u00e0 autoritativa dello Stato interviene a far luce sulla veridicit\u00e0 del dibattito pubblico? C\u2019\u00e8 una notizia di reato che giustifica l\u2019intervento? O piuttosto i carabinieri sono una polizia morale? E se lo fossero, noi saremmo ancora una democrazia?<\/p>\n\n\n\n<p>Queste sono le domande che dovremmo porci sulla tragedia della ristoratrice. Le suggeriamo al magistrato che indaga sull\u2019ipotesi di un\u2019istigazione al suicidio.<\/p>\n\n\n\n<p>&nbsp; *&nbsp;<strong><em>Il Dubbio<\/em><\/strong><\/p>\n\n\n<figure class=\"wp-block-post-featured-image\"><img decoding=\"async\" width=\"1080\" height=\"608\" src=\"https:\/\/www.nonsolomusicamagazine.it\/wp-content\/uploads\/2024\/01\/Screenshot-2024-01-14-alle-22.50.08-1200x675-1.jpg\" class=\"attachment-post-thumbnail size-post-thumbnail wp-post-image\" alt=\"\" style=\"object-fit:cover;\" srcset=\"https:\/\/www.nonsolomusicamagazine.it\/wp-content\/uploads\/2024\/01\/Screenshot-2024-01-14-alle-22.50.08-1200x675-1.jpg 1080w, https:\/\/www.nonsolomusicamagazine.it\/wp-content\/uploads\/2024\/01\/Screenshot-2024-01-14-alle-22.50.08-1200x675-1-300x169.jpg 300w, https:\/\/www.nonsolomusicamagazine.it\/wp-content\/uploads\/2024\/01\/Screenshot-2024-01-14-alle-22.50.08-1200x675-1-1024x576.jpg 1024w, https:\/\/www.nonsolomusicamagazine.it\/wp-content\/uploads\/2024\/01\/Screenshot-2024-01-14-alle-22.50.08-1200x675-1-768x432.jpg 768w\" sizes=\"(max-width: 1080px) 100vw, 1080px\" \/><\/figure>","protected":false},"excerpt":{"rendered":"<p>Conosciamo tutti ormai la triste storia di Giovanna Pedretti, titolare di una pizzeria a Sant&#8217; Angelo Lodigiano, trovata morta nel Lambro dopo che i social si erano scatenati contro di lei davanti ad una contestazione mossa da un noto influencer sull&#8217;autenticit\u00e0 della recensione di un cliente che lamentava la presenza di gay e di un [&hellip;]<\/p>\n","protected":false},"author":1,"featured_media":4853,"comment_status":"open","ping_status":"closed","sticky":false,"template":"","format":"standard","meta":{"footnotes":""},"categories":[991],"tags":[2719,2721,746,2720],"class_list":["post-4852","post","type-post","status-publish","format-standard","has-post-thumbnail","hentry","category-cronaca","tag-giovanna-pedretti","tag-il-dubbio","tag-morte","tag-recensione"],"yoast_head":"<!-- This site is optimized with the Yoast SEO plugin v27.5 - https:\/\/yoast.com\/product\/yoast-seo-wordpress\/ -->\n<title>Dubbi da &quot;Il Dubbio&quot; sulla morte di Giovanna Pedretti e sulla sua convocazione nella caserma dei carabinieri. - NonSoloMusicaMagazine<\/title>\n<meta name=\"description\" content=\"Dubbi da &quot;Il Dubbio&quot; sulla morte di Giovanna Pedretti e sulla sua convocazione nella caserma dei carabinieri.\" \/>\n<meta name=\"robots\" content=\"index, follow, max-snippet:-1, max-image-preview:large, max-video-preview:-1\" \/>\n<link rel=\"canonical\" href=\"https:\/\/www.nonsolomusicamagazine.it\/?p=4852\" \/>\n<meta property=\"og:locale\" content=\"it_IT\" \/>\n<meta property=\"og:type\" content=\"article\" \/>\n<meta property=\"og:title\" content=\"Dubbi da &quot;Il Dubbio&quot; sulla morte di Giovanna Pedretti e sulla sua convocazione nella caserma dei carabinieri. - NonSoloMusicaMagazine\" \/>\n<meta property=\"og:description\" content=\"Dubbi da &quot;Il Dubbio&quot; sulla morte di Giovanna Pedretti e sulla sua convocazione nella caserma dei carabinieri.\" \/>\n<meta property=\"og:url\" content=\"https:\/\/www.nonsolomusicamagazine.it\/?p=4852\" \/>\n<meta property=\"og:site_name\" content=\"NonSoloMusicaMagazine\" \/>\n<meta property=\"article:published_time\" content=\"2024-01-18T21:04:30+00:00\" \/>\n<meta property=\"article:modified_time\" content=\"2024-01-18T21:04:31+00:00\" \/>\n<meta property=\"og:image\" content=\"https:\/\/www.nonsolomusicamagazine.it\/wp-content\/uploads\/2024\/01\/Screenshot-2024-01-14-alle-22.50.08-1200x675-1.jpg\" \/>\n\t<meta property=\"og:image:width\" content=\"1080\" \/>\n\t<meta property=\"og:image:height\" content=\"608\" \/>\n\t<meta property=\"og:image:type\" content=\"image\/jpeg\" \/>\n<meta name=\"author\" content=\"nonsolomusica\" \/>\n<meta name=\"twitter:card\" content=\"summary_large_image\" \/>\n<meta name=\"twitter:label1\" content=\"Scritto da\" \/>\n\t<meta name=\"twitter:data1\" content=\"nonsolomusica\" \/>\n\t<meta name=\"twitter:label2\" content=\"Tempo di lettura stimato\" \/>\n\t<meta name=\"twitter:data2\" content=\"2 minuti\" \/>\n<script type=\"application\/ld+json\" class=\"yoast-schema-graph\">{\"@context\":\"https:\\\/\\\/schema.org\",\"@graph\":[{\"@type\":\"Article\",\"@id\":\"https:\\\/\\\/www.nonsolomusicamagazine.it\\\/?p=4852#article\",\"isPartOf\":{\"@id\":\"https:\\\/\\\/www.nonsolomusicamagazine.it\\\/?p=4852\"},\"author\":{\"name\":\"nonsolomusica\",\"@id\":\"https:\\\/\\\/www.nonsolomusicamagazine.it\\\/#\\\/schema\\\/person\\\/a3349ad02300d046472d46cf6d31ae46\"},\"headline\":\"Dubbi da &#8220;Il Dubbio&#8221; sulla morte di Giovanna Pedretti e sulla sua convocazione nella caserma dei carabinieri.\",\"datePublished\":\"2024-01-18T21:04:30+00:00\",\"dateModified\":\"2024-01-18T21:04:31+00:00\",\"mainEntityOfPage\":{\"@id\":\"https:\\\/\\\/www.nonsolomusicamagazine.it\\\/?p=4852\"},\"wordCount\":319,\"commentCount\":0,\"image\":{\"@id\":\"https:\\\/\\\/www.nonsolomusicamagazine.it\\\/?p=4852#primaryimage\"},\"thumbnailUrl\":\"https:\\\/\\\/www.nonsolomusicamagazine.it\\\/wp-content\\\/uploads\\\/2024\\\/01\\\/Screenshot-2024-01-14-alle-22.50.08-1200x675-1.jpg\",\"keywords\":[\"Giovanna Pedretti\",\"Il Dubbio\",\"Morte\",\"Recensione\"],\"articleSection\":[\"Cronaca\"],\"inLanguage\":\"it-IT\",\"potentialAction\":[{\"@type\":\"CommentAction\",\"name\":\"Comment\",\"target\":[\"https:\\\/\\\/www.nonsolomusicamagazine.it\\\/?p=4852#respond\"]}]},{\"@type\":\"WebPage\",\"@id\":\"https:\\\/\\\/www.nonsolomusicamagazine.it\\\/?p=4852\",\"url\":\"https:\\\/\\\/www.nonsolomusicamagazine.it\\\/?p=4852\",\"name\":\"Dubbi da \\\"Il Dubbio\\\" sulla morte di Giovanna Pedretti e sulla sua convocazione nella caserma dei carabinieri. - NonSoloMusicaMagazine\",\"isPartOf\":{\"@id\":\"https:\\\/\\\/www.nonsolomusicamagazine.it\\\/#website\"},\"primaryImageOfPage\":{\"@id\":\"https:\\\/\\\/www.nonsolomusicamagazine.it\\\/?p=4852#primaryimage\"},\"image\":{\"@id\":\"https:\\\/\\\/www.nonsolomusicamagazine.it\\\/?p=4852#primaryimage\"},\"thumbnailUrl\":\"https:\\\/\\\/www.nonsolomusicamagazine.it\\\/wp-content\\\/uploads\\\/2024\\\/01\\\/Screenshot-2024-01-14-alle-22.50.08-1200x675-1.jpg\",\"datePublished\":\"2024-01-18T21:04:30+00:00\",\"dateModified\":\"2024-01-18T21:04:31+00:00\",\"author\":{\"@id\":\"https:\\\/\\\/www.nonsolomusicamagazine.it\\\/#\\\/schema\\\/person\\\/a3349ad02300d046472d46cf6d31ae46\"},\"description\":\"Dubbi da \\\"Il Dubbio\\\" sulla morte di Giovanna Pedretti e sulla sua convocazione nella caserma dei carabinieri.\",\"breadcrumb\":{\"@id\":\"https:\\\/\\\/www.nonsolomusicamagazine.it\\\/?p=4852#breadcrumb\"},\"inLanguage\":\"it-IT\",\"potentialAction\":[{\"@type\":\"ReadAction\",\"target\":[\"https:\\\/\\\/www.nonsolomusicamagazine.it\\\/?p=4852\"]}]},{\"@type\":\"ImageObject\",\"inLanguage\":\"it-IT\",\"@id\":\"https:\\\/\\\/www.nonsolomusicamagazine.it\\\/?p=4852#primaryimage\",\"url\":\"https:\\\/\\\/www.nonsolomusicamagazine.it\\\/wp-content\\\/uploads\\\/2024\\\/01\\\/Screenshot-2024-01-14-alle-22.50.08-1200x675-1.jpg\",\"contentUrl\":\"https:\\\/\\\/www.nonsolomusicamagazine.it\\\/wp-content\\\/uploads\\\/2024\\\/01\\\/Screenshot-2024-01-14-alle-22.50.08-1200x675-1.jpg\",\"width\":1080,\"height\":608},{\"@type\":\"BreadcrumbList\",\"@id\":\"https:\\\/\\\/www.nonsolomusicamagazine.it\\\/?p=4852#breadcrumb\",\"itemListElement\":[{\"@type\":\"ListItem\",\"position\":1,\"name\":\"Home\",\"item\":\"https:\\\/\\\/www.nonsolomusicamagazine.it\\\/\"},{\"@type\":\"ListItem\",\"position\":2,\"name\":\"Dubbi da &#8220;Il Dubbio&#8221; sulla morte di Giovanna Pedretti e sulla sua convocazione nella caserma dei carabinieri.\"}]},{\"@type\":\"WebSite\",\"@id\":\"https:\\\/\\\/www.nonsolomusicamagazine.it\\\/#website\",\"url\":\"https:\\\/\\\/www.nonsolomusicamagazine.it\\\/\",\"name\":\"Nonsolomusicamagazine\",\"description\":\"Dir. responsabile Manuel M Buccarella\",\"potentialAction\":[{\"@type\":\"SearchAction\",\"target\":{\"@type\":\"EntryPoint\",\"urlTemplate\":\"https:\\\/\\\/www.nonsolomusicamagazine.it\\\/?s={search_term_string}\"},\"query-input\":{\"@type\":\"PropertyValueSpecification\",\"valueRequired\":true,\"valueName\":\"search_term_string\"}}],\"inLanguage\":\"it-IT\"},{\"@type\":\"Person\",\"@id\":\"https:\\\/\\\/www.nonsolomusicamagazine.it\\\/#\\\/schema\\\/person\\\/a3349ad02300d046472d46cf6d31ae46\",\"name\":\"nonsolomusica\",\"image\":{\"@type\":\"ImageObject\",\"inLanguage\":\"it-IT\",\"@id\":\"https:\\\/\\\/www.nonsolomusicamagazine.it\\\/wp-content\\\/litespeed\\\/avatar\\\/3a675484bc84db6aba78d43bfc8b7197.jpg?ver=1776880798\",\"url\":\"https:\\\/\\\/www.nonsolomusicamagazine.it\\\/wp-content\\\/litespeed\\\/avatar\\\/3a675484bc84db6aba78d43bfc8b7197.jpg?ver=1776880798\",\"contentUrl\":\"https:\\\/\\\/www.nonsolomusicamagazine.it\\\/wp-content\\\/litespeed\\\/avatar\\\/3a675484bc84db6aba78d43bfc8b7197.jpg?ver=1776880798\",\"caption\":\"nonsolomusica\"},\"sameAs\":[\"https:\\\/\\\/www.nonsolomusicamagazine.it\"],\"url\":\"https:\\\/\\\/www.nonsolomusicamagazine.it\\\/?author=1\"}]}<\/script>\n<!-- \/ Yoast SEO plugin. -->","yoast_head_json":{"title":"Dubbi da \"Il Dubbio\" sulla morte di Giovanna Pedretti e sulla sua convocazione nella caserma dei carabinieri. - NonSoloMusicaMagazine","description":"Dubbi da \"Il Dubbio\" sulla morte di Giovanna Pedretti e sulla sua convocazione nella caserma dei carabinieri.","robots":{"index":"index","follow":"follow","max-snippet":"max-snippet:-1","max-image-preview":"max-image-preview:large","max-video-preview":"max-video-preview:-1"},"canonical":"https:\/\/www.nonsolomusicamagazine.it\/?p=4852","og_locale":"it_IT","og_type":"article","og_title":"Dubbi da \"Il Dubbio\" sulla morte di Giovanna Pedretti e sulla sua convocazione nella caserma dei carabinieri. - NonSoloMusicaMagazine","og_description":"Dubbi da \"Il Dubbio\" sulla morte di Giovanna Pedretti e sulla sua convocazione nella caserma dei carabinieri.","og_url":"https:\/\/www.nonsolomusicamagazine.it\/?p=4852","og_site_name":"NonSoloMusicaMagazine","article_published_time":"2024-01-18T21:04:30+00:00","article_modified_time":"2024-01-18T21:04:31+00:00","og_image":[{"width":1080,"height":608,"url":"https:\/\/www.nonsolomusicamagazine.it\/wp-content\/uploads\/2024\/01\/Screenshot-2024-01-14-alle-22.50.08-1200x675-1.jpg","type":"image\/jpeg"}],"author":"nonsolomusica","twitter_card":"summary_large_image","twitter_misc":{"Scritto da":"nonsolomusica","Tempo di lettura stimato":"2 minuti"},"schema":{"@context":"https:\/\/schema.org","@graph":[{"@type":"Article","@id":"https:\/\/www.nonsolomusicamagazine.it\/?p=4852#article","isPartOf":{"@id":"https:\/\/www.nonsolomusicamagazine.it\/?p=4852"},"author":{"name":"nonsolomusica","@id":"https:\/\/www.nonsolomusicamagazine.it\/#\/schema\/person\/a3349ad02300d046472d46cf6d31ae46"},"headline":"Dubbi da &#8220;Il Dubbio&#8221; sulla morte di Giovanna Pedretti e sulla sua convocazione nella caserma dei carabinieri.","datePublished":"2024-01-18T21:04:30+00:00","dateModified":"2024-01-18T21:04:31+00:00","mainEntityOfPage":{"@id":"https:\/\/www.nonsolomusicamagazine.it\/?p=4852"},"wordCount":319,"commentCount":0,"image":{"@id":"https:\/\/www.nonsolomusicamagazine.it\/?p=4852#primaryimage"},"thumbnailUrl":"https:\/\/www.nonsolomusicamagazine.it\/wp-content\/uploads\/2024\/01\/Screenshot-2024-01-14-alle-22.50.08-1200x675-1.jpg","keywords":["Giovanna Pedretti","Il Dubbio","Morte","Recensione"],"articleSection":["Cronaca"],"inLanguage":"it-IT","potentialAction":[{"@type":"CommentAction","name":"Comment","target":["https:\/\/www.nonsolomusicamagazine.it\/?p=4852#respond"]}]},{"@type":"WebPage","@id":"https:\/\/www.nonsolomusicamagazine.it\/?p=4852","url":"https:\/\/www.nonsolomusicamagazine.it\/?p=4852","name":"Dubbi da \"Il Dubbio\" sulla morte di Giovanna Pedretti e sulla sua convocazione nella caserma dei carabinieri. - NonSoloMusicaMagazine","isPartOf":{"@id":"https:\/\/www.nonsolomusicamagazine.it\/#website"},"primaryImageOfPage":{"@id":"https:\/\/www.nonsolomusicamagazine.it\/?p=4852#primaryimage"},"image":{"@id":"https:\/\/www.nonsolomusicamagazine.it\/?p=4852#primaryimage"},"thumbnailUrl":"https:\/\/www.nonsolomusicamagazine.it\/wp-content\/uploads\/2024\/01\/Screenshot-2024-01-14-alle-22.50.08-1200x675-1.jpg","datePublished":"2024-01-18T21:04:30+00:00","dateModified":"2024-01-18T21:04:31+00:00","author":{"@id":"https:\/\/www.nonsolomusicamagazine.it\/#\/schema\/person\/a3349ad02300d046472d46cf6d31ae46"},"description":"Dubbi da \"Il Dubbio\" sulla morte di Giovanna Pedretti e sulla sua convocazione nella caserma dei carabinieri.","breadcrumb":{"@id":"https:\/\/www.nonsolomusicamagazine.it\/?p=4852#breadcrumb"},"inLanguage":"it-IT","potentialAction":[{"@type":"ReadAction","target":["https:\/\/www.nonsolomusicamagazine.it\/?p=4852"]}]},{"@type":"ImageObject","inLanguage":"it-IT","@id":"https:\/\/www.nonsolomusicamagazine.it\/?p=4852#primaryimage","url":"https:\/\/www.nonsolomusicamagazine.it\/wp-content\/uploads\/2024\/01\/Screenshot-2024-01-14-alle-22.50.08-1200x675-1.jpg","contentUrl":"https:\/\/www.nonsolomusicamagazine.it\/wp-content\/uploads\/2024\/01\/Screenshot-2024-01-14-alle-22.50.08-1200x675-1.jpg","width":1080,"height":608},{"@type":"BreadcrumbList","@id":"https:\/\/www.nonsolomusicamagazine.it\/?p=4852#breadcrumb","itemListElement":[{"@type":"ListItem","position":1,"name":"Home","item":"https:\/\/www.nonsolomusicamagazine.it\/"},{"@type":"ListItem","position":2,"name":"Dubbi da &#8220;Il Dubbio&#8221; sulla morte di Giovanna Pedretti e sulla sua convocazione nella caserma dei carabinieri."}]},{"@type":"WebSite","@id":"https:\/\/www.nonsolomusicamagazine.it\/#website","url":"https:\/\/www.nonsolomusicamagazine.it\/","name":"Nonsolomusicamagazine","description":"Dir. responsabile Manuel M Buccarella","potentialAction":[{"@type":"SearchAction","target":{"@type":"EntryPoint","urlTemplate":"https:\/\/www.nonsolomusicamagazine.it\/?s={search_term_string}"},"query-input":{"@type":"PropertyValueSpecification","valueRequired":true,"valueName":"search_term_string"}}],"inLanguage":"it-IT"},{"@type":"Person","@id":"https:\/\/www.nonsolomusicamagazine.it\/#\/schema\/person\/a3349ad02300d046472d46cf6d31ae46","name":"nonsolomusica","image":{"@type":"ImageObject","inLanguage":"it-IT","@id":"https:\/\/www.nonsolomusicamagazine.it\/wp-content\/litespeed\/avatar\/3a675484bc84db6aba78d43bfc8b7197.jpg?ver=1776880798","url":"https:\/\/www.nonsolomusicamagazine.it\/wp-content\/litespeed\/avatar\/3a675484bc84db6aba78d43bfc8b7197.jpg?ver=1776880798","contentUrl":"https:\/\/www.nonsolomusicamagazine.it\/wp-content\/litespeed\/avatar\/3a675484bc84db6aba78d43bfc8b7197.jpg?ver=1776880798","caption":"nonsolomusica"},"sameAs":["https:\/\/www.nonsolomusicamagazine.it"],"url":"https:\/\/www.nonsolomusicamagazine.it\/?author=1"}]}},"amp_enabled":true,"_links":{"self":[{"href":"https:\/\/www.nonsolomusicamagazine.it\/index.php?rest_route=\/wp\/v2\/posts\/4852","targetHints":{"allow":["GET"]}}],"collection":[{"href":"https:\/\/www.nonsolomusicamagazine.it\/index.php?rest_route=\/wp\/v2\/posts"}],"about":[{"href":"https:\/\/www.nonsolomusicamagazine.it\/index.php?rest_route=\/wp\/v2\/types\/post"}],"author":[{"embeddable":true,"href":"https:\/\/www.nonsolomusicamagazine.it\/index.php?rest_route=\/wp\/v2\/users\/1"}],"replies":[{"embeddable":true,"href":"https:\/\/www.nonsolomusicamagazine.it\/index.php?rest_route=%2Fwp%2Fv2%2Fcomments&post=4852"}],"version-history":[{"count":0,"href":"https:\/\/www.nonsolomusicamagazine.it\/index.php?rest_route=\/wp\/v2\/posts\/4852\/revisions"}],"wp:featuredmedia":[{"embeddable":true,"href":"https:\/\/www.nonsolomusicamagazine.it\/index.php?rest_route=\/wp\/v2\/media\/4853"}],"wp:attachment":[{"href":"https:\/\/www.nonsolomusicamagazine.it\/index.php?rest_route=%2Fwp%2Fv2%2Fmedia&parent=4852"}],"wp:term":[{"taxonomy":"category","embeddable":true,"href":"https:\/\/www.nonsolomusicamagazine.it\/index.php?rest_route=%2Fwp%2Fv2%2Fcategories&post=4852"},{"taxonomy":"post_tag","embeddable":true,"href":"https:\/\/www.nonsolomusicamagazine.it\/index.php?rest_route=%2Fwp%2Fv2%2Ftags&post=4852"}],"curies":[{"name":"wp","href":"https:\/\/api.w.org\/{rel}","templated":true}]}}