{"id":5198,"date":"2024-02-10T15:51:09","date_gmt":"2024-02-10T15:51:09","guid":{"rendered":"https:\/\/www.nonsolomusicamagazine.it\/?p=5198"},"modified":"2024-02-10T15:51:10","modified_gmt":"2024-02-10T15:51:10","slug":"eric-gobetti-e-allora-le-foibe","status":"publish","type":"post","link":"https:\/\/www.nonsolomusicamagazine.it\/?p=5198","title":{"rendered":"Eric Gobetti. E allora le foibe?"},"content":{"rendered":"\n<p>di\u00a0<a href=\"https:\/\/altreconomia.it\/author\/lorenzo-guadagnucci\/\">Lorenzo Guadagnucci<\/a>\u00a0\u2014\u00a01 Aprile 2021<\/p>\n\n\n\n<p>L&#8217;argomento spinoso delle Foibe e della &#8220;Giornata del ricordo&#8221;, istituita nel 2004 in Italia, affrontate in questo articolo del 2021  pubblicato da &#8220;Altreconomia&#8221;<\/p>\n\n\n\n<p>L&#8217; articolo lo trovate qui<\/p>\n\n\n\n<p><a href=\"https:\/\/altreconomia.it\/eric-gobetti-e-allora-le-foibe\/\">https:\/\/altreconomia.it\/eric-gobetti-e-allora-le-foibe\/<\/a><\/p>\n\n\n\n<p>\u201c<a href=\"https:\/\/www.laterza.it\/scheda-libro\/?isbn=9788858141120\" target=\"_blank\" rel=\"noreferrer noopener\">E allora le foibe<\/a>?\u201d di Eric Gobetti \u00e8 un libro (pubblicato da Laterza) che di provocatorio ha solo il titolo. In realt\u00e0 tratta un tema politicamente incandescente facendo il punto sulla ricerca storica: mette in fila i fatti e le cifre e ragiona sul senso del Giorno del ricordo, istituito nel 2004 dallo Stato italiano (il 10 febbraio) al culmine di una campagna politico-culturale ricca di miti e di stereotipi. Gobetti scrive che le foibe non sono \u201cla nostra Shoah\u201d, che i morti non furono pi\u00f9 di cinquemila, che non si tratt\u00f2 di una pulizia etnica e che la memoria pubblica \u00e8 viziata da un eccesso di nazionalismo. Tanto \u00e8 bastato per scatenare contro di lui un\u2019ondata di insulti, minacce e accuse di \u201cnegazionismo\u201d. In gioco ci sono interessi politici consolidati, ma anche le ragioni profonde della memoria pubblica e la funzione della ricerca storica.<\/p>\n\n\n\n<p><strong>Eric Gobetti, lei ridimensiona il fenomeno delle foibe. \u00c8 questo il problema?<\/strong><br><strong>EG<\/strong>&nbsp;In passato si \u00e8 parlato di numeri enormi di \u201cinfoibati\u201d, ma gli storici ormai condividono una cifra di massima: quattro-cinquecento vittime per i fatti del 1943 all\u2019indomani dell\u2019armistizio dell\u20198 settembre e tre-quattromila per i fatti del 1945. Sono numeri, questi ultimi, comparabili a quelli registrati in altre zone d\u2019Italia nelle ultime fasi della guerra e inferiori a quelli di altre zone della Jugoslavia. Anche l\u2019analisi delle vittime -per lo pi\u00f9 collaborazionisti o combattenti a fianco dell\u2019occupante nazista- conferma che non si tratt\u00f2 di pulizia etnica contro gli italiani ma di vendette, di rese dei conti. Come avvenuto altrove.<\/p>\n\n\n\n<p><strong>Quindi nessuna specificit\u00e0 legata al confine orientale?<\/strong><br><strong>EG<\/strong>\u00a0C\u2019era anche una specificit\u00e0: nel 1945 l\u2019esercito jugoslavo voleva annettere nuovi territori e insediare un nuovo regime politico comunista. Alcune uccisioni, una piccola percentuale sul totale, furono l\u2019esito di questa strategia politica. Da storico non giudico la legittimit\u00e0 di questi propositi. Sul progetto annessionistico dico solo che aveva la stessa logica nazionalista che aveva portato, alla fine della Prima guerra mondiale, all\u2019annessione di quegli stessi territori all\u2019Italia. Erano zone abitate sia da ita<\/p>\n\n\n\n<figure class=\"wp-block-image is-resized\"><img decoding=\"async\" width=\"770\" height=\"500\" src=\"https:\/\/www.nonsolomusicamagazine.it\/wp-content\/uploads\/2024\/02\/image.jpeg\" alt=\"\" class=\"wp-image-5200\" style=\"width:347px;height:auto\" srcset=\"https:\/\/www.nonsolomusicamagazine.it\/wp-content\/uploads\/2024\/02\/image.jpeg 770w, https:\/\/www.nonsolomusicamagazine.it\/wp-content\/uploads\/2024\/02\/image-300x195.jpeg 300w, https:\/\/www.nonsolomusicamagazine.it\/wp-content\/uploads\/2024\/02\/image-768x499.jpeg 768w\" sizes=\"(max-width: 770px) 100vw, 770px\" \/><\/figure>\n\n\n\n<p><\/p>\n\n\n\n<blockquote class=\"wp-block-quote is-layout-flow wp-block-quote-is-layout-flow\">\n<p>\u201cOggi sulle foibe un accordo fra gli studiosi c\u2019\u00e8 ma si \u00e8 affermata una retorica monopolizzata dall\u2019estrema destra e la versione degli storici non \u00e8 arrivata all\u2019opinione pubblica\u201d<\/p>\n<\/blockquote>\n\n\n\n<p><strong>Perch\u00e9 nel discorso pubblico corrente il fenomeno delle foibe \u00e8 stato ingigantito? Lei cita un intervento televisivo di Paolo Mieli che parla di \u201cdecine, se non centinaia di migliaia di vittime\u201d.<br><\/strong><strong>EG<\/strong>&nbsp;L\u2019esempio di Mieli mostra quanto questo tema sia poco conosciuto e quanto sia raccontato in maniera superficiale. Il fatto \u00e8 che il Giorno del ricordo \u00e8 stato istituito senza che prima ci fosse un accordo fra gli studiosi e nell\u2019opinione pubblica su quanto accaduto, all\u2019opposto di quanto successo con il Giorno della memoria, che fu il coronamento di conoscenze consolidate in merito alla Shoah. Oggi, oltre 15 anni dopo, sulle foibe un accordo fra gli studiosi c\u2019\u00e8, ma intanto si \u00e8 affermata una retorica monopolizzata dall\u2019estrema destra e la versione degli storici non \u00e8 arrivata all\u2019opinione pubblica. Il dibattito parlamentare sulla legge istitutiva fu molto eloquente. Da una parte c\u2019era un\u2019estrema destra che proponeva convinta il suo racconto ormai consolidato, dall\u2019altra una sinistra moderata priva degli strumenti culturali per discutere a fondo: conosceva poco la materia. Alla fine la versione neofascista \u00e8 diventata la narrazione ufficiale dello Stato italiano. Per questo oggi le istituzioni, ma anche i divulgatori televisivi, faticano a mettere in discussione i termini di quel racconto e cos\u00ec ripetono gli stereotipi, gli slogan. Quanto a Mieli, va detto che in trasmissione ha invitato anche storici seri che hanno potuto esporre i risultati della ricerca.<\/p>\n\n\n\n<p><strong>Lei dice che il Giorno del ricordo rischia di diventare \u201cuna commemorazione fascista\u201d. Forse lo \u00e8 gi\u00e0?<br><\/strong><strong>EG<\/strong>&nbsp;Diciamo che siamo al limite\u2026 Nei primi attacchi al mio libro, quando si conosceva solo il titolo, fra i vari messaggi di insulti ho trovato un commento interessante su una pagina Facebook di area neofascista. Uno che diceva: \u201cRagazzi, state calmi che la battaglia delle foibe l\u2019abbiamo gi\u00e0 vinta\u201d. Il messaggio esprimeva la consapevolezza che l\u2019interpretazione neofascista ha raggiunto il suo scopo. Io per\u00f2 ho ancora qualche speranza. In alcuni recenti&nbsp;<em>webinar<\/em>&nbsp;ho sentito dirigenti delle associazioni degli esuli accusarmi di negazionismo, ma anche usare toni e linguaggio diversi dal solito: hanno capito di non poter pi\u00f9 usare certe espressioni n\u00e9 trascurare che cos\u2019\u00e8 stato il fascismo, coi suoi crimini, l\u2019italianizzazione forzata, la guerra.<br>E magari non \u00e8 un caso se quest\u2019anno Sergio Mattarella il 10 febbraio ha evitato di parlare di pulizia etnica. Non ha parlato nemmeno di negazionismo, come aveva fatto nel 2020, accusando di fatto gli storici perch\u00e9 sono gli storici oggi a negare la versione ufficiale dei fatti, non altri.<\/p>\n\n\n\n<p><strong>L\u2019antifascismo \u00e8 in crisi?<br>EG<\/strong>\u00a0S\u00ec: siamo in mezzo a una crisi che dura da tempo. Per due ragioni. Primo, perch\u00e9 l\u2019antifascismo \u00e8 sotto attacco da parte di forze politiche corrispondenti a una fetta molto consistente dell\u2019elettorato. Secondo, perch\u00e9 dall\u2019altra parte non c\u2019\u00e8 pi\u00f9 un partito con una forza parlamentare rilevante che difenda in modo esplicito e diretto i valori dell\u2019antifascismo.<br>Non voglio dire che il Partito democratico non si riconosca in quei valori, ma che non ha interesse a difenderli pubblicamente.\u00a0Forse perch\u00e9 sono valori svalutati e non sembrano utili per ottenere consenso. Io non sono convinto che sia una buona strategia, ma non sono un politico. L\u2019attacco comunque \u00e8 molto forte e dall\u2019altra parte ci sono solo l\u2019Anpi, alcune associazioni, tanti singoli cittadini, senza per\u00f2 una sponda politica.<\/p>\n\n\n\n<p>\u201cL\u2019analisi delle vittime -per lo pi\u00f9 collaborazionisti o combattenti al fianco dell\u2019occupante nazista- conferma che non si tratt\u00f2 di pulizia etnica contro gli italiani ma di vendette, di rese dei conti\u201d<\/p>\n\n\n\n<p><strong>Che peso pu\u00f2 avere nel ridefinire la memoria pubblica l\u2019incontro dell\u2019estate scorsa fra Mattarella e il presidente sloveno Pahor alla foiba di Basovizza a Trieste?<br><\/strong><strong>EG<\/strong>&nbsp;In Italia abbiamo voluto considerare questo evento solo dal nostro punto di vista. Ma anche la Slovenia fa la sua politica. In quel Paese negli ultimi anni \u00e8 molto rilevante la rappresentazione della Slovenia come vittima della Jugoslavia comunista.&nbsp;La visita di Pahor a Basovizza non significa: s\u00ec, noi siamo responsabili. Significa, piuttosto: s\u00ec, i partigiani comunisti hanno commesso gravi crimini da noi e anche da voi. \u00c8 come se lo Stato italiano ad Auschwitz invece di dire \u201c\u00e8 vero, l\u2019Italia ha contribuito a deportare gli ebrei\u201d, affermasse: \u201cLa Germania ha ucciso tanti ebrei, anche ebrei italiani\u201d. Intendiamoci: c\u2019\u00e8 del vero ma \u00e8 anche un modo per sfuggire alle proprie responsabilit\u00e0 storiche. Poi, per carit\u00e0, abbassare i toni, allentare le tensioni \u00e8 sempre una buona cosa e quindi penso che l\u2019incontro fra i presidenti sia stato comunque un bel gesto. Ma si poteva fare di pi\u00f9.<\/p>\n\n\n\n<p><strong>Che cosa per esempio?<br>EG<\/strong>\u00a0L\u2019elefante nel salotto \u00e8 la questione dei crimini di guerra dell\u2019Italia fascista. Silvio Berlusconi qualche anno fa in Libia riconobbe i crimini compiuti dal fascismo, sia pure per ragioni politiche contingenti. Con la Jugoslavia non \u00e8 mai stato fatto niente del genere. Nel 2021 cadono gli 80 anni dall\u2019invasione italiana, sarebbe l\u2019occasione per agire. Sarebbe un gesto straordinario di riconciliazione.<\/p>\n\n\n\n<blockquote class=\"wp-block-quote is-layout-flow wp-block-quote-is-layout-flow\">\n<p>1.500 sono le persone che hanno perso la vita nel campo di concentramento di Arbe<\/p>\n<\/blockquote>\n\n\n\n<p><strong>Quale potrebbe essere un luogo simbolo di quest\u2019assunzione di responsabilit\u00e0?<br>EG<\/strong>\u00a0Non ho dubbi: il campo di concentramento di Arbe. \u00c8 nell\u2019attuale Croazia, le vittime furono in gran parte slovene e i responsabili ovviamente italiani. \u00c8 quindi il luogo ideale per unificare la memoria di tre Paesi. E poi \u00e8 simbolico perch\u00e9 \u00e8 un campo di concentramento e aiuterebbe a superare il mito degli italiani brava gente. Quando intervengo nelle scuole e parlo dei campi di concentramento gestiti dalle forze armate italiane, campi in cui furono internate centomila persone e almeno cinquemila (compresi donne e bambini) ne morirono, i ragazzi sono scioccati perch\u00e9 i campi, nell\u2019immaginario popolare, sono associati alla Germania nazista. Celebrare un evento di riconciliazione ad Arbe, dove persero la vita quasi 1.500 persone, sarebbe un gesto di grande importanza.<\/p>\n\n\n<figure class=\"wp-block-post-featured-image\"><img decoding=\"async\" width=\"770\" height=\"500\" src=\"https:\/\/www.nonsolomusicamagazine.it\/wp-content\/uploads\/2024\/02\/EricGobetti.jpg\" class=\"attachment-post-thumbnail size-post-thumbnail wp-post-image\" alt=\"\" style=\"object-fit:cover;\" srcset=\"https:\/\/www.nonsolomusicamagazine.it\/wp-content\/uploads\/2024\/02\/EricGobetti.jpg 770w, https:\/\/www.nonsolomusicamagazine.it\/wp-content\/uploads\/2024\/02\/EricGobetti-300x195.jpg 300w, https:\/\/www.nonsolomusicamagazine.it\/wp-content\/uploads\/2024\/02\/EricGobetti-768x499.jpg 768w\" sizes=\"(max-width: 770px) 100vw, 770px\" \/><\/figure>","protected":false},"excerpt":{"rendered":"<p>di\u00a0Lorenzo Guadagnucci\u00a0\u2014\u00a01 Aprile 2021 L&#8217;argomento spinoso delle Foibe e della &#8220;Giornata del ricordo&#8221;, istituita nel 2004 in Italia, affrontate in questo articolo del 2021 pubblicato da &#8220;Altreconomia&#8221; L&#8217; articolo lo trovate qui https:\/\/altreconomia.it\/eric-gobetti-e-allora-le-foibe\/ \u201cE allora le foibe?\u201d di Eric Gobetti \u00e8 un libro (pubblicato da Laterza) che di provocatorio ha solo il titolo. In realt\u00e0 [&hellip;]<\/p>\n","protected":false},"author":1,"featured_media":5199,"comment_status":"open","ping_status":"closed","sticky":false,"template":"","format":"standard","meta":{"footnotes":""},"categories":[1321],"tags":[2586,2874,650,540],"class_list":["post-5198","post","type-post","status-publish","format-standard","has-post-thumbnail","hentry","category-storia","tag-fascismo","tag-foibe","tag-jugoslavia","tag-partigiani"],"yoast_head":"<!-- This site is optimized with the Yoast SEO plugin v27.4 - https:\/\/yoast.com\/product\/yoast-seo-wordpress\/ -->\n<title>Eric Gobetti. E allora le foibe? - NonSoloMusicaMagazine<\/title>\n<meta name=\"description\" content=\"Eric Gobetti. E allora le foibe?\" \/>\n<meta name=\"robots\" content=\"index, follow, max-snippet:-1, max-image-preview:large, max-video-preview:-1\" \/>\n<link rel=\"canonical\" href=\"https:\/\/www.nonsolomusicamagazine.it\/?p=5198\" \/>\n<meta property=\"og:locale\" content=\"it_IT\" \/>\n<meta property=\"og:type\" content=\"article\" \/>\n<meta property=\"og:title\" content=\"Eric Gobetti. E allora le foibe? - NonSoloMusicaMagazine\" \/>\n<meta property=\"og:description\" content=\"Eric Gobetti. E allora le foibe?\" \/>\n<meta property=\"og:url\" content=\"https:\/\/www.nonsolomusicamagazine.it\/?p=5198\" \/>\n<meta property=\"og:site_name\" content=\"NonSoloMusicaMagazine\" \/>\n<meta property=\"article:published_time\" content=\"2024-02-10T15:51:09+00:00\" \/>\n<meta property=\"article:modified_time\" content=\"2024-02-10T15:51:10+00:00\" \/>\n<meta property=\"og:image\" content=\"https:\/\/www.nonsolomusicamagazine.it\/wp-content\/uploads\/2024\/02\/EricGobetti.jpg\" \/>\n\t<meta property=\"og:image:width\" content=\"770\" \/>\n\t<meta property=\"og:image:height\" content=\"500\" \/>\n\t<meta property=\"og:image:type\" content=\"image\/jpeg\" \/>\n<meta name=\"author\" content=\"nonsolomusica\" \/>\n<meta name=\"twitter:card\" content=\"summary_large_image\" \/>\n<meta name=\"twitter:label1\" content=\"Scritto da\" \/>\n\t<meta name=\"twitter:data1\" content=\"nonsolomusica\" \/>\n\t<meta name=\"twitter:label2\" content=\"Tempo di lettura stimato\" \/>\n\t<meta name=\"twitter:data2\" content=\"8 minuti\" \/>\n<script type=\"application\/ld+json\" class=\"yoast-schema-graph\">{\"@context\":\"https:\\\/\\\/schema.org\",\"@graph\":[{\"@type\":\"Article\",\"@id\":\"https:\\\/\\\/www.nonsolomusicamagazine.it\\\/?p=5198#article\",\"isPartOf\":{\"@id\":\"https:\\\/\\\/www.nonsolomusicamagazine.it\\\/?p=5198\"},\"author\":{\"name\":\"nonsolomusica\",\"@id\":\"https:\\\/\\\/www.nonsolomusicamagazine.it\\\/#\\\/schema\\\/person\\\/a3349ad02300d046472d46cf6d31ae46\"},\"headline\":\"Eric Gobetti. E allora le foibe?\",\"datePublished\":\"2024-02-10T15:51:09+00:00\",\"dateModified\":\"2024-02-10T15:51:10+00:00\",\"mainEntityOfPage\":{\"@id\":\"https:\\\/\\\/www.nonsolomusicamagazine.it\\\/?p=5198\"},\"wordCount\":1374,\"commentCount\":1,\"image\":{\"@id\":\"https:\\\/\\\/www.nonsolomusicamagazine.it\\\/?p=5198#primaryimage\"},\"thumbnailUrl\":\"https:\\\/\\\/www.nonsolomusicamagazine.it\\\/wp-content\\\/uploads\\\/2024\\\/02\\\/EricGobetti.jpg\",\"keywords\":[\"Fascismo\",\"Foibe\",\"Jugoslavia\",\"Partigiani\"],\"articleSection\":[\"Storia\"],\"inLanguage\":\"it-IT\",\"potentialAction\":[{\"@type\":\"CommentAction\",\"name\":\"Comment\",\"target\":[\"https:\\\/\\\/www.nonsolomusicamagazine.it\\\/?p=5198#respond\"]}]},{\"@type\":\"WebPage\",\"@id\":\"https:\\\/\\\/www.nonsolomusicamagazine.it\\\/?p=5198\",\"url\":\"https:\\\/\\\/www.nonsolomusicamagazine.it\\\/?p=5198\",\"name\":\"Eric Gobetti. E allora le foibe? - NonSoloMusicaMagazine\",\"isPartOf\":{\"@id\":\"https:\\\/\\\/www.nonsolomusicamagazine.it\\\/#website\"},\"primaryImageOfPage\":{\"@id\":\"https:\\\/\\\/www.nonsolomusicamagazine.it\\\/?p=5198#primaryimage\"},\"image\":{\"@id\":\"https:\\\/\\\/www.nonsolomusicamagazine.it\\\/?p=5198#primaryimage\"},\"thumbnailUrl\":\"https:\\\/\\\/www.nonsolomusicamagazine.it\\\/wp-content\\\/uploads\\\/2024\\\/02\\\/EricGobetti.jpg\",\"datePublished\":\"2024-02-10T15:51:09+00:00\",\"dateModified\":\"2024-02-10T15:51:10+00:00\",\"author\":{\"@id\":\"https:\\\/\\\/www.nonsolomusicamagazine.it\\\/#\\\/schema\\\/person\\\/a3349ad02300d046472d46cf6d31ae46\"},\"description\":\"Eric Gobetti. E allora le foibe?\",\"breadcrumb\":{\"@id\":\"https:\\\/\\\/www.nonsolomusicamagazine.it\\\/?p=5198#breadcrumb\"},\"inLanguage\":\"it-IT\",\"potentialAction\":[{\"@type\":\"ReadAction\",\"target\":[\"https:\\\/\\\/www.nonsolomusicamagazine.it\\\/?p=5198\"]}]},{\"@type\":\"ImageObject\",\"inLanguage\":\"it-IT\",\"@id\":\"https:\\\/\\\/www.nonsolomusicamagazine.it\\\/?p=5198#primaryimage\",\"url\":\"https:\\\/\\\/www.nonsolomusicamagazine.it\\\/wp-content\\\/uploads\\\/2024\\\/02\\\/EricGobetti.jpg\",\"contentUrl\":\"https:\\\/\\\/www.nonsolomusicamagazine.it\\\/wp-content\\\/uploads\\\/2024\\\/02\\\/EricGobetti.jpg\",\"width\":770,\"height\":500},{\"@type\":\"BreadcrumbList\",\"@id\":\"https:\\\/\\\/www.nonsolomusicamagazine.it\\\/?p=5198#breadcrumb\",\"itemListElement\":[{\"@type\":\"ListItem\",\"position\":1,\"name\":\"Home\",\"item\":\"https:\\\/\\\/www.nonsolomusicamagazine.it\\\/\"},{\"@type\":\"ListItem\",\"position\":2,\"name\":\"Eric Gobetti. E allora le foibe?\"}]},{\"@type\":\"WebSite\",\"@id\":\"https:\\\/\\\/www.nonsolomusicamagazine.it\\\/#website\",\"url\":\"https:\\\/\\\/www.nonsolomusicamagazine.it\\\/\",\"name\":\"Nonsolomusicamagazine\",\"description\":\"Dir. responsabile Manuel M Buccarella\",\"potentialAction\":[{\"@type\":\"SearchAction\",\"target\":{\"@type\":\"EntryPoint\",\"urlTemplate\":\"https:\\\/\\\/www.nonsolomusicamagazine.it\\\/?s={search_term_string}\"},\"query-input\":{\"@type\":\"PropertyValueSpecification\",\"valueRequired\":true,\"valueName\":\"search_term_string\"}}],\"inLanguage\":\"it-IT\"},{\"@type\":\"Person\",\"@id\":\"https:\\\/\\\/www.nonsolomusicamagazine.it\\\/#\\\/schema\\\/person\\\/a3349ad02300d046472d46cf6d31ae46\",\"name\":\"nonsolomusica\",\"image\":{\"@type\":\"ImageObject\",\"inLanguage\":\"it-IT\",\"@id\":\"https:\\\/\\\/www.nonsolomusicamagazine.it\\\/wp-content\\\/litespeed\\\/avatar\\\/3a675484bc84db6aba78d43bfc8b7197.jpg?ver=1776880798\",\"url\":\"https:\\\/\\\/www.nonsolomusicamagazine.it\\\/wp-content\\\/litespeed\\\/avatar\\\/3a675484bc84db6aba78d43bfc8b7197.jpg?ver=1776880798\",\"contentUrl\":\"https:\\\/\\\/www.nonsolomusicamagazine.it\\\/wp-content\\\/litespeed\\\/avatar\\\/3a675484bc84db6aba78d43bfc8b7197.jpg?ver=1776880798\",\"caption\":\"nonsolomusica\"},\"sameAs\":[\"https:\\\/\\\/www.nonsolomusicamagazine.it\"],\"url\":\"https:\\\/\\\/www.nonsolomusicamagazine.it\\\/?author=1\"}]}<\/script>\n<!-- \/ Yoast SEO plugin. -->","yoast_head_json":{"title":"Eric Gobetti. E allora le foibe? - NonSoloMusicaMagazine","description":"Eric Gobetti. E allora le foibe?","robots":{"index":"index","follow":"follow","max-snippet":"max-snippet:-1","max-image-preview":"max-image-preview:large","max-video-preview":"max-video-preview:-1"},"canonical":"https:\/\/www.nonsolomusicamagazine.it\/?p=5198","og_locale":"it_IT","og_type":"article","og_title":"Eric Gobetti. E allora le foibe? - NonSoloMusicaMagazine","og_description":"Eric Gobetti. E allora le foibe?","og_url":"https:\/\/www.nonsolomusicamagazine.it\/?p=5198","og_site_name":"NonSoloMusicaMagazine","article_published_time":"2024-02-10T15:51:09+00:00","article_modified_time":"2024-02-10T15:51:10+00:00","og_image":[{"width":770,"height":500,"url":"https:\/\/www.nonsolomusicamagazine.it\/wp-content\/uploads\/2024\/02\/EricGobetti.jpg","type":"image\/jpeg"}],"author":"nonsolomusica","twitter_card":"summary_large_image","twitter_misc":{"Scritto da":"nonsolomusica","Tempo di lettura stimato":"8 minuti"},"schema":{"@context":"https:\/\/schema.org","@graph":[{"@type":"Article","@id":"https:\/\/www.nonsolomusicamagazine.it\/?p=5198#article","isPartOf":{"@id":"https:\/\/www.nonsolomusicamagazine.it\/?p=5198"},"author":{"name":"nonsolomusica","@id":"https:\/\/www.nonsolomusicamagazine.it\/#\/schema\/person\/a3349ad02300d046472d46cf6d31ae46"},"headline":"Eric Gobetti. E allora le foibe?","datePublished":"2024-02-10T15:51:09+00:00","dateModified":"2024-02-10T15:51:10+00:00","mainEntityOfPage":{"@id":"https:\/\/www.nonsolomusicamagazine.it\/?p=5198"},"wordCount":1374,"commentCount":1,"image":{"@id":"https:\/\/www.nonsolomusicamagazine.it\/?p=5198#primaryimage"},"thumbnailUrl":"https:\/\/www.nonsolomusicamagazine.it\/wp-content\/uploads\/2024\/02\/EricGobetti.jpg","keywords":["Fascismo","Foibe","Jugoslavia","Partigiani"],"articleSection":["Storia"],"inLanguage":"it-IT","potentialAction":[{"@type":"CommentAction","name":"Comment","target":["https:\/\/www.nonsolomusicamagazine.it\/?p=5198#respond"]}]},{"@type":"WebPage","@id":"https:\/\/www.nonsolomusicamagazine.it\/?p=5198","url":"https:\/\/www.nonsolomusicamagazine.it\/?p=5198","name":"Eric Gobetti. E allora le foibe? - NonSoloMusicaMagazine","isPartOf":{"@id":"https:\/\/www.nonsolomusicamagazine.it\/#website"},"primaryImageOfPage":{"@id":"https:\/\/www.nonsolomusicamagazine.it\/?p=5198#primaryimage"},"image":{"@id":"https:\/\/www.nonsolomusicamagazine.it\/?p=5198#primaryimage"},"thumbnailUrl":"https:\/\/www.nonsolomusicamagazine.it\/wp-content\/uploads\/2024\/02\/EricGobetti.jpg","datePublished":"2024-02-10T15:51:09+00:00","dateModified":"2024-02-10T15:51:10+00:00","author":{"@id":"https:\/\/www.nonsolomusicamagazine.it\/#\/schema\/person\/a3349ad02300d046472d46cf6d31ae46"},"description":"Eric Gobetti. E allora le foibe?","breadcrumb":{"@id":"https:\/\/www.nonsolomusicamagazine.it\/?p=5198#breadcrumb"},"inLanguage":"it-IT","potentialAction":[{"@type":"ReadAction","target":["https:\/\/www.nonsolomusicamagazine.it\/?p=5198"]}]},{"@type":"ImageObject","inLanguage":"it-IT","@id":"https:\/\/www.nonsolomusicamagazine.it\/?p=5198#primaryimage","url":"https:\/\/www.nonsolomusicamagazine.it\/wp-content\/uploads\/2024\/02\/EricGobetti.jpg","contentUrl":"https:\/\/www.nonsolomusicamagazine.it\/wp-content\/uploads\/2024\/02\/EricGobetti.jpg","width":770,"height":500},{"@type":"BreadcrumbList","@id":"https:\/\/www.nonsolomusicamagazine.it\/?p=5198#breadcrumb","itemListElement":[{"@type":"ListItem","position":1,"name":"Home","item":"https:\/\/www.nonsolomusicamagazine.it\/"},{"@type":"ListItem","position":2,"name":"Eric Gobetti. E allora le foibe?"}]},{"@type":"WebSite","@id":"https:\/\/www.nonsolomusicamagazine.it\/#website","url":"https:\/\/www.nonsolomusicamagazine.it\/","name":"Nonsolomusicamagazine","description":"Dir. responsabile Manuel M Buccarella","potentialAction":[{"@type":"SearchAction","target":{"@type":"EntryPoint","urlTemplate":"https:\/\/www.nonsolomusicamagazine.it\/?s={search_term_string}"},"query-input":{"@type":"PropertyValueSpecification","valueRequired":true,"valueName":"search_term_string"}}],"inLanguage":"it-IT"},{"@type":"Person","@id":"https:\/\/www.nonsolomusicamagazine.it\/#\/schema\/person\/a3349ad02300d046472d46cf6d31ae46","name":"nonsolomusica","image":{"@type":"ImageObject","inLanguage":"it-IT","@id":"https:\/\/www.nonsolomusicamagazine.it\/wp-content\/litespeed\/avatar\/3a675484bc84db6aba78d43bfc8b7197.jpg?ver=1776880798","url":"https:\/\/www.nonsolomusicamagazine.it\/wp-content\/litespeed\/avatar\/3a675484bc84db6aba78d43bfc8b7197.jpg?ver=1776880798","contentUrl":"https:\/\/www.nonsolomusicamagazine.it\/wp-content\/litespeed\/avatar\/3a675484bc84db6aba78d43bfc8b7197.jpg?ver=1776880798","caption":"nonsolomusica"},"sameAs":["https:\/\/www.nonsolomusicamagazine.it"],"url":"https:\/\/www.nonsolomusicamagazine.it\/?author=1"}]}},"amp_enabled":true,"_links":{"self":[{"href":"https:\/\/www.nonsolomusicamagazine.it\/index.php?rest_route=\/wp\/v2\/posts\/5198","targetHints":{"allow":["GET"]}}],"collection":[{"href":"https:\/\/www.nonsolomusicamagazine.it\/index.php?rest_route=\/wp\/v2\/posts"}],"about":[{"href":"https:\/\/www.nonsolomusicamagazine.it\/index.php?rest_route=\/wp\/v2\/types\/post"}],"author":[{"embeddable":true,"href":"https:\/\/www.nonsolomusicamagazine.it\/index.php?rest_route=\/wp\/v2\/users\/1"}],"replies":[{"embeddable":true,"href":"https:\/\/www.nonsolomusicamagazine.it\/index.php?rest_route=%2Fwp%2Fv2%2Fcomments&post=5198"}],"version-history":[{"count":0,"href":"https:\/\/www.nonsolomusicamagazine.it\/index.php?rest_route=\/wp\/v2\/posts\/5198\/revisions"}],"wp:featuredmedia":[{"embeddable":true,"href":"https:\/\/www.nonsolomusicamagazine.it\/index.php?rest_route=\/wp\/v2\/media\/5199"}],"wp:attachment":[{"href":"https:\/\/www.nonsolomusicamagazine.it\/index.php?rest_route=%2Fwp%2Fv2%2Fmedia&parent=5198"}],"wp:term":[{"taxonomy":"category","embeddable":true,"href":"https:\/\/www.nonsolomusicamagazine.it\/index.php?rest_route=%2Fwp%2Fv2%2Fcategories&post=5198"},{"taxonomy":"post_tag","embeddable":true,"href":"https:\/\/www.nonsolomusicamagazine.it\/index.php?rest_route=%2Fwp%2Fv2%2Ftags&post=5198"}],"curies":[{"name":"wp","href":"https:\/\/api.w.org\/{rel}","templated":true}]}}