{"id":5219,"date":"2024-02-13T14:46:20","date_gmt":"2024-02-13T14:46:20","guid":{"rendered":"https:\/\/www.nonsolomusicamagazine.it\/?p=5219"},"modified":"2024-02-13T14:46:22","modified_gmt":"2024-02-13T14:46:22","slug":"non-mi-sento-tanto-bene-manganellate-davanti-alla-sede-rai-di-napoli-a-chi-protestava-contro-il-comunicato-dell-ad-rai-contro-ghali","status":"publish","type":"post","link":"https:\/\/www.nonsolomusicamagazine.it\/?p=5219","title":{"rendered":"&#8220;Non mi sento tanto bene&#8221;. Manganellate davanti alla sede Rai di Napoli a chi protestava contro il comunicato dell&#8217; Ad Rai contro Ghali."},"content":{"rendered":"\n<p>Momenti di forte tensione davanti alla sede della Rai di Napoli, in viale Marconi, per una manifestazione organizzata dopo\u00a0le polemiche seguite all&#8217;esibizione di Ghali\u00a0a Sanremo e al comunicato dell&#8217;amministratore delegato Sergio letto da Mara Venier durante Domenica In. Alcuni manifestanti volevano affiggere uno striscione ma il tentativo \u00e8 stato bloccato dalle forze dell&#8217;ordine. Ci sono stati spintoni e manganellate. La manifestazione \u00e8 stata organizzata da Potere al Popolo, Rete per la Palestina Libera e disoccupati con l&#8217;ex sindaco di Napoli, Luigi de Magistris. Gli attivisti denunciano: \u00abAncor prima che si potesse creare una delegazione per chiedere un&#8217;intervista il presidio \u00e8 stato violentemente caricato, provocando diversi feriti.\u00a0Ancora una volta pare che qualsiasi tipo di discordanza con la narrazione dominante che vede Israele come unica democrazia del Medio Oriente venga non solo censurata, come \u00e8 successo a Ghali durante il festival di Sanremo, ma addirittura repressa violentemente con polizia e manganelli contro manifestanti pacifici. Tra l&#8217;altro un ultimo sondaggio dimostra che oltre l&#8217;80% degli italiani vogliono un immediato e permanente cessate il fuoco\u00bb.<\/p>\n\n\n\n<p>Si dice \u00abmolto turbato\u00bb, l&#8217;ex sindaco di Napoli Luigi de Magistris presente al presidio. \u00abUn presidio contro le dichiarazioni dell&#8217;ad Sergio, una manifestazione pacifica, qualche ragazzo si \u00e8 avvicinato ai cancelli per mettere uno striscione\u00bb. E racconta: \u00ab\u00c8 partita una carica, due o tre feriti con la testa aperta e il sangue che colava. Brutto, sono turbato e molto. Perch\u00e9 questo tema della Palestina dovrebbe unire le persone contro una tragedia immane. Siamo di fronte a un genocidio, s\u00ec anche io parlo di genocidio come Ghali, un artista che viene additato come se avesse lui istigato alla violenza. Si sta superando il limite. Vedere ragazzi con la testa aperta perch\u00e9 sposano una causa giusta fa male. Daremo una risposta il 25 febbraio al Palapartenope con un concerto per Gaza dove si raccoglieranno fondi\u00bb.<\/p>\n\n\n\n<p>\u00abLe immagini che giungono da Napoli, dove all&#8217;esterno della sede Rai era stato organizzato un presidio a sostegno della causa palestinese, sono sconcertanti. Dalle prime ricostruzioni la risposta delle forze dell&#8217;ordine ai manifestanti appare del tutto sproporzionata. La misura \u00e8 colma. C&#8217;\u00e8 un clima irrespirabile di regime. Chiediamo a Piantedosi di assumersi la responsabilit\u00e0 di quanto \u00e8 venuto a Napoli e di chiarire cosa abbia reso necessario una simile reazione\u00bb. Lo affermano gli esponenti del Movimento 5 Stelle in commissione di Vigilanza Rai.  E Emiliano Fossi del Pd in una nota: \u00abVa accertata l&#8217;esatta dinamica dei fatti, ma le immagini di giovani feriti mentre cercavano di manifestare sono evidenti ed allarmanti. La situazione non va assolutamente sottovalutata: se le Forze dell&#8217;Ordine hanno manganellato cittadini soltanto perch\u00e9 volevano esporre uno striscione per fermare la guerra a Gaza e manifestare per una vera e libera informazione nei pressi della sede Rai di Napoli, evidentemente, non esiste pi\u00f9 in questo paese la libert\u00e0 di espressione garantita dalla Costituzione. Il ministro Piantedosi deve chiarire immediatamente la vicenda\u00bb.<\/p>\n\n\n\n<p>C&#8217;\u00e8 da dire che l&#8217; ostruzionismo prima e la repressione ora, non faranno che dare sempre pi\u00f9 rilevanza all&#8217; artista, che incrementer\u00e0 le vendite, e al movimento contrario alla guerra e ad Israele. La stupidit\u00e0 del potere.<\/p>\n\n\n<figure class=\"wp-block-post-featured-image\"><img decoding=\"async\" width=\"593\" height=\"443\" src=\"https:\/\/www.nonsolomusicamagazine.it\/wp-content\/uploads\/2024\/02\/65cb5dfbd7e1c.r_d.949-395-5450.jpeg\" class=\"attachment-post-thumbnail size-post-thumbnail wp-post-image\" alt=\"\" style=\"object-fit:cover;\" srcset=\"https:\/\/www.nonsolomusicamagazine.it\/wp-content\/uploads\/2024\/02\/65cb5dfbd7e1c.r_d.949-395-5450.jpeg 593w, https:\/\/www.nonsolomusicamagazine.it\/wp-content\/uploads\/2024\/02\/65cb5dfbd7e1c.r_d.949-395-5450-300x224.jpeg 300w\" sizes=\"(max-width: 593px) 100vw, 593px\" \/><\/figure>","protected":false},"excerpt":{"rendered":"<p>Momenti di forte tensione davanti alla sede della Rai di Napoli, in viale Marconi, per una manifestazione organizzata dopo\u00a0le polemiche seguite all&#8217;esibizione di Ghali\u00a0a Sanremo e al comunicato dell&#8217;amministratore delegato Sergio letto da Mara Venier durante Domenica In. Alcuni manifestanti volevano affiggere uno striscione ma il tentativo \u00e8 stato bloccato dalle forze dell&#8217;ordine. Ci sono [&hellip;]<\/p>\n","protected":false},"author":1,"featured_media":5220,"comment_status":"open","ping_status":"closed","sticky":false,"template":"","format":"standard","meta":{"footnotes":""},"categories":[106,5],"tags":[2880,2875,2879,151,1381],"class_list":["post-5219","post","type-post","status-publish","format-standard","has-post-thumbnail","hentry","category-cultura","category-politica","tag-ad-rai","tag-ghali","tag-manganellate","tag-napoli","tag-rai"],"yoast_head":"<!-- This site is optimized with the Yoast SEO plugin v27.4 - https:\/\/yoast.com\/product\/yoast-seo-wordpress\/ -->\n<title>&quot;Non mi sento tanto bene&quot;. Manganellate davanti alla sede Rai di Napoli a chi protestava contro il comunicato dell&#039; Ad Rai contro Ghali. - NonSoloMusicaMagazine<\/title>\n<meta name=\"description\" content=\"&quot;Non mi sento tanto bene&quot;. Manganellate davanti alla sede Rai di Napoli a chi protestava contro il comunicato dell&#039; Ad Rai contro Ghali.\" \/>\n<meta name=\"robots\" content=\"index, follow, max-snippet:-1, max-image-preview:large, max-video-preview:-1\" \/>\n<link rel=\"canonical\" href=\"https:\/\/www.nonsolomusicamagazine.it\/?p=5219\" \/>\n<meta property=\"og:locale\" content=\"it_IT\" \/>\n<meta property=\"og:type\" content=\"article\" \/>\n<meta property=\"og:title\" content=\"&quot;Non mi sento tanto bene&quot;. Manganellate davanti alla sede Rai di Napoli a chi protestava contro il comunicato dell&#039; Ad Rai contro Ghali. - NonSoloMusicaMagazine\" \/>\n<meta property=\"og:description\" content=\"&quot;Non mi sento tanto bene&quot;. Manganellate davanti alla sede Rai di Napoli a chi protestava contro il comunicato dell&#039; Ad Rai contro Ghali.\" \/>\n<meta property=\"og:url\" content=\"https:\/\/www.nonsolomusicamagazine.it\/?p=5219\" \/>\n<meta property=\"og:site_name\" content=\"NonSoloMusicaMagazine\" \/>\n<meta property=\"article:published_time\" content=\"2024-02-13T14:46:20+00:00\" \/>\n<meta property=\"article:modified_time\" content=\"2024-02-13T14:46:22+00:00\" \/>\n<meta property=\"og:image\" content=\"https:\/\/www.nonsolomusicamagazine.it\/wp-content\/uploads\/2024\/02\/65cb5dfbd7e1c.r_d.949-395-5450.jpeg\" \/>\n\t<meta property=\"og:image:width\" content=\"593\" \/>\n\t<meta property=\"og:image:height\" content=\"443\" \/>\n\t<meta property=\"og:image:type\" content=\"image\/jpeg\" \/>\n<meta name=\"author\" content=\"nonsolomusica\" \/>\n<meta name=\"twitter:card\" content=\"summary_large_image\" \/>\n<meta name=\"twitter:label1\" content=\"Scritto da\" \/>\n\t<meta name=\"twitter:data1\" content=\"nonsolomusica\" \/>\n\t<meta name=\"twitter:label2\" content=\"Tempo di lettura stimato\" \/>\n\t<meta name=\"twitter:data2\" content=\"3 minuti\" \/>\n<script type=\"application\/ld+json\" class=\"yoast-schema-graph\">{\"@context\":\"https:\\\/\\\/schema.org\",\"@graph\":[{\"@type\":\"Article\",\"@id\":\"https:\\\/\\\/www.nonsolomusicamagazine.it\\\/?p=5219#article\",\"isPartOf\":{\"@id\":\"https:\\\/\\\/www.nonsolomusicamagazine.it\\\/?p=5219\"},\"author\":{\"name\":\"nonsolomusica\",\"@id\":\"https:\\\/\\\/www.nonsolomusicamagazine.it\\\/#\\\/schema\\\/person\\\/a3349ad02300d046472d46cf6d31ae46\"},\"headline\":\"&#8220;Non mi sento tanto bene&#8221;. Manganellate davanti alla sede Rai di Napoli a chi protestava contro il comunicato dell&#8217; Ad Rai contro Ghali.\",\"datePublished\":\"2024-02-13T14:46:20+00:00\",\"dateModified\":\"2024-02-13T14:46:22+00:00\",\"mainEntityOfPage\":{\"@id\":\"https:\\\/\\\/www.nonsolomusicamagazine.it\\\/?p=5219\"},\"wordCount\":542,\"commentCount\":1,\"image\":{\"@id\":\"https:\\\/\\\/www.nonsolomusicamagazine.it\\\/?p=5219#primaryimage\"},\"thumbnailUrl\":\"https:\\\/\\\/www.nonsolomusicamagazine.it\\\/wp-content\\\/uploads\\\/2024\\\/02\\\/65cb5dfbd7e1c.r_d.949-395-5450.jpeg\",\"keywords\":[\"Ad Rai\",\"Ghali\",\"Manganellate\",\"Napoli\",\"Rai\"],\"articleSection\":[\"Cultura\",\"Politica\"],\"inLanguage\":\"it-IT\",\"potentialAction\":[{\"@type\":\"CommentAction\",\"name\":\"Comment\",\"target\":[\"https:\\\/\\\/www.nonsolomusicamagazine.it\\\/?p=5219#respond\"]}]},{\"@type\":\"WebPage\",\"@id\":\"https:\\\/\\\/www.nonsolomusicamagazine.it\\\/?p=5219\",\"url\":\"https:\\\/\\\/www.nonsolomusicamagazine.it\\\/?p=5219\",\"name\":\"\\\"Non mi sento tanto bene\\\". Manganellate davanti alla sede Rai di Napoli a chi protestava contro il comunicato dell' Ad Rai contro Ghali. - NonSoloMusicaMagazine\",\"isPartOf\":{\"@id\":\"https:\\\/\\\/www.nonsolomusicamagazine.it\\\/#website\"},\"primaryImageOfPage\":{\"@id\":\"https:\\\/\\\/www.nonsolomusicamagazine.it\\\/?p=5219#primaryimage\"},\"image\":{\"@id\":\"https:\\\/\\\/www.nonsolomusicamagazine.it\\\/?p=5219#primaryimage\"},\"thumbnailUrl\":\"https:\\\/\\\/www.nonsolomusicamagazine.it\\\/wp-content\\\/uploads\\\/2024\\\/02\\\/65cb5dfbd7e1c.r_d.949-395-5450.jpeg\",\"datePublished\":\"2024-02-13T14:46:20+00:00\",\"dateModified\":\"2024-02-13T14:46:22+00:00\",\"author\":{\"@id\":\"https:\\\/\\\/www.nonsolomusicamagazine.it\\\/#\\\/schema\\\/person\\\/a3349ad02300d046472d46cf6d31ae46\"},\"description\":\"\\\"Non mi sento tanto bene\\\". Manganellate davanti alla sede Rai di Napoli a chi protestava contro il comunicato dell' Ad Rai contro Ghali.\",\"breadcrumb\":{\"@id\":\"https:\\\/\\\/www.nonsolomusicamagazine.it\\\/?p=5219#breadcrumb\"},\"inLanguage\":\"it-IT\",\"potentialAction\":[{\"@type\":\"ReadAction\",\"target\":[\"https:\\\/\\\/www.nonsolomusicamagazine.it\\\/?p=5219\"]}]},{\"@type\":\"ImageObject\",\"inLanguage\":\"it-IT\",\"@id\":\"https:\\\/\\\/www.nonsolomusicamagazine.it\\\/?p=5219#primaryimage\",\"url\":\"https:\\\/\\\/www.nonsolomusicamagazine.it\\\/wp-content\\\/uploads\\\/2024\\\/02\\\/65cb5dfbd7e1c.r_d.949-395-5450.jpeg\",\"contentUrl\":\"https:\\\/\\\/www.nonsolomusicamagazine.it\\\/wp-content\\\/uploads\\\/2024\\\/02\\\/65cb5dfbd7e1c.r_d.949-395-5450.jpeg\",\"width\":593,\"height\":443},{\"@type\":\"BreadcrumbList\",\"@id\":\"https:\\\/\\\/www.nonsolomusicamagazine.it\\\/?p=5219#breadcrumb\",\"itemListElement\":[{\"@type\":\"ListItem\",\"position\":1,\"name\":\"Home\",\"item\":\"https:\\\/\\\/www.nonsolomusicamagazine.it\\\/\"},{\"@type\":\"ListItem\",\"position\":2,\"name\":\"&#8220;Non mi sento tanto bene&#8221;. Manganellate davanti alla sede Rai di Napoli a chi protestava contro il comunicato dell&#8217; Ad Rai contro Ghali.\"}]},{\"@type\":\"WebSite\",\"@id\":\"https:\\\/\\\/www.nonsolomusicamagazine.it\\\/#website\",\"url\":\"https:\\\/\\\/www.nonsolomusicamagazine.it\\\/\",\"name\":\"Nonsolomusicamagazine\",\"description\":\"Dir. responsabile Manuel M Buccarella\",\"potentialAction\":[{\"@type\":\"SearchAction\",\"target\":{\"@type\":\"EntryPoint\",\"urlTemplate\":\"https:\\\/\\\/www.nonsolomusicamagazine.it\\\/?s={search_term_string}\"},\"query-input\":{\"@type\":\"PropertyValueSpecification\",\"valueRequired\":true,\"valueName\":\"search_term_string\"}}],\"inLanguage\":\"it-IT\"},{\"@type\":\"Person\",\"@id\":\"https:\\\/\\\/www.nonsolomusicamagazine.it\\\/#\\\/schema\\\/person\\\/a3349ad02300d046472d46cf6d31ae46\",\"name\":\"nonsolomusica\",\"image\":{\"@type\":\"ImageObject\",\"inLanguage\":\"it-IT\",\"@id\":\"https:\\\/\\\/www.nonsolomusicamagazine.it\\\/wp-content\\\/litespeed\\\/avatar\\\/3a675484bc84db6aba78d43bfc8b7197.jpg?ver=1776880798\",\"url\":\"https:\\\/\\\/www.nonsolomusicamagazine.it\\\/wp-content\\\/litespeed\\\/avatar\\\/3a675484bc84db6aba78d43bfc8b7197.jpg?ver=1776880798\",\"contentUrl\":\"https:\\\/\\\/www.nonsolomusicamagazine.it\\\/wp-content\\\/litespeed\\\/avatar\\\/3a675484bc84db6aba78d43bfc8b7197.jpg?ver=1776880798\",\"caption\":\"nonsolomusica\"},\"sameAs\":[\"https:\\\/\\\/www.nonsolomusicamagazine.it\"],\"url\":\"https:\\\/\\\/www.nonsolomusicamagazine.it\\\/?author=1\"}]}<\/script>\n<!-- \/ Yoast SEO plugin. -->","yoast_head_json":{"title":"\"Non mi sento tanto bene\". Manganellate davanti alla sede Rai di Napoli a chi protestava contro il comunicato dell' Ad Rai contro Ghali. - NonSoloMusicaMagazine","description":"\"Non mi sento tanto bene\". Manganellate davanti alla sede Rai di Napoli a chi protestava contro il comunicato dell' Ad Rai contro Ghali.","robots":{"index":"index","follow":"follow","max-snippet":"max-snippet:-1","max-image-preview":"max-image-preview:large","max-video-preview":"max-video-preview:-1"},"canonical":"https:\/\/www.nonsolomusicamagazine.it\/?p=5219","og_locale":"it_IT","og_type":"article","og_title":"\"Non mi sento tanto bene\". Manganellate davanti alla sede Rai di Napoli a chi protestava contro il comunicato dell' Ad Rai contro Ghali. - NonSoloMusicaMagazine","og_description":"\"Non mi sento tanto bene\". Manganellate davanti alla sede Rai di Napoli a chi protestava contro il comunicato dell' Ad Rai contro Ghali.","og_url":"https:\/\/www.nonsolomusicamagazine.it\/?p=5219","og_site_name":"NonSoloMusicaMagazine","article_published_time":"2024-02-13T14:46:20+00:00","article_modified_time":"2024-02-13T14:46:22+00:00","og_image":[{"width":593,"height":443,"url":"https:\/\/www.nonsolomusicamagazine.it\/wp-content\/uploads\/2024\/02\/65cb5dfbd7e1c.r_d.949-395-5450.jpeg","type":"image\/jpeg"}],"author":"nonsolomusica","twitter_card":"summary_large_image","twitter_misc":{"Scritto da":"nonsolomusica","Tempo di lettura stimato":"3 minuti"},"schema":{"@context":"https:\/\/schema.org","@graph":[{"@type":"Article","@id":"https:\/\/www.nonsolomusicamagazine.it\/?p=5219#article","isPartOf":{"@id":"https:\/\/www.nonsolomusicamagazine.it\/?p=5219"},"author":{"name":"nonsolomusica","@id":"https:\/\/www.nonsolomusicamagazine.it\/#\/schema\/person\/a3349ad02300d046472d46cf6d31ae46"},"headline":"&#8220;Non mi sento tanto bene&#8221;. Manganellate davanti alla sede Rai di Napoli a chi protestava contro il comunicato dell&#8217; Ad Rai contro Ghali.","datePublished":"2024-02-13T14:46:20+00:00","dateModified":"2024-02-13T14:46:22+00:00","mainEntityOfPage":{"@id":"https:\/\/www.nonsolomusicamagazine.it\/?p=5219"},"wordCount":542,"commentCount":1,"image":{"@id":"https:\/\/www.nonsolomusicamagazine.it\/?p=5219#primaryimage"},"thumbnailUrl":"https:\/\/www.nonsolomusicamagazine.it\/wp-content\/uploads\/2024\/02\/65cb5dfbd7e1c.r_d.949-395-5450.jpeg","keywords":["Ad Rai","Ghali","Manganellate","Napoli","Rai"],"articleSection":["Cultura","Politica"],"inLanguage":"it-IT","potentialAction":[{"@type":"CommentAction","name":"Comment","target":["https:\/\/www.nonsolomusicamagazine.it\/?p=5219#respond"]}]},{"@type":"WebPage","@id":"https:\/\/www.nonsolomusicamagazine.it\/?p=5219","url":"https:\/\/www.nonsolomusicamagazine.it\/?p=5219","name":"\"Non mi sento tanto bene\". Manganellate davanti alla sede Rai di Napoli a chi protestava contro il comunicato dell' Ad Rai contro Ghali. - NonSoloMusicaMagazine","isPartOf":{"@id":"https:\/\/www.nonsolomusicamagazine.it\/#website"},"primaryImageOfPage":{"@id":"https:\/\/www.nonsolomusicamagazine.it\/?p=5219#primaryimage"},"image":{"@id":"https:\/\/www.nonsolomusicamagazine.it\/?p=5219#primaryimage"},"thumbnailUrl":"https:\/\/www.nonsolomusicamagazine.it\/wp-content\/uploads\/2024\/02\/65cb5dfbd7e1c.r_d.949-395-5450.jpeg","datePublished":"2024-02-13T14:46:20+00:00","dateModified":"2024-02-13T14:46:22+00:00","author":{"@id":"https:\/\/www.nonsolomusicamagazine.it\/#\/schema\/person\/a3349ad02300d046472d46cf6d31ae46"},"description":"\"Non mi sento tanto bene\". Manganellate davanti alla sede Rai di Napoli a chi protestava contro il comunicato dell' Ad Rai contro Ghali.","breadcrumb":{"@id":"https:\/\/www.nonsolomusicamagazine.it\/?p=5219#breadcrumb"},"inLanguage":"it-IT","potentialAction":[{"@type":"ReadAction","target":["https:\/\/www.nonsolomusicamagazine.it\/?p=5219"]}]},{"@type":"ImageObject","inLanguage":"it-IT","@id":"https:\/\/www.nonsolomusicamagazine.it\/?p=5219#primaryimage","url":"https:\/\/www.nonsolomusicamagazine.it\/wp-content\/uploads\/2024\/02\/65cb5dfbd7e1c.r_d.949-395-5450.jpeg","contentUrl":"https:\/\/www.nonsolomusicamagazine.it\/wp-content\/uploads\/2024\/02\/65cb5dfbd7e1c.r_d.949-395-5450.jpeg","width":593,"height":443},{"@type":"BreadcrumbList","@id":"https:\/\/www.nonsolomusicamagazine.it\/?p=5219#breadcrumb","itemListElement":[{"@type":"ListItem","position":1,"name":"Home","item":"https:\/\/www.nonsolomusicamagazine.it\/"},{"@type":"ListItem","position":2,"name":"&#8220;Non mi sento tanto bene&#8221;. Manganellate davanti alla sede Rai di Napoli a chi protestava contro il comunicato dell&#8217; Ad Rai contro Ghali."}]},{"@type":"WebSite","@id":"https:\/\/www.nonsolomusicamagazine.it\/#website","url":"https:\/\/www.nonsolomusicamagazine.it\/","name":"Nonsolomusicamagazine","description":"Dir. responsabile Manuel M Buccarella","potentialAction":[{"@type":"SearchAction","target":{"@type":"EntryPoint","urlTemplate":"https:\/\/www.nonsolomusicamagazine.it\/?s={search_term_string}"},"query-input":{"@type":"PropertyValueSpecification","valueRequired":true,"valueName":"search_term_string"}}],"inLanguage":"it-IT"},{"@type":"Person","@id":"https:\/\/www.nonsolomusicamagazine.it\/#\/schema\/person\/a3349ad02300d046472d46cf6d31ae46","name":"nonsolomusica","image":{"@type":"ImageObject","inLanguage":"it-IT","@id":"https:\/\/www.nonsolomusicamagazine.it\/wp-content\/litespeed\/avatar\/3a675484bc84db6aba78d43bfc8b7197.jpg?ver=1776880798","url":"https:\/\/www.nonsolomusicamagazine.it\/wp-content\/litespeed\/avatar\/3a675484bc84db6aba78d43bfc8b7197.jpg?ver=1776880798","contentUrl":"https:\/\/www.nonsolomusicamagazine.it\/wp-content\/litespeed\/avatar\/3a675484bc84db6aba78d43bfc8b7197.jpg?ver=1776880798","caption":"nonsolomusica"},"sameAs":["https:\/\/www.nonsolomusicamagazine.it"],"url":"https:\/\/www.nonsolomusicamagazine.it\/?author=1"}]}},"amp_enabled":true,"_links":{"self":[{"href":"https:\/\/www.nonsolomusicamagazine.it\/index.php?rest_route=\/wp\/v2\/posts\/5219","targetHints":{"allow":["GET"]}}],"collection":[{"href":"https:\/\/www.nonsolomusicamagazine.it\/index.php?rest_route=\/wp\/v2\/posts"}],"about":[{"href":"https:\/\/www.nonsolomusicamagazine.it\/index.php?rest_route=\/wp\/v2\/types\/post"}],"author":[{"embeddable":true,"href":"https:\/\/www.nonsolomusicamagazine.it\/index.php?rest_route=\/wp\/v2\/users\/1"}],"replies":[{"embeddable":true,"href":"https:\/\/www.nonsolomusicamagazine.it\/index.php?rest_route=%2Fwp%2Fv2%2Fcomments&post=5219"}],"version-history":[{"count":0,"href":"https:\/\/www.nonsolomusicamagazine.it\/index.php?rest_route=\/wp\/v2\/posts\/5219\/revisions"}],"wp:featuredmedia":[{"embeddable":true,"href":"https:\/\/www.nonsolomusicamagazine.it\/index.php?rest_route=\/wp\/v2\/media\/5220"}],"wp:attachment":[{"href":"https:\/\/www.nonsolomusicamagazine.it\/index.php?rest_route=%2Fwp%2Fv2%2Fmedia&parent=5219"}],"wp:term":[{"taxonomy":"category","embeddable":true,"href":"https:\/\/www.nonsolomusicamagazine.it\/index.php?rest_route=%2Fwp%2Fv2%2Fcategories&post=5219"},{"taxonomy":"post_tag","embeddable":true,"href":"https:\/\/www.nonsolomusicamagazine.it\/index.php?rest_route=%2Fwp%2Fv2%2Ftags&post=5219"}],"curies":[{"name":"wp","href":"https:\/\/api.w.org\/{rel}","templated":true}]}}