{"id":5679,"date":"2024-03-20T20:31:45","date_gmt":"2024-03-20T20:31:45","guid":{"rendered":"https:\/\/www.nonsolomusicamagazine.it\/?p=5679"},"modified":"2024-03-20T20:31:46","modified_gmt":"2024-03-20T20:31:46","slug":"il-filosofo-sloveno-slavoj-zizek","status":"publish","type":"post","link":"https:\/\/www.nonsolomusicamagazine.it\/?p=5679","title":{"rendered":"Il filosofo sloveno Slavoj \u017di\u017eek."},"content":{"rendered":"\n<p>(Redstream) \u00c8 tempo di rinominare ufficialmente Slavoj \u017di\u017eek, sloveno, da &#8220;il filosofo pi\u00f9 pericoloso dell&#8217;Occidente&#8221; a filosofo pi\u00f9 razzista della &#8220;sinistra&#8221;. <\/p>\n\n\n\n<p>Dopo aver sostenuto che l&#8217;Ucraina dovrebbe essere dotata di armi nucleari, \u017di\u017eek ha detto al conduttore televisivo britannico Piers Morgan che i russi sono: &#8220;non meno degli arabi, sono oggi, nel peggiore dei casi, fanatici fondamentalisti religiosi&#8221;. <\/p>\n\n\n\n<p>\u017di\u017eek ha una lunga esperienza nel fondere argomenti di sinistra con teorie razziste. Il suo curriculum include la condivisione di una piattaforma con l&#8217;icona di estrema destra Jordan Peterson, il plagio di una rivista suprematista bianca, il sostegno aperto a Donald Trump nelle elezioni presidenziali del 2016, l&#8217;affermazione che &#8220;la subordinazione delle donne&#8221; fa parte della vita islamica e la scrittura che l&#8217;Islam &#8220;moderato&#8221; &#8220;non pu\u00f2 che somigliare al fascismo&#8221;. <\/p>\n\n\n\n<p>Nel 2016, Noam Chomsky ha affermato che il lavoro di \u017di\u017eek \u201cnon ha contenuto\u2026 oltre il livello di qualcosa che puoi spiegare in cinque minuti a un dodicenne\u201d.<\/p>\n\n\n<figure class=\"wp-block-post-featured-image\"><img decoding=\"async\" width=\"334\" height=\"334\" src=\"https:\/\/www.nonsolomusicamagazine.it\/wp-content\/uploads\/2024\/03\/slavoj_-i-ek-d126.jpg\" class=\"attachment-post-thumbnail size-post-thumbnail wp-post-image\" alt=\"\" style=\"object-fit:cover;\" srcset=\"https:\/\/www.nonsolomusicamagazine.it\/wp-content\/uploads\/2024\/03\/slavoj_-i-ek-d126.jpg 334w, https:\/\/www.nonsolomusicamagazine.it\/wp-content\/uploads\/2024\/03\/slavoj_-i-ek-d126-300x300.jpg 300w, https:\/\/www.nonsolomusicamagazine.it\/wp-content\/uploads\/2024\/03\/slavoj_-i-ek-d126-150x150.jpg 150w\" sizes=\"(max-width: 334px) 100vw, 334px\" \/><\/figure>","protected":false},"excerpt":{"rendered":"<p>(Redstream) \u00c8 tempo di rinominare ufficialmente Slavoj \u017di\u017eek, sloveno, da &#8220;il filosofo pi\u00f9 pericoloso dell&#8217;Occidente&#8221; a filosofo pi\u00f9 razzista della &#8220;sinistra&#8221;. Dopo aver sostenuto che l&#8217;Ucraina dovrebbe essere dotata di armi nucleari, \u017di\u017eek ha detto al conduttore televisivo britannico Piers Morgan che i russi sono: &#8220;non meno degli arabi, sono oggi, nel peggiore dei casi, [&hellip;]<\/p>\n","protected":false},"author":1,"featured_media":5680,"comment_status":"open","ping_status":"closed","sticky":false,"template":"","format":"standard","meta":{"footnotes":""},"categories":[106],"tags":[1758,3027],"class_list":["post-5679","post","type-post","status-publish","format-standard","has-post-thumbnail","hentry","category-cultura","tag-filosofia","tag-slavoj-zizek"],"yoast_head":"<!-- This site is optimized with the Yoast SEO plugin v27.4 - https:\/\/yoast.com\/product\/yoast-seo-wordpress\/ -->\n<title>Il filosofo sloveno Slavoj \u017di\u017eek. - NonSoloMusicaMagazine<\/title>\n<meta name=\"description\" content=\"Il filosofo sloveno Slavoj \u017di\u017eek.\" \/>\n<meta name=\"robots\" content=\"index, follow, max-snippet:-1, max-image-preview:large, max-video-preview:-1\" \/>\n<link rel=\"canonical\" href=\"https:\/\/www.nonsolomusicamagazine.it\/?p=5679\" \/>\n<meta property=\"og:locale\" content=\"it_IT\" \/>\n<meta property=\"og:type\" content=\"article\" \/>\n<meta property=\"og:title\" content=\"Il filosofo sloveno Slavoj \u017di\u017eek. - NonSoloMusicaMagazine\" \/>\n<meta property=\"og:description\" content=\"Il filosofo sloveno Slavoj \u017di\u017eek.\" \/>\n<meta property=\"og:url\" content=\"https:\/\/www.nonsolomusicamagazine.it\/?p=5679\" \/>\n<meta property=\"og:site_name\" content=\"NonSoloMusicaMagazine\" \/>\n<meta property=\"article:published_time\" content=\"2024-03-20T20:31:45+00:00\" \/>\n<meta property=\"article:modified_time\" content=\"2024-03-20T20:31:46+00:00\" \/>\n<meta property=\"og:image\" content=\"https:\/\/www.nonsolomusicamagazine.it\/wp-content\/uploads\/2024\/03\/slavoj_-i-ek-d126.jpg\" \/>\n\t<meta property=\"og:image:width\" content=\"334\" \/>\n\t<meta property=\"og:image:height\" content=\"334\" \/>\n\t<meta property=\"og:image:type\" content=\"image\/jpeg\" \/>\n<meta name=\"author\" content=\"nonsolomusica\" \/>\n<meta name=\"twitter:card\" content=\"summary_large_image\" \/>\n<meta name=\"twitter:label1\" content=\"Scritto da\" \/>\n\t<meta name=\"twitter:data1\" content=\"nonsolomusica\" \/>\n\t<meta name=\"twitter:label2\" content=\"Tempo di lettura stimato\" \/>\n\t<meta name=\"twitter:data2\" content=\"1 minuto\" \/>\n<script type=\"application\/ld+json\" class=\"yoast-schema-graph\">{\"@context\":\"https:\\\/\\\/schema.org\",\"@graph\":[{\"@type\":\"Article\",\"@id\":\"https:\\\/\\\/www.nonsolomusicamagazine.it\\\/?p=5679#article\",\"isPartOf\":{\"@id\":\"https:\\\/\\\/www.nonsolomusicamagazine.it\\\/?p=5679\"},\"author\":{\"name\":\"nonsolomusica\",\"@id\":\"https:\\\/\\\/www.nonsolomusicamagazine.it\\\/#\\\/schema\\\/person\\\/a3349ad02300d046472d46cf6d31ae46\"},\"headline\":\"Il filosofo sloveno Slavoj \u017di\u017eek.\",\"datePublished\":\"2024-03-20T20:31:45+00:00\",\"dateModified\":\"2024-03-20T20:31:46+00:00\",\"mainEntityOfPage\":{\"@id\":\"https:\\\/\\\/www.nonsolomusicamagazine.it\\\/?p=5679\"},\"wordCount\":168,\"commentCount\":0,\"image\":{\"@id\":\"https:\\\/\\\/www.nonsolomusicamagazine.it\\\/?p=5679#primaryimage\"},\"thumbnailUrl\":\"https:\\\/\\\/www.nonsolomusicamagazine.it\\\/wp-content\\\/uploads\\\/2024\\\/03\\\/slavoj_-i-ek-d126.jpg\",\"keywords\":[\"Filosofia\",\"Slavoj \u017di\u017eek\"],\"articleSection\":[\"Cultura\"],\"inLanguage\":\"it-IT\",\"potentialAction\":[{\"@type\":\"CommentAction\",\"name\":\"Comment\",\"target\":[\"https:\\\/\\\/www.nonsolomusicamagazine.it\\\/?p=5679#respond\"]}]},{\"@type\":\"WebPage\",\"@id\":\"https:\\\/\\\/www.nonsolomusicamagazine.it\\\/?p=5679\",\"url\":\"https:\\\/\\\/www.nonsolomusicamagazine.it\\\/?p=5679\",\"name\":\"Il filosofo sloveno Slavoj \u017di\u017eek. - NonSoloMusicaMagazine\",\"isPartOf\":{\"@id\":\"https:\\\/\\\/www.nonsolomusicamagazine.it\\\/#website\"},\"primaryImageOfPage\":{\"@id\":\"https:\\\/\\\/www.nonsolomusicamagazine.it\\\/?p=5679#primaryimage\"},\"image\":{\"@id\":\"https:\\\/\\\/www.nonsolomusicamagazine.it\\\/?p=5679#primaryimage\"},\"thumbnailUrl\":\"https:\\\/\\\/www.nonsolomusicamagazine.it\\\/wp-content\\\/uploads\\\/2024\\\/03\\\/slavoj_-i-ek-d126.jpg\",\"datePublished\":\"2024-03-20T20:31:45+00:00\",\"dateModified\":\"2024-03-20T20:31:46+00:00\",\"author\":{\"@id\":\"https:\\\/\\\/www.nonsolomusicamagazine.it\\\/#\\\/schema\\\/person\\\/a3349ad02300d046472d46cf6d31ae46\"},\"description\":\"Il filosofo sloveno Slavoj \u017di\u017eek.\",\"breadcrumb\":{\"@id\":\"https:\\\/\\\/www.nonsolomusicamagazine.it\\\/?p=5679#breadcrumb\"},\"inLanguage\":\"it-IT\",\"potentialAction\":[{\"@type\":\"ReadAction\",\"target\":[\"https:\\\/\\\/www.nonsolomusicamagazine.it\\\/?p=5679\"]}]},{\"@type\":\"ImageObject\",\"inLanguage\":\"it-IT\",\"@id\":\"https:\\\/\\\/www.nonsolomusicamagazine.it\\\/?p=5679#primaryimage\",\"url\":\"https:\\\/\\\/www.nonsolomusicamagazine.it\\\/wp-content\\\/uploads\\\/2024\\\/03\\\/slavoj_-i-ek-d126.jpg\",\"contentUrl\":\"https:\\\/\\\/www.nonsolomusicamagazine.it\\\/wp-content\\\/uploads\\\/2024\\\/03\\\/slavoj_-i-ek-d126.jpg\",\"width\":334,\"height\":334},{\"@type\":\"BreadcrumbList\",\"@id\":\"https:\\\/\\\/www.nonsolomusicamagazine.it\\\/?p=5679#breadcrumb\",\"itemListElement\":[{\"@type\":\"ListItem\",\"position\":1,\"name\":\"Home\",\"item\":\"https:\\\/\\\/www.nonsolomusicamagazine.it\\\/\"},{\"@type\":\"ListItem\",\"position\":2,\"name\":\"Il filosofo sloveno Slavoj \u017di\u017eek.\"}]},{\"@type\":\"WebSite\",\"@id\":\"https:\\\/\\\/www.nonsolomusicamagazine.it\\\/#website\",\"url\":\"https:\\\/\\\/www.nonsolomusicamagazine.it\\\/\",\"name\":\"Nonsolomusicamagazine\",\"description\":\"Dir. responsabile Manuel M Buccarella\",\"potentialAction\":[{\"@type\":\"SearchAction\",\"target\":{\"@type\":\"EntryPoint\",\"urlTemplate\":\"https:\\\/\\\/www.nonsolomusicamagazine.it\\\/?s={search_term_string}\"},\"query-input\":{\"@type\":\"PropertyValueSpecification\",\"valueRequired\":true,\"valueName\":\"search_term_string\"}}],\"inLanguage\":\"it-IT\"},{\"@type\":\"Person\",\"@id\":\"https:\\\/\\\/www.nonsolomusicamagazine.it\\\/#\\\/schema\\\/person\\\/a3349ad02300d046472d46cf6d31ae46\",\"name\":\"nonsolomusica\",\"image\":{\"@type\":\"ImageObject\",\"inLanguage\":\"it-IT\",\"@id\":\"https:\\\/\\\/www.nonsolomusicamagazine.it\\\/wp-content\\\/litespeed\\\/avatar\\\/3a675484bc84db6aba78d43bfc8b7197.jpg?ver=1776880798\",\"url\":\"https:\\\/\\\/www.nonsolomusicamagazine.it\\\/wp-content\\\/litespeed\\\/avatar\\\/3a675484bc84db6aba78d43bfc8b7197.jpg?ver=1776880798\",\"contentUrl\":\"https:\\\/\\\/www.nonsolomusicamagazine.it\\\/wp-content\\\/litespeed\\\/avatar\\\/3a675484bc84db6aba78d43bfc8b7197.jpg?ver=1776880798\",\"caption\":\"nonsolomusica\"},\"sameAs\":[\"https:\\\/\\\/www.nonsolomusicamagazine.it\"],\"url\":\"https:\\\/\\\/www.nonsolomusicamagazine.it\\\/?author=1\"}]}<\/script>\n<!-- \/ Yoast SEO plugin. -->","yoast_head_json":{"title":"Il filosofo sloveno Slavoj \u017di\u017eek. - NonSoloMusicaMagazine","description":"Il filosofo sloveno Slavoj \u017di\u017eek.","robots":{"index":"index","follow":"follow","max-snippet":"max-snippet:-1","max-image-preview":"max-image-preview:large","max-video-preview":"max-video-preview:-1"},"canonical":"https:\/\/www.nonsolomusicamagazine.it\/?p=5679","og_locale":"it_IT","og_type":"article","og_title":"Il filosofo sloveno Slavoj \u017di\u017eek. - NonSoloMusicaMagazine","og_description":"Il filosofo sloveno Slavoj \u017di\u017eek.","og_url":"https:\/\/www.nonsolomusicamagazine.it\/?p=5679","og_site_name":"NonSoloMusicaMagazine","article_published_time":"2024-03-20T20:31:45+00:00","article_modified_time":"2024-03-20T20:31:46+00:00","og_image":[{"width":334,"height":334,"url":"https:\/\/www.nonsolomusicamagazine.it\/wp-content\/uploads\/2024\/03\/slavoj_-i-ek-d126.jpg","type":"image\/jpeg"}],"author":"nonsolomusica","twitter_card":"summary_large_image","twitter_misc":{"Scritto da":"nonsolomusica","Tempo di lettura stimato":"1 minuto"},"schema":{"@context":"https:\/\/schema.org","@graph":[{"@type":"Article","@id":"https:\/\/www.nonsolomusicamagazine.it\/?p=5679#article","isPartOf":{"@id":"https:\/\/www.nonsolomusicamagazine.it\/?p=5679"},"author":{"name":"nonsolomusica","@id":"https:\/\/www.nonsolomusicamagazine.it\/#\/schema\/person\/a3349ad02300d046472d46cf6d31ae46"},"headline":"Il filosofo sloveno Slavoj \u017di\u017eek.","datePublished":"2024-03-20T20:31:45+00:00","dateModified":"2024-03-20T20:31:46+00:00","mainEntityOfPage":{"@id":"https:\/\/www.nonsolomusicamagazine.it\/?p=5679"},"wordCount":168,"commentCount":0,"image":{"@id":"https:\/\/www.nonsolomusicamagazine.it\/?p=5679#primaryimage"},"thumbnailUrl":"https:\/\/www.nonsolomusicamagazine.it\/wp-content\/uploads\/2024\/03\/slavoj_-i-ek-d126.jpg","keywords":["Filosofia","Slavoj \u017di\u017eek"],"articleSection":["Cultura"],"inLanguage":"it-IT","potentialAction":[{"@type":"CommentAction","name":"Comment","target":["https:\/\/www.nonsolomusicamagazine.it\/?p=5679#respond"]}]},{"@type":"WebPage","@id":"https:\/\/www.nonsolomusicamagazine.it\/?p=5679","url":"https:\/\/www.nonsolomusicamagazine.it\/?p=5679","name":"Il filosofo sloveno Slavoj \u017di\u017eek. - NonSoloMusicaMagazine","isPartOf":{"@id":"https:\/\/www.nonsolomusicamagazine.it\/#website"},"primaryImageOfPage":{"@id":"https:\/\/www.nonsolomusicamagazine.it\/?p=5679#primaryimage"},"image":{"@id":"https:\/\/www.nonsolomusicamagazine.it\/?p=5679#primaryimage"},"thumbnailUrl":"https:\/\/www.nonsolomusicamagazine.it\/wp-content\/uploads\/2024\/03\/slavoj_-i-ek-d126.jpg","datePublished":"2024-03-20T20:31:45+00:00","dateModified":"2024-03-20T20:31:46+00:00","author":{"@id":"https:\/\/www.nonsolomusicamagazine.it\/#\/schema\/person\/a3349ad02300d046472d46cf6d31ae46"},"description":"Il filosofo sloveno Slavoj \u017di\u017eek.","breadcrumb":{"@id":"https:\/\/www.nonsolomusicamagazine.it\/?p=5679#breadcrumb"},"inLanguage":"it-IT","potentialAction":[{"@type":"ReadAction","target":["https:\/\/www.nonsolomusicamagazine.it\/?p=5679"]}]},{"@type":"ImageObject","inLanguage":"it-IT","@id":"https:\/\/www.nonsolomusicamagazine.it\/?p=5679#primaryimage","url":"https:\/\/www.nonsolomusicamagazine.it\/wp-content\/uploads\/2024\/03\/slavoj_-i-ek-d126.jpg","contentUrl":"https:\/\/www.nonsolomusicamagazine.it\/wp-content\/uploads\/2024\/03\/slavoj_-i-ek-d126.jpg","width":334,"height":334},{"@type":"BreadcrumbList","@id":"https:\/\/www.nonsolomusicamagazine.it\/?p=5679#breadcrumb","itemListElement":[{"@type":"ListItem","position":1,"name":"Home","item":"https:\/\/www.nonsolomusicamagazine.it\/"},{"@type":"ListItem","position":2,"name":"Il filosofo sloveno Slavoj \u017di\u017eek."}]},{"@type":"WebSite","@id":"https:\/\/www.nonsolomusicamagazine.it\/#website","url":"https:\/\/www.nonsolomusicamagazine.it\/","name":"Nonsolomusicamagazine","description":"Dir. responsabile Manuel M Buccarella","potentialAction":[{"@type":"SearchAction","target":{"@type":"EntryPoint","urlTemplate":"https:\/\/www.nonsolomusicamagazine.it\/?s={search_term_string}"},"query-input":{"@type":"PropertyValueSpecification","valueRequired":true,"valueName":"search_term_string"}}],"inLanguage":"it-IT"},{"@type":"Person","@id":"https:\/\/www.nonsolomusicamagazine.it\/#\/schema\/person\/a3349ad02300d046472d46cf6d31ae46","name":"nonsolomusica","image":{"@type":"ImageObject","inLanguage":"it-IT","@id":"https:\/\/www.nonsolomusicamagazine.it\/wp-content\/litespeed\/avatar\/3a675484bc84db6aba78d43bfc8b7197.jpg?ver=1776880798","url":"https:\/\/www.nonsolomusicamagazine.it\/wp-content\/litespeed\/avatar\/3a675484bc84db6aba78d43bfc8b7197.jpg?ver=1776880798","contentUrl":"https:\/\/www.nonsolomusicamagazine.it\/wp-content\/litespeed\/avatar\/3a675484bc84db6aba78d43bfc8b7197.jpg?ver=1776880798","caption":"nonsolomusica"},"sameAs":["https:\/\/www.nonsolomusicamagazine.it"],"url":"https:\/\/www.nonsolomusicamagazine.it\/?author=1"}]}},"amp_enabled":true,"_links":{"self":[{"href":"https:\/\/www.nonsolomusicamagazine.it\/index.php?rest_route=\/wp\/v2\/posts\/5679","targetHints":{"allow":["GET"]}}],"collection":[{"href":"https:\/\/www.nonsolomusicamagazine.it\/index.php?rest_route=\/wp\/v2\/posts"}],"about":[{"href":"https:\/\/www.nonsolomusicamagazine.it\/index.php?rest_route=\/wp\/v2\/types\/post"}],"author":[{"embeddable":true,"href":"https:\/\/www.nonsolomusicamagazine.it\/index.php?rest_route=\/wp\/v2\/users\/1"}],"replies":[{"embeddable":true,"href":"https:\/\/www.nonsolomusicamagazine.it\/index.php?rest_route=%2Fwp%2Fv2%2Fcomments&post=5679"}],"version-history":[{"count":0,"href":"https:\/\/www.nonsolomusicamagazine.it\/index.php?rest_route=\/wp\/v2\/posts\/5679\/revisions"}],"wp:featuredmedia":[{"embeddable":true,"href":"https:\/\/www.nonsolomusicamagazine.it\/index.php?rest_route=\/wp\/v2\/media\/5680"}],"wp:attachment":[{"href":"https:\/\/www.nonsolomusicamagazine.it\/index.php?rest_route=%2Fwp%2Fv2%2Fmedia&parent=5679"}],"wp:term":[{"taxonomy":"category","embeddable":true,"href":"https:\/\/www.nonsolomusicamagazine.it\/index.php?rest_route=%2Fwp%2Fv2%2Fcategories&post=5679"},{"taxonomy":"post_tag","embeddable":true,"href":"https:\/\/www.nonsolomusicamagazine.it\/index.php?rest_route=%2Fwp%2Fv2%2Ftags&post=5679"}],"curies":[{"name":"wp","href":"https:\/\/api.w.org\/{rel}","templated":true}]}}