{"id":5732,"date":"2024-03-25T17:00:48","date_gmt":"2024-03-25T17:00:48","guid":{"rendered":"https:\/\/www.nonsolomusicamagazine.it\/?p=5732"},"modified":"2024-03-25T17:00:49","modified_gmt":"2024-03-25T17:00:49","slug":"la-gallina-che-canta-marco-travaglio-su-il-fatto-quotidiano-a-proposito-dellattentato-al-crocus-city-hall","status":"publish","type":"post","link":"https:\/\/www.nonsolomusicamagazine.it\/?p=5732","title":{"rendered":"&#8220;La gallina che canta&#8221;. Marco Travaglio su &#8220;Il Fatto Quotidiano&#8221; a proposito dell&#8217;attentato al Crocus City Hall"},"content":{"rendered":"\n<p>LA GALLINA CHE CANTA (M. TRAVAGLIO)<\/p>\n\n\n\n<p>Anche sulla strage di Mosca invidiamo le certezze dei cosiddetti esperti: quelli che un minuto dopo sapevano gi\u00e0 che l\u2019Ucraina c\u2019entrava o non c\u2019entrava, o era stato l\u2019Isis, anzi gli islamisti caucasici, o forse i ceceni, o magari le milizie russe filo-ucraine, o pi\u00f9 probabilmente Putin si era fatto l\u2019attentato da solo. <\/p>\n\n\n\n<p>Quando impareremo a considerare questi sedicenti analisti per volgari propagandisti di Putin o di Biden&amp;Zelensky, oppure ultras che descrivono il mosaico geopolitico come una lotta fra cowboy e indiani o fra curva nord e sud, sar\u00e0 sempre tardi. L\u2019Isis, lo Stato islamico sunnita sorto fra Iraq e Siria sulle ceneri del regime di Saddam spodestato dagli sciiti col nostro astuto appoggio, ha molte ragioni per detestare Putin, nemico del jihadismo in Cecenia, Siria&amp;C. (perci\u00f2 piaceva tanto ai \u201cbuoni\u201d fino al 2022). Anche gli afghani lo odiano: \u00e8 figlio della Russia che nel 1979 li invase e nel 2001 concesse lo spazio aereo all\u2019operazione Enduring Freedom anti-Talebani. Quindi la pista Isis, profetizzata con mirabile tempismo da Usa e Uk, \u00e8 plausibile, anche se mancano simboli e slogan jihadisti e la tensione fra quel mondo e Mosca \u00e8 un po\u2019 vecchiotta.<\/p>\n\n\n\n<p>Poi c\u2019\u00e8 la pista ucraina, molto pi\u00f9 attuale, subito negata da Usa e Kiev prim\u2019ancora che Mosca la evocasse. Putin, dopo gli arresti dei presunti stragisti, ha detto che fuggivano verso una \u201cfinestra aperta\u201d in Ucraina: accuse tutte da provare (se pure fosse vero che fuggivano non in Bielorussia, ma nella zona di Kharkiv presidiata dalle truppe ucraine, non \u00e8 detto che il governo lo sapesse). Ma sarebbe pi\u00f9 facile smentirle se Kiev non fosse usa alle menzogne pi\u00f9 spudorate e non avesse cantato per prima come la gallina che ha fatto l\u2019uovo. Venerd\u00ec sera il portavoce dei servizi militari ucraini Andriy Yusov ha definito la strage \u201cuna provocazione deliberata del regime di Putin\u201d, che \u201cvuol finire la carriera con crimini contro i suoi stessi cittadini\u201d. Cio\u00e8 a uccidere i 150 russi e a guastare l\u2019immagine di Putin \u00e8 stato Putin: una scemenza che alimenta i peggiori sospetti. Al pari del mantra \u201cNoi non pratichiamo il terrorismo\u201d, smentito dall\u2019autobomba che a Mosca uccise Darya Dugina, figlia del filosofo amico di Putin (attentato negato da Kiev e poi risultato opera sua); e dalla distruzione dei gasdotti Nord Stream, che qualche buontempone atlantista tent\u00f2 di attribuire al solito Putin e invece fu quasi certamente ucraino con l\u2019aiuto di servizi occidentali. <\/p>\n\n\n\n<p>Il 7 ottobre, dopo il pogrom in Israele, Zelensky sentenzi\u00f2: \u201cDietro Hamas c\u2019\u00e8 Putin\u201d. E fu sbugiardato dall\u2019ambasciatore israeliano a Mosca: \u201cTotali assurdit\u00e0, pure teorie del complotto\u201d. Se il regime ucraino vuole apparire estraneo all\u2019ultima strage, \u00e8 meglio che taccia: appena parla, sembra subito colpevole.<\/p>\n\n\n<figure class=\"wp-block-post-featured-image\"><img decoding=\"async\" width=\"600\" height=\"621\" src=\"https:\/\/www.nonsolomusicamagazine.it\/wp-content\/uploads\/2024\/03\/2843670204127_0_600_0_0.jpg\" class=\"attachment-post-thumbnail size-post-thumbnail wp-post-image\" alt=\"\" style=\"object-fit:cover;\" srcset=\"https:\/\/www.nonsolomusicamagazine.it\/wp-content\/uploads\/2024\/03\/2843670204127_0_600_0_0.jpg 600w, https:\/\/www.nonsolomusicamagazine.it\/wp-content\/uploads\/2024\/03\/2843670204127_0_600_0_0-290x300.jpg 290w\" sizes=\"(max-width: 600px) 100vw, 600px\" \/><\/figure>","protected":false},"excerpt":{"rendered":"<p>LA GALLINA CHE CANTA (M. TRAVAGLIO) Anche sulla strage di Mosca invidiamo le certezze dei cosiddetti esperti: quelli che un minuto dopo sapevano gi\u00e0 che l\u2019Ucraina c\u2019entrava o non c\u2019entrava, o era stato l\u2019Isis, anzi gli islamisti caucasici, o forse i ceceni, o magari le milizie russe filo-ucraine, o pi\u00f9 probabilmente Putin si era fatto [&hellip;]<\/p>\n","protected":false},"author":1,"featured_media":5683,"comment_status":"open","ping_status":"closed","sticky":false,"template":"","format":"standard","meta":{"footnotes":""},"categories":[6],"tags":[1323,3034,2073,618,12,2831,13],"class_list":["post-5732","post","type-post","status-publish","format-standard","has-post-thumbnail","hentry","category-esteri","tag-attentato","tag-crocus-city-hall","tag-marco-travaglio","tag-mosca","tag-russia","tag-terrorismo","tag-ucraina"],"yoast_head":"<!-- This site is optimized with the Yoast SEO plugin v27.4 - https:\/\/yoast.com\/product\/yoast-seo-wordpress\/ -->\n<title>&quot;La gallina che canta&quot;. Marco Travaglio su &quot;Il Fatto Quotidiano&quot; a proposito dell&#039;attentato al Crocus City Hall - NonSoloMusicaMagazine<\/title>\n<meta name=\"description\" content=\"&quot;La gallina che canta&quot;. Marco Travaglio su &quot;Il Fatto Quotidiano&quot; a proposito dell&#039;attentato al Crocus City Hall\" \/>\n<meta name=\"robots\" content=\"index, follow, max-snippet:-1, max-image-preview:large, max-video-preview:-1\" \/>\n<link rel=\"canonical\" href=\"https:\/\/www.nonsolomusicamagazine.it\/?p=5732\" \/>\n<meta property=\"og:locale\" content=\"it_IT\" \/>\n<meta property=\"og:type\" content=\"article\" \/>\n<meta property=\"og:title\" content=\"&quot;La gallina che canta&quot;. Marco Travaglio su &quot;Il Fatto Quotidiano&quot; a proposito dell&#039;attentato al Crocus City Hall - NonSoloMusicaMagazine\" \/>\n<meta property=\"og:description\" content=\"&quot;La gallina che canta&quot;. Marco Travaglio su &quot;Il Fatto Quotidiano&quot; a proposito dell&#039;attentato al Crocus City Hall\" \/>\n<meta property=\"og:url\" content=\"https:\/\/www.nonsolomusicamagazine.it\/?p=5732\" \/>\n<meta property=\"og:site_name\" content=\"NonSoloMusicaMagazine\" \/>\n<meta property=\"article:published_time\" content=\"2024-03-25T17:00:48+00:00\" \/>\n<meta property=\"article:modified_time\" content=\"2024-03-25T17:00:49+00:00\" \/>\n<meta property=\"og:image\" content=\"https:\/\/www.nonsolomusicamagazine.it\/wp-content\/uploads\/2024\/03\/2843670204127_0_600_0_0.jpg\" \/>\n\t<meta property=\"og:image:width\" content=\"600\" \/>\n\t<meta property=\"og:image:height\" content=\"621\" \/>\n\t<meta property=\"og:image:type\" content=\"image\/jpeg\" \/>\n<meta name=\"author\" content=\"nonsolomusica\" \/>\n<meta name=\"twitter:card\" content=\"summary_large_image\" \/>\n<meta name=\"twitter:label1\" content=\"Scritto da\" \/>\n\t<meta name=\"twitter:data1\" content=\"nonsolomusica\" \/>\n\t<meta name=\"twitter:label2\" content=\"Tempo di lettura stimato\" \/>\n\t<meta name=\"twitter:data2\" content=\"3 minuti\" \/>\n<script type=\"application\/ld+json\" class=\"yoast-schema-graph\">{\"@context\":\"https:\\\/\\\/schema.org\",\"@graph\":[{\"@type\":\"Article\",\"@id\":\"https:\\\/\\\/www.nonsolomusicamagazine.it\\\/?p=5732#article\",\"isPartOf\":{\"@id\":\"https:\\\/\\\/www.nonsolomusicamagazine.it\\\/?p=5732\"},\"author\":{\"name\":\"nonsolomusica\",\"@id\":\"https:\\\/\\\/www.nonsolomusicamagazine.it\\\/#\\\/schema\\\/person\\\/a3349ad02300d046472d46cf6d31ae46\"},\"headline\":\"&#8220;La gallina che canta&#8221;. Marco Travaglio su &#8220;Il Fatto Quotidiano&#8221; a proposito dell&#8217;attentato al Crocus City Hall\",\"datePublished\":\"2024-03-25T17:00:48+00:00\",\"dateModified\":\"2024-03-25T17:00:49+00:00\",\"mainEntityOfPage\":{\"@id\":\"https:\\\/\\\/www.nonsolomusicamagazine.it\\\/?p=5732\"},\"wordCount\":475,\"commentCount\":0,\"image\":{\"@id\":\"https:\\\/\\\/www.nonsolomusicamagazine.it\\\/?p=5732#primaryimage\"},\"thumbnailUrl\":\"https:\\\/\\\/www.nonsolomusicamagazine.it\\\/wp-content\\\/uploads\\\/2024\\\/03\\\/2843670204127_0_600_0_0.jpg\",\"keywords\":[\"Attentato\",\"Crocus City Hall\",\"Marco Travaglio\",\"Mosca\",\"Russia\",\"Terrorismo\",\"Ucraina\"],\"articleSection\":[\"Esteri\"],\"inLanguage\":\"it-IT\",\"potentialAction\":[{\"@type\":\"CommentAction\",\"name\":\"Comment\",\"target\":[\"https:\\\/\\\/www.nonsolomusicamagazine.it\\\/?p=5732#respond\"]}]},{\"@type\":\"WebPage\",\"@id\":\"https:\\\/\\\/www.nonsolomusicamagazine.it\\\/?p=5732\",\"url\":\"https:\\\/\\\/www.nonsolomusicamagazine.it\\\/?p=5732\",\"name\":\"\\\"La gallina che canta\\\". Marco Travaglio su \\\"Il Fatto Quotidiano\\\" a proposito dell'attentato al Crocus City Hall - NonSoloMusicaMagazine\",\"isPartOf\":{\"@id\":\"https:\\\/\\\/www.nonsolomusicamagazine.it\\\/#website\"},\"primaryImageOfPage\":{\"@id\":\"https:\\\/\\\/www.nonsolomusicamagazine.it\\\/?p=5732#primaryimage\"},\"image\":{\"@id\":\"https:\\\/\\\/www.nonsolomusicamagazine.it\\\/?p=5732#primaryimage\"},\"thumbnailUrl\":\"https:\\\/\\\/www.nonsolomusicamagazine.it\\\/wp-content\\\/uploads\\\/2024\\\/03\\\/2843670204127_0_600_0_0.jpg\",\"datePublished\":\"2024-03-25T17:00:48+00:00\",\"dateModified\":\"2024-03-25T17:00:49+00:00\",\"author\":{\"@id\":\"https:\\\/\\\/www.nonsolomusicamagazine.it\\\/#\\\/schema\\\/person\\\/a3349ad02300d046472d46cf6d31ae46\"},\"description\":\"\\\"La gallina che canta\\\". Marco Travaglio su \\\"Il Fatto Quotidiano\\\" a proposito dell'attentato al Crocus City Hall\",\"breadcrumb\":{\"@id\":\"https:\\\/\\\/www.nonsolomusicamagazine.it\\\/?p=5732#breadcrumb\"},\"inLanguage\":\"it-IT\",\"potentialAction\":[{\"@type\":\"ReadAction\",\"target\":[\"https:\\\/\\\/www.nonsolomusicamagazine.it\\\/?p=5732\"]}]},{\"@type\":\"ImageObject\",\"inLanguage\":\"it-IT\",\"@id\":\"https:\\\/\\\/www.nonsolomusicamagazine.it\\\/?p=5732#primaryimage\",\"url\":\"https:\\\/\\\/www.nonsolomusicamagazine.it\\\/wp-content\\\/uploads\\\/2024\\\/03\\\/2843670204127_0_600_0_0.jpg\",\"contentUrl\":\"https:\\\/\\\/www.nonsolomusicamagazine.it\\\/wp-content\\\/uploads\\\/2024\\\/03\\\/2843670204127_0_600_0_0.jpg\",\"width\":600,\"height\":621},{\"@type\":\"BreadcrumbList\",\"@id\":\"https:\\\/\\\/www.nonsolomusicamagazine.it\\\/?p=5732#breadcrumb\",\"itemListElement\":[{\"@type\":\"ListItem\",\"position\":1,\"name\":\"Home\",\"item\":\"https:\\\/\\\/www.nonsolomusicamagazine.it\\\/\"},{\"@type\":\"ListItem\",\"position\":2,\"name\":\"&#8220;La gallina che canta&#8221;. Marco Travaglio su &#8220;Il Fatto Quotidiano&#8221; a proposito dell&#8217;attentato al Crocus City Hall\"}]},{\"@type\":\"WebSite\",\"@id\":\"https:\\\/\\\/www.nonsolomusicamagazine.it\\\/#website\",\"url\":\"https:\\\/\\\/www.nonsolomusicamagazine.it\\\/\",\"name\":\"Nonsolomusicamagazine\",\"description\":\"Dir. responsabile Manuel M Buccarella\",\"potentialAction\":[{\"@type\":\"SearchAction\",\"target\":{\"@type\":\"EntryPoint\",\"urlTemplate\":\"https:\\\/\\\/www.nonsolomusicamagazine.it\\\/?s={search_term_string}\"},\"query-input\":{\"@type\":\"PropertyValueSpecification\",\"valueRequired\":true,\"valueName\":\"search_term_string\"}}],\"inLanguage\":\"it-IT\"},{\"@type\":\"Person\",\"@id\":\"https:\\\/\\\/www.nonsolomusicamagazine.it\\\/#\\\/schema\\\/person\\\/a3349ad02300d046472d46cf6d31ae46\",\"name\":\"nonsolomusica\",\"image\":{\"@type\":\"ImageObject\",\"inLanguage\":\"it-IT\",\"@id\":\"https:\\\/\\\/www.nonsolomusicamagazine.it\\\/wp-content\\\/litespeed\\\/avatar\\\/3a675484bc84db6aba78d43bfc8b7197.jpg?ver=1776880798\",\"url\":\"https:\\\/\\\/www.nonsolomusicamagazine.it\\\/wp-content\\\/litespeed\\\/avatar\\\/3a675484bc84db6aba78d43bfc8b7197.jpg?ver=1776880798\",\"contentUrl\":\"https:\\\/\\\/www.nonsolomusicamagazine.it\\\/wp-content\\\/litespeed\\\/avatar\\\/3a675484bc84db6aba78d43bfc8b7197.jpg?ver=1776880798\",\"caption\":\"nonsolomusica\"},\"sameAs\":[\"https:\\\/\\\/www.nonsolomusicamagazine.it\"],\"url\":\"https:\\\/\\\/www.nonsolomusicamagazine.it\\\/?author=1\"}]}<\/script>\n<!-- \/ Yoast SEO plugin. -->","yoast_head_json":{"title":"\"La gallina che canta\". Marco Travaglio su \"Il Fatto Quotidiano\" a proposito dell'attentato al Crocus City Hall - NonSoloMusicaMagazine","description":"\"La gallina che canta\". Marco Travaglio su \"Il Fatto Quotidiano\" a proposito dell'attentato al Crocus City Hall","robots":{"index":"index","follow":"follow","max-snippet":"max-snippet:-1","max-image-preview":"max-image-preview:large","max-video-preview":"max-video-preview:-1"},"canonical":"https:\/\/www.nonsolomusicamagazine.it\/?p=5732","og_locale":"it_IT","og_type":"article","og_title":"\"La gallina che canta\". Marco Travaglio su \"Il Fatto Quotidiano\" a proposito dell'attentato al Crocus City Hall - NonSoloMusicaMagazine","og_description":"\"La gallina che canta\". Marco Travaglio su \"Il Fatto Quotidiano\" a proposito dell'attentato al Crocus City Hall","og_url":"https:\/\/www.nonsolomusicamagazine.it\/?p=5732","og_site_name":"NonSoloMusicaMagazine","article_published_time":"2024-03-25T17:00:48+00:00","article_modified_time":"2024-03-25T17:00:49+00:00","og_image":[{"width":600,"height":621,"url":"https:\/\/www.nonsolomusicamagazine.it\/wp-content\/uploads\/2024\/03\/2843670204127_0_600_0_0.jpg","type":"image\/jpeg"}],"author":"nonsolomusica","twitter_card":"summary_large_image","twitter_misc":{"Scritto da":"nonsolomusica","Tempo di lettura stimato":"3 minuti"},"schema":{"@context":"https:\/\/schema.org","@graph":[{"@type":"Article","@id":"https:\/\/www.nonsolomusicamagazine.it\/?p=5732#article","isPartOf":{"@id":"https:\/\/www.nonsolomusicamagazine.it\/?p=5732"},"author":{"name":"nonsolomusica","@id":"https:\/\/www.nonsolomusicamagazine.it\/#\/schema\/person\/a3349ad02300d046472d46cf6d31ae46"},"headline":"&#8220;La gallina che canta&#8221;. Marco Travaglio su &#8220;Il Fatto Quotidiano&#8221; a proposito dell&#8217;attentato al Crocus City Hall","datePublished":"2024-03-25T17:00:48+00:00","dateModified":"2024-03-25T17:00:49+00:00","mainEntityOfPage":{"@id":"https:\/\/www.nonsolomusicamagazine.it\/?p=5732"},"wordCount":475,"commentCount":0,"image":{"@id":"https:\/\/www.nonsolomusicamagazine.it\/?p=5732#primaryimage"},"thumbnailUrl":"https:\/\/www.nonsolomusicamagazine.it\/wp-content\/uploads\/2024\/03\/2843670204127_0_600_0_0.jpg","keywords":["Attentato","Crocus City Hall","Marco Travaglio","Mosca","Russia","Terrorismo","Ucraina"],"articleSection":["Esteri"],"inLanguage":"it-IT","potentialAction":[{"@type":"CommentAction","name":"Comment","target":["https:\/\/www.nonsolomusicamagazine.it\/?p=5732#respond"]}]},{"@type":"WebPage","@id":"https:\/\/www.nonsolomusicamagazine.it\/?p=5732","url":"https:\/\/www.nonsolomusicamagazine.it\/?p=5732","name":"\"La gallina che canta\". Marco Travaglio su \"Il Fatto Quotidiano\" a proposito dell'attentato al Crocus City Hall - NonSoloMusicaMagazine","isPartOf":{"@id":"https:\/\/www.nonsolomusicamagazine.it\/#website"},"primaryImageOfPage":{"@id":"https:\/\/www.nonsolomusicamagazine.it\/?p=5732#primaryimage"},"image":{"@id":"https:\/\/www.nonsolomusicamagazine.it\/?p=5732#primaryimage"},"thumbnailUrl":"https:\/\/www.nonsolomusicamagazine.it\/wp-content\/uploads\/2024\/03\/2843670204127_0_600_0_0.jpg","datePublished":"2024-03-25T17:00:48+00:00","dateModified":"2024-03-25T17:00:49+00:00","author":{"@id":"https:\/\/www.nonsolomusicamagazine.it\/#\/schema\/person\/a3349ad02300d046472d46cf6d31ae46"},"description":"\"La gallina che canta\". Marco Travaglio su \"Il Fatto Quotidiano\" a proposito dell'attentato al Crocus City Hall","breadcrumb":{"@id":"https:\/\/www.nonsolomusicamagazine.it\/?p=5732#breadcrumb"},"inLanguage":"it-IT","potentialAction":[{"@type":"ReadAction","target":["https:\/\/www.nonsolomusicamagazine.it\/?p=5732"]}]},{"@type":"ImageObject","inLanguage":"it-IT","@id":"https:\/\/www.nonsolomusicamagazine.it\/?p=5732#primaryimage","url":"https:\/\/www.nonsolomusicamagazine.it\/wp-content\/uploads\/2024\/03\/2843670204127_0_600_0_0.jpg","contentUrl":"https:\/\/www.nonsolomusicamagazine.it\/wp-content\/uploads\/2024\/03\/2843670204127_0_600_0_0.jpg","width":600,"height":621},{"@type":"BreadcrumbList","@id":"https:\/\/www.nonsolomusicamagazine.it\/?p=5732#breadcrumb","itemListElement":[{"@type":"ListItem","position":1,"name":"Home","item":"https:\/\/www.nonsolomusicamagazine.it\/"},{"@type":"ListItem","position":2,"name":"&#8220;La gallina che canta&#8221;. Marco Travaglio su &#8220;Il Fatto Quotidiano&#8221; a proposito dell&#8217;attentato al Crocus City Hall"}]},{"@type":"WebSite","@id":"https:\/\/www.nonsolomusicamagazine.it\/#website","url":"https:\/\/www.nonsolomusicamagazine.it\/","name":"Nonsolomusicamagazine","description":"Dir. responsabile Manuel M Buccarella","potentialAction":[{"@type":"SearchAction","target":{"@type":"EntryPoint","urlTemplate":"https:\/\/www.nonsolomusicamagazine.it\/?s={search_term_string}"},"query-input":{"@type":"PropertyValueSpecification","valueRequired":true,"valueName":"search_term_string"}}],"inLanguage":"it-IT"},{"@type":"Person","@id":"https:\/\/www.nonsolomusicamagazine.it\/#\/schema\/person\/a3349ad02300d046472d46cf6d31ae46","name":"nonsolomusica","image":{"@type":"ImageObject","inLanguage":"it-IT","@id":"https:\/\/www.nonsolomusicamagazine.it\/wp-content\/litespeed\/avatar\/3a675484bc84db6aba78d43bfc8b7197.jpg?ver=1776880798","url":"https:\/\/www.nonsolomusicamagazine.it\/wp-content\/litespeed\/avatar\/3a675484bc84db6aba78d43bfc8b7197.jpg?ver=1776880798","contentUrl":"https:\/\/www.nonsolomusicamagazine.it\/wp-content\/litespeed\/avatar\/3a675484bc84db6aba78d43bfc8b7197.jpg?ver=1776880798","caption":"nonsolomusica"},"sameAs":["https:\/\/www.nonsolomusicamagazine.it"],"url":"https:\/\/www.nonsolomusicamagazine.it\/?author=1"}]}},"amp_enabled":true,"_links":{"self":[{"href":"https:\/\/www.nonsolomusicamagazine.it\/index.php?rest_route=\/wp\/v2\/posts\/5732","targetHints":{"allow":["GET"]}}],"collection":[{"href":"https:\/\/www.nonsolomusicamagazine.it\/index.php?rest_route=\/wp\/v2\/posts"}],"about":[{"href":"https:\/\/www.nonsolomusicamagazine.it\/index.php?rest_route=\/wp\/v2\/types\/post"}],"author":[{"embeddable":true,"href":"https:\/\/www.nonsolomusicamagazine.it\/index.php?rest_route=\/wp\/v2\/users\/1"}],"replies":[{"embeddable":true,"href":"https:\/\/www.nonsolomusicamagazine.it\/index.php?rest_route=%2Fwp%2Fv2%2Fcomments&post=5732"}],"version-history":[{"count":0,"href":"https:\/\/www.nonsolomusicamagazine.it\/index.php?rest_route=\/wp\/v2\/posts\/5732\/revisions"}],"wp:featuredmedia":[{"embeddable":true,"href":"https:\/\/www.nonsolomusicamagazine.it\/index.php?rest_route=\/wp\/v2\/media\/5683"}],"wp:attachment":[{"href":"https:\/\/www.nonsolomusicamagazine.it\/index.php?rest_route=%2Fwp%2Fv2%2Fmedia&parent=5732"}],"wp:term":[{"taxonomy":"category","embeddable":true,"href":"https:\/\/www.nonsolomusicamagazine.it\/index.php?rest_route=%2Fwp%2Fv2%2Fcategories&post=5732"},{"taxonomy":"post_tag","embeddable":true,"href":"https:\/\/www.nonsolomusicamagazine.it\/index.php?rest_route=%2Fwp%2Fv2%2Ftags&post=5732"}],"curies":[{"name":"wp","href":"https:\/\/api.w.org\/{rel}","templated":true}]}}