{"id":6483,"date":"2024-05-22T17:57:55","date_gmt":"2024-05-22T17:57:55","guid":{"rendered":"https:\/\/www.nonsolomusicamagazine.it\/?p=6483"},"modified":"2024-05-22T17:58:05","modified_gmt":"2024-05-22T17:58:05","slug":"smrt-fasizmu-sloboda-narodu-morte-al-fascismo-liberta-al-popolo-il-sacrificio-del-partigiano-jugoslavo-stijepan-filipovic","status":"publish","type":"post","link":"https:\/\/www.nonsolomusicamagazine.it\/?p=6483","title":{"rendered":"&#8220;SMRT FA\u0160IZMU!!! SLOBODA NARODU!!!&#8221; (&#8220;Morte al fascismo, libert\u00e0 al popolo!).Il sacrificio del partigiano jugoslavo Stijepan Filipovic"},"content":{"rendered":"\n<p>&#8220;SMRT FA\u0160IZMU!!! SLOBODA NARODU!!!&#8221;Queste parole furono gridate il 22 Maggio 1942  da STIJEPAN FILIPOVI\u0106, mentre era in piedi sul patibolo col cappio al collo e i pugni levati al cielo, in un ultimo gesto di orgoglio e immensa fierezza innanzi alla morte.<\/p>\n\n\n\n<p>Le grid\u00f2 in faccia ai suoi carnefici nazifascisti, umiliandoli. Le grid\u00f2 a squarciagola affinch\u00e9 il popolo le udisse bene e le facesse proprie.Le grid\u00f2 con gli occhi asciutti guardando per l&#8217;ultima volta la sua terra natia, la sua patria, la Jugoslavia unione fraterna di popoli.Le grid\u00f2 volgendo l&#8217;ultimo sguardo all&#8217;orizzonte dove un giorno sarebbe sorta l&#8217;alba del Socialismo.<\/p>\n\n\n\n<p>Mor\u00ec con in testa la sua bustina da Partigiano, la &#8220;titovka&#8221; con la Stella Rossa.Aveva solo 26 anni. Il suo ultimo istante di vita, il suo ultimo gesto, la sua ultima frase, rappresentano la perfezione assoluta che rende immortali gli Eroi. <\/p>\n\n\n\n<p>Di estrazione proletaria, originario della Dalmazia, si trasfer\u00ec nel 1940 con la famiglia in Serbia per lavorare come operaio, nel 1940 entr\u00f2 nella Lega dei comunisti di Jugoslavia e ader\u00ec immediatamente alla Resistenza Partigiana quando le truppe nazifasciste invasero i Balcani. Divenne Comandante di un unit\u00e0 partigiana dell\u2019Esercito Popolare di Liberazione Jugoslavo di Tito.Fu fatto prigioniero il 24 febbraio 1942.     Proclamato Eroe nazionale della Jugoslavia nel 1949, vennero eretti due monumenti a immortalare l&#8217;eroico gesto, uno a Valjevo e uno a Opuzen, purtroppo quest&#8217;ultimo \u00e8 stato distrutto dai neofascisti nel 1991, durante la guerra civile di secessione Jugoslava, perch\u00e9 il livido rancore di quelli vili che lui sconfisse con la sua lotta, col suo gesto e con le sue parole, non si era mai sopito. <\/p>\n\n\n\n<p>I vigliacchi distrussero la pietra ma non il ricordo e mai potranno scalfire il mito immortale di questo Eroe del popolo. La sua immagine \u00e8 inoltre presente nell&#8217;atrio della sede dell&#8217; ONU, in memoria di tutti i combattenti nella resistenza al nazifascismo.<\/p>\n\n\n\n<p>Onore e Gloria eterna al Compagno FILIPOVI\u0106 ! \u270aSMRT FA\u0160IZMU!!! SLOBODA NARODU!!!MORTE AL FASCISMO!!! LIBERT\u00c0 AI POPOLI!!!(Tratto da un testo di Collettivo Stella Rossa Nordest).<\/p>\n","protected":false},"excerpt":{"rendered":"<p>&#8220;SMRT FA\u0160IZMU!!! SLOBODA NARODU!!!&#8221;Queste parole furono gridate il 22 Maggio 1942 da STIJEPAN FILIPOVI\u0106, mentre era in piedi sul patibolo col cappio al collo e i pugni levati al cielo, in un ultimo gesto di orgoglio e immensa fierezza innanzi alla morte. Le grid\u00f2 in faccia ai suoi carnefici nazifascisti, umiliandoli. Le grid\u00f2 a squarciagola [&hellip;]<\/p>\n","protected":false},"author":1,"featured_media":6484,"comment_status":"open","ping_status":"closed","sticky":false,"template":"","format":"standard","meta":{"footnotes":""},"categories":[1321],"tags":[650,1190,540,3309],"class_list":["post-6483","post","type-post","status-publish","format-standard","has-post-thumbnail","hentry","category-storia","tag-jugoslavia","tag-nazifascismo","tag-partigiani","tag-stijepan-filipovic"],"yoast_head":"<!-- This site is optimized with the Yoast SEO plugin v27.4 - https:\/\/yoast.com\/product\/yoast-seo-wordpress\/ -->\n<title>&quot;SMRT FA\u0160IZMU!!! SLOBODA NARODU!!!&quot; (&quot;Morte al fascismo, libert\u00e0 al popolo!).Il sacrificio del partigiano jugoslavo Stijepan Filipovic - NonSoloMusicaMagazine<\/title>\n<meta name=\"description\" content=\"&quot;SMRT FA\u0160IZMU!!! SLOBODA NARODU!!!&quot; (&quot;Morte al fascismo, libert\u00e0 al popolo!).Il sacrificio del partigiano jugoslavo Stijepan Filipovic\" \/>\n<meta name=\"robots\" content=\"index, follow, max-snippet:-1, max-image-preview:large, max-video-preview:-1\" \/>\n<link rel=\"canonical\" href=\"https:\/\/www.nonsolomusicamagazine.it\/?p=6483\" \/>\n<meta property=\"og:locale\" content=\"it_IT\" \/>\n<meta property=\"og:type\" content=\"article\" \/>\n<meta property=\"og:title\" content=\"&quot;SMRT FA\u0160IZMU!!! SLOBODA NARODU!!!&quot; (&quot;Morte al fascismo, libert\u00e0 al popolo!).Il sacrificio del partigiano jugoslavo Stijepan Filipovic - NonSoloMusicaMagazine\" \/>\n<meta property=\"og:description\" content=\"&quot;SMRT FA\u0160IZMU!!! SLOBODA NARODU!!!&quot; (&quot;Morte al fascismo, libert\u00e0 al popolo!).Il sacrificio del partigiano jugoslavo Stijepan Filipovic\" \/>\n<meta property=\"og:url\" content=\"https:\/\/www.nonsolomusicamagazine.it\/?p=6483\" \/>\n<meta property=\"og:site_name\" content=\"NonSoloMusicaMagazine\" \/>\n<meta property=\"article:published_time\" content=\"2024-05-22T17:57:55+00:00\" \/>\n<meta property=\"article:modified_time\" content=\"2024-05-22T17:58:05+00:00\" \/>\n<meta property=\"og:image\" content=\"https:\/\/www.nonsolomusicamagazine.it\/wp-content\/uploads\/2024\/05\/FB_IMG_1716400607973.jpg\" \/>\n\t<meta property=\"og:image:width\" content=\"667\" \/>\n\t<meta property=\"og:image:height\" content=\"960\" \/>\n\t<meta property=\"og:image:type\" content=\"image\/jpeg\" \/>\n<meta name=\"author\" content=\"nonsolomusica\" \/>\n<meta name=\"twitter:card\" content=\"summary_large_image\" \/>\n<meta name=\"twitter:label1\" content=\"Scritto da\" \/>\n\t<meta name=\"twitter:data1\" content=\"nonsolomusica\" \/>\n\t<meta name=\"twitter:label2\" content=\"Tempo di lettura stimato\" \/>\n\t<meta name=\"twitter:data2\" content=\"2 minuti\" \/>\n<script type=\"application\/ld+json\" class=\"yoast-schema-graph\">{\"@context\":\"https:\\\/\\\/schema.org\",\"@graph\":[{\"@type\":\"Article\",\"@id\":\"https:\\\/\\\/www.nonsolomusicamagazine.it\\\/?p=6483#article\",\"isPartOf\":{\"@id\":\"https:\\\/\\\/www.nonsolomusicamagazine.it\\\/?p=6483\"},\"author\":{\"name\":\"nonsolomusica\",\"@id\":\"https:\\\/\\\/www.nonsolomusicamagazine.it\\\/#\\\/schema\\\/person\\\/a3349ad02300d046472d46cf6d31ae46\"},\"headline\":\"&#8220;SMRT FA\u0160IZMU!!! SLOBODA NARODU!!!&#8221; (&#8220;Morte al fascismo, libert\u00e0 al popolo!).Il sacrificio del partigiano jugoslavo Stijepan Filipovic\",\"datePublished\":\"2024-05-22T17:57:55+00:00\",\"dateModified\":\"2024-05-22T17:58:05+00:00\",\"mainEntityOfPage\":{\"@id\":\"https:\\\/\\\/www.nonsolomusicamagazine.it\\\/?p=6483\"},\"wordCount\":356,\"commentCount\":0,\"image\":{\"@id\":\"https:\\\/\\\/www.nonsolomusicamagazine.it\\\/?p=6483#primaryimage\"},\"thumbnailUrl\":\"https:\\\/\\\/www.nonsolomusicamagazine.it\\\/wp-content\\\/uploads\\\/2024\\\/05\\\/FB_IMG_1716400607973.jpg\",\"keywords\":[\"Jugoslavia\",\"Nazifascismo\",\"Partigiani\",\"Stijepan Filipovic\"],\"articleSection\":[\"Storia\"],\"inLanguage\":\"it-IT\",\"potentialAction\":[{\"@type\":\"CommentAction\",\"name\":\"Comment\",\"target\":[\"https:\\\/\\\/www.nonsolomusicamagazine.it\\\/?p=6483#respond\"]}]},{\"@type\":\"WebPage\",\"@id\":\"https:\\\/\\\/www.nonsolomusicamagazine.it\\\/?p=6483\",\"url\":\"https:\\\/\\\/www.nonsolomusicamagazine.it\\\/?p=6483\",\"name\":\"\\\"SMRT FA\u0160IZMU!!! SLOBODA NARODU!!!\\\" (\\\"Morte al fascismo, libert\u00e0 al popolo!).Il sacrificio del partigiano jugoslavo Stijepan Filipovic - NonSoloMusicaMagazine\",\"isPartOf\":{\"@id\":\"https:\\\/\\\/www.nonsolomusicamagazine.it\\\/#website\"},\"primaryImageOfPage\":{\"@id\":\"https:\\\/\\\/www.nonsolomusicamagazine.it\\\/?p=6483#primaryimage\"},\"image\":{\"@id\":\"https:\\\/\\\/www.nonsolomusicamagazine.it\\\/?p=6483#primaryimage\"},\"thumbnailUrl\":\"https:\\\/\\\/www.nonsolomusicamagazine.it\\\/wp-content\\\/uploads\\\/2024\\\/05\\\/FB_IMG_1716400607973.jpg\",\"datePublished\":\"2024-05-22T17:57:55+00:00\",\"dateModified\":\"2024-05-22T17:58:05+00:00\",\"author\":{\"@id\":\"https:\\\/\\\/www.nonsolomusicamagazine.it\\\/#\\\/schema\\\/person\\\/a3349ad02300d046472d46cf6d31ae46\"},\"description\":\"\\\"SMRT FA\u0160IZMU!!! SLOBODA NARODU!!!\\\" (\\\"Morte al fascismo, libert\u00e0 al popolo!).Il sacrificio del partigiano jugoslavo Stijepan Filipovic\",\"breadcrumb\":{\"@id\":\"https:\\\/\\\/www.nonsolomusicamagazine.it\\\/?p=6483#breadcrumb\"},\"inLanguage\":\"it-IT\",\"potentialAction\":[{\"@type\":\"ReadAction\",\"target\":[\"https:\\\/\\\/www.nonsolomusicamagazine.it\\\/?p=6483\"]}]},{\"@type\":\"ImageObject\",\"inLanguage\":\"it-IT\",\"@id\":\"https:\\\/\\\/www.nonsolomusicamagazine.it\\\/?p=6483#primaryimage\",\"url\":\"https:\\\/\\\/www.nonsolomusicamagazine.it\\\/wp-content\\\/uploads\\\/2024\\\/05\\\/FB_IMG_1716400607973.jpg\",\"contentUrl\":\"https:\\\/\\\/www.nonsolomusicamagazine.it\\\/wp-content\\\/uploads\\\/2024\\\/05\\\/FB_IMG_1716400607973.jpg\",\"width\":667,\"height\":960},{\"@type\":\"BreadcrumbList\",\"@id\":\"https:\\\/\\\/www.nonsolomusicamagazine.it\\\/?p=6483#breadcrumb\",\"itemListElement\":[{\"@type\":\"ListItem\",\"position\":1,\"name\":\"Home\",\"item\":\"https:\\\/\\\/www.nonsolomusicamagazine.it\\\/\"},{\"@type\":\"ListItem\",\"position\":2,\"name\":\"&#8220;SMRT FA\u0160IZMU!!! SLOBODA NARODU!!!&#8221; (&#8220;Morte al fascismo, libert\u00e0 al popolo!).Il sacrificio del partigiano jugoslavo Stijepan Filipovic\"}]},{\"@type\":\"WebSite\",\"@id\":\"https:\\\/\\\/www.nonsolomusicamagazine.it\\\/#website\",\"url\":\"https:\\\/\\\/www.nonsolomusicamagazine.it\\\/\",\"name\":\"Nonsolomusicamagazine\",\"description\":\"Dir. responsabile Manuel M Buccarella\",\"potentialAction\":[{\"@type\":\"SearchAction\",\"target\":{\"@type\":\"EntryPoint\",\"urlTemplate\":\"https:\\\/\\\/www.nonsolomusicamagazine.it\\\/?s={search_term_string}\"},\"query-input\":{\"@type\":\"PropertyValueSpecification\",\"valueRequired\":true,\"valueName\":\"search_term_string\"}}],\"inLanguage\":\"it-IT\"},{\"@type\":\"Person\",\"@id\":\"https:\\\/\\\/www.nonsolomusicamagazine.it\\\/#\\\/schema\\\/person\\\/a3349ad02300d046472d46cf6d31ae46\",\"name\":\"nonsolomusica\",\"image\":{\"@type\":\"ImageObject\",\"inLanguage\":\"it-IT\",\"@id\":\"https:\\\/\\\/www.nonsolomusicamagazine.it\\\/wp-content\\\/litespeed\\\/avatar\\\/3a675484bc84db6aba78d43bfc8b7197.jpg?ver=1776880798\",\"url\":\"https:\\\/\\\/www.nonsolomusicamagazine.it\\\/wp-content\\\/litespeed\\\/avatar\\\/3a675484bc84db6aba78d43bfc8b7197.jpg?ver=1776880798\",\"contentUrl\":\"https:\\\/\\\/www.nonsolomusicamagazine.it\\\/wp-content\\\/litespeed\\\/avatar\\\/3a675484bc84db6aba78d43bfc8b7197.jpg?ver=1776880798\",\"caption\":\"nonsolomusica\"},\"sameAs\":[\"https:\\\/\\\/www.nonsolomusicamagazine.it\"],\"url\":\"https:\\\/\\\/www.nonsolomusicamagazine.it\\\/?author=1\"}]}<\/script>\n<!-- \/ Yoast SEO plugin. -->","yoast_head_json":{"title":"\"SMRT FA\u0160IZMU!!! SLOBODA NARODU!!!\" (\"Morte al fascismo, libert\u00e0 al popolo!).Il sacrificio del partigiano jugoslavo Stijepan Filipovic - NonSoloMusicaMagazine","description":"\"SMRT FA\u0160IZMU!!! SLOBODA NARODU!!!\" (\"Morte al fascismo, libert\u00e0 al popolo!).Il sacrificio del partigiano jugoslavo Stijepan Filipovic","robots":{"index":"index","follow":"follow","max-snippet":"max-snippet:-1","max-image-preview":"max-image-preview:large","max-video-preview":"max-video-preview:-1"},"canonical":"https:\/\/www.nonsolomusicamagazine.it\/?p=6483","og_locale":"it_IT","og_type":"article","og_title":"\"SMRT FA\u0160IZMU!!! SLOBODA NARODU!!!\" (\"Morte al fascismo, libert\u00e0 al popolo!).Il sacrificio del partigiano jugoslavo Stijepan Filipovic - NonSoloMusicaMagazine","og_description":"\"SMRT FA\u0160IZMU!!! SLOBODA NARODU!!!\" (\"Morte al fascismo, libert\u00e0 al popolo!).Il sacrificio del partigiano jugoslavo Stijepan Filipovic","og_url":"https:\/\/www.nonsolomusicamagazine.it\/?p=6483","og_site_name":"NonSoloMusicaMagazine","article_published_time":"2024-05-22T17:57:55+00:00","article_modified_time":"2024-05-22T17:58:05+00:00","og_image":[{"width":667,"height":960,"url":"https:\/\/www.nonsolomusicamagazine.it\/wp-content\/uploads\/2024\/05\/FB_IMG_1716400607973.jpg","type":"image\/jpeg"}],"author":"nonsolomusica","twitter_card":"summary_large_image","twitter_misc":{"Scritto da":"nonsolomusica","Tempo di lettura stimato":"2 minuti"},"schema":{"@context":"https:\/\/schema.org","@graph":[{"@type":"Article","@id":"https:\/\/www.nonsolomusicamagazine.it\/?p=6483#article","isPartOf":{"@id":"https:\/\/www.nonsolomusicamagazine.it\/?p=6483"},"author":{"name":"nonsolomusica","@id":"https:\/\/www.nonsolomusicamagazine.it\/#\/schema\/person\/a3349ad02300d046472d46cf6d31ae46"},"headline":"&#8220;SMRT FA\u0160IZMU!!! SLOBODA NARODU!!!&#8221; (&#8220;Morte al fascismo, libert\u00e0 al popolo!).Il sacrificio del partigiano jugoslavo Stijepan Filipovic","datePublished":"2024-05-22T17:57:55+00:00","dateModified":"2024-05-22T17:58:05+00:00","mainEntityOfPage":{"@id":"https:\/\/www.nonsolomusicamagazine.it\/?p=6483"},"wordCount":356,"commentCount":0,"image":{"@id":"https:\/\/www.nonsolomusicamagazine.it\/?p=6483#primaryimage"},"thumbnailUrl":"https:\/\/www.nonsolomusicamagazine.it\/wp-content\/uploads\/2024\/05\/FB_IMG_1716400607973.jpg","keywords":["Jugoslavia","Nazifascismo","Partigiani","Stijepan Filipovic"],"articleSection":["Storia"],"inLanguage":"it-IT","potentialAction":[{"@type":"CommentAction","name":"Comment","target":["https:\/\/www.nonsolomusicamagazine.it\/?p=6483#respond"]}]},{"@type":"WebPage","@id":"https:\/\/www.nonsolomusicamagazine.it\/?p=6483","url":"https:\/\/www.nonsolomusicamagazine.it\/?p=6483","name":"\"SMRT FA\u0160IZMU!!! SLOBODA NARODU!!!\" (\"Morte al fascismo, libert\u00e0 al popolo!).Il sacrificio del partigiano jugoslavo Stijepan Filipovic - NonSoloMusicaMagazine","isPartOf":{"@id":"https:\/\/www.nonsolomusicamagazine.it\/#website"},"primaryImageOfPage":{"@id":"https:\/\/www.nonsolomusicamagazine.it\/?p=6483#primaryimage"},"image":{"@id":"https:\/\/www.nonsolomusicamagazine.it\/?p=6483#primaryimage"},"thumbnailUrl":"https:\/\/www.nonsolomusicamagazine.it\/wp-content\/uploads\/2024\/05\/FB_IMG_1716400607973.jpg","datePublished":"2024-05-22T17:57:55+00:00","dateModified":"2024-05-22T17:58:05+00:00","author":{"@id":"https:\/\/www.nonsolomusicamagazine.it\/#\/schema\/person\/a3349ad02300d046472d46cf6d31ae46"},"description":"\"SMRT FA\u0160IZMU!!! SLOBODA NARODU!!!\" (\"Morte al fascismo, libert\u00e0 al popolo!).Il sacrificio del partigiano jugoslavo Stijepan Filipovic","breadcrumb":{"@id":"https:\/\/www.nonsolomusicamagazine.it\/?p=6483#breadcrumb"},"inLanguage":"it-IT","potentialAction":[{"@type":"ReadAction","target":["https:\/\/www.nonsolomusicamagazine.it\/?p=6483"]}]},{"@type":"ImageObject","inLanguage":"it-IT","@id":"https:\/\/www.nonsolomusicamagazine.it\/?p=6483#primaryimage","url":"https:\/\/www.nonsolomusicamagazine.it\/wp-content\/uploads\/2024\/05\/FB_IMG_1716400607973.jpg","contentUrl":"https:\/\/www.nonsolomusicamagazine.it\/wp-content\/uploads\/2024\/05\/FB_IMG_1716400607973.jpg","width":667,"height":960},{"@type":"BreadcrumbList","@id":"https:\/\/www.nonsolomusicamagazine.it\/?p=6483#breadcrumb","itemListElement":[{"@type":"ListItem","position":1,"name":"Home","item":"https:\/\/www.nonsolomusicamagazine.it\/"},{"@type":"ListItem","position":2,"name":"&#8220;SMRT FA\u0160IZMU!!! SLOBODA NARODU!!!&#8221; (&#8220;Morte al fascismo, libert\u00e0 al popolo!).Il sacrificio del partigiano jugoslavo Stijepan Filipovic"}]},{"@type":"WebSite","@id":"https:\/\/www.nonsolomusicamagazine.it\/#website","url":"https:\/\/www.nonsolomusicamagazine.it\/","name":"Nonsolomusicamagazine","description":"Dir. responsabile Manuel M Buccarella","potentialAction":[{"@type":"SearchAction","target":{"@type":"EntryPoint","urlTemplate":"https:\/\/www.nonsolomusicamagazine.it\/?s={search_term_string}"},"query-input":{"@type":"PropertyValueSpecification","valueRequired":true,"valueName":"search_term_string"}}],"inLanguage":"it-IT"},{"@type":"Person","@id":"https:\/\/www.nonsolomusicamagazine.it\/#\/schema\/person\/a3349ad02300d046472d46cf6d31ae46","name":"nonsolomusica","image":{"@type":"ImageObject","inLanguage":"it-IT","@id":"https:\/\/www.nonsolomusicamagazine.it\/wp-content\/litespeed\/avatar\/3a675484bc84db6aba78d43bfc8b7197.jpg?ver=1776880798","url":"https:\/\/www.nonsolomusicamagazine.it\/wp-content\/litespeed\/avatar\/3a675484bc84db6aba78d43bfc8b7197.jpg?ver=1776880798","contentUrl":"https:\/\/www.nonsolomusicamagazine.it\/wp-content\/litespeed\/avatar\/3a675484bc84db6aba78d43bfc8b7197.jpg?ver=1776880798","caption":"nonsolomusica"},"sameAs":["https:\/\/www.nonsolomusicamagazine.it"],"url":"https:\/\/www.nonsolomusicamagazine.it\/?author=1"}]}},"amp_enabled":true,"_links":{"self":[{"href":"https:\/\/www.nonsolomusicamagazine.it\/index.php?rest_route=\/wp\/v2\/posts\/6483","targetHints":{"allow":["GET"]}}],"collection":[{"href":"https:\/\/www.nonsolomusicamagazine.it\/index.php?rest_route=\/wp\/v2\/posts"}],"about":[{"href":"https:\/\/www.nonsolomusicamagazine.it\/index.php?rest_route=\/wp\/v2\/types\/post"}],"author":[{"embeddable":true,"href":"https:\/\/www.nonsolomusicamagazine.it\/index.php?rest_route=\/wp\/v2\/users\/1"}],"replies":[{"embeddable":true,"href":"https:\/\/www.nonsolomusicamagazine.it\/index.php?rest_route=%2Fwp%2Fv2%2Fcomments&post=6483"}],"version-history":[{"count":0,"href":"https:\/\/www.nonsolomusicamagazine.it\/index.php?rest_route=\/wp\/v2\/posts\/6483\/revisions"}],"wp:featuredmedia":[{"embeddable":true,"href":"https:\/\/www.nonsolomusicamagazine.it\/index.php?rest_route=\/wp\/v2\/media\/6484"}],"wp:attachment":[{"href":"https:\/\/www.nonsolomusicamagazine.it\/index.php?rest_route=%2Fwp%2Fv2%2Fmedia&parent=6483"}],"wp:term":[{"taxonomy":"category","embeddable":true,"href":"https:\/\/www.nonsolomusicamagazine.it\/index.php?rest_route=%2Fwp%2Fv2%2Fcategories&post=6483"},{"taxonomy":"post_tag","embeddable":true,"href":"https:\/\/www.nonsolomusicamagazine.it\/index.php?rest_route=%2Fwp%2Fv2%2Ftags&post=6483"}],"curies":[{"name":"wp","href":"https:\/\/api.w.org\/{rel}","templated":true}]}}