{"id":6489,"date":"2024-05-22T20:12:40","date_gmt":"2024-05-22T20:12:40","guid":{"rendered":"https:\/\/www.nonsolomusicamagazine.it\/?p=6489"},"modified":"2024-05-22T20:12:42","modified_gmt":"2024-05-22T20:12:42","slug":"i-65-anni-di-morrissey","status":"publish","type":"post","link":"https:\/\/www.nonsolomusicamagazine.it\/?p=6489","title":{"rendered":"I 65 anni di Morrissey"},"content":{"rendered":"\n<p>Compie.oggi 65 anni Steven Patrick Morrissey. Il cantautore di Manchester, di origini irlandesi, ottiene fama internazionale grazie agli Smiths tra il 1982 ed il 1987. L&#8217; originale band si scioglie dopo soli cinque anni di attivit\u00e0, che tuttavia basteranno ad attribuirle grande successo. Nel 1988 ha inizio la carriera da solista, con l&#8217;acclamato album &#8220;Viva Hate&#8221;.<\/p>\n\n\n\n<p>Negli ultimi anni gli scontri con la Capital Records, che decide di non pubblicare &#8220;Bonfire of Teenagers&#8221;.<\/p>\n\n\n\n<h5 class=\"wp-block-heading\">&#8220;This Night Has Opened My Eyes&#8221;<\/h5>\n\n\n\n<p>Gli Smiths degli inizi (1984) avevano sonorit\u00e0 e soluzioni melodiche differenti rispetto a Meat Is Murder e The Queen Is Dead.<br>Sonorit\u00e0 pi\u00f9 complesse, che vengono da esperienze musicali diverse come il jangle pop, per esempio e che esaltano il peso chitarristico e la genialit\u00e0 di Johnny Marr, vera mente del gruppo di Manchester.<br>Cos\u00ec in questa bellissima &#8220;This Night Has Opened My Eyes&#8221;, inserita nella raccolta &#8220;Hatful of Hollow&#8221;, che raggiunse il settimo posto in classifica nel Regno Unito, restando in classifica per 44 settimane consecutive.<br>Il pezzo \u00e8 da ascoltare tutto, anche per le liriche composte come sempre da Morrissey.<\/p>\n\n\n\n<p>This night has opened my eyes<\/p>\n\n\n\n<p>Questa notte mi ha aperto gli occhi<\/p>\n\n\n\n<p>And I will never sleep again<\/p>\n\n\n\n<p>E non dormir\u00f2 mai pi\u00f9<\/p>\n\n\n\n<p>You kicked and cried like a bullied child<\/p>\n\n\n\n<p>Tu scalciasti e piangesti come un bambino bullizzato<\/p>\n\n\n\n<p>A grown man of twenty-five<\/p>\n\n\n\n<p>Un uomo cresciuto di venticinque anni<\/p>\n\n\n\n<p>Oh, he said he&#8217;d cure your ills<\/p>\n\n\n\n<p>Oh, lui disse che avrebbe curato i tuoi mali<\/p>\n\n\n\n<p>But he didn\u2032t and he never will<\/p>\n\n\n\n<p>Ma non lo fece e non lo avrebbe mai fatto<\/p>\n\n\n\n<p>Oh, save your life<\/p>\n\n\n\n<p>Oh, salva la tua vita<\/p>\n\n\n\n<p>Because you&#8217;ve only got one<\/p>\n\n\n\n<p>Perch\u00e9 ne hai solo una<\/p>\n\n\n\n<p>The dream has gone<\/p>\n\n\n\n<p>Il sogno \u00e8 andato via<\/p>\n\n\n\n<p>But the baby is real<\/p>\n\n\n\n<p>Ma il bambino \u00e8 vero<\/p>\n\n\n\n<p>Oh, you did a good thing<\/p>\n\n\n\n<p>Oh, facesti una cosa giusta<\/p>\n\n\n\n<p>She could have been a poet<\/p>\n\n\n\n<p>Lei sarebbe potuta essere una poetessa<\/p>\n\n\n\n<p>Or, she could have been a fool<\/p>\n\n\n\n<p>Oppure, sarebbe potuta essere una stupida<\/p>\n\n\n\n<p>Oh, you did a bad thing<\/p>\n\n\n\n<p>Oh, facesti una cosa sbagliata<\/p>\n\n\n\n<p>And I&#8217;m not happy<\/p>\n\n\n\n<p>E non sono felice<\/p>\n\n\n\n<p>And I\u2032m not sad<\/p>\n\n\n\n<p>E non sono triste<\/p>\n\n\n\n<figure class=\"wp-block-embed is-type-video is-provider-youtube wp-block-embed-youtube wp-embed-aspect-16-9 wp-has-aspect-ratio\"><div class=\"wp-block-embed__wrapper\">\n<iframe title=\"The Smiths - This Night Has Opened My Eyes\" width=\"640\" height=\"360\" src=\"https:\/\/www.youtube.com\/embed\/q0-YfgMd02k?feature=oembed\" frameborder=\"0\" allow=\"accelerometer; autoplay; clipboard-write; encrypted-media; gyroscope; picture-in-picture; web-share\" referrerpolicy=\"strict-origin-when-cross-origin\" allowfullscreen><\/iframe>\n<\/div><\/figure>\n","protected":false},"excerpt":{"rendered":"<p>Compie.oggi 65 anni Steven Patrick Morrissey. Il cantautore di Manchester, di origini irlandesi, ottiene fama internazionale grazie agli Smiths tra il 1982 ed il 1987. L&#8217; originale band si scioglie dopo soli cinque anni di attivit\u00e0, che tuttavia basteranno ad attribuirle grande successo. Nel 1988 ha inizio la carriera da solista, con l&#8217;acclamato album &#8220;Viva [&hellip;]<\/p>\n","protected":false},"author":1,"featured_media":5012,"comment_status":"open","ping_status":"closed","sticky":false,"template":"","format":"standard","meta":{"footnotes":""},"categories":[1],"tags":[885,582],"class_list":["post-6489","post","type-post","status-publish","format-standard","has-post-thumbnail","hentry","category-musica","tag-morrissey","tag-smiths"],"yoast_head":"<!-- This site is optimized with the Yoast SEO plugin v27.4 - https:\/\/yoast.com\/product\/yoast-seo-wordpress\/ -->\n<title>I 65 anni di Morrissey - NonSoloMusicaMagazine<\/title>\n<meta name=\"description\" content=\"I 65 anni di Morrissey\" \/>\n<meta name=\"robots\" content=\"index, follow, max-snippet:-1, max-image-preview:large, max-video-preview:-1\" \/>\n<link rel=\"canonical\" href=\"https:\/\/www.nonsolomusicamagazine.it\/?p=6489\" \/>\n<meta property=\"og:locale\" content=\"it_IT\" \/>\n<meta property=\"og:type\" content=\"article\" \/>\n<meta property=\"og:title\" content=\"I 65 anni di Morrissey - NonSoloMusicaMagazine\" \/>\n<meta property=\"og:description\" content=\"I 65 anni di Morrissey\" \/>\n<meta property=\"og:url\" content=\"https:\/\/www.nonsolomusicamagazine.it\/?p=6489\" \/>\n<meta property=\"og:site_name\" content=\"NonSoloMusicaMagazine\" \/>\n<meta property=\"article:published_time\" content=\"2024-05-22T20:12:40+00:00\" \/>\n<meta property=\"article:modified_time\" content=\"2024-05-22T20:12:42+00:00\" \/>\n<meta property=\"og:image\" content=\"https:\/\/www.nonsolomusicamagazine.it\/wp-content\/uploads\/2024\/01\/images-51.jpeg\" \/>\n\t<meta property=\"og:image:width\" content=\"259\" \/>\n\t<meta property=\"og:image:height\" content=\"194\" \/>\n\t<meta property=\"og:image:type\" content=\"image\/jpeg\" \/>\n<meta name=\"author\" content=\"nonsolomusica\" \/>\n<meta name=\"twitter:card\" content=\"summary_large_image\" \/>\n<meta name=\"twitter:label1\" content=\"Scritto da\" \/>\n\t<meta name=\"twitter:data1\" content=\"nonsolomusica\" \/>\n\t<meta name=\"twitter:label2\" content=\"Tempo di lettura stimato\" \/>\n\t<meta name=\"twitter:data2\" content=\"2 minuti\" \/>\n<script type=\"application\/ld+json\" class=\"yoast-schema-graph\">{\"@context\":\"https:\\\/\\\/schema.org\",\"@graph\":[{\"@type\":\"Article\",\"@id\":\"https:\\\/\\\/www.nonsolomusicamagazine.it\\\/?p=6489#article\",\"isPartOf\":{\"@id\":\"https:\\\/\\\/www.nonsolomusicamagazine.it\\\/?p=6489\"},\"author\":{\"name\":\"nonsolomusica\",\"@id\":\"https:\\\/\\\/www.nonsolomusicamagazine.it\\\/#\\\/schema\\\/person\\\/a3349ad02300d046472d46cf6d31ae46\"},\"headline\":\"I 65 anni di Morrissey\",\"datePublished\":\"2024-05-22T20:12:40+00:00\",\"dateModified\":\"2024-05-22T20:12:42+00:00\",\"mainEntityOfPage\":{\"@id\":\"https:\\\/\\\/www.nonsolomusicamagazine.it\\\/?p=6489\"},\"wordCount\":408,\"commentCount\":0,\"image\":{\"@id\":\"https:\\\/\\\/www.nonsolomusicamagazine.it\\\/?p=6489#primaryimage\"},\"thumbnailUrl\":\"https:\\\/\\\/www.nonsolomusicamagazine.it\\\/wp-content\\\/uploads\\\/2024\\\/01\\\/images-51.jpeg\",\"keywords\":[\"Morrissey\",\"Smiths\"],\"articleSection\":[\"Musica\"],\"inLanguage\":\"it-IT\",\"potentialAction\":[{\"@type\":\"CommentAction\",\"name\":\"Comment\",\"target\":[\"https:\\\/\\\/www.nonsolomusicamagazine.it\\\/?p=6489#respond\"]}]},{\"@type\":\"WebPage\",\"@id\":\"https:\\\/\\\/www.nonsolomusicamagazine.it\\\/?p=6489\",\"url\":\"https:\\\/\\\/www.nonsolomusicamagazine.it\\\/?p=6489\",\"name\":\"I 65 anni di Morrissey - NonSoloMusicaMagazine\",\"isPartOf\":{\"@id\":\"https:\\\/\\\/www.nonsolomusicamagazine.it\\\/#website\"},\"primaryImageOfPage\":{\"@id\":\"https:\\\/\\\/www.nonsolomusicamagazine.it\\\/?p=6489#primaryimage\"},\"image\":{\"@id\":\"https:\\\/\\\/www.nonsolomusicamagazine.it\\\/?p=6489#primaryimage\"},\"thumbnailUrl\":\"https:\\\/\\\/www.nonsolomusicamagazine.it\\\/wp-content\\\/uploads\\\/2024\\\/01\\\/images-51.jpeg\",\"datePublished\":\"2024-05-22T20:12:40+00:00\",\"dateModified\":\"2024-05-22T20:12:42+00:00\",\"author\":{\"@id\":\"https:\\\/\\\/www.nonsolomusicamagazine.it\\\/#\\\/schema\\\/person\\\/a3349ad02300d046472d46cf6d31ae46\"},\"description\":\"I 65 anni di Morrissey\",\"breadcrumb\":{\"@id\":\"https:\\\/\\\/www.nonsolomusicamagazine.it\\\/?p=6489#breadcrumb\"},\"inLanguage\":\"it-IT\",\"potentialAction\":[{\"@type\":\"ReadAction\",\"target\":[\"https:\\\/\\\/www.nonsolomusicamagazine.it\\\/?p=6489\"]}]},{\"@type\":\"ImageObject\",\"inLanguage\":\"it-IT\",\"@id\":\"https:\\\/\\\/www.nonsolomusicamagazine.it\\\/?p=6489#primaryimage\",\"url\":\"https:\\\/\\\/www.nonsolomusicamagazine.it\\\/wp-content\\\/uploads\\\/2024\\\/01\\\/images-51.jpeg\",\"contentUrl\":\"https:\\\/\\\/www.nonsolomusicamagazine.it\\\/wp-content\\\/uploads\\\/2024\\\/01\\\/images-51.jpeg\",\"width\":259,\"height\":194},{\"@type\":\"BreadcrumbList\",\"@id\":\"https:\\\/\\\/www.nonsolomusicamagazine.it\\\/?p=6489#breadcrumb\",\"itemListElement\":[{\"@type\":\"ListItem\",\"position\":1,\"name\":\"Home\",\"item\":\"https:\\\/\\\/www.nonsolomusicamagazine.it\\\/\"},{\"@type\":\"ListItem\",\"position\":2,\"name\":\"I 65 anni di Morrissey\"}]},{\"@type\":\"WebSite\",\"@id\":\"https:\\\/\\\/www.nonsolomusicamagazine.it\\\/#website\",\"url\":\"https:\\\/\\\/www.nonsolomusicamagazine.it\\\/\",\"name\":\"Nonsolomusicamagazine\",\"description\":\"Dir. responsabile Manuel M Buccarella\",\"potentialAction\":[{\"@type\":\"SearchAction\",\"target\":{\"@type\":\"EntryPoint\",\"urlTemplate\":\"https:\\\/\\\/www.nonsolomusicamagazine.it\\\/?s={search_term_string}\"},\"query-input\":{\"@type\":\"PropertyValueSpecification\",\"valueRequired\":true,\"valueName\":\"search_term_string\"}}],\"inLanguage\":\"it-IT\"},{\"@type\":\"Person\",\"@id\":\"https:\\\/\\\/www.nonsolomusicamagazine.it\\\/#\\\/schema\\\/person\\\/a3349ad02300d046472d46cf6d31ae46\",\"name\":\"nonsolomusica\",\"image\":{\"@type\":\"ImageObject\",\"inLanguage\":\"it-IT\",\"@id\":\"https:\\\/\\\/www.nonsolomusicamagazine.it\\\/wp-content\\\/litespeed\\\/avatar\\\/3a675484bc84db6aba78d43bfc8b7197.jpg?ver=1776880798\",\"url\":\"https:\\\/\\\/www.nonsolomusicamagazine.it\\\/wp-content\\\/litespeed\\\/avatar\\\/3a675484bc84db6aba78d43bfc8b7197.jpg?ver=1776880798\",\"contentUrl\":\"https:\\\/\\\/www.nonsolomusicamagazine.it\\\/wp-content\\\/litespeed\\\/avatar\\\/3a675484bc84db6aba78d43bfc8b7197.jpg?ver=1776880798\",\"caption\":\"nonsolomusica\"},\"sameAs\":[\"https:\\\/\\\/www.nonsolomusicamagazine.it\"],\"url\":\"https:\\\/\\\/www.nonsolomusicamagazine.it\\\/?author=1\"}]}<\/script>\n<!-- \/ Yoast SEO plugin. -->","yoast_head_json":{"title":"I 65 anni di Morrissey - NonSoloMusicaMagazine","description":"I 65 anni di Morrissey","robots":{"index":"index","follow":"follow","max-snippet":"max-snippet:-1","max-image-preview":"max-image-preview:large","max-video-preview":"max-video-preview:-1"},"canonical":"https:\/\/www.nonsolomusicamagazine.it\/?p=6489","og_locale":"it_IT","og_type":"article","og_title":"I 65 anni di Morrissey - NonSoloMusicaMagazine","og_description":"I 65 anni di Morrissey","og_url":"https:\/\/www.nonsolomusicamagazine.it\/?p=6489","og_site_name":"NonSoloMusicaMagazine","article_published_time":"2024-05-22T20:12:40+00:00","article_modified_time":"2024-05-22T20:12:42+00:00","og_image":[{"width":259,"height":194,"url":"https:\/\/www.nonsolomusicamagazine.it\/wp-content\/uploads\/2024\/01\/images-51.jpeg","type":"image\/jpeg"}],"author":"nonsolomusica","twitter_card":"summary_large_image","twitter_misc":{"Scritto da":"nonsolomusica","Tempo di lettura stimato":"2 minuti"},"schema":{"@context":"https:\/\/schema.org","@graph":[{"@type":"Article","@id":"https:\/\/www.nonsolomusicamagazine.it\/?p=6489#article","isPartOf":{"@id":"https:\/\/www.nonsolomusicamagazine.it\/?p=6489"},"author":{"name":"nonsolomusica","@id":"https:\/\/www.nonsolomusicamagazine.it\/#\/schema\/person\/a3349ad02300d046472d46cf6d31ae46"},"headline":"I 65 anni di Morrissey","datePublished":"2024-05-22T20:12:40+00:00","dateModified":"2024-05-22T20:12:42+00:00","mainEntityOfPage":{"@id":"https:\/\/www.nonsolomusicamagazine.it\/?p=6489"},"wordCount":408,"commentCount":0,"image":{"@id":"https:\/\/www.nonsolomusicamagazine.it\/?p=6489#primaryimage"},"thumbnailUrl":"https:\/\/www.nonsolomusicamagazine.it\/wp-content\/uploads\/2024\/01\/images-51.jpeg","keywords":["Morrissey","Smiths"],"articleSection":["Musica"],"inLanguage":"it-IT","potentialAction":[{"@type":"CommentAction","name":"Comment","target":["https:\/\/www.nonsolomusicamagazine.it\/?p=6489#respond"]}]},{"@type":"WebPage","@id":"https:\/\/www.nonsolomusicamagazine.it\/?p=6489","url":"https:\/\/www.nonsolomusicamagazine.it\/?p=6489","name":"I 65 anni di Morrissey - NonSoloMusicaMagazine","isPartOf":{"@id":"https:\/\/www.nonsolomusicamagazine.it\/#website"},"primaryImageOfPage":{"@id":"https:\/\/www.nonsolomusicamagazine.it\/?p=6489#primaryimage"},"image":{"@id":"https:\/\/www.nonsolomusicamagazine.it\/?p=6489#primaryimage"},"thumbnailUrl":"https:\/\/www.nonsolomusicamagazine.it\/wp-content\/uploads\/2024\/01\/images-51.jpeg","datePublished":"2024-05-22T20:12:40+00:00","dateModified":"2024-05-22T20:12:42+00:00","author":{"@id":"https:\/\/www.nonsolomusicamagazine.it\/#\/schema\/person\/a3349ad02300d046472d46cf6d31ae46"},"description":"I 65 anni di Morrissey","breadcrumb":{"@id":"https:\/\/www.nonsolomusicamagazine.it\/?p=6489#breadcrumb"},"inLanguage":"it-IT","potentialAction":[{"@type":"ReadAction","target":["https:\/\/www.nonsolomusicamagazine.it\/?p=6489"]}]},{"@type":"ImageObject","inLanguage":"it-IT","@id":"https:\/\/www.nonsolomusicamagazine.it\/?p=6489#primaryimage","url":"https:\/\/www.nonsolomusicamagazine.it\/wp-content\/uploads\/2024\/01\/images-51.jpeg","contentUrl":"https:\/\/www.nonsolomusicamagazine.it\/wp-content\/uploads\/2024\/01\/images-51.jpeg","width":259,"height":194},{"@type":"BreadcrumbList","@id":"https:\/\/www.nonsolomusicamagazine.it\/?p=6489#breadcrumb","itemListElement":[{"@type":"ListItem","position":1,"name":"Home","item":"https:\/\/www.nonsolomusicamagazine.it\/"},{"@type":"ListItem","position":2,"name":"I 65 anni di Morrissey"}]},{"@type":"WebSite","@id":"https:\/\/www.nonsolomusicamagazine.it\/#website","url":"https:\/\/www.nonsolomusicamagazine.it\/","name":"Nonsolomusicamagazine","description":"Dir. responsabile Manuel M Buccarella","potentialAction":[{"@type":"SearchAction","target":{"@type":"EntryPoint","urlTemplate":"https:\/\/www.nonsolomusicamagazine.it\/?s={search_term_string}"},"query-input":{"@type":"PropertyValueSpecification","valueRequired":true,"valueName":"search_term_string"}}],"inLanguage":"it-IT"},{"@type":"Person","@id":"https:\/\/www.nonsolomusicamagazine.it\/#\/schema\/person\/a3349ad02300d046472d46cf6d31ae46","name":"nonsolomusica","image":{"@type":"ImageObject","inLanguage":"it-IT","@id":"https:\/\/www.nonsolomusicamagazine.it\/wp-content\/litespeed\/avatar\/3a675484bc84db6aba78d43bfc8b7197.jpg?ver=1776880798","url":"https:\/\/www.nonsolomusicamagazine.it\/wp-content\/litespeed\/avatar\/3a675484bc84db6aba78d43bfc8b7197.jpg?ver=1776880798","contentUrl":"https:\/\/www.nonsolomusicamagazine.it\/wp-content\/litespeed\/avatar\/3a675484bc84db6aba78d43bfc8b7197.jpg?ver=1776880798","caption":"nonsolomusica"},"sameAs":["https:\/\/www.nonsolomusicamagazine.it"],"url":"https:\/\/www.nonsolomusicamagazine.it\/?author=1"}]}},"amp_enabled":true,"_links":{"self":[{"href":"https:\/\/www.nonsolomusicamagazine.it\/index.php?rest_route=\/wp\/v2\/posts\/6489","targetHints":{"allow":["GET"]}}],"collection":[{"href":"https:\/\/www.nonsolomusicamagazine.it\/index.php?rest_route=\/wp\/v2\/posts"}],"about":[{"href":"https:\/\/www.nonsolomusicamagazine.it\/index.php?rest_route=\/wp\/v2\/types\/post"}],"author":[{"embeddable":true,"href":"https:\/\/www.nonsolomusicamagazine.it\/index.php?rest_route=\/wp\/v2\/users\/1"}],"replies":[{"embeddable":true,"href":"https:\/\/www.nonsolomusicamagazine.it\/index.php?rest_route=%2Fwp%2Fv2%2Fcomments&post=6489"}],"version-history":[{"count":0,"href":"https:\/\/www.nonsolomusicamagazine.it\/index.php?rest_route=\/wp\/v2\/posts\/6489\/revisions"}],"wp:featuredmedia":[{"embeddable":true,"href":"https:\/\/www.nonsolomusicamagazine.it\/index.php?rest_route=\/wp\/v2\/media\/5012"}],"wp:attachment":[{"href":"https:\/\/www.nonsolomusicamagazine.it\/index.php?rest_route=%2Fwp%2Fv2%2Fmedia&parent=6489"}],"wp:term":[{"taxonomy":"category","embeddable":true,"href":"https:\/\/www.nonsolomusicamagazine.it\/index.php?rest_route=%2Fwp%2Fv2%2Fcategories&post=6489"},{"taxonomy":"post_tag","embeddable":true,"href":"https:\/\/www.nonsolomusicamagazine.it\/index.php?rest_route=%2Fwp%2Fv2%2Ftags&post=6489"}],"curies":[{"name":"wp","href":"https:\/\/api.w.org\/{rel}","templated":true}]}}