{"id":6524,"date":"2024-06-08T15:53:04","date_gmt":"2024-06-08T15:53:04","guid":{"rendered":"https:\/\/www.nonsolomusicamagazine.it\/?p=6524"},"modified":"2024-06-08T15:55:22","modified_gmt":"2024-06-08T15:55:22","slug":"otranto-festival-di-arti-visive-a-sud-est-dal-21-giugno-al-31-agosto","status":"publish","type":"post","link":"https:\/\/www.nonsolomusicamagazine.it\/?p=6524","title":{"rendered":"Otranto, Festival di arti visive a Sud Est dal 21 giugno al 31 agosto."},"content":{"rendered":"\n<p class=\"has-text-align-center\"><strong>Massimo Barbano<\/strong><\/p>\n\n\n\n<p>Otranto si \u201cillumina\u201d di arte, con esposizioni fotografiche all\u2019aperto e in vari contenitori, talk, workshop e musica riempiranno le strade ed i palazzi dal 21 giugno al 31 agosto con il festival di arti visive a Sud Est organizzato dall\u2019associazione Fuori Fase Aps con la direzione artistica di Alessia Locatelli, il supporto del Comune di Otranto e il patrocinio della Regione Puglia. <\/p>\n\n\n\n<p>Fino al 7 luglio saranno presenti nei vicoli della cittadina anche le mostre gratuite. I palazzi ed i siti del centro storico si animeranno con fotografie e sintografie. Le principali location della rassegna saranno Palazzo Melorio (ex municipio), l\u2019ex chiesa dell\u2019Immacolata, il castello aragonese, lungomare Matteotti e lungomare degli eroi e Porto Badisco.<\/p>\n\n\n\n<p>L\u2019iniziativa precede un importante anniversario. Nel 2025 la fotografia compir\u00e0 200 anni nel corso dei quali ha fatto passi da gigante. Dove andr\u00e0 la fotografia nei prossimi 200 anni? Anche questo \u00e8 un tema del festival Fase. Dal digitale molta strada \u00e8 stata fatta e le sintografie aprono oggi nuove emozionanti sfide al mondo dell\u2019immagine d\u2019autore.<\/p>\n\n\n\n<p>I fotografi di questa edizione della rassegna saranno Gabriele Albergo, Francesca Cao, Lorenzo Cicconi Massi, Alessandro Gandolfi, Paolo Ferraina, Sara Munari, Ilaria Sagaria, Filippo Venturi.<\/p>\n\n\n\n<p>I workshop saranno di otto ore, riservati ad un massimo di 20 partecipanti e riguarderanno vari aspetti del fotogiornalismo.<\/p>\n\n\n\n<p>Il biglietto unico \u00e8 di 8 euro. Non pagano gli Under 14. Per i residenti ad Otranto biglietto ridotto a 5 euro. Le mostre nel paese sono gratuite.<\/p>\n\n\n","protected":false},"excerpt":{"rendered":"<p>Massimo Barbano Otranto si \u201cillumina\u201d di arte, con esposizioni fotografiche all\u2019aperto e in vari contenitori, talk, workshop e musica riempiranno le strade ed i palazzi dal 21 giugno al 31 agosto con il festival di arti visive a Sud Est organizzato dall\u2019associazione Fuori Fase Aps con la direzione artistica di Alessia Locatelli, il supporto del [&hellip;]<\/p>\n","protected":false},"author":1,"featured_media":6525,"comment_status":"open","ping_status":"closed","sticky":false,"template":"","format":"standard","meta":{"footnotes":""},"categories":[1069],"tags":[3321,2470,3320],"class_list":["post-6524","post","type-post","status-publish","format-standard","has-post-thumbnail","hentry","category-arte","tag-articolo-visive","tag-festival","tag-otranto"],"yoast_head":"<!-- This site is optimized with the Yoast SEO plugin v27.4 - https:\/\/yoast.com\/product\/yoast-seo-wordpress\/ -->\n<title>Otranto, Festival di arti visive a Sud Est dal 21 giugno al 31 agosto. - NonSoloMusicaMagazine<\/title>\n<meta name=\"description\" content=\"Otranto, Festival di arti visive a Sud Est dal 21 giugno al 31 agosto.\" \/>\n<meta name=\"robots\" content=\"index, follow, max-snippet:-1, max-image-preview:large, max-video-preview:-1\" \/>\n<link rel=\"canonical\" href=\"https:\/\/www.nonsolomusicamagazine.it\/?p=6524\" \/>\n<meta property=\"og:locale\" content=\"it_IT\" \/>\n<meta property=\"og:type\" content=\"article\" \/>\n<meta property=\"og:title\" content=\"Otranto, Festival di arti visive a Sud Est dal 21 giugno al 31 agosto. - NonSoloMusicaMagazine\" \/>\n<meta property=\"og:description\" content=\"Otranto, Festival di arti visive a Sud Est dal 21 giugno al 31 agosto.\" \/>\n<meta property=\"og:url\" content=\"https:\/\/www.nonsolomusicamagazine.it\/?p=6524\" \/>\n<meta property=\"og:site_name\" content=\"NonSoloMusicaMagazine\" \/>\n<meta property=\"article:published_time\" content=\"2024-06-08T15:53:04+00:00\" \/>\n<meta property=\"article:modified_time\" content=\"2024-06-08T15:55:22+00:00\" \/>\n<meta property=\"og:image\" content=\"https:\/\/www.nonsolomusicamagazine.it\/wp-content\/uploads\/2024\/06\/Festival-3.jpg\" \/>\n\t<meta property=\"og:image:width\" content=\"1300\" \/>\n\t<meta property=\"og:image:height\" content=\"865\" \/>\n\t<meta property=\"og:image:type\" content=\"image\/jpeg\" \/>\n<meta name=\"author\" content=\"nonsolomusica\" \/>\n<meta name=\"twitter:card\" content=\"summary_large_image\" \/>\n<meta name=\"twitter:label1\" content=\"Scritto da\" \/>\n\t<meta name=\"twitter:data1\" content=\"nonsolomusica\" \/>\n\t<meta name=\"twitter:label2\" content=\"Tempo di lettura stimato\" \/>\n\t<meta name=\"twitter:data2\" content=\"2 minuti\" \/>\n<script type=\"application\/ld+json\" class=\"yoast-schema-graph\">{\"@context\":\"https:\\\/\\\/schema.org\",\"@graph\":[{\"@type\":\"Article\",\"@id\":\"https:\\\/\\\/www.nonsolomusicamagazine.it\\\/?p=6524#article\",\"isPartOf\":{\"@id\":\"https:\\\/\\\/www.nonsolomusicamagazine.it\\\/?p=6524\"},\"author\":{\"name\":\"nonsolomusica\",\"@id\":\"https:\\\/\\\/www.nonsolomusicamagazine.it\\\/#\\\/schema\\\/person\\\/a3349ad02300d046472d46cf6d31ae46\"},\"headline\":\"Otranto, Festival di arti visive a Sud Est dal 21 giugno al 31 agosto.\",\"datePublished\":\"2024-06-08T15:53:04+00:00\",\"dateModified\":\"2024-06-08T15:55:22+00:00\",\"mainEntityOfPage\":{\"@id\":\"https:\\\/\\\/www.nonsolomusicamagazine.it\\\/?p=6524\"},\"wordCount\":251,\"commentCount\":0,\"image\":{\"@id\":\"https:\\\/\\\/www.nonsolomusicamagazine.it\\\/?p=6524#primaryimage\"},\"thumbnailUrl\":\"https:\\\/\\\/www.nonsolomusicamagazine.it\\\/wp-content\\\/uploads\\\/2024\\\/06\\\/Festival-3.jpg\",\"keywords\":[\"Articolo visive\",\"Festival\",\"Otranto\"],\"articleSection\":[\"Arte\"],\"inLanguage\":\"it-IT\",\"potentialAction\":[{\"@type\":\"CommentAction\",\"name\":\"Comment\",\"target\":[\"https:\\\/\\\/www.nonsolomusicamagazine.it\\\/?p=6524#respond\"]}]},{\"@type\":\"WebPage\",\"@id\":\"https:\\\/\\\/www.nonsolomusicamagazine.it\\\/?p=6524\",\"url\":\"https:\\\/\\\/www.nonsolomusicamagazine.it\\\/?p=6524\",\"name\":\"Otranto, Festival di arti visive a Sud Est dal 21 giugno al 31 agosto. - NonSoloMusicaMagazine\",\"isPartOf\":{\"@id\":\"https:\\\/\\\/www.nonsolomusicamagazine.it\\\/#website\"},\"primaryImageOfPage\":{\"@id\":\"https:\\\/\\\/www.nonsolomusicamagazine.it\\\/?p=6524#primaryimage\"},\"image\":{\"@id\":\"https:\\\/\\\/www.nonsolomusicamagazine.it\\\/?p=6524#primaryimage\"},\"thumbnailUrl\":\"https:\\\/\\\/www.nonsolomusicamagazine.it\\\/wp-content\\\/uploads\\\/2024\\\/06\\\/Festival-3.jpg\",\"datePublished\":\"2024-06-08T15:53:04+00:00\",\"dateModified\":\"2024-06-08T15:55:22+00:00\",\"author\":{\"@id\":\"https:\\\/\\\/www.nonsolomusicamagazine.it\\\/#\\\/schema\\\/person\\\/a3349ad02300d046472d46cf6d31ae46\"},\"description\":\"Otranto, Festival di arti visive a Sud Est dal 21 giugno al 31 agosto.\",\"breadcrumb\":{\"@id\":\"https:\\\/\\\/www.nonsolomusicamagazine.it\\\/?p=6524#breadcrumb\"},\"inLanguage\":\"it-IT\",\"potentialAction\":[{\"@type\":\"ReadAction\",\"target\":[\"https:\\\/\\\/www.nonsolomusicamagazine.it\\\/?p=6524\"]}]},{\"@type\":\"ImageObject\",\"inLanguage\":\"it-IT\",\"@id\":\"https:\\\/\\\/www.nonsolomusicamagazine.it\\\/?p=6524#primaryimage\",\"url\":\"https:\\\/\\\/www.nonsolomusicamagazine.it\\\/wp-content\\\/uploads\\\/2024\\\/06\\\/Festival-3.jpg\",\"contentUrl\":\"https:\\\/\\\/www.nonsolomusicamagazine.it\\\/wp-content\\\/uploads\\\/2024\\\/06\\\/Festival-3.jpg\",\"width\":1300,\"height\":865,\"caption\":\"Corrado Iacopi of Acquabianca Marmi (behind) checks with a quarryman the quality of a block of white marble in the Carcaraia Quarry (Lucca, Italy).\"},{\"@type\":\"BreadcrumbList\",\"@id\":\"https:\\\/\\\/www.nonsolomusicamagazine.it\\\/?p=6524#breadcrumb\",\"itemListElement\":[{\"@type\":\"ListItem\",\"position\":1,\"name\":\"Home\",\"item\":\"https:\\\/\\\/www.nonsolomusicamagazine.it\\\/\"},{\"@type\":\"ListItem\",\"position\":2,\"name\":\"Otranto, Festival di arti visive a Sud Est dal 21 giugno al 31 agosto.\"}]},{\"@type\":\"WebSite\",\"@id\":\"https:\\\/\\\/www.nonsolomusicamagazine.it\\\/#website\",\"url\":\"https:\\\/\\\/www.nonsolomusicamagazine.it\\\/\",\"name\":\"Nonsolomusicamagazine\",\"description\":\"Dir. responsabile Manuel M Buccarella\",\"potentialAction\":[{\"@type\":\"SearchAction\",\"target\":{\"@type\":\"EntryPoint\",\"urlTemplate\":\"https:\\\/\\\/www.nonsolomusicamagazine.it\\\/?s={search_term_string}\"},\"query-input\":{\"@type\":\"PropertyValueSpecification\",\"valueRequired\":true,\"valueName\":\"search_term_string\"}}],\"inLanguage\":\"it-IT\"},{\"@type\":\"Person\",\"@id\":\"https:\\\/\\\/www.nonsolomusicamagazine.it\\\/#\\\/schema\\\/person\\\/a3349ad02300d046472d46cf6d31ae46\",\"name\":\"nonsolomusica\",\"image\":{\"@type\":\"ImageObject\",\"inLanguage\":\"it-IT\",\"@id\":\"https:\\\/\\\/www.nonsolomusicamagazine.it\\\/wp-content\\\/litespeed\\\/avatar\\\/3a675484bc84db6aba78d43bfc8b7197.jpg?ver=1776880798\",\"url\":\"https:\\\/\\\/www.nonsolomusicamagazine.it\\\/wp-content\\\/litespeed\\\/avatar\\\/3a675484bc84db6aba78d43bfc8b7197.jpg?ver=1776880798\",\"contentUrl\":\"https:\\\/\\\/www.nonsolomusicamagazine.it\\\/wp-content\\\/litespeed\\\/avatar\\\/3a675484bc84db6aba78d43bfc8b7197.jpg?ver=1776880798\",\"caption\":\"nonsolomusica\"},\"sameAs\":[\"https:\\\/\\\/www.nonsolomusicamagazine.it\"],\"url\":\"https:\\\/\\\/www.nonsolomusicamagazine.it\\\/?author=1\"}]}<\/script>\n<!-- \/ Yoast SEO plugin. -->","yoast_head_json":{"title":"Otranto, Festival di arti visive a Sud Est dal 21 giugno al 31 agosto. - NonSoloMusicaMagazine","description":"Otranto, Festival di arti visive a Sud Est dal 21 giugno al 31 agosto.","robots":{"index":"index","follow":"follow","max-snippet":"max-snippet:-1","max-image-preview":"max-image-preview:large","max-video-preview":"max-video-preview:-1"},"canonical":"https:\/\/www.nonsolomusicamagazine.it\/?p=6524","og_locale":"it_IT","og_type":"article","og_title":"Otranto, Festival di arti visive a Sud Est dal 21 giugno al 31 agosto. - NonSoloMusicaMagazine","og_description":"Otranto, Festival di arti visive a Sud Est dal 21 giugno al 31 agosto.","og_url":"https:\/\/www.nonsolomusicamagazine.it\/?p=6524","og_site_name":"NonSoloMusicaMagazine","article_published_time":"2024-06-08T15:53:04+00:00","article_modified_time":"2024-06-08T15:55:22+00:00","og_image":[{"width":1300,"height":865,"url":"https:\/\/www.nonsolomusicamagazine.it\/wp-content\/uploads\/2024\/06\/Festival-3.jpg","type":"image\/jpeg"}],"author":"nonsolomusica","twitter_card":"summary_large_image","twitter_misc":{"Scritto da":"nonsolomusica","Tempo di lettura stimato":"2 minuti"},"schema":{"@context":"https:\/\/schema.org","@graph":[{"@type":"Article","@id":"https:\/\/www.nonsolomusicamagazine.it\/?p=6524#article","isPartOf":{"@id":"https:\/\/www.nonsolomusicamagazine.it\/?p=6524"},"author":{"name":"nonsolomusica","@id":"https:\/\/www.nonsolomusicamagazine.it\/#\/schema\/person\/a3349ad02300d046472d46cf6d31ae46"},"headline":"Otranto, Festival di arti visive a Sud Est dal 21 giugno al 31 agosto.","datePublished":"2024-06-08T15:53:04+00:00","dateModified":"2024-06-08T15:55:22+00:00","mainEntityOfPage":{"@id":"https:\/\/www.nonsolomusicamagazine.it\/?p=6524"},"wordCount":251,"commentCount":0,"image":{"@id":"https:\/\/www.nonsolomusicamagazine.it\/?p=6524#primaryimage"},"thumbnailUrl":"https:\/\/www.nonsolomusicamagazine.it\/wp-content\/uploads\/2024\/06\/Festival-3.jpg","keywords":["Articolo visive","Festival","Otranto"],"articleSection":["Arte"],"inLanguage":"it-IT","potentialAction":[{"@type":"CommentAction","name":"Comment","target":["https:\/\/www.nonsolomusicamagazine.it\/?p=6524#respond"]}]},{"@type":"WebPage","@id":"https:\/\/www.nonsolomusicamagazine.it\/?p=6524","url":"https:\/\/www.nonsolomusicamagazine.it\/?p=6524","name":"Otranto, Festival di arti visive a Sud Est dal 21 giugno al 31 agosto. - NonSoloMusicaMagazine","isPartOf":{"@id":"https:\/\/www.nonsolomusicamagazine.it\/#website"},"primaryImageOfPage":{"@id":"https:\/\/www.nonsolomusicamagazine.it\/?p=6524#primaryimage"},"image":{"@id":"https:\/\/www.nonsolomusicamagazine.it\/?p=6524#primaryimage"},"thumbnailUrl":"https:\/\/www.nonsolomusicamagazine.it\/wp-content\/uploads\/2024\/06\/Festival-3.jpg","datePublished":"2024-06-08T15:53:04+00:00","dateModified":"2024-06-08T15:55:22+00:00","author":{"@id":"https:\/\/www.nonsolomusicamagazine.it\/#\/schema\/person\/a3349ad02300d046472d46cf6d31ae46"},"description":"Otranto, Festival di arti visive a Sud Est dal 21 giugno al 31 agosto.","breadcrumb":{"@id":"https:\/\/www.nonsolomusicamagazine.it\/?p=6524#breadcrumb"},"inLanguage":"it-IT","potentialAction":[{"@type":"ReadAction","target":["https:\/\/www.nonsolomusicamagazine.it\/?p=6524"]}]},{"@type":"ImageObject","inLanguage":"it-IT","@id":"https:\/\/www.nonsolomusicamagazine.it\/?p=6524#primaryimage","url":"https:\/\/www.nonsolomusicamagazine.it\/wp-content\/uploads\/2024\/06\/Festival-3.jpg","contentUrl":"https:\/\/www.nonsolomusicamagazine.it\/wp-content\/uploads\/2024\/06\/Festival-3.jpg","width":1300,"height":865,"caption":"Corrado Iacopi of Acquabianca Marmi (behind) checks with a quarryman the quality of a block of white marble in the Carcaraia Quarry (Lucca, Italy)."},{"@type":"BreadcrumbList","@id":"https:\/\/www.nonsolomusicamagazine.it\/?p=6524#breadcrumb","itemListElement":[{"@type":"ListItem","position":1,"name":"Home","item":"https:\/\/www.nonsolomusicamagazine.it\/"},{"@type":"ListItem","position":2,"name":"Otranto, Festival di arti visive a Sud Est dal 21 giugno al 31 agosto."}]},{"@type":"WebSite","@id":"https:\/\/www.nonsolomusicamagazine.it\/#website","url":"https:\/\/www.nonsolomusicamagazine.it\/","name":"Nonsolomusicamagazine","description":"Dir. responsabile Manuel M Buccarella","potentialAction":[{"@type":"SearchAction","target":{"@type":"EntryPoint","urlTemplate":"https:\/\/www.nonsolomusicamagazine.it\/?s={search_term_string}"},"query-input":{"@type":"PropertyValueSpecification","valueRequired":true,"valueName":"search_term_string"}}],"inLanguage":"it-IT"},{"@type":"Person","@id":"https:\/\/www.nonsolomusicamagazine.it\/#\/schema\/person\/a3349ad02300d046472d46cf6d31ae46","name":"nonsolomusica","image":{"@type":"ImageObject","inLanguage":"it-IT","@id":"https:\/\/www.nonsolomusicamagazine.it\/wp-content\/litespeed\/avatar\/3a675484bc84db6aba78d43bfc8b7197.jpg?ver=1776880798","url":"https:\/\/www.nonsolomusicamagazine.it\/wp-content\/litespeed\/avatar\/3a675484bc84db6aba78d43bfc8b7197.jpg?ver=1776880798","contentUrl":"https:\/\/www.nonsolomusicamagazine.it\/wp-content\/litespeed\/avatar\/3a675484bc84db6aba78d43bfc8b7197.jpg?ver=1776880798","caption":"nonsolomusica"},"sameAs":["https:\/\/www.nonsolomusicamagazine.it"],"url":"https:\/\/www.nonsolomusicamagazine.it\/?author=1"}]}},"amp_enabled":true,"_links":{"self":[{"href":"https:\/\/www.nonsolomusicamagazine.it\/index.php?rest_route=\/wp\/v2\/posts\/6524","targetHints":{"allow":["GET"]}}],"collection":[{"href":"https:\/\/www.nonsolomusicamagazine.it\/index.php?rest_route=\/wp\/v2\/posts"}],"about":[{"href":"https:\/\/www.nonsolomusicamagazine.it\/index.php?rest_route=\/wp\/v2\/types\/post"}],"author":[{"embeddable":true,"href":"https:\/\/www.nonsolomusicamagazine.it\/index.php?rest_route=\/wp\/v2\/users\/1"}],"replies":[{"embeddable":true,"href":"https:\/\/www.nonsolomusicamagazine.it\/index.php?rest_route=%2Fwp%2Fv2%2Fcomments&post=6524"}],"version-history":[{"count":0,"href":"https:\/\/www.nonsolomusicamagazine.it\/index.php?rest_route=\/wp\/v2\/posts\/6524\/revisions"}],"wp:featuredmedia":[{"embeddable":true,"href":"https:\/\/www.nonsolomusicamagazine.it\/index.php?rest_route=\/wp\/v2\/media\/6525"}],"wp:attachment":[{"href":"https:\/\/www.nonsolomusicamagazine.it\/index.php?rest_route=%2Fwp%2Fv2%2Fmedia&parent=6524"}],"wp:term":[{"taxonomy":"category","embeddable":true,"href":"https:\/\/www.nonsolomusicamagazine.it\/index.php?rest_route=%2Fwp%2Fv2%2Fcategories&post=6524"},{"taxonomy":"post_tag","embeddable":true,"href":"https:\/\/www.nonsolomusicamagazine.it\/index.php?rest_route=%2Fwp%2Fv2%2Ftags&post=6524"}],"curies":[{"name":"wp","href":"https:\/\/api.w.org\/{rel}","templated":true}]}}