{"id":6530,"date":"2024-06-08T16:40:00","date_gmt":"2024-06-08T16:40:00","guid":{"rendered":"https:\/\/www.nonsolomusicamagazine.it\/?p=6530"},"modified":"2024-06-08T16:40:01","modified_gmt":"2024-06-08T16:40:01","slug":"bambini-uccisi-dalle-bombe-di-israele-i-media-italiani-non-ne-parlano","status":"publish","type":"post","link":"https:\/\/www.nonsolomusicamagazine.it\/?p=6530","title":{"rendered":"Bambini uccisi dalle bombe di Israele. I media italiani non ne parlano"},"content":{"rendered":"\n<p>(dalla pagina Facebook di Alessandro Di Battista)<\/p>\n\n\n\n<p>Quasi tutti i giornali italiani sono pieni dei volti, dei nomi e delle storie dei 4 ostaggi israeliani tornati in libert\u00e0 (io sono contento che siano liberi allo stesso tempo considero il blitz dell\u2019esercito israeliano una oscena operazione di terrorismo di Stato viste le oltre 200 vittime palestinesi &#8211; soprattutto bambini e ragazzi &#8211; provocate dall\u2019artiglieria). <\/p>\n\n\n\n<p>Purtroppo gli stessi giornali non raccontano le storie e non pubblicano i nomi delle vittime palestinesi, e non certo perch\u00e9 sono troppe. Perch\u00e9 farlo distruggerebbe la propaganda israeliana in un secondo. Io provo, nel mio piccolo, a fare la mia parte.<\/p>\n\n\n\n<p>Ebbene questo \u00e8 il volto del piccolo bambino decapitato dai terroristi israeliani alcuni giorni fa. Si chiamava Ahmed Al-Najjar e aveva 18 mesi. L\u2019informazione occidentale non \u00e8 affatto libera. Altrimenti ogni giorno mostrerebbe le immagini delle vittime del terrorismo israeliano, dei coloni fanatici che occupano terre e case altrui o racconterebbe le storie delle migliaia di ostaggi palestinesi in mano ad Israele. Migliaia di ostaggi. Perch\u00e9 non sono prigionieri. Sono ostaggi. Questa ahim\u00e8 \u00e8 la pura verit\u00e0.<\/p>\n\n\n\n<p><\/p>\n","protected":false},"excerpt":{"rendered":"<p>(dalla pagina Facebook di Alessandro Di Battista) Quasi tutti i giornali italiani sono pieni dei volti, dei nomi e delle storie dei 4 ostaggi israeliani tornati in libert\u00e0 (io sono contento che siano liberi allo stesso tempo considero il blitz dell\u2019esercito israeliano una oscena operazione di terrorismo di Stato viste le oltre 200 vittime palestinesi [&hellip;]<\/p>\n","protected":false},"author":1,"featured_media":6531,"comment_status":"open","ping_status":"closed","sticky":false,"template":"","format":"standard","meta":{"footnotes":""},"categories":[6],"tags":[627,2217,216,217],"class_list":["post-6530","post","type-post","status-publish","format-standard","has-post-thumbnail","hentry","category-esteri","tag-gaza","tag-genocidio","tag-israele","tag-palestina"],"yoast_head":"<!-- This site is optimized with the Yoast SEO plugin v27.4 - https:\/\/yoast.com\/product\/yoast-seo-wordpress\/ -->\n<title>Bambini uccisi dalle bombe di Israele. I media italiani non ne parlano - NonSoloMusicaMagazine<\/title>\n<meta name=\"description\" content=\"Bambini uccisi dalle bombe di Israele. I media italiani non ne parlano\" \/>\n<meta name=\"robots\" content=\"index, follow, max-snippet:-1, max-image-preview:large, max-video-preview:-1\" \/>\n<link rel=\"canonical\" href=\"https:\/\/www.nonsolomusicamagazine.it\/?p=6530\" \/>\n<meta property=\"og:locale\" content=\"it_IT\" \/>\n<meta property=\"og:type\" content=\"article\" \/>\n<meta property=\"og:title\" content=\"Bambini uccisi dalle bombe di Israele. I media italiani non ne parlano - NonSoloMusicaMagazine\" \/>\n<meta property=\"og:description\" content=\"Bambini uccisi dalle bombe di Israele. I media italiani non ne parlano\" \/>\n<meta property=\"og:url\" content=\"https:\/\/www.nonsolomusicamagazine.it\/?p=6530\" \/>\n<meta property=\"og:site_name\" content=\"NonSoloMusicaMagazine\" \/>\n<meta property=\"article:published_time\" content=\"2024-06-08T16:40:00+00:00\" \/>\n<meta property=\"article:modified_time\" content=\"2024-06-08T16:40:01+00:00\" \/>\n<meta property=\"og:image\" content=\"https:\/\/www.nonsolomusicamagazine.it\/wp-content\/uploads\/2024\/06\/FB_IMG_1717864700505.jpg\" \/>\n\t<meta property=\"og:image:width\" content=\"720\" \/>\n\t<meta property=\"og:image:height\" content=\"797\" \/>\n\t<meta property=\"og:image:type\" content=\"image\/jpeg\" \/>\n<meta name=\"author\" content=\"nonsolomusica\" \/>\n<meta name=\"twitter:card\" content=\"summary_large_image\" \/>\n<meta name=\"twitter:label1\" content=\"Scritto da\" \/>\n\t<meta name=\"twitter:data1\" content=\"nonsolomusica\" \/>\n\t<meta name=\"twitter:label2\" content=\"Tempo di lettura stimato\" \/>\n\t<meta name=\"twitter:data2\" content=\"1 minuto\" \/>\n<script type=\"application\/ld+json\" class=\"yoast-schema-graph\">{\"@context\":\"https:\\\/\\\/schema.org\",\"@graph\":[{\"@type\":\"Article\",\"@id\":\"https:\\\/\\\/www.nonsolomusicamagazine.it\\\/?p=6530#article\",\"isPartOf\":{\"@id\":\"https:\\\/\\\/www.nonsolomusicamagazine.it\\\/?p=6530\"},\"author\":{\"name\":\"nonsolomusica\",\"@id\":\"https:\\\/\\\/www.nonsolomusicamagazine.it\\\/#\\\/schema\\\/person\\\/a3349ad02300d046472d46cf6d31ae46\"},\"headline\":\"Bambini uccisi dalle bombe di Israele. I media italiani non ne parlano\",\"datePublished\":\"2024-06-08T16:40:00+00:00\",\"dateModified\":\"2024-06-08T16:40:01+00:00\",\"mainEntityOfPage\":{\"@id\":\"https:\\\/\\\/www.nonsolomusicamagazine.it\\\/?p=6530\"},\"wordCount\":190,\"commentCount\":0,\"image\":{\"@id\":\"https:\\\/\\\/www.nonsolomusicamagazine.it\\\/?p=6530#primaryimage\"},\"thumbnailUrl\":\"https:\\\/\\\/www.nonsolomusicamagazine.it\\\/wp-content\\\/uploads\\\/2024\\\/06\\\/FB_IMG_1717864700505.jpg\",\"keywords\":[\"Gaza\",\"Genocidio\",\"Israele\",\"Palestina\"],\"articleSection\":[\"Esteri\"],\"inLanguage\":\"it-IT\",\"potentialAction\":[{\"@type\":\"CommentAction\",\"name\":\"Comment\",\"target\":[\"https:\\\/\\\/www.nonsolomusicamagazine.it\\\/?p=6530#respond\"]}]},{\"@type\":\"WebPage\",\"@id\":\"https:\\\/\\\/www.nonsolomusicamagazine.it\\\/?p=6530\",\"url\":\"https:\\\/\\\/www.nonsolomusicamagazine.it\\\/?p=6530\",\"name\":\"Bambini uccisi dalle bombe di Israele. I media italiani non ne parlano - NonSoloMusicaMagazine\",\"isPartOf\":{\"@id\":\"https:\\\/\\\/www.nonsolomusicamagazine.it\\\/#website\"},\"primaryImageOfPage\":{\"@id\":\"https:\\\/\\\/www.nonsolomusicamagazine.it\\\/?p=6530#primaryimage\"},\"image\":{\"@id\":\"https:\\\/\\\/www.nonsolomusicamagazine.it\\\/?p=6530#primaryimage\"},\"thumbnailUrl\":\"https:\\\/\\\/www.nonsolomusicamagazine.it\\\/wp-content\\\/uploads\\\/2024\\\/06\\\/FB_IMG_1717864700505.jpg\",\"datePublished\":\"2024-06-08T16:40:00+00:00\",\"dateModified\":\"2024-06-08T16:40:01+00:00\",\"author\":{\"@id\":\"https:\\\/\\\/www.nonsolomusicamagazine.it\\\/#\\\/schema\\\/person\\\/a3349ad02300d046472d46cf6d31ae46\"},\"description\":\"Bambini uccisi dalle bombe di Israele. I media italiani non ne parlano\",\"breadcrumb\":{\"@id\":\"https:\\\/\\\/www.nonsolomusicamagazine.it\\\/?p=6530#breadcrumb\"},\"inLanguage\":\"it-IT\",\"potentialAction\":[{\"@type\":\"ReadAction\",\"target\":[\"https:\\\/\\\/www.nonsolomusicamagazine.it\\\/?p=6530\"]}]},{\"@type\":\"ImageObject\",\"inLanguage\":\"it-IT\",\"@id\":\"https:\\\/\\\/www.nonsolomusicamagazine.it\\\/?p=6530#primaryimage\",\"url\":\"https:\\\/\\\/www.nonsolomusicamagazine.it\\\/wp-content\\\/uploads\\\/2024\\\/06\\\/FB_IMG_1717864700505.jpg\",\"contentUrl\":\"https:\\\/\\\/www.nonsolomusicamagazine.it\\\/wp-content\\\/uploads\\\/2024\\\/06\\\/FB_IMG_1717864700505.jpg\",\"width\":720,\"height\":797},{\"@type\":\"BreadcrumbList\",\"@id\":\"https:\\\/\\\/www.nonsolomusicamagazine.it\\\/?p=6530#breadcrumb\",\"itemListElement\":[{\"@type\":\"ListItem\",\"position\":1,\"name\":\"Home\",\"item\":\"https:\\\/\\\/www.nonsolomusicamagazine.it\\\/\"},{\"@type\":\"ListItem\",\"position\":2,\"name\":\"Bambini uccisi dalle bombe di Israele. I media italiani non ne parlano\"}]},{\"@type\":\"WebSite\",\"@id\":\"https:\\\/\\\/www.nonsolomusicamagazine.it\\\/#website\",\"url\":\"https:\\\/\\\/www.nonsolomusicamagazine.it\\\/\",\"name\":\"Nonsolomusicamagazine\",\"description\":\"Dir. responsabile Manuel M Buccarella\",\"potentialAction\":[{\"@type\":\"SearchAction\",\"target\":{\"@type\":\"EntryPoint\",\"urlTemplate\":\"https:\\\/\\\/www.nonsolomusicamagazine.it\\\/?s={search_term_string}\"},\"query-input\":{\"@type\":\"PropertyValueSpecification\",\"valueRequired\":true,\"valueName\":\"search_term_string\"}}],\"inLanguage\":\"it-IT\"},{\"@type\":\"Person\",\"@id\":\"https:\\\/\\\/www.nonsolomusicamagazine.it\\\/#\\\/schema\\\/person\\\/a3349ad02300d046472d46cf6d31ae46\",\"name\":\"nonsolomusica\",\"image\":{\"@type\":\"ImageObject\",\"inLanguage\":\"it-IT\",\"@id\":\"https:\\\/\\\/www.nonsolomusicamagazine.it\\\/wp-content\\\/litespeed\\\/avatar\\\/3a675484bc84db6aba78d43bfc8b7197.jpg?ver=1776880798\",\"url\":\"https:\\\/\\\/www.nonsolomusicamagazine.it\\\/wp-content\\\/litespeed\\\/avatar\\\/3a675484bc84db6aba78d43bfc8b7197.jpg?ver=1776880798\",\"contentUrl\":\"https:\\\/\\\/www.nonsolomusicamagazine.it\\\/wp-content\\\/litespeed\\\/avatar\\\/3a675484bc84db6aba78d43bfc8b7197.jpg?ver=1776880798\",\"caption\":\"nonsolomusica\"},\"sameAs\":[\"https:\\\/\\\/www.nonsolomusicamagazine.it\"],\"url\":\"https:\\\/\\\/www.nonsolomusicamagazine.it\\\/?author=1\"}]}<\/script>\n<!-- \/ Yoast SEO plugin. -->","yoast_head_json":{"title":"Bambini uccisi dalle bombe di Israele. I media italiani non ne parlano - NonSoloMusicaMagazine","description":"Bambini uccisi dalle bombe di Israele. I media italiani non ne parlano","robots":{"index":"index","follow":"follow","max-snippet":"max-snippet:-1","max-image-preview":"max-image-preview:large","max-video-preview":"max-video-preview:-1"},"canonical":"https:\/\/www.nonsolomusicamagazine.it\/?p=6530","og_locale":"it_IT","og_type":"article","og_title":"Bambini uccisi dalle bombe di Israele. I media italiani non ne parlano - NonSoloMusicaMagazine","og_description":"Bambini uccisi dalle bombe di Israele. I media italiani non ne parlano","og_url":"https:\/\/www.nonsolomusicamagazine.it\/?p=6530","og_site_name":"NonSoloMusicaMagazine","article_published_time":"2024-06-08T16:40:00+00:00","article_modified_time":"2024-06-08T16:40:01+00:00","og_image":[{"width":720,"height":797,"url":"https:\/\/www.nonsolomusicamagazine.it\/wp-content\/uploads\/2024\/06\/FB_IMG_1717864700505.jpg","type":"image\/jpeg"}],"author":"nonsolomusica","twitter_card":"summary_large_image","twitter_misc":{"Scritto da":"nonsolomusica","Tempo di lettura stimato":"1 minuto"},"schema":{"@context":"https:\/\/schema.org","@graph":[{"@type":"Article","@id":"https:\/\/www.nonsolomusicamagazine.it\/?p=6530#article","isPartOf":{"@id":"https:\/\/www.nonsolomusicamagazine.it\/?p=6530"},"author":{"name":"nonsolomusica","@id":"https:\/\/www.nonsolomusicamagazine.it\/#\/schema\/person\/a3349ad02300d046472d46cf6d31ae46"},"headline":"Bambini uccisi dalle bombe di Israele. I media italiani non ne parlano","datePublished":"2024-06-08T16:40:00+00:00","dateModified":"2024-06-08T16:40:01+00:00","mainEntityOfPage":{"@id":"https:\/\/www.nonsolomusicamagazine.it\/?p=6530"},"wordCount":190,"commentCount":0,"image":{"@id":"https:\/\/www.nonsolomusicamagazine.it\/?p=6530#primaryimage"},"thumbnailUrl":"https:\/\/www.nonsolomusicamagazine.it\/wp-content\/uploads\/2024\/06\/FB_IMG_1717864700505.jpg","keywords":["Gaza","Genocidio","Israele","Palestina"],"articleSection":["Esteri"],"inLanguage":"it-IT","potentialAction":[{"@type":"CommentAction","name":"Comment","target":["https:\/\/www.nonsolomusicamagazine.it\/?p=6530#respond"]}]},{"@type":"WebPage","@id":"https:\/\/www.nonsolomusicamagazine.it\/?p=6530","url":"https:\/\/www.nonsolomusicamagazine.it\/?p=6530","name":"Bambini uccisi dalle bombe di Israele. I media italiani non ne parlano - NonSoloMusicaMagazine","isPartOf":{"@id":"https:\/\/www.nonsolomusicamagazine.it\/#website"},"primaryImageOfPage":{"@id":"https:\/\/www.nonsolomusicamagazine.it\/?p=6530#primaryimage"},"image":{"@id":"https:\/\/www.nonsolomusicamagazine.it\/?p=6530#primaryimage"},"thumbnailUrl":"https:\/\/www.nonsolomusicamagazine.it\/wp-content\/uploads\/2024\/06\/FB_IMG_1717864700505.jpg","datePublished":"2024-06-08T16:40:00+00:00","dateModified":"2024-06-08T16:40:01+00:00","author":{"@id":"https:\/\/www.nonsolomusicamagazine.it\/#\/schema\/person\/a3349ad02300d046472d46cf6d31ae46"},"description":"Bambini uccisi dalle bombe di Israele. I media italiani non ne parlano","breadcrumb":{"@id":"https:\/\/www.nonsolomusicamagazine.it\/?p=6530#breadcrumb"},"inLanguage":"it-IT","potentialAction":[{"@type":"ReadAction","target":["https:\/\/www.nonsolomusicamagazine.it\/?p=6530"]}]},{"@type":"ImageObject","inLanguage":"it-IT","@id":"https:\/\/www.nonsolomusicamagazine.it\/?p=6530#primaryimage","url":"https:\/\/www.nonsolomusicamagazine.it\/wp-content\/uploads\/2024\/06\/FB_IMG_1717864700505.jpg","contentUrl":"https:\/\/www.nonsolomusicamagazine.it\/wp-content\/uploads\/2024\/06\/FB_IMG_1717864700505.jpg","width":720,"height":797},{"@type":"BreadcrumbList","@id":"https:\/\/www.nonsolomusicamagazine.it\/?p=6530#breadcrumb","itemListElement":[{"@type":"ListItem","position":1,"name":"Home","item":"https:\/\/www.nonsolomusicamagazine.it\/"},{"@type":"ListItem","position":2,"name":"Bambini uccisi dalle bombe di Israele. I media italiani non ne parlano"}]},{"@type":"WebSite","@id":"https:\/\/www.nonsolomusicamagazine.it\/#website","url":"https:\/\/www.nonsolomusicamagazine.it\/","name":"Nonsolomusicamagazine","description":"Dir. responsabile Manuel M Buccarella","potentialAction":[{"@type":"SearchAction","target":{"@type":"EntryPoint","urlTemplate":"https:\/\/www.nonsolomusicamagazine.it\/?s={search_term_string}"},"query-input":{"@type":"PropertyValueSpecification","valueRequired":true,"valueName":"search_term_string"}}],"inLanguage":"it-IT"},{"@type":"Person","@id":"https:\/\/www.nonsolomusicamagazine.it\/#\/schema\/person\/a3349ad02300d046472d46cf6d31ae46","name":"nonsolomusica","image":{"@type":"ImageObject","inLanguage":"it-IT","@id":"https:\/\/www.nonsolomusicamagazine.it\/wp-content\/litespeed\/avatar\/3a675484bc84db6aba78d43bfc8b7197.jpg?ver=1776880798","url":"https:\/\/www.nonsolomusicamagazine.it\/wp-content\/litespeed\/avatar\/3a675484bc84db6aba78d43bfc8b7197.jpg?ver=1776880798","contentUrl":"https:\/\/www.nonsolomusicamagazine.it\/wp-content\/litespeed\/avatar\/3a675484bc84db6aba78d43bfc8b7197.jpg?ver=1776880798","caption":"nonsolomusica"},"sameAs":["https:\/\/www.nonsolomusicamagazine.it"],"url":"https:\/\/www.nonsolomusicamagazine.it\/?author=1"}]}},"amp_enabled":true,"_links":{"self":[{"href":"https:\/\/www.nonsolomusicamagazine.it\/index.php?rest_route=\/wp\/v2\/posts\/6530","targetHints":{"allow":["GET"]}}],"collection":[{"href":"https:\/\/www.nonsolomusicamagazine.it\/index.php?rest_route=\/wp\/v2\/posts"}],"about":[{"href":"https:\/\/www.nonsolomusicamagazine.it\/index.php?rest_route=\/wp\/v2\/types\/post"}],"author":[{"embeddable":true,"href":"https:\/\/www.nonsolomusicamagazine.it\/index.php?rest_route=\/wp\/v2\/users\/1"}],"replies":[{"embeddable":true,"href":"https:\/\/www.nonsolomusicamagazine.it\/index.php?rest_route=%2Fwp%2Fv2%2Fcomments&post=6530"}],"version-history":[{"count":0,"href":"https:\/\/www.nonsolomusicamagazine.it\/index.php?rest_route=\/wp\/v2\/posts\/6530\/revisions"}],"wp:featuredmedia":[{"embeddable":true,"href":"https:\/\/www.nonsolomusicamagazine.it\/index.php?rest_route=\/wp\/v2\/media\/6531"}],"wp:attachment":[{"href":"https:\/\/www.nonsolomusicamagazine.it\/index.php?rest_route=%2Fwp%2Fv2%2Fmedia&parent=6530"}],"wp:term":[{"taxonomy":"category","embeddable":true,"href":"https:\/\/www.nonsolomusicamagazine.it\/index.php?rest_route=%2Fwp%2Fv2%2Fcategories&post=6530"},{"taxonomy":"post_tag","embeddable":true,"href":"https:\/\/www.nonsolomusicamagazine.it\/index.php?rest_route=%2Fwp%2Fv2%2Ftags&post=6530"}],"curies":[{"name":"wp","href":"https:\/\/api.w.org\/{rel}","templated":true}]}}