{"id":6553,"date":"2024-06-21T18:48:09","date_gmt":"2024-06-21T18:48:09","guid":{"rendered":"https:\/\/www.nonsolomusicamagazine.it\/?p=6553"},"modified":"2024-06-21T18:48:10","modified_gmt":"2024-06-21T18:48:10","slug":"approvato-il-ddl-calderoli-sullautonomia-differenziata-gravi-rischi-per-le-regioni-meridionali-arriva-anche-la-bocciatura-della-commissione-ue","status":"publish","type":"post","link":"https:\/\/www.nonsolomusicamagazine.it\/?p=6553","title":{"rendered":"Approvato il ddl Calderoli sull&#8217;autonomia differenziata. Gravi rischi per le regioni meridionali . Arriva anche la bocciatura della Commissione Ue."},"content":{"rendered":"\n<p class=\"has-text-align-center\"><em>ma.bu.<\/em><\/p>\n\n\n\n<p>Il ddl Calderoli, approvato dalle Camere negli scorsi giorni, introduce nell&#8217; ordinamento italiano l'&#8221;autonomia differenziata&#8221;.<\/p>\n\n\n\n<p>La legge si compone di 11 articoli e definisce i principi generali e le procedure delle intese tra lo Stato e le Regioni per l&#8217;attribuzione, o le revoche, di ulteriori forme di autonomia (Applicazione del terzo comma dell&#8217;articolo 116 della Costituzione). Il testo stabilisce, tra l&#8217;altro, che l&#8217;attribuzione di funzioni riferibili ai diritti civili e sociali, garantiti equamente su tutto il territorio nazionale, \u00e8 consentita subordinatamente alla determinazione dei livelli essenziali delle prestazioni (Lep), che ancora per\u00f2 non sono stati individuati. Il negoziato per l&#8217;attribuzione di nuove funzioni, secondo il ddl Calderoli, viene proposto dalla Regione interessata al presidente del Consiglio e al ministro per gli Affari regionali.Il presidente del Consiglio pu\u00f2 limitare l&#8217;oggetto del negoziato relegandolo ad alcune materie. <\/p>\n\n\n\n<p>L&#8217;autonomia differenziata interesser\u00e0 23 materie, 3 esclusive dello Stato, ai sensi del secondo comma dell&#8217;articolo 117, e le altre 20 materie concorrenti non sono state introdotte dalla legge in discussione, ma nascono dal combinato disposto dell&#8217;articolo 116, terzo comma, e dell&#8217;articolo 117, secondo e terzo comma. Tra queste emergono Salute, Istruzione, Sport, Ambiente, Energia, Trasporti, Cultura e Commercio Estero.<\/p>\n\n\n\n<p>Il trasferimento delle materie sar\u00e0 possibile solo successivamente alla determinazione dei Lep e nei limiti delle risorse rese disponibili in legge di bilancio. Senza determinazione di Lep e loro finanziamento non sar\u00e0 possibile per una Regione ottenere un livello maggiore di Autonomia.<\/p>\n\n\n\n<p>Il governo avr\u00e0 24 mesi per determinare i Lep. Le regioni meridionali paiono danneggiate dal nuovo sistema. La nuova legge verr\u00e0 impugnata davanti alla Corte Costituzionale da diverse regioni, dalla Campania alla Sardegna. Il Movimento 5 Stelle intanto ha scritto al Presidente della Repubblica affinch\u00e9 non promulghi la legge perch\u00e9 incostituzionale, violando i principi di unit\u00e0 ed indivisibilit\u00e0 della Repubblica, di solidariet\u00e0 etc.<\/p>\n\n\n\n<h5 class=\"wp-block-heading\">La bocciatura della Commissione Europea.<\/h5>\n\n\n\n<p>La Commissione Ue ha\u00a0bocciato\u00a0la\u00a0riforma\u00a0dopo il passaggio in Parlamento. L\u2019Unione ha redatto un documento in cui ha richiamato l\u2019Italia e il proprio governo dopo la decisione presa, con una serie di raccomandazioni sulle politiche economiche, sociali, occupazionali, strutturali e di bilancio prese. l\u2019Ue ha definito quella in atto una vera e propria \u201cdevolution\u201d che ha il rischio di portare una spaccatura all\u2019interno del Paese, con l\u2019acuirsi delle disuguaglianze tra Nord e Sud.<\/p>\n\n\n\n<p>L\u2019Ue definisce quella in atto come una \u201c<strong>devolution<\/strong>\u00a0di ulteriori competenze alle regioni italiane\u201d che \u201ccomporta rischi per la coesione e le finanze pubbliche del Paese\u201d. Il pericolo, tra l\u2019altro, \u00e8 di \u201c<strong>disuguaglianze tra le regioni<\/strong>\u201c, col disegno di legge sull\u2019autonomia che \u201cinclude alcune tutele per le finanze pubbliche, come le valutazioni periodiche delle capacit\u00e0 fiscali regionali e i requisiti per i contributi regionali per raggiungere gli obiettivi fiscali nazionali\u201d.<\/p>\n\n\n\n<p>\u201cTuttavia sebbene assegni specifiche prerogative al governo nel processo negoziale, non fornisce alcun quadro comune per valutare le richieste regionali di competenze aggiuntive\u201d, osserva Bruxelles, mettendo in luce che \u201cle regioni potranno cos\u00ec richiedere competenze aggiuntive solo una volta definiti i corrispondenti \u2018livelli essenziali di servizi\u2019 (Lep)\u201d.<\/p>\n","protected":false},"excerpt":{"rendered":"<p>ma.bu. Il ddl Calderoli, approvato dalle Camere negli scorsi giorni, introduce nell&#8217; ordinamento italiano l&#8217;&#8221;autonomia differenziata&#8221;. La legge si compone di 11 articoli e definisce i principi generali e le procedure delle intese tra lo Stato e le Regioni per l&#8217;attribuzione, o le revoche, di ulteriori forme di autonomia (Applicazione del terzo comma dell&#8217;articolo 116 [&hellip;]<\/p>\n","protected":false},"author":1,"featured_media":5838,"comment_status":"open","ping_status":"closed","sticky":false,"template":"","format":"standard","meta":{"footnotes":""},"categories":[5],"tags":[2753,2754,114,2756],"class_list":["post-6553","post","type-post","status-publish","format-standard","has-post-thumbnail","hentry","category-politica","tag-autonomia-differenziata","tag-calderoli","tag-governo","tag-regioni"],"yoast_head":"<!-- This site is optimized with the Yoast SEO plugin v27.4 - https:\/\/yoast.com\/product\/yoast-seo-wordpress\/ -->\n<title>Approvato il ddl Calderoli sull&#039;autonomia differenziata. Gravi rischi per le regioni meridionali . Arriva anche la bocciatura della Commissione Ue. - NonSoloMusicaMagazine<\/title>\n<meta name=\"description\" content=\"Approvato il ddl Calderoli sull&#039;autonomia differenziata. Gravi rischi per le regioni meridionali . Arriva anche la bocciatura della Commissione Ue.\" \/>\n<meta name=\"robots\" content=\"index, follow, max-snippet:-1, max-image-preview:large, max-video-preview:-1\" \/>\n<link rel=\"canonical\" href=\"https:\/\/www.nonsolomusicamagazine.it\/?p=6553\" \/>\n<meta property=\"og:locale\" content=\"it_IT\" \/>\n<meta property=\"og:type\" content=\"article\" \/>\n<meta property=\"og:title\" content=\"Approvato il ddl Calderoli sull&#039;autonomia differenziata. Gravi rischi per le regioni meridionali . Arriva anche la bocciatura della Commissione Ue. - NonSoloMusicaMagazine\" \/>\n<meta property=\"og:description\" content=\"Approvato il ddl Calderoli sull&#039;autonomia differenziata. Gravi rischi per le regioni meridionali . Arriva anche la bocciatura della Commissione Ue.\" \/>\n<meta property=\"og:url\" content=\"https:\/\/www.nonsolomusicamagazine.it\/?p=6553\" \/>\n<meta property=\"og:site_name\" content=\"NonSoloMusicaMagazine\" \/>\n<meta property=\"article:published_time\" content=\"2024-06-21T18:48:09+00:00\" \/>\n<meta property=\"article:modified_time\" content=\"2024-06-21T18:48:10+00:00\" \/>\n<meta property=\"og:image\" content=\"https:\/\/www.nonsolomusicamagazine.it\/wp-content\/uploads\/2024\/04\/Official_Portrait_of_Ursula_von_der_Leyen.jpg\" \/>\n\t<meta property=\"og:image:width\" content=\"800\" \/>\n\t<meta property=\"og:image:height\" content=\"1199\" \/>\n\t<meta property=\"og:image:type\" content=\"image\/jpeg\" \/>\n<meta name=\"author\" content=\"nonsolomusica\" \/>\n<meta name=\"twitter:card\" content=\"summary_large_image\" \/>\n<meta name=\"twitter:label1\" content=\"Scritto da\" \/>\n\t<meta name=\"twitter:data1\" content=\"nonsolomusica\" \/>\n\t<meta name=\"twitter:label2\" content=\"Tempo di lettura stimato\" \/>\n\t<meta name=\"twitter:data2\" content=\"3 minuti\" \/>\n<script type=\"application\/ld+json\" class=\"yoast-schema-graph\">{\"@context\":\"https:\\\/\\\/schema.org\",\"@graph\":[{\"@type\":\"Article\",\"@id\":\"https:\\\/\\\/www.nonsolomusicamagazine.it\\\/?p=6553#article\",\"isPartOf\":{\"@id\":\"https:\\\/\\\/www.nonsolomusicamagazine.it\\\/?p=6553\"},\"author\":{\"name\":\"nonsolomusica\",\"@id\":\"https:\\\/\\\/www.nonsolomusicamagazine.it\\\/#\\\/schema\\\/person\\\/a3349ad02300d046472d46cf6d31ae46\"},\"headline\":\"Approvato il ddl Calderoli sull&#8217;autonomia differenziata. Gravi rischi per le regioni meridionali . Arriva anche la bocciatura della Commissione Ue.\",\"datePublished\":\"2024-06-21T18:48:09+00:00\",\"dateModified\":\"2024-06-21T18:48:10+00:00\",\"mainEntityOfPage\":{\"@id\":\"https:\\\/\\\/www.nonsolomusicamagazine.it\\\/?p=6553\"},\"wordCount\":526,\"commentCount\":0,\"image\":{\"@id\":\"https:\\\/\\\/www.nonsolomusicamagazine.it\\\/?p=6553#primaryimage\"},\"thumbnailUrl\":\"https:\\\/\\\/www.nonsolomusicamagazine.it\\\/wp-content\\\/uploads\\\/2024\\\/04\\\/Official_Portrait_of_Ursula_von_der_Leyen.jpg\",\"keywords\":[\"Autonomia differenziata\",\"Calderoli\",\"Governo\",\"Regioni\"],\"articleSection\":[\"Politica\"],\"inLanguage\":\"it-IT\",\"potentialAction\":[{\"@type\":\"CommentAction\",\"name\":\"Comment\",\"target\":[\"https:\\\/\\\/www.nonsolomusicamagazine.it\\\/?p=6553#respond\"]}]},{\"@type\":\"WebPage\",\"@id\":\"https:\\\/\\\/www.nonsolomusicamagazine.it\\\/?p=6553\",\"url\":\"https:\\\/\\\/www.nonsolomusicamagazine.it\\\/?p=6553\",\"name\":\"Approvato il ddl Calderoli sull'autonomia differenziata. Gravi rischi per le regioni meridionali . Arriva anche la bocciatura della Commissione Ue. - NonSoloMusicaMagazine\",\"isPartOf\":{\"@id\":\"https:\\\/\\\/www.nonsolomusicamagazine.it\\\/#website\"},\"primaryImageOfPage\":{\"@id\":\"https:\\\/\\\/www.nonsolomusicamagazine.it\\\/?p=6553#primaryimage\"},\"image\":{\"@id\":\"https:\\\/\\\/www.nonsolomusicamagazine.it\\\/?p=6553#primaryimage\"},\"thumbnailUrl\":\"https:\\\/\\\/www.nonsolomusicamagazine.it\\\/wp-content\\\/uploads\\\/2024\\\/04\\\/Official_Portrait_of_Ursula_von_der_Leyen.jpg\",\"datePublished\":\"2024-06-21T18:48:09+00:00\",\"dateModified\":\"2024-06-21T18:48:10+00:00\",\"author\":{\"@id\":\"https:\\\/\\\/www.nonsolomusicamagazine.it\\\/#\\\/schema\\\/person\\\/a3349ad02300d046472d46cf6d31ae46\"},\"description\":\"Approvato il ddl Calderoli sull'autonomia differenziata. Gravi rischi per le regioni meridionali . Arriva anche la bocciatura della Commissione Ue.\",\"breadcrumb\":{\"@id\":\"https:\\\/\\\/www.nonsolomusicamagazine.it\\\/?p=6553#breadcrumb\"},\"inLanguage\":\"it-IT\",\"potentialAction\":[{\"@type\":\"ReadAction\",\"target\":[\"https:\\\/\\\/www.nonsolomusicamagazine.it\\\/?p=6553\"]}]},{\"@type\":\"ImageObject\",\"inLanguage\":\"it-IT\",\"@id\":\"https:\\\/\\\/www.nonsolomusicamagazine.it\\\/?p=6553#primaryimage\",\"url\":\"https:\\\/\\\/www.nonsolomusicamagazine.it\\\/wp-content\\\/uploads\\\/2024\\\/04\\\/Official_Portrait_of_Ursula_von_der_Leyen.jpg\",\"contentUrl\":\"https:\\\/\\\/www.nonsolomusicamagazine.it\\\/wp-content\\\/uploads\\\/2024\\\/04\\\/Official_Portrait_of_Ursula_von_der_Leyen.jpg\",\"width\":800,\"height\":1199,\"caption\":\"Ursula von der Leyen\"},{\"@type\":\"BreadcrumbList\",\"@id\":\"https:\\\/\\\/www.nonsolomusicamagazine.it\\\/?p=6553#breadcrumb\",\"itemListElement\":[{\"@type\":\"ListItem\",\"position\":1,\"name\":\"Home\",\"item\":\"https:\\\/\\\/www.nonsolomusicamagazine.it\\\/\"},{\"@type\":\"ListItem\",\"position\":2,\"name\":\"Approvato il ddl Calderoli sull&#8217;autonomia differenziata. Gravi rischi per le regioni meridionali . Arriva anche la bocciatura della Commissione Ue.\"}]},{\"@type\":\"WebSite\",\"@id\":\"https:\\\/\\\/www.nonsolomusicamagazine.it\\\/#website\",\"url\":\"https:\\\/\\\/www.nonsolomusicamagazine.it\\\/\",\"name\":\"Nonsolomusicamagazine\",\"description\":\"Dir. responsabile Manuel M Buccarella\",\"potentialAction\":[{\"@type\":\"SearchAction\",\"target\":{\"@type\":\"EntryPoint\",\"urlTemplate\":\"https:\\\/\\\/www.nonsolomusicamagazine.it\\\/?s={search_term_string}\"},\"query-input\":{\"@type\":\"PropertyValueSpecification\",\"valueRequired\":true,\"valueName\":\"search_term_string\"}}],\"inLanguage\":\"it-IT\"},{\"@type\":\"Person\",\"@id\":\"https:\\\/\\\/www.nonsolomusicamagazine.it\\\/#\\\/schema\\\/person\\\/a3349ad02300d046472d46cf6d31ae46\",\"name\":\"nonsolomusica\",\"image\":{\"@type\":\"ImageObject\",\"inLanguage\":\"it-IT\",\"@id\":\"https:\\\/\\\/www.nonsolomusicamagazine.it\\\/wp-content\\\/litespeed\\\/avatar\\\/3a675484bc84db6aba78d43bfc8b7197.jpg?ver=1776880798\",\"url\":\"https:\\\/\\\/www.nonsolomusicamagazine.it\\\/wp-content\\\/litespeed\\\/avatar\\\/3a675484bc84db6aba78d43bfc8b7197.jpg?ver=1776880798\",\"contentUrl\":\"https:\\\/\\\/www.nonsolomusicamagazine.it\\\/wp-content\\\/litespeed\\\/avatar\\\/3a675484bc84db6aba78d43bfc8b7197.jpg?ver=1776880798\",\"caption\":\"nonsolomusica\"},\"sameAs\":[\"https:\\\/\\\/www.nonsolomusicamagazine.it\"],\"url\":\"https:\\\/\\\/www.nonsolomusicamagazine.it\\\/?author=1\"}]}<\/script>\n<!-- \/ Yoast SEO plugin. -->","yoast_head_json":{"title":"Approvato il ddl Calderoli sull'autonomia differenziata. Gravi rischi per le regioni meridionali . Arriva anche la bocciatura della Commissione Ue. - NonSoloMusicaMagazine","description":"Approvato il ddl Calderoli sull'autonomia differenziata. Gravi rischi per le regioni meridionali . Arriva anche la bocciatura della Commissione Ue.","robots":{"index":"index","follow":"follow","max-snippet":"max-snippet:-1","max-image-preview":"max-image-preview:large","max-video-preview":"max-video-preview:-1"},"canonical":"https:\/\/www.nonsolomusicamagazine.it\/?p=6553","og_locale":"it_IT","og_type":"article","og_title":"Approvato il ddl Calderoli sull'autonomia differenziata. Gravi rischi per le regioni meridionali . Arriva anche la bocciatura della Commissione Ue. - NonSoloMusicaMagazine","og_description":"Approvato il ddl Calderoli sull'autonomia differenziata. Gravi rischi per le regioni meridionali . Arriva anche la bocciatura della Commissione Ue.","og_url":"https:\/\/www.nonsolomusicamagazine.it\/?p=6553","og_site_name":"NonSoloMusicaMagazine","article_published_time":"2024-06-21T18:48:09+00:00","article_modified_time":"2024-06-21T18:48:10+00:00","og_image":[{"width":800,"height":1199,"url":"https:\/\/www.nonsolomusicamagazine.it\/wp-content\/uploads\/2024\/04\/Official_Portrait_of_Ursula_von_der_Leyen.jpg","type":"image\/jpeg"}],"author":"nonsolomusica","twitter_card":"summary_large_image","twitter_misc":{"Scritto da":"nonsolomusica","Tempo di lettura stimato":"3 minuti"},"schema":{"@context":"https:\/\/schema.org","@graph":[{"@type":"Article","@id":"https:\/\/www.nonsolomusicamagazine.it\/?p=6553#article","isPartOf":{"@id":"https:\/\/www.nonsolomusicamagazine.it\/?p=6553"},"author":{"name":"nonsolomusica","@id":"https:\/\/www.nonsolomusicamagazine.it\/#\/schema\/person\/a3349ad02300d046472d46cf6d31ae46"},"headline":"Approvato il ddl Calderoli sull&#8217;autonomia differenziata. Gravi rischi per le regioni meridionali . Arriva anche la bocciatura della Commissione Ue.","datePublished":"2024-06-21T18:48:09+00:00","dateModified":"2024-06-21T18:48:10+00:00","mainEntityOfPage":{"@id":"https:\/\/www.nonsolomusicamagazine.it\/?p=6553"},"wordCount":526,"commentCount":0,"image":{"@id":"https:\/\/www.nonsolomusicamagazine.it\/?p=6553#primaryimage"},"thumbnailUrl":"https:\/\/www.nonsolomusicamagazine.it\/wp-content\/uploads\/2024\/04\/Official_Portrait_of_Ursula_von_der_Leyen.jpg","keywords":["Autonomia differenziata","Calderoli","Governo","Regioni"],"articleSection":["Politica"],"inLanguage":"it-IT","potentialAction":[{"@type":"CommentAction","name":"Comment","target":["https:\/\/www.nonsolomusicamagazine.it\/?p=6553#respond"]}]},{"@type":"WebPage","@id":"https:\/\/www.nonsolomusicamagazine.it\/?p=6553","url":"https:\/\/www.nonsolomusicamagazine.it\/?p=6553","name":"Approvato il ddl Calderoli sull'autonomia differenziata. Gravi rischi per le regioni meridionali . Arriva anche la bocciatura della Commissione Ue. - NonSoloMusicaMagazine","isPartOf":{"@id":"https:\/\/www.nonsolomusicamagazine.it\/#website"},"primaryImageOfPage":{"@id":"https:\/\/www.nonsolomusicamagazine.it\/?p=6553#primaryimage"},"image":{"@id":"https:\/\/www.nonsolomusicamagazine.it\/?p=6553#primaryimage"},"thumbnailUrl":"https:\/\/www.nonsolomusicamagazine.it\/wp-content\/uploads\/2024\/04\/Official_Portrait_of_Ursula_von_der_Leyen.jpg","datePublished":"2024-06-21T18:48:09+00:00","dateModified":"2024-06-21T18:48:10+00:00","author":{"@id":"https:\/\/www.nonsolomusicamagazine.it\/#\/schema\/person\/a3349ad02300d046472d46cf6d31ae46"},"description":"Approvato il ddl Calderoli sull'autonomia differenziata. Gravi rischi per le regioni meridionali . Arriva anche la bocciatura della Commissione Ue.","breadcrumb":{"@id":"https:\/\/www.nonsolomusicamagazine.it\/?p=6553#breadcrumb"},"inLanguage":"it-IT","potentialAction":[{"@type":"ReadAction","target":["https:\/\/www.nonsolomusicamagazine.it\/?p=6553"]}]},{"@type":"ImageObject","inLanguage":"it-IT","@id":"https:\/\/www.nonsolomusicamagazine.it\/?p=6553#primaryimage","url":"https:\/\/www.nonsolomusicamagazine.it\/wp-content\/uploads\/2024\/04\/Official_Portrait_of_Ursula_von_der_Leyen.jpg","contentUrl":"https:\/\/www.nonsolomusicamagazine.it\/wp-content\/uploads\/2024\/04\/Official_Portrait_of_Ursula_von_der_Leyen.jpg","width":800,"height":1199,"caption":"Ursula von der Leyen"},{"@type":"BreadcrumbList","@id":"https:\/\/www.nonsolomusicamagazine.it\/?p=6553#breadcrumb","itemListElement":[{"@type":"ListItem","position":1,"name":"Home","item":"https:\/\/www.nonsolomusicamagazine.it\/"},{"@type":"ListItem","position":2,"name":"Approvato il ddl Calderoli sull&#8217;autonomia differenziata. Gravi rischi per le regioni meridionali . Arriva anche la bocciatura della Commissione Ue."}]},{"@type":"WebSite","@id":"https:\/\/www.nonsolomusicamagazine.it\/#website","url":"https:\/\/www.nonsolomusicamagazine.it\/","name":"Nonsolomusicamagazine","description":"Dir. responsabile Manuel M Buccarella","potentialAction":[{"@type":"SearchAction","target":{"@type":"EntryPoint","urlTemplate":"https:\/\/www.nonsolomusicamagazine.it\/?s={search_term_string}"},"query-input":{"@type":"PropertyValueSpecification","valueRequired":true,"valueName":"search_term_string"}}],"inLanguage":"it-IT"},{"@type":"Person","@id":"https:\/\/www.nonsolomusicamagazine.it\/#\/schema\/person\/a3349ad02300d046472d46cf6d31ae46","name":"nonsolomusica","image":{"@type":"ImageObject","inLanguage":"it-IT","@id":"https:\/\/www.nonsolomusicamagazine.it\/wp-content\/litespeed\/avatar\/3a675484bc84db6aba78d43bfc8b7197.jpg?ver=1776880798","url":"https:\/\/www.nonsolomusicamagazine.it\/wp-content\/litespeed\/avatar\/3a675484bc84db6aba78d43bfc8b7197.jpg?ver=1776880798","contentUrl":"https:\/\/www.nonsolomusicamagazine.it\/wp-content\/litespeed\/avatar\/3a675484bc84db6aba78d43bfc8b7197.jpg?ver=1776880798","caption":"nonsolomusica"},"sameAs":["https:\/\/www.nonsolomusicamagazine.it"],"url":"https:\/\/www.nonsolomusicamagazine.it\/?author=1"}]}},"amp_enabled":true,"_links":{"self":[{"href":"https:\/\/www.nonsolomusicamagazine.it\/index.php?rest_route=\/wp\/v2\/posts\/6553","targetHints":{"allow":["GET"]}}],"collection":[{"href":"https:\/\/www.nonsolomusicamagazine.it\/index.php?rest_route=\/wp\/v2\/posts"}],"about":[{"href":"https:\/\/www.nonsolomusicamagazine.it\/index.php?rest_route=\/wp\/v2\/types\/post"}],"author":[{"embeddable":true,"href":"https:\/\/www.nonsolomusicamagazine.it\/index.php?rest_route=\/wp\/v2\/users\/1"}],"replies":[{"embeddable":true,"href":"https:\/\/www.nonsolomusicamagazine.it\/index.php?rest_route=%2Fwp%2Fv2%2Fcomments&post=6553"}],"version-history":[{"count":0,"href":"https:\/\/www.nonsolomusicamagazine.it\/index.php?rest_route=\/wp\/v2\/posts\/6553\/revisions"}],"wp:featuredmedia":[{"embeddable":true,"href":"https:\/\/www.nonsolomusicamagazine.it\/index.php?rest_route=\/wp\/v2\/media\/5838"}],"wp:attachment":[{"href":"https:\/\/www.nonsolomusicamagazine.it\/index.php?rest_route=%2Fwp%2Fv2%2Fmedia&parent=6553"}],"wp:term":[{"taxonomy":"category","embeddable":true,"href":"https:\/\/www.nonsolomusicamagazine.it\/index.php?rest_route=%2Fwp%2Fv2%2Fcategories&post=6553"},{"taxonomy":"post_tag","embeddable":true,"href":"https:\/\/www.nonsolomusicamagazine.it\/index.php?rest_route=%2Fwp%2Fv2%2Ftags&post=6553"}],"curies":[{"name":"wp","href":"https:\/\/api.w.org\/{rel}","templated":true}]}}