{"id":6555,"date":"2024-06-21T19:05:40","date_gmt":"2024-06-21T19:05:40","guid":{"rendered":"https:\/\/www.nonsolomusicamagazine.it\/?p=6555"},"modified":"2024-06-21T19:05:41","modified_gmt":"2024-06-21T19:05:41","slug":"autonomia-differenziata-dannosa-soprattutto-per-il-sud-il-parere-di-crocifisso-aloisi-meridionalista-ed-ambientalista-salentino","status":"publish","type":"post","link":"https:\/\/www.nonsolomusicamagazine.it\/?p=6555","title":{"rendered":"Autonomia differenziata dannosa soprattutto per il Sud. Il parere di Crocifisso Aloisi, meridionalista ed ambientalista salentino."},"content":{"rendered":"\n<p class=\"has-text-align-center\"><strong>Crocifisso Aloisi <\/strong><\/p>\n\n\n\n<p>La bastardata istituzionale contro il Sud \u00e8 legge !! Il progetto eversivo nasce da molto lontano, ha avuto pi\u00f9 padri e pi\u00f9 madri di tutti gli schieramenti politici nazionali e ha avuto la complicit\u00e0 determinante di altrettanto ascari meridionali. Determinante \u00e8 stata anche la passivit\u00e0 con cui la maggior parte degli amministratori meridionali ha lasciato fare ai rispettivi padrini politici nazionali. Da questo momento ogni programma politico di ogni candidato meridionale dovrebbe contenere la volont\u00e0 di perseguire in tutti i modi la revoca di questo progetto eversivo che parte dalla fine degli anni novanta e che \u00e8 gi\u00e0 costato al Sud svariate centinaia di miliardi di euro in mancata erogazione di pubblici servizi. Altrimenti si \u00e8 complici di questa bastardata istituzionale.<\/p>\n","protected":false},"excerpt":{"rendered":"<p>Crocifisso Aloisi La bastardata istituzionale contro il Sud \u00e8 legge !! Il progetto eversivo nasce da molto lontano, ha avuto pi\u00f9 padri e pi\u00f9 madri di tutti gli schieramenti politici nazionali e ha avuto la complicit\u00e0 determinante di altrettanto ascari meridionali. Determinante \u00e8 stata anche la passivit\u00e0 con cui la maggior parte degli amministratori meridionali [&hellip;]<\/p>\n","protected":false},"author":1,"featured_media":6556,"comment_status":"open","ping_status":"closed","sticky":false,"template":"","format":"standard","meta":{"footnotes":""},"categories":[5],"tags":[2753,342,3327],"class_list":["post-6555","post","type-post","status-publish","format-standard","has-post-thumbnail","hentry","category-politica","tag-autonomia-differenziata","tag-crocifisso-aloisi","tag-meridione"],"yoast_head":"<!-- This site is optimized with the Yoast SEO plugin v27.4 - https:\/\/yoast.com\/product\/yoast-seo-wordpress\/ -->\n<title>Autonomia differenziata dannosa soprattutto per il Sud. Il parere di Crocifisso Aloisi, meridionalista ed ambientalista salentino. - NonSoloMusicaMagazine<\/title>\n<meta name=\"description\" content=\"Autonomia differenziata dannosa soprattutto per il Sud. Il parere di Crocifisso Aloisi, meridionalista ed ambientalista salentino.\" \/>\n<meta name=\"robots\" content=\"index, follow, max-snippet:-1, max-image-preview:large, max-video-preview:-1\" \/>\n<link rel=\"canonical\" href=\"https:\/\/www.nonsolomusicamagazine.it\/?p=6555\" \/>\n<meta property=\"og:locale\" content=\"it_IT\" \/>\n<meta property=\"og:type\" content=\"article\" \/>\n<meta property=\"og:title\" content=\"Autonomia differenziata dannosa soprattutto per il Sud. Il parere di Crocifisso Aloisi, meridionalista ed ambientalista salentino. - NonSoloMusicaMagazine\" \/>\n<meta property=\"og:description\" content=\"Autonomia differenziata dannosa soprattutto per il Sud. Il parere di Crocifisso Aloisi, meridionalista ed ambientalista salentino.\" \/>\n<meta property=\"og:url\" content=\"https:\/\/www.nonsolomusicamagazine.it\/?p=6555\" \/>\n<meta property=\"og:site_name\" content=\"NonSoloMusicaMagazine\" \/>\n<meta property=\"article:published_time\" content=\"2024-06-21T19:05:40+00:00\" \/>\n<meta property=\"article:modified_time\" content=\"2024-06-21T19:05:41+00:00\" \/>\n<meta property=\"og:image\" content=\"https:\/\/www.nonsolomusicamagazine.it\/wp-content\/uploads\/2024\/06\/FB_IMG_1718996684242.jpg\" \/>\n\t<meta property=\"og:image:width\" content=\"720\" \/>\n\t<meta property=\"og:image:height\" content=\"720\" \/>\n\t<meta property=\"og:image:type\" content=\"image\/jpeg\" \/>\n<meta name=\"author\" content=\"nonsolomusica\" \/>\n<meta name=\"twitter:card\" content=\"summary_large_image\" \/>\n<meta name=\"twitter:label1\" content=\"Scritto da\" \/>\n\t<meta name=\"twitter:data1\" content=\"nonsolomusica\" \/>\n\t<meta name=\"twitter:label2\" content=\"Tempo di lettura stimato\" \/>\n\t<meta name=\"twitter:data2\" content=\"1 minuto\" \/>\n<script type=\"application\/ld+json\" class=\"yoast-schema-graph\">{\"@context\":\"https:\\\/\\\/schema.org\",\"@graph\":[{\"@type\":\"Article\",\"@id\":\"https:\\\/\\\/www.nonsolomusicamagazine.it\\\/?p=6555#article\",\"isPartOf\":{\"@id\":\"https:\\\/\\\/www.nonsolomusicamagazine.it\\\/?p=6555\"},\"author\":{\"name\":\"nonsolomusica\",\"@id\":\"https:\\\/\\\/www.nonsolomusicamagazine.it\\\/#\\\/schema\\\/person\\\/a3349ad02300d046472d46cf6d31ae46\"},\"headline\":\"Autonomia differenziata dannosa soprattutto per il Sud. Il parere di Crocifisso Aloisi, meridionalista ed ambientalista salentino.\",\"datePublished\":\"2024-06-21T19:05:40+00:00\",\"dateModified\":\"2024-06-21T19:05:41+00:00\",\"mainEntityOfPage\":{\"@id\":\"https:\\\/\\\/www.nonsolomusicamagazine.it\\\/?p=6555\"},\"wordCount\":134,\"commentCount\":0,\"image\":{\"@id\":\"https:\\\/\\\/www.nonsolomusicamagazine.it\\\/?p=6555#primaryimage\"},\"thumbnailUrl\":\"https:\\\/\\\/www.nonsolomusicamagazine.it\\\/wp-content\\\/uploads\\\/2024\\\/06\\\/FB_IMG_1718996684242.jpg\",\"keywords\":[\"Autonomia differenziata\",\"Crocifisso Aloisi\",\"Meridione\"],\"articleSection\":[\"Politica\"],\"inLanguage\":\"it-IT\",\"potentialAction\":[{\"@type\":\"CommentAction\",\"name\":\"Comment\",\"target\":[\"https:\\\/\\\/www.nonsolomusicamagazine.it\\\/?p=6555#respond\"]}]},{\"@type\":\"WebPage\",\"@id\":\"https:\\\/\\\/www.nonsolomusicamagazine.it\\\/?p=6555\",\"url\":\"https:\\\/\\\/www.nonsolomusicamagazine.it\\\/?p=6555\",\"name\":\"Autonomia differenziata dannosa soprattutto per il Sud. Il parere di Crocifisso Aloisi, meridionalista ed ambientalista salentino. - NonSoloMusicaMagazine\",\"isPartOf\":{\"@id\":\"https:\\\/\\\/www.nonsolomusicamagazine.it\\\/#website\"},\"primaryImageOfPage\":{\"@id\":\"https:\\\/\\\/www.nonsolomusicamagazine.it\\\/?p=6555#primaryimage\"},\"image\":{\"@id\":\"https:\\\/\\\/www.nonsolomusicamagazine.it\\\/?p=6555#primaryimage\"},\"thumbnailUrl\":\"https:\\\/\\\/www.nonsolomusicamagazine.it\\\/wp-content\\\/uploads\\\/2024\\\/06\\\/FB_IMG_1718996684242.jpg\",\"datePublished\":\"2024-06-21T19:05:40+00:00\",\"dateModified\":\"2024-06-21T19:05:41+00:00\",\"author\":{\"@id\":\"https:\\\/\\\/www.nonsolomusicamagazine.it\\\/#\\\/schema\\\/person\\\/a3349ad02300d046472d46cf6d31ae46\"},\"description\":\"Autonomia differenziata dannosa soprattutto per il Sud. Il parere di Crocifisso Aloisi, meridionalista ed ambientalista salentino.\",\"breadcrumb\":{\"@id\":\"https:\\\/\\\/www.nonsolomusicamagazine.it\\\/?p=6555#breadcrumb\"},\"inLanguage\":\"it-IT\",\"potentialAction\":[{\"@type\":\"ReadAction\",\"target\":[\"https:\\\/\\\/www.nonsolomusicamagazine.it\\\/?p=6555\"]}]},{\"@type\":\"ImageObject\",\"inLanguage\":\"it-IT\",\"@id\":\"https:\\\/\\\/www.nonsolomusicamagazine.it\\\/?p=6555#primaryimage\",\"url\":\"https:\\\/\\\/www.nonsolomusicamagazine.it\\\/wp-content\\\/uploads\\\/2024\\\/06\\\/FB_IMG_1718996684242.jpg\",\"contentUrl\":\"https:\\\/\\\/www.nonsolomusicamagazine.it\\\/wp-content\\\/uploads\\\/2024\\\/06\\\/FB_IMG_1718996684242.jpg\",\"width\":720,\"height\":720},{\"@type\":\"BreadcrumbList\",\"@id\":\"https:\\\/\\\/www.nonsolomusicamagazine.it\\\/?p=6555#breadcrumb\",\"itemListElement\":[{\"@type\":\"ListItem\",\"position\":1,\"name\":\"Home\",\"item\":\"https:\\\/\\\/www.nonsolomusicamagazine.it\\\/\"},{\"@type\":\"ListItem\",\"position\":2,\"name\":\"Autonomia differenziata dannosa soprattutto per il Sud. Il parere di Crocifisso Aloisi, meridionalista ed ambientalista salentino.\"}]},{\"@type\":\"WebSite\",\"@id\":\"https:\\\/\\\/www.nonsolomusicamagazine.it\\\/#website\",\"url\":\"https:\\\/\\\/www.nonsolomusicamagazine.it\\\/\",\"name\":\"Nonsolomusicamagazine\",\"description\":\"Dir. responsabile Manuel M Buccarella\",\"potentialAction\":[{\"@type\":\"SearchAction\",\"target\":{\"@type\":\"EntryPoint\",\"urlTemplate\":\"https:\\\/\\\/www.nonsolomusicamagazine.it\\\/?s={search_term_string}\"},\"query-input\":{\"@type\":\"PropertyValueSpecification\",\"valueRequired\":true,\"valueName\":\"search_term_string\"}}],\"inLanguage\":\"it-IT\"},{\"@type\":\"Person\",\"@id\":\"https:\\\/\\\/www.nonsolomusicamagazine.it\\\/#\\\/schema\\\/person\\\/a3349ad02300d046472d46cf6d31ae46\",\"name\":\"nonsolomusica\",\"image\":{\"@type\":\"ImageObject\",\"inLanguage\":\"it-IT\",\"@id\":\"https:\\\/\\\/www.nonsolomusicamagazine.it\\\/wp-content\\\/litespeed\\\/avatar\\\/3a675484bc84db6aba78d43bfc8b7197.jpg?ver=1776880798\",\"url\":\"https:\\\/\\\/www.nonsolomusicamagazine.it\\\/wp-content\\\/litespeed\\\/avatar\\\/3a675484bc84db6aba78d43bfc8b7197.jpg?ver=1776880798\",\"contentUrl\":\"https:\\\/\\\/www.nonsolomusicamagazine.it\\\/wp-content\\\/litespeed\\\/avatar\\\/3a675484bc84db6aba78d43bfc8b7197.jpg?ver=1776880798\",\"caption\":\"nonsolomusica\"},\"sameAs\":[\"https:\\\/\\\/www.nonsolomusicamagazine.it\"],\"url\":\"https:\\\/\\\/www.nonsolomusicamagazine.it\\\/?author=1\"}]}<\/script>\n<!-- \/ Yoast SEO plugin. -->","yoast_head_json":{"title":"Autonomia differenziata dannosa soprattutto per il Sud. Il parere di Crocifisso Aloisi, meridionalista ed ambientalista salentino. - NonSoloMusicaMagazine","description":"Autonomia differenziata dannosa soprattutto per il Sud. Il parere di Crocifisso Aloisi, meridionalista ed ambientalista salentino.","robots":{"index":"index","follow":"follow","max-snippet":"max-snippet:-1","max-image-preview":"max-image-preview:large","max-video-preview":"max-video-preview:-1"},"canonical":"https:\/\/www.nonsolomusicamagazine.it\/?p=6555","og_locale":"it_IT","og_type":"article","og_title":"Autonomia differenziata dannosa soprattutto per il Sud. Il parere di Crocifisso Aloisi, meridionalista ed ambientalista salentino. - NonSoloMusicaMagazine","og_description":"Autonomia differenziata dannosa soprattutto per il Sud. Il parere di Crocifisso Aloisi, meridionalista ed ambientalista salentino.","og_url":"https:\/\/www.nonsolomusicamagazine.it\/?p=6555","og_site_name":"NonSoloMusicaMagazine","article_published_time":"2024-06-21T19:05:40+00:00","article_modified_time":"2024-06-21T19:05:41+00:00","og_image":[{"width":720,"height":720,"url":"https:\/\/www.nonsolomusicamagazine.it\/wp-content\/uploads\/2024\/06\/FB_IMG_1718996684242.jpg","type":"image\/jpeg"}],"author":"nonsolomusica","twitter_card":"summary_large_image","twitter_misc":{"Scritto da":"nonsolomusica","Tempo di lettura stimato":"1 minuto"},"schema":{"@context":"https:\/\/schema.org","@graph":[{"@type":"Article","@id":"https:\/\/www.nonsolomusicamagazine.it\/?p=6555#article","isPartOf":{"@id":"https:\/\/www.nonsolomusicamagazine.it\/?p=6555"},"author":{"name":"nonsolomusica","@id":"https:\/\/www.nonsolomusicamagazine.it\/#\/schema\/person\/a3349ad02300d046472d46cf6d31ae46"},"headline":"Autonomia differenziata dannosa soprattutto per il Sud. Il parere di Crocifisso Aloisi, meridionalista ed ambientalista salentino.","datePublished":"2024-06-21T19:05:40+00:00","dateModified":"2024-06-21T19:05:41+00:00","mainEntityOfPage":{"@id":"https:\/\/www.nonsolomusicamagazine.it\/?p=6555"},"wordCount":134,"commentCount":0,"image":{"@id":"https:\/\/www.nonsolomusicamagazine.it\/?p=6555#primaryimage"},"thumbnailUrl":"https:\/\/www.nonsolomusicamagazine.it\/wp-content\/uploads\/2024\/06\/FB_IMG_1718996684242.jpg","keywords":["Autonomia differenziata","Crocifisso Aloisi","Meridione"],"articleSection":["Politica"],"inLanguage":"it-IT","potentialAction":[{"@type":"CommentAction","name":"Comment","target":["https:\/\/www.nonsolomusicamagazine.it\/?p=6555#respond"]}]},{"@type":"WebPage","@id":"https:\/\/www.nonsolomusicamagazine.it\/?p=6555","url":"https:\/\/www.nonsolomusicamagazine.it\/?p=6555","name":"Autonomia differenziata dannosa soprattutto per il Sud. Il parere di Crocifisso Aloisi, meridionalista ed ambientalista salentino. - NonSoloMusicaMagazine","isPartOf":{"@id":"https:\/\/www.nonsolomusicamagazine.it\/#website"},"primaryImageOfPage":{"@id":"https:\/\/www.nonsolomusicamagazine.it\/?p=6555#primaryimage"},"image":{"@id":"https:\/\/www.nonsolomusicamagazine.it\/?p=6555#primaryimage"},"thumbnailUrl":"https:\/\/www.nonsolomusicamagazine.it\/wp-content\/uploads\/2024\/06\/FB_IMG_1718996684242.jpg","datePublished":"2024-06-21T19:05:40+00:00","dateModified":"2024-06-21T19:05:41+00:00","author":{"@id":"https:\/\/www.nonsolomusicamagazine.it\/#\/schema\/person\/a3349ad02300d046472d46cf6d31ae46"},"description":"Autonomia differenziata dannosa soprattutto per il Sud. Il parere di Crocifisso Aloisi, meridionalista ed ambientalista salentino.","breadcrumb":{"@id":"https:\/\/www.nonsolomusicamagazine.it\/?p=6555#breadcrumb"},"inLanguage":"it-IT","potentialAction":[{"@type":"ReadAction","target":["https:\/\/www.nonsolomusicamagazine.it\/?p=6555"]}]},{"@type":"ImageObject","inLanguage":"it-IT","@id":"https:\/\/www.nonsolomusicamagazine.it\/?p=6555#primaryimage","url":"https:\/\/www.nonsolomusicamagazine.it\/wp-content\/uploads\/2024\/06\/FB_IMG_1718996684242.jpg","contentUrl":"https:\/\/www.nonsolomusicamagazine.it\/wp-content\/uploads\/2024\/06\/FB_IMG_1718996684242.jpg","width":720,"height":720},{"@type":"BreadcrumbList","@id":"https:\/\/www.nonsolomusicamagazine.it\/?p=6555#breadcrumb","itemListElement":[{"@type":"ListItem","position":1,"name":"Home","item":"https:\/\/www.nonsolomusicamagazine.it\/"},{"@type":"ListItem","position":2,"name":"Autonomia differenziata dannosa soprattutto per il Sud. Il parere di Crocifisso Aloisi, meridionalista ed ambientalista salentino."}]},{"@type":"WebSite","@id":"https:\/\/www.nonsolomusicamagazine.it\/#website","url":"https:\/\/www.nonsolomusicamagazine.it\/","name":"Nonsolomusicamagazine","description":"Dir. responsabile Manuel M Buccarella","potentialAction":[{"@type":"SearchAction","target":{"@type":"EntryPoint","urlTemplate":"https:\/\/www.nonsolomusicamagazine.it\/?s={search_term_string}"},"query-input":{"@type":"PropertyValueSpecification","valueRequired":true,"valueName":"search_term_string"}}],"inLanguage":"it-IT"},{"@type":"Person","@id":"https:\/\/www.nonsolomusicamagazine.it\/#\/schema\/person\/a3349ad02300d046472d46cf6d31ae46","name":"nonsolomusica","image":{"@type":"ImageObject","inLanguage":"it-IT","@id":"https:\/\/www.nonsolomusicamagazine.it\/wp-content\/litespeed\/avatar\/3a675484bc84db6aba78d43bfc8b7197.jpg?ver=1776880798","url":"https:\/\/www.nonsolomusicamagazine.it\/wp-content\/litespeed\/avatar\/3a675484bc84db6aba78d43bfc8b7197.jpg?ver=1776880798","contentUrl":"https:\/\/www.nonsolomusicamagazine.it\/wp-content\/litespeed\/avatar\/3a675484bc84db6aba78d43bfc8b7197.jpg?ver=1776880798","caption":"nonsolomusica"},"sameAs":["https:\/\/www.nonsolomusicamagazine.it"],"url":"https:\/\/www.nonsolomusicamagazine.it\/?author=1"}]}},"amp_enabled":true,"_links":{"self":[{"href":"https:\/\/www.nonsolomusicamagazine.it\/index.php?rest_route=\/wp\/v2\/posts\/6555","targetHints":{"allow":["GET"]}}],"collection":[{"href":"https:\/\/www.nonsolomusicamagazine.it\/index.php?rest_route=\/wp\/v2\/posts"}],"about":[{"href":"https:\/\/www.nonsolomusicamagazine.it\/index.php?rest_route=\/wp\/v2\/types\/post"}],"author":[{"embeddable":true,"href":"https:\/\/www.nonsolomusicamagazine.it\/index.php?rest_route=\/wp\/v2\/users\/1"}],"replies":[{"embeddable":true,"href":"https:\/\/www.nonsolomusicamagazine.it\/index.php?rest_route=%2Fwp%2Fv2%2Fcomments&post=6555"}],"version-history":[{"count":0,"href":"https:\/\/www.nonsolomusicamagazine.it\/index.php?rest_route=\/wp\/v2\/posts\/6555\/revisions"}],"wp:featuredmedia":[{"embeddable":true,"href":"https:\/\/www.nonsolomusicamagazine.it\/index.php?rest_route=\/wp\/v2\/media\/6556"}],"wp:attachment":[{"href":"https:\/\/www.nonsolomusicamagazine.it\/index.php?rest_route=%2Fwp%2Fv2%2Fmedia&parent=6555"}],"wp:term":[{"taxonomy":"category","embeddable":true,"href":"https:\/\/www.nonsolomusicamagazine.it\/index.php?rest_route=%2Fwp%2Fv2%2Fcategories&post=6555"},{"taxonomy":"post_tag","embeddable":true,"href":"https:\/\/www.nonsolomusicamagazine.it\/index.php?rest_route=%2Fwp%2Fv2%2Ftags&post=6555"}],"curies":[{"name":"wp","href":"https:\/\/api.w.org\/{rel}","templated":true}]}}