{"id":6767,"date":"2024-09-27T17:36:57","date_gmt":"2024-09-27T15:36:57","guid":{"rendered":"https:\/\/www.nonsolomusicamagazine.it\/?p=6767"},"modified":"2024-09-27T17:50:35","modified_gmt":"2024-09-27T15:50:35","slug":"grazia-deledda-donna-e-scrittrice-dellemancipazione-e-per-l-emancipazione-premio-nobel-per-la-letteratura-2","status":"publish","type":"post","link":"https:\/\/www.nonsolomusicamagazine.it\/?p=6767","title":{"rendered":"Grazia Deledda, donna e scrittrice dell\u2019emancipazione e per l\u2019 emancipazione, Premio Nobel per la Letteratura."},"content":{"rendered":"\n<p>Grazia Deledda non \u00e8 solo una ricorrenza, visto che \u00e8 nata il 27 settembre 1871 a Nuoro (morir\u00e0 nel 1936), ma \u00e8 una delle pi\u00f9 grandi scrittrici moderne italiane, e non solo.<\/p>\n\n\n\n<p>La sua opera pi\u00f9 nota, \u201cCanne al vento\u201d del 1913, le confer\u00ec rinomanza a livello internazionale. Nel 1927 le fu conferito il premio Nobel per la letteratura, unica donna italiana, \u201cper la sua ispirazione idealistica, scritta con raffigurazioni di plastica chiarezza della vita della sua isola nativa, con profonda comprensione degli umani problemi\u201d.<\/p>\n\n\n\n<p>La Deledda \u00e8 stata un\u2019autrice che ha lottato per dissolvere le restrizioni alle donne e si \u00e8 incamminata prima di chiunque altra sulla strada dell\u2019autodeterminazione, come esprime nel delineare le protagoniste dei suoi romanzi.<\/p>\n\n\n\n<p>Ci piace ricordarla con alcune frasi ed aforismi.<\/p>\n\n\n\n<p>\u201cSe vostro figlio vuole fare lo scrittore o il poeta sconsigliatelo fermamente. Se continua minacciatelo di diseredarlo. Oltre queste prove, se resiste, cominciate a ringraziare Dio di avervi dato un figlio ispirato, diverso dagli altri\u201d (Discorso in occasione della consegna del Premio Nobel).<\/p>\n\n\n\n<p>\u201cLe pi\u00f9 grandi cose si dicono in silenzio. Guarda la luna.\u201d (\u201cAmori moderni\u201d, 1907).<\/p>\n\n\n\n<p>\u201cMa perch\u00e9 questo, Efix, dimmi, tu che hai girato il mondo: \u00e8 da per tutto cos\u00ec? Perch\u00e9 la sorte ci stronca cos\u00ec, come canne?\u201d\u201cS\u00ec\u201d, egli disse allora, \u201csiamo proprio come le canne al vento, donna Ester mia. Ecco perch\u00e9! Siamo canne, e la sorte \u00e8 il vento.\u201d\u201cS\u00ec, va bene, ma perch\u00e9 questa sorte?\u201d\u201cE il vento, perch\u00e9? Dio solo lo sa\u201d.La vita passa e noi la lasciamo passare come l\u2019acqua del fiume, e solo quando manca ci accorgiamo che manca.\u201d (Canne al vento, 1913).<\/p>\n\n\n\n<figure class=\"wp-block-image size-full\"><img decoding=\"async\" width=\"198\" height=\"255\" src=\"https:\/\/www.nonsolomusicamagazine.it\/wp-content\/uploads\/2024\/09\/1000022618.jpg\" alt=\"\" class=\"wp-image-6768\"\/><\/figure>\n","protected":false},"excerpt":{"rendered":"<p>Grazia Deledda non \u00e8 solo una ricorrenza, visto che \u00e8 nata il 27 settembre 1871 a Nuoro (morir\u00e0 nel 1936), ma \u00e8 una delle pi\u00f9 grandi scrittrici moderne italiane, e non solo. La sua opera pi\u00f9 nota, \u201cCanne al vento\u201d del 1913, le confer\u00ec rinomanza a livello internazionale. Nel 1927 le fu conferito il premio [&hellip;]<\/p>\n","protected":false},"author":1,"featured_media":6768,"comment_status":"open","ping_status":"closed","sticky":false,"template":"","format":"standard","meta":{"footnotes":""},"categories":[106],"tags":[3395,2012],"class_list":["post-6767","post","type-post","status-publish","format-standard","has-post-thumbnail","hentry","category-cultura","tag-deledda","tag-grazia-deledda"],"yoast_head":"<!-- This site is optimized with the Yoast SEO plugin v27.4 - https:\/\/yoast.com\/product\/yoast-seo-wordpress\/ -->\n<title>Grazia Deledda, donna e scrittrice dell\u2019emancipazione e per l\u2019 emancipazione, Premio Nobel per la Letteratura. - NonSoloMusicaMagazine<\/title>\n<meta name=\"robots\" content=\"index, follow, max-snippet:-1, max-image-preview:large, max-video-preview:-1\" \/>\n<link rel=\"canonical\" href=\"https:\/\/www.nonsolomusicamagazine.it\/?p=6767\" \/>\n<meta property=\"og:locale\" content=\"it_IT\" \/>\n<meta property=\"og:type\" content=\"article\" \/>\n<meta property=\"og:title\" content=\"Grazia Deledda, donna e scrittrice dell\u2019emancipazione e per l\u2019 emancipazione, Premio Nobel per la Letteratura. - NonSoloMusicaMagazine\" \/>\n<meta property=\"og:description\" content=\"Grazia Deledda non \u00e8 solo una ricorrenza, visto che \u00e8 nata il 27 settembre 1871 a Nuoro (morir\u00e0 nel 1936), ma \u00e8 una delle pi\u00f9 grandi scrittrici moderne italiane, e non solo. La sua opera pi\u00f9 nota, \u201cCanne al vento\u201d del 1913, le confer\u00ec rinomanza a livello internazionale. Nel 1927 le fu conferito il premio [&hellip;]\" \/>\n<meta property=\"og:url\" content=\"https:\/\/www.nonsolomusicamagazine.it\/?p=6767\" \/>\n<meta property=\"og:site_name\" content=\"NonSoloMusicaMagazine\" \/>\n<meta property=\"article:published_time\" content=\"2024-09-27T15:36:57+00:00\" \/>\n<meta property=\"article:modified_time\" content=\"2024-09-27T15:50:35+00:00\" \/>\n<meta property=\"og:image\" content=\"https:\/\/www.nonsolomusicamagazine.it\/wp-content\/uploads\/2024\/09\/1000022618.jpg\" \/>\n\t<meta property=\"og:image:width\" content=\"198\" \/>\n\t<meta property=\"og:image:height\" content=\"255\" \/>\n\t<meta property=\"og:image:type\" content=\"image\/jpeg\" \/>\n<meta name=\"author\" content=\"nonsolomusica\" \/>\n<meta name=\"twitter:card\" content=\"summary_large_image\" \/>\n<meta name=\"twitter:label1\" content=\"Scritto da\" \/>\n\t<meta name=\"twitter:data1\" content=\"nonsolomusica\" \/>\n\t<meta name=\"twitter:label2\" content=\"Tempo di lettura stimato\" \/>\n\t<meta name=\"twitter:data2\" content=\"1 minuto\" \/>\n<script type=\"application\/ld+json\" class=\"yoast-schema-graph\">{\"@context\":\"https:\\\/\\\/schema.org\",\"@graph\":[{\"@type\":\"Article\",\"@id\":\"https:\\\/\\\/www.nonsolomusicamagazine.it\\\/?p=6767#article\",\"isPartOf\":{\"@id\":\"https:\\\/\\\/www.nonsolomusicamagazine.it\\\/?p=6767\"},\"author\":{\"name\":\"nonsolomusica\",\"@id\":\"https:\\\/\\\/www.nonsolomusicamagazine.it\\\/#\\\/schema\\\/person\\\/a3349ad02300d046472d46cf6d31ae46\"},\"headline\":\"Grazia Deledda, donna e scrittrice dell\u2019emancipazione e per l\u2019 emancipazione, Premio Nobel per la Letteratura.\",\"datePublished\":\"2024-09-27T15:36:57+00:00\",\"dateModified\":\"2024-09-27T15:50:35+00:00\",\"mainEntityOfPage\":{\"@id\":\"https:\\\/\\\/www.nonsolomusicamagazine.it\\\/?p=6767\"},\"wordCount\":276,\"commentCount\":0,\"image\":{\"@id\":\"https:\\\/\\\/www.nonsolomusicamagazine.it\\\/?p=6767#primaryimage\"},\"thumbnailUrl\":\"https:\\\/\\\/www.nonsolomusicamagazine.it\\\/wp-content\\\/uploads\\\/2024\\\/09\\\/1000022618.jpg\",\"keywords\":[\"Deledda\",\"Grazia Deledda\"],\"articleSection\":[\"Cultura\"],\"inLanguage\":\"it-IT\",\"potentialAction\":[{\"@type\":\"CommentAction\",\"name\":\"Comment\",\"target\":[\"https:\\\/\\\/www.nonsolomusicamagazine.it\\\/?p=6767#respond\"]}]},{\"@type\":\"WebPage\",\"@id\":\"https:\\\/\\\/www.nonsolomusicamagazine.it\\\/?p=6767\",\"url\":\"https:\\\/\\\/www.nonsolomusicamagazine.it\\\/?p=6767\",\"name\":\"Grazia Deledda, donna e scrittrice dell\u2019emancipazione e per l\u2019 emancipazione, Premio Nobel per la Letteratura. - NonSoloMusicaMagazine\",\"isPartOf\":{\"@id\":\"https:\\\/\\\/www.nonsolomusicamagazine.it\\\/#website\"},\"primaryImageOfPage\":{\"@id\":\"https:\\\/\\\/www.nonsolomusicamagazine.it\\\/?p=6767#primaryimage\"},\"image\":{\"@id\":\"https:\\\/\\\/www.nonsolomusicamagazine.it\\\/?p=6767#primaryimage\"},\"thumbnailUrl\":\"https:\\\/\\\/www.nonsolomusicamagazine.it\\\/wp-content\\\/uploads\\\/2024\\\/09\\\/1000022618.jpg\",\"datePublished\":\"2024-09-27T15:36:57+00:00\",\"dateModified\":\"2024-09-27T15:50:35+00:00\",\"author\":{\"@id\":\"https:\\\/\\\/www.nonsolomusicamagazine.it\\\/#\\\/schema\\\/person\\\/a3349ad02300d046472d46cf6d31ae46\"},\"breadcrumb\":{\"@id\":\"https:\\\/\\\/www.nonsolomusicamagazine.it\\\/?p=6767#breadcrumb\"},\"inLanguage\":\"it-IT\",\"potentialAction\":[{\"@type\":\"ReadAction\",\"target\":[\"https:\\\/\\\/www.nonsolomusicamagazine.it\\\/?p=6767\"]}]},{\"@type\":\"ImageObject\",\"inLanguage\":\"it-IT\",\"@id\":\"https:\\\/\\\/www.nonsolomusicamagazine.it\\\/?p=6767#primaryimage\",\"url\":\"https:\\\/\\\/www.nonsolomusicamagazine.it\\\/wp-content\\\/uploads\\\/2024\\\/09\\\/1000022618.jpg\",\"contentUrl\":\"https:\\\/\\\/www.nonsolomusicamagazine.it\\\/wp-content\\\/uploads\\\/2024\\\/09\\\/1000022618.jpg\",\"width\":198,\"height\":255},{\"@type\":\"BreadcrumbList\",\"@id\":\"https:\\\/\\\/www.nonsolomusicamagazine.it\\\/?p=6767#breadcrumb\",\"itemListElement\":[{\"@type\":\"ListItem\",\"position\":1,\"name\":\"Home\",\"item\":\"https:\\\/\\\/www.nonsolomusicamagazine.it\\\/\"},{\"@type\":\"ListItem\",\"position\":2,\"name\":\"Grazia Deledda, donna e scrittrice dell\u2019emancipazione e per l\u2019 emancipazione, Premio Nobel per la Letteratura.\"}]},{\"@type\":\"WebSite\",\"@id\":\"https:\\\/\\\/www.nonsolomusicamagazine.it\\\/#website\",\"url\":\"https:\\\/\\\/www.nonsolomusicamagazine.it\\\/\",\"name\":\"Nonsolomusicamagazine\",\"description\":\"Dir. responsabile Manuel M Buccarella\",\"potentialAction\":[{\"@type\":\"SearchAction\",\"target\":{\"@type\":\"EntryPoint\",\"urlTemplate\":\"https:\\\/\\\/www.nonsolomusicamagazine.it\\\/?s={search_term_string}\"},\"query-input\":{\"@type\":\"PropertyValueSpecification\",\"valueRequired\":true,\"valueName\":\"search_term_string\"}}],\"inLanguage\":\"it-IT\"},{\"@type\":\"Person\",\"@id\":\"https:\\\/\\\/www.nonsolomusicamagazine.it\\\/#\\\/schema\\\/person\\\/a3349ad02300d046472d46cf6d31ae46\",\"name\":\"nonsolomusica\",\"image\":{\"@type\":\"ImageObject\",\"inLanguage\":\"it-IT\",\"@id\":\"https:\\\/\\\/www.nonsolomusicamagazine.it\\\/wp-content\\\/litespeed\\\/avatar\\\/3a675484bc84db6aba78d43bfc8b7197.jpg?ver=1776880798\",\"url\":\"https:\\\/\\\/www.nonsolomusicamagazine.it\\\/wp-content\\\/litespeed\\\/avatar\\\/3a675484bc84db6aba78d43bfc8b7197.jpg?ver=1776880798\",\"contentUrl\":\"https:\\\/\\\/www.nonsolomusicamagazine.it\\\/wp-content\\\/litespeed\\\/avatar\\\/3a675484bc84db6aba78d43bfc8b7197.jpg?ver=1776880798\",\"caption\":\"nonsolomusica\"},\"sameAs\":[\"https:\\\/\\\/www.nonsolomusicamagazine.it\"],\"url\":\"https:\\\/\\\/www.nonsolomusicamagazine.it\\\/?author=1\"}]}<\/script>\n<!-- \/ Yoast SEO plugin. -->","yoast_head_json":{"title":"Grazia Deledda, donna e scrittrice dell\u2019emancipazione e per l\u2019 emancipazione, Premio Nobel per la Letteratura. - NonSoloMusicaMagazine","robots":{"index":"index","follow":"follow","max-snippet":"max-snippet:-1","max-image-preview":"max-image-preview:large","max-video-preview":"max-video-preview:-1"},"canonical":"https:\/\/www.nonsolomusicamagazine.it\/?p=6767","og_locale":"it_IT","og_type":"article","og_title":"Grazia Deledda, donna e scrittrice dell\u2019emancipazione e per l\u2019 emancipazione, Premio Nobel per la Letteratura. - NonSoloMusicaMagazine","og_description":"Grazia Deledda non \u00e8 solo una ricorrenza, visto che \u00e8 nata il 27 settembre 1871 a Nuoro (morir\u00e0 nel 1936), ma \u00e8 una delle pi\u00f9 grandi scrittrici moderne italiane, e non solo. La sua opera pi\u00f9 nota, \u201cCanne al vento\u201d del 1913, le confer\u00ec rinomanza a livello internazionale. Nel 1927 le fu conferito il premio [&hellip;]","og_url":"https:\/\/www.nonsolomusicamagazine.it\/?p=6767","og_site_name":"NonSoloMusicaMagazine","article_published_time":"2024-09-27T15:36:57+00:00","article_modified_time":"2024-09-27T15:50:35+00:00","og_image":[{"width":198,"height":255,"url":"https:\/\/www.nonsolomusicamagazine.it\/wp-content\/uploads\/2024\/09\/1000022618.jpg","type":"image\/jpeg"}],"author":"nonsolomusica","twitter_card":"summary_large_image","twitter_misc":{"Scritto da":"nonsolomusica","Tempo di lettura stimato":"1 minuto"},"schema":{"@context":"https:\/\/schema.org","@graph":[{"@type":"Article","@id":"https:\/\/www.nonsolomusicamagazine.it\/?p=6767#article","isPartOf":{"@id":"https:\/\/www.nonsolomusicamagazine.it\/?p=6767"},"author":{"name":"nonsolomusica","@id":"https:\/\/www.nonsolomusicamagazine.it\/#\/schema\/person\/a3349ad02300d046472d46cf6d31ae46"},"headline":"Grazia Deledda, donna e scrittrice dell\u2019emancipazione e per l\u2019 emancipazione, Premio Nobel per la Letteratura.","datePublished":"2024-09-27T15:36:57+00:00","dateModified":"2024-09-27T15:50:35+00:00","mainEntityOfPage":{"@id":"https:\/\/www.nonsolomusicamagazine.it\/?p=6767"},"wordCount":276,"commentCount":0,"image":{"@id":"https:\/\/www.nonsolomusicamagazine.it\/?p=6767#primaryimage"},"thumbnailUrl":"https:\/\/www.nonsolomusicamagazine.it\/wp-content\/uploads\/2024\/09\/1000022618.jpg","keywords":["Deledda","Grazia Deledda"],"articleSection":["Cultura"],"inLanguage":"it-IT","potentialAction":[{"@type":"CommentAction","name":"Comment","target":["https:\/\/www.nonsolomusicamagazine.it\/?p=6767#respond"]}]},{"@type":"WebPage","@id":"https:\/\/www.nonsolomusicamagazine.it\/?p=6767","url":"https:\/\/www.nonsolomusicamagazine.it\/?p=6767","name":"Grazia Deledda, donna e scrittrice dell\u2019emancipazione e per l\u2019 emancipazione, Premio Nobel per la Letteratura. - NonSoloMusicaMagazine","isPartOf":{"@id":"https:\/\/www.nonsolomusicamagazine.it\/#website"},"primaryImageOfPage":{"@id":"https:\/\/www.nonsolomusicamagazine.it\/?p=6767#primaryimage"},"image":{"@id":"https:\/\/www.nonsolomusicamagazine.it\/?p=6767#primaryimage"},"thumbnailUrl":"https:\/\/www.nonsolomusicamagazine.it\/wp-content\/uploads\/2024\/09\/1000022618.jpg","datePublished":"2024-09-27T15:36:57+00:00","dateModified":"2024-09-27T15:50:35+00:00","author":{"@id":"https:\/\/www.nonsolomusicamagazine.it\/#\/schema\/person\/a3349ad02300d046472d46cf6d31ae46"},"breadcrumb":{"@id":"https:\/\/www.nonsolomusicamagazine.it\/?p=6767#breadcrumb"},"inLanguage":"it-IT","potentialAction":[{"@type":"ReadAction","target":["https:\/\/www.nonsolomusicamagazine.it\/?p=6767"]}]},{"@type":"ImageObject","inLanguage":"it-IT","@id":"https:\/\/www.nonsolomusicamagazine.it\/?p=6767#primaryimage","url":"https:\/\/www.nonsolomusicamagazine.it\/wp-content\/uploads\/2024\/09\/1000022618.jpg","contentUrl":"https:\/\/www.nonsolomusicamagazine.it\/wp-content\/uploads\/2024\/09\/1000022618.jpg","width":198,"height":255},{"@type":"BreadcrumbList","@id":"https:\/\/www.nonsolomusicamagazine.it\/?p=6767#breadcrumb","itemListElement":[{"@type":"ListItem","position":1,"name":"Home","item":"https:\/\/www.nonsolomusicamagazine.it\/"},{"@type":"ListItem","position":2,"name":"Grazia Deledda, donna e scrittrice dell\u2019emancipazione e per l\u2019 emancipazione, Premio Nobel per la Letteratura."}]},{"@type":"WebSite","@id":"https:\/\/www.nonsolomusicamagazine.it\/#website","url":"https:\/\/www.nonsolomusicamagazine.it\/","name":"Nonsolomusicamagazine","description":"Dir. responsabile Manuel M Buccarella","potentialAction":[{"@type":"SearchAction","target":{"@type":"EntryPoint","urlTemplate":"https:\/\/www.nonsolomusicamagazine.it\/?s={search_term_string}"},"query-input":{"@type":"PropertyValueSpecification","valueRequired":true,"valueName":"search_term_string"}}],"inLanguage":"it-IT"},{"@type":"Person","@id":"https:\/\/www.nonsolomusicamagazine.it\/#\/schema\/person\/a3349ad02300d046472d46cf6d31ae46","name":"nonsolomusica","image":{"@type":"ImageObject","inLanguage":"it-IT","@id":"https:\/\/www.nonsolomusicamagazine.it\/wp-content\/litespeed\/avatar\/3a675484bc84db6aba78d43bfc8b7197.jpg?ver=1776880798","url":"https:\/\/www.nonsolomusicamagazine.it\/wp-content\/litespeed\/avatar\/3a675484bc84db6aba78d43bfc8b7197.jpg?ver=1776880798","contentUrl":"https:\/\/www.nonsolomusicamagazine.it\/wp-content\/litespeed\/avatar\/3a675484bc84db6aba78d43bfc8b7197.jpg?ver=1776880798","caption":"nonsolomusica"},"sameAs":["https:\/\/www.nonsolomusicamagazine.it"],"url":"https:\/\/www.nonsolomusicamagazine.it\/?author=1"}]}},"amp_enabled":true,"_links":{"self":[{"href":"https:\/\/www.nonsolomusicamagazine.it\/index.php?rest_route=\/wp\/v2\/posts\/6767","targetHints":{"allow":["GET"]}}],"collection":[{"href":"https:\/\/www.nonsolomusicamagazine.it\/index.php?rest_route=\/wp\/v2\/posts"}],"about":[{"href":"https:\/\/www.nonsolomusicamagazine.it\/index.php?rest_route=\/wp\/v2\/types\/post"}],"author":[{"embeddable":true,"href":"https:\/\/www.nonsolomusicamagazine.it\/index.php?rest_route=\/wp\/v2\/users\/1"}],"replies":[{"embeddable":true,"href":"https:\/\/www.nonsolomusicamagazine.it\/index.php?rest_route=%2Fwp%2Fv2%2Fcomments&post=6767"}],"version-history":[{"count":0,"href":"https:\/\/www.nonsolomusicamagazine.it\/index.php?rest_route=\/wp\/v2\/posts\/6767\/revisions"}],"wp:featuredmedia":[{"embeddable":true,"href":"https:\/\/www.nonsolomusicamagazine.it\/index.php?rest_route=\/wp\/v2\/media\/6768"}],"wp:attachment":[{"href":"https:\/\/www.nonsolomusicamagazine.it\/index.php?rest_route=%2Fwp%2Fv2%2Fmedia&parent=6767"}],"wp:term":[{"taxonomy":"category","embeddable":true,"href":"https:\/\/www.nonsolomusicamagazine.it\/index.php?rest_route=%2Fwp%2Fv2%2Fcategories&post=6767"},{"taxonomy":"post_tag","embeddable":true,"href":"https:\/\/www.nonsolomusicamagazine.it\/index.php?rest_route=%2Fwp%2Fv2%2Ftags&post=6767"}],"curies":[{"name":"wp","href":"https:\/\/api.w.org\/{rel}","templated":true}]}}