{"id":7247,"date":"2024-11-07T20:57:37","date_gmt":"2024-11-07T19:57:37","guid":{"rendered":"https:\/\/www.nonsolomusicamagazine.it\/?p=7247"},"modified":"2024-11-07T20:57:38","modified_gmt":"2024-11-07T19:57:38","slug":"il-professore-christian-raimo-sospeso-per-tre-mesi-dal-servizio-per-aver-criticato-il-ministro-valditara","status":"publish","type":"post","link":"https:\/\/www.nonsolomusicamagazine.it\/?p=7247","title":{"rendered":"Il professore Christian Raimo sospeso per tre mesi dal servizio per aver criticato il ministro Valditara."},"content":{"rendered":"\n<p>L\u2019Ufficio Scolastico Regionale del Lazio ha comminato la sanzione disciplinare della sospensione dal servizio per tre mesi con dimezzamento dello stipendio al prof. Christian Raimo per aver espresso critiche alle politiche del Ministro dell\u2019Istruzione Valditara. <\/p>\n\n\n\n<p>&#8220;Una decisione non giustificata per la FLC CGIL Nazionale e la FLC CGIL Roma e Lazio da reali violazioni disciplinari &#8211; si legge in un comunicato congiunto &#8211;  e che sottende piuttosto l\u2019obiettivo di instaurare un clima di controllo e intimidazione verso tutto il personale scolastico, utilizzando in modo strumentale il Codice di comportamento dei dipendenti pubblici. Invece di tutelare l&#8217;integrit\u00e0 della professione, il codice viene sfruttato per reprimere e soffocare il libero dibattito, riducendo gli insegnanti a esecutori di una linea ministeriale priva di spazio per l\u2019esercizio della piena cittadinanza. <\/p>\n\n\n\n<p>Troviamo questo provvedimento di una gravit\u00e0 inaudita &#8211; continua la CGIL &#8211; poich\u00e9 Raimo ha espresso le proprie valutazioni e idee in occasione di una manifestazione politica e non certo a scuola o durante il servizio. Per la FLC CGIL e la FLC CGIL di Roma e Lazio questo atto \u00e8 null\u2019altro che una censura politica mascherata da sanzione disciplinare e prefigura una limitazione della libert\u00e0 di espressione, garantita a tutti i cittadini nel nostro paese dalla Costituzione, indipendentemente dalla loro condizione lavorativa.  <\/p>\n\n\n\n<p>&#8220;Questa azione rappresenta un grave segnale per tutta la comunit\u00e0 educante, indirizzando un monito inquietante: ogni voce dissenziente sar\u00e0 punita.La FLC CGIL oltre a esprimere piena solidariet\u00e0 al prof. Raimo attuer\u00e0 tutte le azioni di tutela legale e sindacale per impugnare il provvedimento e invita tutto il personale a partecipare alle iniziative che saranno messe in campo a difesa della libert\u00e0 di espressione. Adesso censurateci tutti e tutte!&#8221;<\/p>\n\n\n\n<figure class=\"wp-block-image size-full\"><img decoding=\"async\" width=\"720\" height=\"365\" src=\"https:\/\/www.nonsolomusicamagazine.it\/wp-content\/uploads\/2024\/11\/1000026918.jpg\" alt=\"\" class=\"wp-image-7248\" srcset=\"https:\/\/www.nonsolomusicamagazine.it\/wp-content\/uploads\/2024\/11\/1000026918.jpg 720w, https:\/\/www.nonsolomusicamagazine.it\/wp-content\/uploads\/2024\/11\/1000026918-300x152.jpg 300w\" sizes=\"(max-width: 720px) 100vw, 720px\" \/><\/figure>\n","protected":false},"excerpt":{"rendered":"<p>L\u2019Ufficio Scolastico Regionale del Lazio ha comminato la sanzione disciplinare della sospensione dal servizio per tre mesi con dimezzamento dello stipendio al prof. Christian Raimo per aver espresso critiche alle politiche del Ministro dell\u2019Istruzione Valditara. &#8220;Una decisione non giustificata per la FLC CGIL Nazionale e la FLC CGIL Roma e Lazio da reali violazioni disciplinari [&hellip;]<\/p>\n","protected":false},"author":1,"featured_media":7248,"comment_status":"open","ping_status":"closed","sticky":false,"template":"","format":"standard","meta":{"footnotes":""},"categories":[106,1432,5],"tags":[208,3500,3499,3064],"class_list":["post-7247","post","type-post","status-publish","format-standard","has-post-thumbnail","hentry","category-cultura","category-lavoro","category-politica","tag-cgil","tag-christian-raimo","tag-raimo","tag-valditara"],"yoast_head":"<!-- This site is optimized with the Yoast SEO plugin v27.4 - https:\/\/yoast.com\/product\/yoast-seo-wordpress\/ -->\n<title>Il professore Christian Raimo sospeso per tre mesi dal servizio per aver criticato il ministro Valditara. - NonSoloMusicaMagazine<\/title>\n<meta name=\"description\" content=\"Il professore Christian Raimo sospeso per tre mesi dal servizio per aver criticato il ministro Valditara.\" \/>\n<meta name=\"robots\" content=\"index, follow, max-snippet:-1, max-image-preview:large, max-video-preview:-1\" \/>\n<link rel=\"canonical\" href=\"https:\/\/www.nonsolomusicamagazine.it\/?p=7247\" \/>\n<meta property=\"og:locale\" content=\"it_IT\" \/>\n<meta property=\"og:type\" content=\"article\" \/>\n<meta property=\"og:title\" content=\"Il professore Christian Raimo sospeso per tre mesi dal servizio per aver criticato il ministro Valditara. - NonSoloMusicaMagazine\" \/>\n<meta property=\"og:description\" content=\"Il professore Christian Raimo sospeso per tre mesi dal servizio per aver criticato il ministro Valditara.\" \/>\n<meta property=\"og:url\" content=\"https:\/\/www.nonsolomusicamagazine.it\/?p=7247\" \/>\n<meta property=\"og:site_name\" content=\"NonSoloMusicaMagazine\" \/>\n<meta property=\"article:published_time\" content=\"2024-11-07T19:57:37+00:00\" \/>\n<meta property=\"article:modified_time\" content=\"2024-11-07T19:57:38+00:00\" \/>\n<meta property=\"og:image\" content=\"https:\/\/www.nonsolomusicamagazine.it\/wp-content\/uploads\/2024\/11\/1000026918.jpg\" \/>\n\t<meta property=\"og:image:width\" content=\"720\" \/>\n\t<meta property=\"og:image:height\" content=\"365\" \/>\n\t<meta property=\"og:image:type\" content=\"image\/jpeg\" \/>\n<meta name=\"author\" content=\"nonsolomusica\" \/>\n<meta name=\"twitter:card\" content=\"summary_large_image\" \/>\n<meta name=\"twitter:label1\" content=\"Scritto da\" \/>\n\t<meta name=\"twitter:data1\" content=\"nonsolomusica\" \/>\n\t<meta name=\"twitter:label2\" content=\"Tempo di lettura stimato\" \/>\n\t<meta name=\"twitter:data2\" content=\"2 minuti\" \/>\n<script type=\"application\/ld+json\" class=\"yoast-schema-graph\">{\"@context\":\"https:\\\/\\\/schema.org\",\"@graph\":[{\"@type\":\"Article\",\"@id\":\"https:\\\/\\\/www.nonsolomusicamagazine.it\\\/?p=7247#article\",\"isPartOf\":{\"@id\":\"https:\\\/\\\/www.nonsolomusicamagazine.it\\\/?p=7247\"},\"author\":{\"name\":\"nonsolomusica\",\"@id\":\"https:\\\/\\\/www.nonsolomusicamagazine.it\\\/#\\\/schema\\\/person\\\/a3349ad02300d046472d46cf6d31ae46\"},\"headline\":\"Il professore Christian Raimo sospeso per tre mesi dal servizio per aver criticato il ministro Valditara.\",\"datePublished\":\"2024-11-07T19:57:37+00:00\",\"dateModified\":\"2024-11-07T19:57:38+00:00\",\"mainEntityOfPage\":{\"@id\":\"https:\\\/\\\/www.nonsolomusicamagazine.it\\\/?p=7247\"},\"wordCount\":299,\"commentCount\":0,\"image\":{\"@id\":\"https:\\\/\\\/www.nonsolomusicamagazine.it\\\/?p=7247#primaryimage\"},\"thumbnailUrl\":\"https:\\\/\\\/www.nonsolomusicamagazine.it\\\/wp-content\\\/uploads\\\/2024\\\/11\\\/1000026918.jpg\",\"keywords\":[\"Cgil\",\"Christian Raimo\",\"Raimo\",\"Valditara\"],\"articleSection\":[\"Cultura\",\"Lavoro\",\"Politica\"],\"inLanguage\":\"it-IT\",\"potentialAction\":[{\"@type\":\"CommentAction\",\"name\":\"Comment\",\"target\":[\"https:\\\/\\\/www.nonsolomusicamagazine.it\\\/?p=7247#respond\"]}]},{\"@type\":\"WebPage\",\"@id\":\"https:\\\/\\\/www.nonsolomusicamagazine.it\\\/?p=7247\",\"url\":\"https:\\\/\\\/www.nonsolomusicamagazine.it\\\/?p=7247\",\"name\":\"Il professore Christian Raimo sospeso per tre mesi dal servizio per aver criticato il ministro Valditara. - NonSoloMusicaMagazine\",\"isPartOf\":{\"@id\":\"https:\\\/\\\/www.nonsolomusicamagazine.it\\\/#website\"},\"primaryImageOfPage\":{\"@id\":\"https:\\\/\\\/www.nonsolomusicamagazine.it\\\/?p=7247#primaryimage\"},\"image\":{\"@id\":\"https:\\\/\\\/www.nonsolomusicamagazine.it\\\/?p=7247#primaryimage\"},\"thumbnailUrl\":\"https:\\\/\\\/www.nonsolomusicamagazine.it\\\/wp-content\\\/uploads\\\/2024\\\/11\\\/1000026918.jpg\",\"datePublished\":\"2024-11-07T19:57:37+00:00\",\"dateModified\":\"2024-11-07T19:57:38+00:00\",\"author\":{\"@id\":\"https:\\\/\\\/www.nonsolomusicamagazine.it\\\/#\\\/schema\\\/person\\\/a3349ad02300d046472d46cf6d31ae46\"},\"description\":\"Il professore Christian Raimo sospeso per tre mesi dal servizio per aver criticato il ministro Valditara.\",\"breadcrumb\":{\"@id\":\"https:\\\/\\\/www.nonsolomusicamagazine.it\\\/?p=7247#breadcrumb\"},\"inLanguage\":\"it-IT\",\"potentialAction\":[{\"@type\":\"ReadAction\",\"target\":[\"https:\\\/\\\/www.nonsolomusicamagazine.it\\\/?p=7247\"]}]},{\"@type\":\"ImageObject\",\"inLanguage\":\"it-IT\",\"@id\":\"https:\\\/\\\/www.nonsolomusicamagazine.it\\\/?p=7247#primaryimage\",\"url\":\"https:\\\/\\\/www.nonsolomusicamagazine.it\\\/wp-content\\\/uploads\\\/2024\\\/11\\\/1000026918.jpg\",\"contentUrl\":\"https:\\\/\\\/www.nonsolomusicamagazine.it\\\/wp-content\\\/uploads\\\/2024\\\/11\\\/1000026918.jpg\",\"width\":720,\"height\":365},{\"@type\":\"BreadcrumbList\",\"@id\":\"https:\\\/\\\/www.nonsolomusicamagazine.it\\\/?p=7247#breadcrumb\",\"itemListElement\":[{\"@type\":\"ListItem\",\"position\":1,\"name\":\"Home\",\"item\":\"https:\\\/\\\/www.nonsolomusicamagazine.it\\\/\"},{\"@type\":\"ListItem\",\"position\":2,\"name\":\"Il professore Christian Raimo sospeso per tre mesi dal servizio per aver criticato il ministro Valditara.\"}]},{\"@type\":\"WebSite\",\"@id\":\"https:\\\/\\\/www.nonsolomusicamagazine.it\\\/#website\",\"url\":\"https:\\\/\\\/www.nonsolomusicamagazine.it\\\/\",\"name\":\"Nonsolomusicamagazine\",\"description\":\"Dir. responsabile Manuel M Buccarella\",\"potentialAction\":[{\"@type\":\"SearchAction\",\"target\":{\"@type\":\"EntryPoint\",\"urlTemplate\":\"https:\\\/\\\/www.nonsolomusicamagazine.it\\\/?s={search_term_string}\"},\"query-input\":{\"@type\":\"PropertyValueSpecification\",\"valueRequired\":true,\"valueName\":\"search_term_string\"}}],\"inLanguage\":\"it-IT\"},{\"@type\":\"Person\",\"@id\":\"https:\\\/\\\/www.nonsolomusicamagazine.it\\\/#\\\/schema\\\/person\\\/a3349ad02300d046472d46cf6d31ae46\",\"name\":\"nonsolomusica\",\"image\":{\"@type\":\"ImageObject\",\"inLanguage\":\"it-IT\",\"@id\":\"https:\\\/\\\/www.nonsolomusicamagazine.it\\\/wp-content\\\/litespeed\\\/avatar\\\/3a675484bc84db6aba78d43bfc8b7197.jpg?ver=1776880798\",\"url\":\"https:\\\/\\\/www.nonsolomusicamagazine.it\\\/wp-content\\\/litespeed\\\/avatar\\\/3a675484bc84db6aba78d43bfc8b7197.jpg?ver=1776880798\",\"contentUrl\":\"https:\\\/\\\/www.nonsolomusicamagazine.it\\\/wp-content\\\/litespeed\\\/avatar\\\/3a675484bc84db6aba78d43bfc8b7197.jpg?ver=1776880798\",\"caption\":\"nonsolomusica\"},\"sameAs\":[\"https:\\\/\\\/www.nonsolomusicamagazine.it\"],\"url\":\"https:\\\/\\\/www.nonsolomusicamagazine.it\\\/?author=1\"}]}<\/script>\n<!-- \/ Yoast SEO plugin. -->","yoast_head_json":{"title":"Il professore Christian Raimo sospeso per tre mesi dal servizio per aver criticato il ministro Valditara. - NonSoloMusicaMagazine","description":"Il professore Christian Raimo sospeso per tre mesi dal servizio per aver criticato il ministro Valditara.","robots":{"index":"index","follow":"follow","max-snippet":"max-snippet:-1","max-image-preview":"max-image-preview:large","max-video-preview":"max-video-preview:-1"},"canonical":"https:\/\/www.nonsolomusicamagazine.it\/?p=7247","og_locale":"it_IT","og_type":"article","og_title":"Il professore Christian Raimo sospeso per tre mesi dal servizio per aver criticato il ministro Valditara. - NonSoloMusicaMagazine","og_description":"Il professore Christian Raimo sospeso per tre mesi dal servizio per aver criticato il ministro Valditara.","og_url":"https:\/\/www.nonsolomusicamagazine.it\/?p=7247","og_site_name":"NonSoloMusicaMagazine","article_published_time":"2024-11-07T19:57:37+00:00","article_modified_time":"2024-11-07T19:57:38+00:00","og_image":[{"width":720,"height":365,"url":"https:\/\/www.nonsolomusicamagazine.it\/wp-content\/uploads\/2024\/11\/1000026918.jpg","type":"image\/jpeg"}],"author":"nonsolomusica","twitter_card":"summary_large_image","twitter_misc":{"Scritto da":"nonsolomusica","Tempo di lettura stimato":"2 minuti"},"schema":{"@context":"https:\/\/schema.org","@graph":[{"@type":"Article","@id":"https:\/\/www.nonsolomusicamagazine.it\/?p=7247#article","isPartOf":{"@id":"https:\/\/www.nonsolomusicamagazine.it\/?p=7247"},"author":{"name":"nonsolomusica","@id":"https:\/\/www.nonsolomusicamagazine.it\/#\/schema\/person\/a3349ad02300d046472d46cf6d31ae46"},"headline":"Il professore Christian Raimo sospeso per tre mesi dal servizio per aver criticato il ministro Valditara.","datePublished":"2024-11-07T19:57:37+00:00","dateModified":"2024-11-07T19:57:38+00:00","mainEntityOfPage":{"@id":"https:\/\/www.nonsolomusicamagazine.it\/?p=7247"},"wordCount":299,"commentCount":0,"image":{"@id":"https:\/\/www.nonsolomusicamagazine.it\/?p=7247#primaryimage"},"thumbnailUrl":"https:\/\/www.nonsolomusicamagazine.it\/wp-content\/uploads\/2024\/11\/1000026918.jpg","keywords":["Cgil","Christian Raimo","Raimo","Valditara"],"articleSection":["Cultura","Lavoro","Politica"],"inLanguage":"it-IT","potentialAction":[{"@type":"CommentAction","name":"Comment","target":["https:\/\/www.nonsolomusicamagazine.it\/?p=7247#respond"]}]},{"@type":"WebPage","@id":"https:\/\/www.nonsolomusicamagazine.it\/?p=7247","url":"https:\/\/www.nonsolomusicamagazine.it\/?p=7247","name":"Il professore Christian Raimo sospeso per tre mesi dal servizio per aver criticato il ministro Valditara. - NonSoloMusicaMagazine","isPartOf":{"@id":"https:\/\/www.nonsolomusicamagazine.it\/#website"},"primaryImageOfPage":{"@id":"https:\/\/www.nonsolomusicamagazine.it\/?p=7247#primaryimage"},"image":{"@id":"https:\/\/www.nonsolomusicamagazine.it\/?p=7247#primaryimage"},"thumbnailUrl":"https:\/\/www.nonsolomusicamagazine.it\/wp-content\/uploads\/2024\/11\/1000026918.jpg","datePublished":"2024-11-07T19:57:37+00:00","dateModified":"2024-11-07T19:57:38+00:00","author":{"@id":"https:\/\/www.nonsolomusicamagazine.it\/#\/schema\/person\/a3349ad02300d046472d46cf6d31ae46"},"description":"Il professore Christian Raimo sospeso per tre mesi dal servizio per aver criticato il ministro Valditara.","breadcrumb":{"@id":"https:\/\/www.nonsolomusicamagazine.it\/?p=7247#breadcrumb"},"inLanguage":"it-IT","potentialAction":[{"@type":"ReadAction","target":["https:\/\/www.nonsolomusicamagazine.it\/?p=7247"]}]},{"@type":"ImageObject","inLanguage":"it-IT","@id":"https:\/\/www.nonsolomusicamagazine.it\/?p=7247#primaryimage","url":"https:\/\/www.nonsolomusicamagazine.it\/wp-content\/uploads\/2024\/11\/1000026918.jpg","contentUrl":"https:\/\/www.nonsolomusicamagazine.it\/wp-content\/uploads\/2024\/11\/1000026918.jpg","width":720,"height":365},{"@type":"BreadcrumbList","@id":"https:\/\/www.nonsolomusicamagazine.it\/?p=7247#breadcrumb","itemListElement":[{"@type":"ListItem","position":1,"name":"Home","item":"https:\/\/www.nonsolomusicamagazine.it\/"},{"@type":"ListItem","position":2,"name":"Il professore Christian Raimo sospeso per tre mesi dal servizio per aver criticato il ministro Valditara."}]},{"@type":"WebSite","@id":"https:\/\/www.nonsolomusicamagazine.it\/#website","url":"https:\/\/www.nonsolomusicamagazine.it\/","name":"Nonsolomusicamagazine","description":"Dir. responsabile Manuel M Buccarella","potentialAction":[{"@type":"SearchAction","target":{"@type":"EntryPoint","urlTemplate":"https:\/\/www.nonsolomusicamagazine.it\/?s={search_term_string}"},"query-input":{"@type":"PropertyValueSpecification","valueRequired":true,"valueName":"search_term_string"}}],"inLanguage":"it-IT"},{"@type":"Person","@id":"https:\/\/www.nonsolomusicamagazine.it\/#\/schema\/person\/a3349ad02300d046472d46cf6d31ae46","name":"nonsolomusica","image":{"@type":"ImageObject","inLanguage":"it-IT","@id":"https:\/\/www.nonsolomusicamagazine.it\/wp-content\/litespeed\/avatar\/3a675484bc84db6aba78d43bfc8b7197.jpg?ver=1776880798","url":"https:\/\/www.nonsolomusicamagazine.it\/wp-content\/litespeed\/avatar\/3a675484bc84db6aba78d43bfc8b7197.jpg?ver=1776880798","contentUrl":"https:\/\/www.nonsolomusicamagazine.it\/wp-content\/litespeed\/avatar\/3a675484bc84db6aba78d43bfc8b7197.jpg?ver=1776880798","caption":"nonsolomusica"},"sameAs":["https:\/\/www.nonsolomusicamagazine.it"],"url":"https:\/\/www.nonsolomusicamagazine.it\/?author=1"}]}},"amp_enabled":true,"_links":{"self":[{"href":"https:\/\/www.nonsolomusicamagazine.it\/index.php?rest_route=\/wp\/v2\/posts\/7247","targetHints":{"allow":["GET"]}}],"collection":[{"href":"https:\/\/www.nonsolomusicamagazine.it\/index.php?rest_route=\/wp\/v2\/posts"}],"about":[{"href":"https:\/\/www.nonsolomusicamagazine.it\/index.php?rest_route=\/wp\/v2\/types\/post"}],"author":[{"embeddable":true,"href":"https:\/\/www.nonsolomusicamagazine.it\/index.php?rest_route=\/wp\/v2\/users\/1"}],"replies":[{"embeddable":true,"href":"https:\/\/www.nonsolomusicamagazine.it\/index.php?rest_route=%2Fwp%2Fv2%2Fcomments&post=7247"}],"version-history":[{"count":0,"href":"https:\/\/www.nonsolomusicamagazine.it\/index.php?rest_route=\/wp\/v2\/posts\/7247\/revisions"}],"wp:featuredmedia":[{"embeddable":true,"href":"https:\/\/www.nonsolomusicamagazine.it\/index.php?rest_route=\/wp\/v2\/media\/7248"}],"wp:attachment":[{"href":"https:\/\/www.nonsolomusicamagazine.it\/index.php?rest_route=%2Fwp%2Fv2%2Fmedia&parent=7247"}],"wp:term":[{"taxonomy":"category","embeddable":true,"href":"https:\/\/www.nonsolomusicamagazine.it\/index.php?rest_route=%2Fwp%2Fv2%2Fcategories&post=7247"},{"taxonomy":"post_tag","embeddable":true,"href":"https:\/\/www.nonsolomusicamagazine.it\/index.php?rest_route=%2Fwp%2Fv2%2Ftags&post=7247"}],"curies":[{"name":"wp","href":"https:\/\/api.w.org\/{rel}","templated":true}]}}