{"id":7432,"date":"2024-11-22T20:27:47","date_gmt":"2024-11-22T19:27:47","guid":{"rendered":"https:\/\/www.nonsolomusicamagazine.it\/?p=7432"},"modified":"2024-11-22T20:27:49","modified_gmt":"2024-11-22T19:27:49","slug":"eppur-si-muove","status":"publish","type":"post","link":"https:\/\/www.nonsolomusicamagazine.it\/?p=7432","title":{"rendered":"Eppur si muove"},"content":{"rendered":"\n<p class=\"has-text-align-center\"><strong>Franco Roman\u00f2<\/strong><\/p>\n\n\n\n<p>Riportiamo con piacere un contributo di Franco Roman\u00f2, dal suo blog, che ci \u00e8 stato segnalato dall&#8217;autore stesso. Una lucida disamina della rielezione di Trump e del suo ruolo a livello internazionale. L&#8217; articolo introduce anche un contributo di Lucio Caracciolo.<\/p>\n\n\n\n<p><blockquote class=\"wp-embedded-content\" data-secret=\"ySNdPHgYQb\"><a href=\"https:\/\/www.francoromano.it\/eppur-si-muove\/\">EPPUR SI MUOVE<\/a><\/blockquote><iframe class=\"wp-embedded-content\" sandbox=\"allow-scripts\" security=\"restricted\" style=\"position: absolute; visibility: hidden;\" title=\"&#8220;EPPUR SI MUOVE&#8221; &#8212; Blog di Franco Roman\u00f2\" src=\"https:\/\/www.francoromano.it\/eppur-si-muove\/embed\/#?secret=pb7khcsPSQ#?secret=ySNdPHgYQb\" data-secret=\"ySNdPHgYQb\" width=\"600\" height=\"338\" frameborder=\"0\" marginwidth=\"0\" marginheight=\"0\" scrolling=\"no\"><\/iframe><\/p>\n\n\n\n<p class=\"has-text-align-center\">*** ***<\/p>\n\n\n\n<p><em>Premessa<\/em><\/p>\n\n\n\n<p><em>La vittoria di Trump viene da lontano e se non ci fosse stato di mezzo il Covid e alcuni errori macroscopici di gestione durante il primo anno specialmente, Trump avrebbe stravinto anche le elezioni del 2020. Il dibattito successivo a queste ultime elezioni, tranne pochi interventi e uno in particolare di Lucio Caracciolo che pubblicher\u00f2 per intero alla fine di questa premessa, \u00e8 invece piuttosto deludente. La maggioranza dei commenti, infatti, oscilla ancora fra lo stupore e addirittura un eccesso di aspettative, quasi sempre derivanti da una constatazione: Trump si muove e al suo fianco ha un tarantolato che si muove anche pi\u00f9 di lui. Il movimento produce sempre qualcosa, anche quando \u00e8 un girare a vuoto che suscita solo vento, ma \u00e8 addirittura un uragano se lo si paragona alla mortale immobilit\u00e0 dei democratici statunitensi e di quelli di qui. Il movimento congiunto Trump-Musk, qualcosa per\u00f2 ha gi\u00e0 prodotto: il panico nei governi europei \u2013 chi pi\u00f9 chi meno \u2013 e nelle istituzioni europee, come si evince dalle difficolt\u00e0 nel varare la nuova commissione. Il caso pi\u00f9 eclatante \u00e8 la Germania. Scholz \u00e8 riuscito nel giro di due giorni a licenziare il ministro delle finanze tedesche, reo di avere difeso l\u2019austerit\u00e0 assoluta, quando una settimana prima, Scholz medesimo aveva bocciato il piano Draghi che proponeva il debito comune e la continuazione del percorso iniziato con il piano Next generation varato durante la pandemia: inevitabile a quel punto la corsa verso elezioni anticipate. La cosa pi\u00f9 stupefacente per\u00f2 \u00e8 l\u2019improvviso movimento accelerato di Scholz, apparso per i due anni precedenti anche da molti esponenti del suo partito, un uomo cui non veniva attribuita alcuna dichiarazione e uno stato esistenziale prossimo al letargo. Trasformatosi in tarantolato nel giro di una settimana, nei giorni scorsi il nuovo colpo di scena: la telefonata di un\u2019ora \u2013 addirittura un\u2019ora! \u2013 con Putin. Questi i primi effetti dell\u2019elezione di Trump: siamo solo agli inizi e altre ne vedremo quando finalmente tutta la squadra di governo sar\u00e0 allestita, ma forse tornare a parlare della sua elezione e domandarsi da dove viene \u00e8 forse pi\u00f9 utile. L\u2019intervento di Lucio Caracciolo, pubblicato sulla rivista Il comunista e ripreso da Sinistra in rete, \u00e8 uno dei pi\u00f9 acuti a mio giudizio nel mettere a fuoco le dinamiche del caos sistemico di cui anche Trump \u00e8 il prodotto. Concludo questa premessa con una osservazione di Ida Dominijanni subito dopo l\u2019esito del voto, perch\u00e9 nella frase e nell\u2019intervista successiva rilasciata da lei a Radiopopolare, sottolinea i pericoli insisti nella presenza di Musk. Questa la frase di Dominijanni:Una resa planetaria al grande capitale riverniciato di futurismo alla Musk.<\/em><\/p>\n\n\n\n<figure class=\"wp-block-image size-full\"><img decoding=\"async\" width=\"720\" height=\"960\" src=\"https:\/\/www.nonsolomusicamagazine.it\/wp-content\/uploads\/2024\/11\/1000028492.jpg\" alt=\"\" class=\"wp-image-7433\" srcset=\"https:\/\/www.nonsolomusicamagazine.it\/wp-content\/uploads\/2024\/11\/1000028492.jpg 720w, https:\/\/www.nonsolomusicamagazine.it\/wp-content\/uploads\/2024\/11\/1000028492-225x300.jpg 225w\" sizes=\"(max-width: 720px) 100vw, 720px\" \/><\/figure>\n","protected":false},"excerpt":{"rendered":"<p>Franco Roman\u00f2 Riportiamo con piacere un contributo di Franco Roman\u00f2, dal suo blog, che ci \u00e8 stato segnalato dall&#8217;autore stesso. Una lucida disamina della rielezione di Trump e del suo ruolo a livello internazionale. L&#8217; articolo introduce anche un contributo di Lucio Caracciolo. EPPUR SI MUOVE *** *** Premessa La vittoria di Trump viene da [&hellip;]<\/p>\n","protected":false},"author":1,"featured_media":7433,"comment_status":"open","ping_status":"closed","sticky":false,"template":"","format":"standard","meta":{"footnotes":""},"categories":[6,5],"tags":[3543,98,38],"class_list":["post-7432","post","type-post","status-publish","format-standard","has-post-thumbnail","hentry","category-esteri","category-politica","tag-romano","tag-trump","tag-usa"],"yoast_head":"<!-- This site is optimized with the Yoast SEO plugin v27.5 - https:\/\/yoast.com\/product\/yoast-seo-wordpress\/ -->\n<title>Eppur si muove - NonSoloMusicaMagazine<\/title>\n<meta name=\"description\" content=\"Eppur si muove\" \/>\n<meta name=\"robots\" content=\"index, follow, max-snippet:-1, max-image-preview:large, max-video-preview:-1\" \/>\n<link rel=\"canonical\" href=\"https:\/\/www.nonsolomusicamagazine.it\/?p=7432\" \/>\n<meta property=\"og:locale\" content=\"it_IT\" \/>\n<meta property=\"og:type\" content=\"article\" \/>\n<meta property=\"og:title\" content=\"Eppur si muove - NonSoloMusicaMagazine\" \/>\n<meta property=\"og:description\" content=\"Eppur si muove\" \/>\n<meta property=\"og:url\" content=\"https:\/\/www.nonsolomusicamagazine.it\/?p=7432\" \/>\n<meta property=\"og:site_name\" content=\"NonSoloMusicaMagazine\" \/>\n<meta property=\"article:published_time\" content=\"2024-11-22T19:27:47+00:00\" \/>\n<meta property=\"article:modified_time\" content=\"2024-11-22T19:27:49+00:00\" \/>\n<meta property=\"og:image\" content=\"https:\/\/www.nonsolomusicamagazine.it\/wp-content\/uploads\/2024\/11\/1000028492.jpg\" \/>\n\t<meta property=\"og:image:width\" content=\"720\" \/>\n\t<meta property=\"og:image:height\" content=\"960\" \/>\n\t<meta property=\"og:image:type\" content=\"image\/jpeg\" \/>\n<meta name=\"author\" content=\"nonsolomusica\" \/>\n<meta name=\"twitter:card\" content=\"summary_large_image\" \/>\n<meta name=\"twitter:label1\" content=\"Scritto da\" \/>\n\t<meta name=\"twitter:data1\" content=\"nonsolomusica\" \/>\n\t<meta name=\"twitter:label2\" content=\"Tempo di lettura stimato\" \/>\n\t<meta name=\"twitter:data2\" content=\"3 minuti\" \/>\n<script type=\"application\/ld+json\" class=\"yoast-schema-graph\">{\"@context\":\"https:\\\/\\\/schema.org\",\"@graph\":[{\"@type\":\"Article\",\"@id\":\"https:\\\/\\\/www.nonsolomusicamagazine.it\\\/?p=7432#article\",\"isPartOf\":{\"@id\":\"https:\\\/\\\/www.nonsolomusicamagazine.it\\\/?p=7432\"},\"author\":{\"name\":\"nonsolomusica\",\"@id\":\"https:\\\/\\\/www.nonsolomusicamagazine.it\\\/#\\\/schema\\\/person\\\/a3349ad02300d046472d46cf6d31ae46\"},\"headline\":\"Eppur si muove\",\"datePublished\":\"2024-11-22T19:27:47+00:00\",\"dateModified\":\"2024-11-22T19:27:49+00:00\",\"mainEntityOfPage\":{\"@id\":\"https:\\\/\\\/www.nonsolomusicamagazine.it\\\/?p=7432\"},\"wordCount\":483,\"commentCount\":0,\"image\":{\"@id\":\"https:\\\/\\\/www.nonsolomusicamagazine.it\\\/?p=7432#primaryimage\"},\"thumbnailUrl\":\"https:\\\/\\\/www.nonsolomusicamagazine.it\\\/wp-content\\\/uploads\\\/2024\\\/11\\\/1000028492.jpg\",\"keywords\":[\"Roman\u00f2\",\"Trump\",\"Usa\"],\"articleSection\":[\"Esteri\",\"Politica\"],\"inLanguage\":\"it-IT\",\"potentialAction\":[{\"@type\":\"CommentAction\",\"name\":\"Comment\",\"target\":[\"https:\\\/\\\/www.nonsolomusicamagazine.it\\\/?p=7432#respond\"]}]},{\"@type\":\"WebPage\",\"@id\":\"https:\\\/\\\/www.nonsolomusicamagazine.it\\\/?p=7432\",\"url\":\"https:\\\/\\\/www.nonsolomusicamagazine.it\\\/?p=7432\",\"name\":\"Eppur si muove - NonSoloMusicaMagazine\",\"isPartOf\":{\"@id\":\"https:\\\/\\\/www.nonsolomusicamagazine.it\\\/#website\"},\"primaryImageOfPage\":{\"@id\":\"https:\\\/\\\/www.nonsolomusicamagazine.it\\\/?p=7432#primaryimage\"},\"image\":{\"@id\":\"https:\\\/\\\/www.nonsolomusicamagazine.it\\\/?p=7432#primaryimage\"},\"thumbnailUrl\":\"https:\\\/\\\/www.nonsolomusicamagazine.it\\\/wp-content\\\/uploads\\\/2024\\\/11\\\/1000028492.jpg\",\"datePublished\":\"2024-11-22T19:27:47+00:00\",\"dateModified\":\"2024-11-22T19:27:49+00:00\",\"author\":{\"@id\":\"https:\\\/\\\/www.nonsolomusicamagazine.it\\\/#\\\/schema\\\/person\\\/a3349ad02300d046472d46cf6d31ae46\"},\"description\":\"Eppur si muove\",\"breadcrumb\":{\"@id\":\"https:\\\/\\\/www.nonsolomusicamagazine.it\\\/?p=7432#breadcrumb\"},\"inLanguage\":\"it-IT\",\"potentialAction\":[{\"@type\":\"ReadAction\",\"target\":[\"https:\\\/\\\/www.nonsolomusicamagazine.it\\\/?p=7432\"]}]},{\"@type\":\"ImageObject\",\"inLanguage\":\"it-IT\",\"@id\":\"https:\\\/\\\/www.nonsolomusicamagazine.it\\\/?p=7432#primaryimage\",\"url\":\"https:\\\/\\\/www.nonsolomusicamagazine.it\\\/wp-content\\\/uploads\\\/2024\\\/11\\\/1000028492.jpg\",\"contentUrl\":\"https:\\\/\\\/www.nonsolomusicamagazine.it\\\/wp-content\\\/uploads\\\/2024\\\/11\\\/1000028492.jpg\",\"width\":720,\"height\":960},{\"@type\":\"BreadcrumbList\",\"@id\":\"https:\\\/\\\/www.nonsolomusicamagazine.it\\\/?p=7432#breadcrumb\",\"itemListElement\":[{\"@type\":\"ListItem\",\"position\":1,\"name\":\"Home\",\"item\":\"https:\\\/\\\/www.nonsolomusicamagazine.it\\\/\"},{\"@type\":\"ListItem\",\"position\":2,\"name\":\"Eppur si muove\"}]},{\"@type\":\"WebSite\",\"@id\":\"https:\\\/\\\/www.nonsolomusicamagazine.it\\\/#website\",\"url\":\"https:\\\/\\\/www.nonsolomusicamagazine.it\\\/\",\"name\":\"Nonsolomusicamagazine\",\"description\":\"Dir. responsabile Manuel M Buccarella\",\"potentialAction\":[{\"@type\":\"SearchAction\",\"target\":{\"@type\":\"EntryPoint\",\"urlTemplate\":\"https:\\\/\\\/www.nonsolomusicamagazine.it\\\/?s={search_term_string}\"},\"query-input\":{\"@type\":\"PropertyValueSpecification\",\"valueRequired\":true,\"valueName\":\"search_term_string\"}}],\"inLanguage\":\"it-IT\"},{\"@type\":\"Person\",\"@id\":\"https:\\\/\\\/www.nonsolomusicamagazine.it\\\/#\\\/schema\\\/person\\\/a3349ad02300d046472d46cf6d31ae46\",\"name\":\"nonsolomusica\",\"image\":{\"@type\":\"ImageObject\",\"inLanguage\":\"it-IT\",\"@id\":\"https:\\\/\\\/www.nonsolomusicamagazine.it\\\/wp-content\\\/litespeed\\\/avatar\\\/3a675484bc84db6aba78d43bfc8b7197.jpg?ver=1777485663\",\"url\":\"https:\\\/\\\/www.nonsolomusicamagazine.it\\\/wp-content\\\/litespeed\\\/avatar\\\/3a675484bc84db6aba78d43bfc8b7197.jpg?ver=1777485663\",\"contentUrl\":\"https:\\\/\\\/www.nonsolomusicamagazine.it\\\/wp-content\\\/litespeed\\\/avatar\\\/3a675484bc84db6aba78d43bfc8b7197.jpg?ver=1777485663\",\"caption\":\"nonsolomusica\"},\"sameAs\":[\"https:\\\/\\\/www.nonsolomusicamagazine.it\"],\"url\":\"https:\\\/\\\/www.nonsolomusicamagazine.it\\\/?author=1\"}]}<\/script>\n<!-- \/ Yoast SEO plugin. -->","yoast_head_json":{"title":"Eppur si muove - NonSoloMusicaMagazine","description":"Eppur si muove","robots":{"index":"index","follow":"follow","max-snippet":"max-snippet:-1","max-image-preview":"max-image-preview:large","max-video-preview":"max-video-preview:-1"},"canonical":"https:\/\/www.nonsolomusicamagazine.it\/?p=7432","og_locale":"it_IT","og_type":"article","og_title":"Eppur si muove - NonSoloMusicaMagazine","og_description":"Eppur si muove","og_url":"https:\/\/www.nonsolomusicamagazine.it\/?p=7432","og_site_name":"NonSoloMusicaMagazine","article_published_time":"2024-11-22T19:27:47+00:00","article_modified_time":"2024-11-22T19:27:49+00:00","og_image":[{"width":720,"height":960,"url":"https:\/\/www.nonsolomusicamagazine.it\/wp-content\/uploads\/2024\/11\/1000028492.jpg","type":"image\/jpeg"}],"author":"nonsolomusica","twitter_card":"summary_large_image","twitter_misc":{"Scritto da":"nonsolomusica","Tempo di lettura stimato":"3 minuti"},"schema":{"@context":"https:\/\/schema.org","@graph":[{"@type":"Article","@id":"https:\/\/www.nonsolomusicamagazine.it\/?p=7432#article","isPartOf":{"@id":"https:\/\/www.nonsolomusicamagazine.it\/?p=7432"},"author":{"name":"nonsolomusica","@id":"https:\/\/www.nonsolomusicamagazine.it\/#\/schema\/person\/a3349ad02300d046472d46cf6d31ae46"},"headline":"Eppur si muove","datePublished":"2024-11-22T19:27:47+00:00","dateModified":"2024-11-22T19:27:49+00:00","mainEntityOfPage":{"@id":"https:\/\/www.nonsolomusicamagazine.it\/?p=7432"},"wordCount":483,"commentCount":0,"image":{"@id":"https:\/\/www.nonsolomusicamagazine.it\/?p=7432#primaryimage"},"thumbnailUrl":"https:\/\/www.nonsolomusicamagazine.it\/wp-content\/uploads\/2024\/11\/1000028492.jpg","keywords":["Roman\u00f2","Trump","Usa"],"articleSection":["Esteri","Politica"],"inLanguage":"it-IT","potentialAction":[{"@type":"CommentAction","name":"Comment","target":["https:\/\/www.nonsolomusicamagazine.it\/?p=7432#respond"]}]},{"@type":"WebPage","@id":"https:\/\/www.nonsolomusicamagazine.it\/?p=7432","url":"https:\/\/www.nonsolomusicamagazine.it\/?p=7432","name":"Eppur si muove - NonSoloMusicaMagazine","isPartOf":{"@id":"https:\/\/www.nonsolomusicamagazine.it\/#website"},"primaryImageOfPage":{"@id":"https:\/\/www.nonsolomusicamagazine.it\/?p=7432#primaryimage"},"image":{"@id":"https:\/\/www.nonsolomusicamagazine.it\/?p=7432#primaryimage"},"thumbnailUrl":"https:\/\/www.nonsolomusicamagazine.it\/wp-content\/uploads\/2024\/11\/1000028492.jpg","datePublished":"2024-11-22T19:27:47+00:00","dateModified":"2024-11-22T19:27:49+00:00","author":{"@id":"https:\/\/www.nonsolomusicamagazine.it\/#\/schema\/person\/a3349ad02300d046472d46cf6d31ae46"},"description":"Eppur si muove","breadcrumb":{"@id":"https:\/\/www.nonsolomusicamagazine.it\/?p=7432#breadcrumb"},"inLanguage":"it-IT","potentialAction":[{"@type":"ReadAction","target":["https:\/\/www.nonsolomusicamagazine.it\/?p=7432"]}]},{"@type":"ImageObject","inLanguage":"it-IT","@id":"https:\/\/www.nonsolomusicamagazine.it\/?p=7432#primaryimage","url":"https:\/\/www.nonsolomusicamagazine.it\/wp-content\/uploads\/2024\/11\/1000028492.jpg","contentUrl":"https:\/\/www.nonsolomusicamagazine.it\/wp-content\/uploads\/2024\/11\/1000028492.jpg","width":720,"height":960},{"@type":"BreadcrumbList","@id":"https:\/\/www.nonsolomusicamagazine.it\/?p=7432#breadcrumb","itemListElement":[{"@type":"ListItem","position":1,"name":"Home","item":"https:\/\/www.nonsolomusicamagazine.it\/"},{"@type":"ListItem","position":2,"name":"Eppur si muove"}]},{"@type":"WebSite","@id":"https:\/\/www.nonsolomusicamagazine.it\/#website","url":"https:\/\/www.nonsolomusicamagazine.it\/","name":"Nonsolomusicamagazine","description":"Dir. responsabile Manuel M Buccarella","potentialAction":[{"@type":"SearchAction","target":{"@type":"EntryPoint","urlTemplate":"https:\/\/www.nonsolomusicamagazine.it\/?s={search_term_string}"},"query-input":{"@type":"PropertyValueSpecification","valueRequired":true,"valueName":"search_term_string"}}],"inLanguage":"it-IT"},{"@type":"Person","@id":"https:\/\/www.nonsolomusicamagazine.it\/#\/schema\/person\/a3349ad02300d046472d46cf6d31ae46","name":"nonsolomusica","image":{"@type":"ImageObject","inLanguage":"it-IT","@id":"https:\/\/www.nonsolomusicamagazine.it\/wp-content\/litespeed\/avatar\/3a675484bc84db6aba78d43bfc8b7197.jpg?ver=1777485663","url":"https:\/\/www.nonsolomusicamagazine.it\/wp-content\/litespeed\/avatar\/3a675484bc84db6aba78d43bfc8b7197.jpg?ver=1777485663","contentUrl":"https:\/\/www.nonsolomusicamagazine.it\/wp-content\/litespeed\/avatar\/3a675484bc84db6aba78d43bfc8b7197.jpg?ver=1777485663","caption":"nonsolomusica"},"sameAs":["https:\/\/www.nonsolomusicamagazine.it"],"url":"https:\/\/www.nonsolomusicamagazine.it\/?author=1"}]}},"amp_enabled":true,"_links":{"self":[{"href":"https:\/\/www.nonsolomusicamagazine.it\/index.php?rest_route=\/wp\/v2\/posts\/7432","targetHints":{"allow":["GET"]}}],"collection":[{"href":"https:\/\/www.nonsolomusicamagazine.it\/index.php?rest_route=\/wp\/v2\/posts"}],"about":[{"href":"https:\/\/www.nonsolomusicamagazine.it\/index.php?rest_route=\/wp\/v2\/types\/post"}],"author":[{"embeddable":true,"href":"https:\/\/www.nonsolomusicamagazine.it\/index.php?rest_route=\/wp\/v2\/users\/1"}],"replies":[{"embeddable":true,"href":"https:\/\/www.nonsolomusicamagazine.it\/index.php?rest_route=%2Fwp%2Fv2%2Fcomments&post=7432"}],"version-history":[{"count":0,"href":"https:\/\/www.nonsolomusicamagazine.it\/index.php?rest_route=\/wp\/v2\/posts\/7432\/revisions"}],"wp:featuredmedia":[{"embeddable":true,"href":"https:\/\/www.nonsolomusicamagazine.it\/index.php?rest_route=\/wp\/v2\/media\/7433"}],"wp:attachment":[{"href":"https:\/\/www.nonsolomusicamagazine.it\/index.php?rest_route=%2Fwp%2Fv2%2Fmedia&parent=7432"}],"wp:term":[{"taxonomy":"category","embeddable":true,"href":"https:\/\/www.nonsolomusicamagazine.it\/index.php?rest_route=%2Fwp%2Fv2%2Fcategories&post=7432"},{"taxonomy":"post_tag","embeddable":true,"href":"https:\/\/www.nonsolomusicamagazine.it\/index.php?rest_route=%2Fwp%2Fv2%2Ftags&post=7432"}],"curies":[{"name":"wp","href":"https:\/\/api.w.org\/{rel}","templated":true}]}}