{"id":7751,"date":"2024-12-13T18:39:07","date_gmt":"2024-12-13T17:39:07","guid":{"rendered":"https:\/\/www.nonsolomusicamagazine.it\/?p=7751"},"modified":"2024-12-13T18:39:10","modified_gmt":"2024-12-13T17:39:10","slug":"ruza-petrovic-la-santa-lucia-jugoslava","status":"publish","type":"post","link":"https:\/\/www.nonsolomusicamagazine.it\/?p=7751","title":{"rendered":"Ru\u017ea Petrovi\u0107, la &#8220;Santa Lucia&#8221; jugoslava"},"content":{"rendered":"\n<p>Il 13 dicembre le chiese cattolica ed ortodossa festeggiano il martirio di Santa Lucia, giovane di Siracusa, nata nel 283 d.C. e morta il 13 dicembre 304 perch\u00e9 non volle abiurare la cristianit\u00e0 ed il suo voto di castit\u00e0 a Cristo. A Lucia, secondo una tradizione non confermata dalle fonti storiche,furono cavati gli occhi e forse non fu un caso se il 13 dicembre \u00e8 considerato il giorno pi\u00f9 corto dell&#8217;anno.<\/p>\n\n\n\n<p>Di nobile casato e cristiana, orfana di padre (il cui nome era probabilmente Lucius) sin da quando ella aveva cinque anni, Lucia era promessa in sposa ad un pagano,  ma il pretendente, vedendo la desiderata Lucia opporsi al matrimonio volle vendicarsi, denunciandola come cristiana. Erano  in vigore i decreti della\u00a0persecuzione dei cristiani\u00a0emanati dall&#8217;imperatore\u00a0Diocleziano.<\/p>\n\n\n\n<h5 class=\"wp-block-heading\">Ru\u017ea Petrovi\u0107, partigiana jugoslava <\/h5>\n\n\n\n<p>Ru\u017ea Petrovi\u0107 (Gimino, 17 ottobre 1911 \u2013 Pola, 23 agosto 1958) \u00e8 stata una partigiana e antifascista croata, alla quale i fascisti italiani in Istria cavarono entrambi gli occhi durante la guerra di liberazione popolare della Jugoslavia; dopo la guerra, \u00e8 stata vicepresidente dell&#8217;Associazione dei Ciechi di Pola.<\/p>\n\n\n\n<p>Ru\u017ea Petrovi\u0107 aiutava i partigiani jugoslavi fin dall&#8217;inizio dell&#8217;occupazione dell&#8217;Istria da parte della Repubblica Sociale Italiana. Il 22 luglio 1944, 25 fascisti italiani da Sanvincenti fanno irruzione a Re\u017eanci e perquisiscono la casa di Petrovi\u0107 perch\u00e9 sospettano che lei, suo marito e i suoi due fratelli stessero aiutando i partigiani. Poich\u00e9 trovarono pi\u00f9 vestiti e cibo di quanto la famiglia avesse bisogno, Ru\u017ea venne arrestata e costretta a trasportare tutti i prodotti che aveva conservati in casa per la guarnigione dell&#8217;esercito a Sanvincenti, dove  viene  brutalmente torturata. Nonostante le sevizie subite, Ruza non rivela alcuna informazione sui partigiani. Dopo essere stata rilasciata il giorno dopo, sulla via del ritorno a casa, un gruppo di fascisti la ferma e la picchia nuovamente. Dopo essere stata colpita in fronte con il calcio del fucile, cade a terra. A quel punto i fascisti la legano ad un albero, mentre uno di loro le cava entrambi gli occhi con un pugnale. Ritrovata dai compagni, viene sottoposta ad un delicato intervento chirurgico al Policlinico di Pola, nel quale trascorre 70 giorni in riabilitazione. Dopo essere stata dimessa dall&#8217;ospedale, Petrovi\u0107 si unisce di nuovo al movimento antifascista, e, anche se cieca, aiuta i combattenti partigiani cucendogli camicie e calze a maglia.<\/p>\n\n\n\n<figure class=\"wp-block-image size-large\"><img decoding=\"async\" width=\"768\" height=\"1024\" src=\"https:\/\/www.nonsolomusicamagazine.it\/wp-content\/uploads\/2024\/12\/1000031255-768x1024.jpg\" alt=\"\" class=\"wp-image-7752\" srcset=\"https:\/\/www.nonsolomusicamagazine.it\/wp-content\/uploads\/2024\/12\/1000031255-768x1024.jpg 768w, https:\/\/www.nonsolomusicamagazine.it\/wp-content\/uploads\/2024\/12\/1000031255-225x300.jpg 225w, https:\/\/www.nonsolomusicamagazine.it\/wp-content\/uploads\/2024\/12\/1000031255.jpg 800w\" sizes=\"(max-width: 768px) 100vw, 768px\" \/><\/figure>\n","protected":false},"excerpt":{"rendered":"<p>Il 13 dicembre le chiese cattolica ed ortodossa festeggiano il martirio di Santa Lucia, giovane di Siracusa, nata nel 283 d.C. e morta il 13 dicembre 304 perch\u00e9 non volle abiurare la cristianit\u00e0 ed il suo voto di castit\u00e0 a Cristo. A Lucia, secondo una tradizione non confermata dalle fonti storiche,furono cavati gli occhi e [&hellip;]<\/p>\n","protected":false},"author":1,"featured_media":7752,"comment_status":"open","ping_status":"closed","sticky":false,"template":"","format":"standard","meta":{"footnotes":""},"categories":[1321],"tags":[650,3615,3614],"class_list":["post-7751","post","type-post","status-publish","format-standard","has-post-thumbnail","hentry","category-storia","tag-jugoslavia","tag-ruza-petrovic","tag-santa-lucia"],"yoast_head":"<!-- This site is optimized with the Yoast SEO plugin v27.4 - https:\/\/yoast.com\/product\/yoast-seo-wordpress\/ -->\n<title>Ru\u017ea Petrovi\u0107, la &quot;Santa Lucia&quot; jugoslava - NonSoloMusicaMagazine<\/title>\n<meta name=\"description\" content=\"Ru\u017ea Petrovi\u0107, la &quot;Santa Lucia&quot; jugoslava\" \/>\n<meta name=\"robots\" content=\"index, follow, max-snippet:-1, max-image-preview:large, max-video-preview:-1\" \/>\n<link rel=\"canonical\" href=\"https:\/\/www.nonsolomusicamagazine.it\/?p=7751\" \/>\n<meta property=\"og:locale\" content=\"it_IT\" \/>\n<meta property=\"og:type\" content=\"article\" \/>\n<meta property=\"og:title\" content=\"Ru\u017ea Petrovi\u0107, la &quot;Santa Lucia&quot; jugoslava - NonSoloMusicaMagazine\" \/>\n<meta property=\"og:description\" content=\"Ru\u017ea Petrovi\u0107, la &quot;Santa Lucia&quot; jugoslava\" \/>\n<meta property=\"og:url\" content=\"https:\/\/www.nonsolomusicamagazine.it\/?p=7751\" \/>\n<meta property=\"og:site_name\" content=\"NonSoloMusicaMagazine\" \/>\n<meta property=\"article:published_time\" content=\"2024-12-13T17:39:07+00:00\" \/>\n<meta property=\"article:modified_time\" content=\"2024-12-13T17:39:10+00:00\" \/>\n<meta property=\"og:image\" content=\"https:\/\/www.nonsolomusicamagazine.it\/wp-content\/uploads\/2024\/12\/1000031255.jpg\" \/>\n\t<meta property=\"og:image:width\" content=\"800\" \/>\n\t<meta property=\"og:image:height\" content=\"1067\" \/>\n\t<meta property=\"og:image:type\" content=\"image\/jpeg\" \/>\n<meta name=\"author\" content=\"nonsolomusica\" \/>\n<meta name=\"twitter:card\" content=\"summary_large_image\" \/>\n<meta name=\"twitter:label1\" content=\"Scritto da\" \/>\n\t<meta name=\"twitter:data1\" content=\"nonsolomusica\" \/>\n\t<meta name=\"twitter:label2\" content=\"Tempo di lettura stimato\" \/>\n\t<meta name=\"twitter:data2\" content=\"3 minuti\" \/>\n<script type=\"application\/ld+json\" class=\"yoast-schema-graph\">{\"@context\":\"https:\\\/\\\/schema.org\",\"@graph\":[{\"@type\":\"Article\",\"@id\":\"https:\\\/\\\/www.nonsolomusicamagazine.it\\\/?p=7751#article\",\"isPartOf\":{\"@id\":\"https:\\\/\\\/www.nonsolomusicamagazine.it\\\/?p=7751\"},\"author\":{\"name\":\"nonsolomusica\",\"@id\":\"https:\\\/\\\/www.nonsolomusicamagazine.it\\\/#\\\/schema\\\/person\\\/a3349ad02300d046472d46cf6d31ae46\"},\"headline\":\"Ru\u017ea Petrovi\u0107, la &#8220;Santa Lucia&#8221; jugoslava\",\"datePublished\":\"2024-12-13T17:39:07+00:00\",\"dateModified\":\"2024-12-13T17:39:10+00:00\",\"mainEntityOfPage\":{\"@id\":\"https:\\\/\\\/www.nonsolomusicamagazine.it\\\/?p=7751\"},\"wordCount\":389,\"commentCount\":0,\"image\":{\"@id\":\"https:\\\/\\\/www.nonsolomusicamagazine.it\\\/?p=7751#primaryimage\"},\"thumbnailUrl\":\"https:\\\/\\\/www.nonsolomusicamagazine.it\\\/wp-content\\\/uploads\\\/2024\\\/12\\\/1000031255.jpg\",\"keywords\":[\"Jugoslavia\",\"Ru\u017ea Petrovic\",\"Santa Lucia\"],\"articleSection\":[\"Storia\"],\"inLanguage\":\"it-IT\",\"potentialAction\":[{\"@type\":\"CommentAction\",\"name\":\"Comment\",\"target\":[\"https:\\\/\\\/www.nonsolomusicamagazine.it\\\/?p=7751#respond\"]}]},{\"@type\":\"WebPage\",\"@id\":\"https:\\\/\\\/www.nonsolomusicamagazine.it\\\/?p=7751\",\"url\":\"https:\\\/\\\/www.nonsolomusicamagazine.it\\\/?p=7751\",\"name\":\"Ru\u017ea Petrovi\u0107, la \\\"Santa Lucia\\\" jugoslava - NonSoloMusicaMagazine\",\"isPartOf\":{\"@id\":\"https:\\\/\\\/www.nonsolomusicamagazine.it\\\/#website\"},\"primaryImageOfPage\":{\"@id\":\"https:\\\/\\\/www.nonsolomusicamagazine.it\\\/?p=7751#primaryimage\"},\"image\":{\"@id\":\"https:\\\/\\\/www.nonsolomusicamagazine.it\\\/?p=7751#primaryimage\"},\"thumbnailUrl\":\"https:\\\/\\\/www.nonsolomusicamagazine.it\\\/wp-content\\\/uploads\\\/2024\\\/12\\\/1000031255.jpg\",\"datePublished\":\"2024-12-13T17:39:07+00:00\",\"dateModified\":\"2024-12-13T17:39:10+00:00\",\"author\":{\"@id\":\"https:\\\/\\\/www.nonsolomusicamagazine.it\\\/#\\\/schema\\\/person\\\/a3349ad02300d046472d46cf6d31ae46\"},\"description\":\"Ru\u017ea Petrovi\u0107, la \\\"Santa Lucia\\\" jugoslava\",\"breadcrumb\":{\"@id\":\"https:\\\/\\\/www.nonsolomusicamagazine.it\\\/?p=7751#breadcrumb\"},\"inLanguage\":\"it-IT\",\"potentialAction\":[{\"@type\":\"ReadAction\",\"target\":[\"https:\\\/\\\/www.nonsolomusicamagazine.it\\\/?p=7751\"]}]},{\"@type\":\"ImageObject\",\"inLanguage\":\"it-IT\",\"@id\":\"https:\\\/\\\/www.nonsolomusicamagazine.it\\\/?p=7751#primaryimage\",\"url\":\"https:\\\/\\\/www.nonsolomusicamagazine.it\\\/wp-content\\\/uploads\\\/2024\\\/12\\\/1000031255.jpg\",\"contentUrl\":\"https:\\\/\\\/www.nonsolomusicamagazine.it\\\/wp-content\\\/uploads\\\/2024\\\/12\\\/1000031255.jpg\",\"width\":800,\"height\":1067},{\"@type\":\"BreadcrumbList\",\"@id\":\"https:\\\/\\\/www.nonsolomusicamagazine.it\\\/?p=7751#breadcrumb\",\"itemListElement\":[{\"@type\":\"ListItem\",\"position\":1,\"name\":\"Home\",\"item\":\"https:\\\/\\\/www.nonsolomusicamagazine.it\\\/\"},{\"@type\":\"ListItem\",\"position\":2,\"name\":\"Ru\u017ea Petrovi\u0107, la &#8220;Santa Lucia&#8221; jugoslava\"}]},{\"@type\":\"WebSite\",\"@id\":\"https:\\\/\\\/www.nonsolomusicamagazine.it\\\/#website\",\"url\":\"https:\\\/\\\/www.nonsolomusicamagazine.it\\\/\",\"name\":\"Nonsolomusicamagazine\",\"description\":\"Dir. responsabile Manuel M Buccarella\",\"potentialAction\":[{\"@type\":\"SearchAction\",\"target\":{\"@type\":\"EntryPoint\",\"urlTemplate\":\"https:\\\/\\\/www.nonsolomusicamagazine.it\\\/?s={search_term_string}\"},\"query-input\":{\"@type\":\"PropertyValueSpecification\",\"valueRequired\":true,\"valueName\":\"search_term_string\"}}],\"inLanguage\":\"it-IT\"},{\"@type\":\"Person\",\"@id\":\"https:\\\/\\\/www.nonsolomusicamagazine.it\\\/#\\\/schema\\\/person\\\/a3349ad02300d046472d46cf6d31ae46\",\"name\":\"nonsolomusica\",\"image\":{\"@type\":\"ImageObject\",\"inLanguage\":\"it-IT\",\"@id\":\"https:\\\/\\\/www.nonsolomusicamagazine.it\\\/wp-content\\\/litespeed\\\/avatar\\\/3a675484bc84db6aba78d43bfc8b7197.jpg?ver=1776880798\",\"url\":\"https:\\\/\\\/www.nonsolomusicamagazine.it\\\/wp-content\\\/litespeed\\\/avatar\\\/3a675484bc84db6aba78d43bfc8b7197.jpg?ver=1776880798\",\"contentUrl\":\"https:\\\/\\\/www.nonsolomusicamagazine.it\\\/wp-content\\\/litespeed\\\/avatar\\\/3a675484bc84db6aba78d43bfc8b7197.jpg?ver=1776880798\",\"caption\":\"nonsolomusica\"},\"sameAs\":[\"https:\\\/\\\/www.nonsolomusicamagazine.it\"],\"url\":\"https:\\\/\\\/www.nonsolomusicamagazine.it\\\/?author=1\"}]}<\/script>\n<!-- \/ Yoast SEO plugin. -->","yoast_head_json":{"title":"Ru\u017ea Petrovi\u0107, la \"Santa Lucia\" jugoslava - NonSoloMusicaMagazine","description":"Ru\u017ea Petrovi\u0107, la \"Santa Lucia\" jugoslava","robots":{"index":"index","follow":"follow","max-snippet":"max-snippet:-1","max-image-preview":"max-image-preview:large","max-video-preview":"max-video-preview:-1"},"canonical":"https:\/\/www.nonsolomusicamagazine.it\/?p=7751","og_locale":"it_IT","og_type":"article","og_title":"Ru\u017ea Petrovi\u0107, la \"Santa Lucia\" jugoslava - NonSoloMusicaMagazine","og_description":"Ru\u017ea Petrovi\u0107, la \"Santa Lucia\" jugoslava","og_url":"https:\/\/www.nonsolomusicamagazine.it\/?p=7751","og_site_name":"NonSoloMusicaMagazine","article_published_time":"2024-12-13T17:39:07+00:00","article_modified_time":"2024-12-13T17:39:10+00:00","og_image":[{"width":800,"height":1067,"url":"https:\/\/www.nonsolomusicamagazine.it\/wp-content\/uploads\/2024\/12\/1000031255.jpg","type":"image\/jpeg"}],"author":"nonsolomusica","twitter_card":"summary_large_image","twitter_misc":{"Scritto da":"nonsolomusica","Tempo di lettura stimato":"3 minuti"},"schema":{"@context":"https:\/\/schema.org","@graph":[{"@type":"Article","@id":"https:\/\/www.nonsolomusicamagazine.it\/?p=7751#article","isPartOf":{"@id":"https:\/\/www.nonsolomusicamagazine.it\/?p=7751"},"author":{"name":"nonsolomusica","@id":"https:\/\/www.nonsolomusicamagazine.it\/#\/schema\/person\/a3349ad02300d046472d46cf6d31ae46"},"headline":"Ru\u017ea Petrovi\u0107, la &#8220;Santa Lucia&#8221; jugoslava","datePublished":"2024-12-13T17:39:07+00:00","dateModified":"2024-12-13T17:39:10+00:00","mainEntityOfPage":{"@id":"https:\/\/www.nonsolomusicamagazine.it\/?p=7751"},"wordCount":389,"commentCount":0,"image":{"@id":"https:\/\/www.nonsolomusicamagazine.it\/?p=7751#primaryimage"},"thumbnailUrl":"https:\/\/www.nonsolomusicamagazine.it\/wp-content\/uploads\/2024\/12\/1000031255.jpg","keywords":["Jugoslavia","Ru\u017ea Petrovic","Santa Lucia"],"articleSection":["Storia"],"inLanguage":"it-IT","potentialAction":[{"@type":"CommentAction","name":"Comment","target":["https:\/\/www.nonsolomusicamagazine.it\/?p=7751#respond"]}]},{"@type":"WebPage","@id":"https:\/\/www.nonsolomusicamagazine.it\/?p=7751","url":"https:\/\/www.nonsolomusicamagazine.it\/?p=7751","name":"Ru\u017ea Petrovi\u0107, la \"Santa Lucia\" jugoslava - NonSoloMusicaMagazine","isPartOf":{"@id":"https:\/\/www.nonsolomusicamagazine.it\/#website"},"primaryImageOfPage":{"@id":"https:\/\/www.nonsolomusicamagazine.it\/?p=7751#primaryimage"},"image":{"@id":"https:\/\/www.nonsolomusicamagazine.it\/?p=7751#primaryimage"},"thumbnailUrl":"https:\/\/www.nonsolomusicamagazine.it\/wp-content\/uploads\/2024\/12\/1000031255.jpg","datePublished":"2024-12-13T17:39:07+00:00","dateModified":"2024-12-13T17:39:10+00:00","author":{"@id":"https:\/\/www.nonsolomusicamagazine.it\/#\/schema\/person\/a3349ad02300d046472d46cf6d31ae46"},"description":"Ru\u017ea Petrovi\u0107, la \"Santa Lucia\" jugoslava","breadcrumb":{"@id":"https:\/\/www.nonsolomusicamagazine.it\/?p=7751#breadcrumb"},"inLanguage":"it-IT","potentialAction":[{"@type":"ReadAction","target":["https:\/\/www.nonsolomusicamagazine.it\/?p=7751"]}]},{"@type":"ImageObject","inLanguage":"it-IT","@id":"https:\/\/www.nonsolomusicamagazine.it\/?p=7751#primaryimage","url":"https:\/\/www.nonsolomusicamagazine.it\/wp-content\/uploads\/2024\/12\/1000031255.jpg","contentUrl":"https:\/\/www.nonsolomusicamagazine.it\/wp-content\/uploads\/2024\/12\/1000031255.jpg","width":800,"height":1067},{"@type":"BreadcrumbList","@id":"https:\/\/www.nonsolomusicamagazine.it\/?p=7751#breadcrumb","itemListElement":[{"@type":"ListItem","position":1,"name":"Home","item":"https:\/\/www.nonsolomusicamagazine.it\/"},{"@type":"ListItem","position":2,"name":"Ru\u017ea Petrovi\u0107, la &#8220;Santa Lucia&#8221; jugoslava"}]},{"@type":"WebSite","@id":"https:\/\/www.nonsolomusicamagazine.it\/#website","url":"https:\/\/www.nonsolomusicamagazine.it\/","name":"Nonsolomusicamagazine","description":"Dir. responsabile Manuel M Buccarella","potentialAction":[{"@type":"SearchAction","target":{"@type":"EntryPoint","urlTemplate":"https:\/\/www.nonsolomusicamagazine.it\/?s={search_term_string}"},"query-input":{"@type":"PropertyValueSpecification","valueRequired":true,"valueName":"search_term_string"}}],"inLanguage":"it-IT"},{"@type":"Person","@id":"https:\/\/www.nonsolomusicamagazine.it\/#\/schema\/person\/a3349ad02300d046472d46cf6d31ae46","name":"nonsolomusica","image":{"@type":"ImageObject","inLanguage":"it-IT","@id":"https:\/\/www.nonsolomusicamagazine.it\/wp-content\/litespeed\/avatar\/3a675484bc84db6aba78d43bfc8b7197.jpg?ver=1776880798","url":"https:\/\/www.nonsolomusicamagazine.it\/wp-content\/litespeed\/avatar\/3a675484bc84db6aba78d43bfc8b7197.jpg?ver=1776880798","contentUrl":"https:\/\/www.nonsolomusicamagazine.it\/wp-content\/litespeed\/avatar\/3a675484bc84db6aba78d43bfc8b7197.jpg?ver=1776880798","caption":"nonsolomusica"},"sameAs":["https:\/\/www.nonsolomusicamagazine.it"],"url":"https:\/\/www.nonsolomusicamagazine.it\/?author=1"}]}},"amp_enabled":true,"_links":{"self":[{"href":"https:\/\/www.nonsolomusicamagazine.it\/index.php?rest_route=\/wp\/v2\/posts\/7751","targetHints":{"allow":["GET"]}}],"collection":[{"href":"https:\/\/www.nonsolomusicamagazine.it\/index.php?rest_route=\/wp\/v2\/posts"}],"about":[{"href":"https:\/\/www.nonsolomusicamagazine.it\/index.php?rest_route=\/wp\/v2\/types\/post"}],"author":[{"embeddable":true,"href":"https:\/\/www.nonsolomusicamagazine.it\/index.php?rest_route=\/wp\/v2\/users\/1"}],"replies":[{"embeddable":true,"href":"https:\/\/www.nonsolomusicamagazine.it\/index.php?rest_route=%2Fwp%2Fv2%2Fcomments&post=7751"}],"version-history":[{"count":0,"href":"https:\/\/www.nonsolomusicamagazine.it\/index.php?rest_route=\/wp\/v2\/posts\/7751\/revisions"}],"wp:featuredmedia":[{"embeddable":true,"href":"https:\/\/www.nonsolomusicamagazine.it\/index.php?rest_route=\/wp\/v2\/media\/7752"}],"wp:attachment":[{"href":"https:\/\/www.nonsolomusicamagazine.it\/index.php?rest_route=%2Fwp%2Fv2%2Fmedia&parent=7751"}],"wp:term":[{"taxonomy":"category","embeddable":true,"href":"https:\/\/www.nonsolomusicamagazine.it\/index.php?rest_route=%2Fwp%2Fv2%2Fcategories&post=7751"},{"taxonomy":"post_tag","embeddable":true,"href":"https:\/\/www.nonsolomusicamagazine.it\/index.php?rest_route=%2Fwp%2Fv2%2Ftags&post=7751"}],"curies":[{"name":"wp","href":"https:\/\/api.w.org\/{rel}","templated":true}]}}