{"id":7771,"date":"2024-12-14T12:34:34","date_gmt":"2024-12-14T11:34:34","guid":{"rendered":"https:\/\/www.nonsolomusicamagazine.it\/?p=7771"},"modified":"2024-12-14T12:34:37","modified_gmt":"2024-12-14T11:34:37","slug":"ecuador-gli-indigeni-dellamazzonia-protestano-contro-la-costruzione-di-un-supercarcere-sui-loro-territori","status":"publish","type":"post","link":"https:\/\/www.nonsolomusicamagazine.it\/?p=7771","title":{"rendered":"Ecuador, gli indigeni dell&#8217;Amazzonia protestano contro la costruzione di un supercarcere sui loro territori"},"content":{"rendered":"\n<p>(Redstream) Le comunit\u00e0 indigene amazzoniche dell\u2019Ecuador hanno sequestrato l\u2019edificio del governatore nella regione di Napo per protestare contro la costruzione di una mega-prigione sul loro territorio. <\/p>\n\n\n\n<p>Il governo di destra del presidente Noboa sta tentando di costruire pi\u00f9 carceri per far fronte al tasso di criminalit\u00e0 salito ormai alle stelle. La criminalit\u00e0 \u00e8 esplosa da quando il presidente di sinistra Rafael Correa ha lasciato l\u2019incarico nel 2016. Sotto il presidente Correa, il tasso di omicidi dell\u2019Ecuador era il secondo pi\u00f9 basso del Sud America. Dal 2016  il Paese ha avuto tre governi neoliberisti e il numero di morti violente \u00e8 aumentato del 500%. Ci\u00f2 ha portato gli ecuadoriani a diventare uno dei gruppi di migranti in pi\u00f9 rapida crescita che tentano di raggiungere gli Stati Uniti mentre le persone cercano di fuggire dalla crescente povert\u00e0 e violenza.<\/p>\n\n\n\n<figure class=\"wp-block-image size-full\"><img decoding=\"async\" width=\"720\" height=\"392\" src=\"https:\/\/www.nonsolomusicamagazine.it\/wp-content\/uploads\/2024\/12\/1000031331.jpg\" alt=\"\" class=\"wp-image-7772\" srcset=\"https:\/\/www.nonsolomusicamagazine.it\/wp-content\/uploads\/2024\/12\/1000031331.jpg 720w, https:\/\/www.nonsolomusicamagazine.it\/wp-content\/uploads\/2024\/12\/1000031331-300x163.jpg 300w\" sizes=\"(max-width: 720px) 100vw, 720px\" \/><\/figure>\n","protected":false},"excerpt":{"rendered":"<p>(Redstream) Le comunit\u00e0 indigene amazzoniche dell\u2019Ecuador hanno sequestrato l\u2019edificio del governatore nella regione di Napo per protestare contro la costruzione di una mega-prigione sul loro territorio. Il governo di destra del presidente Noboa sta tentando di costruire pi\u00f9 carceri per far fronte al tasso di criminalit\u00e0 salito ormai alle stelle. La criminalit\u00e0 \u00e8 esplosa da [&hellip;]<\/p>\n","protected":false},"author":1,"featured_media":7772,"comment_status":"open","ping_status":"closed","sticky":false,"template":"","format":"standard","meta":{"footnotes":""},"categories":[283,6],"tags":[1491,3333,3175,1361,3619],"class_list":["post-7771","post","type-post","status-publish","format-standard","has-post-thumbnail","hentry","category-ambiente","category-esteri","tag-amazzonia","tag-ecuador","tag-indigeni","tag-proteste","tag-supercarcere"],"yoast_head":"<!-- This site is optimized with the Yoast SEO plugin v27.4 - https:\/\/yoast.com\/product\/yoast-seo-wordpress\/ -->\n<title>Ecuador, gli indigeni dell&#039;Amazzonia protestano contro la costruzione di un supercarcere sui loro territori - NonSoloMusicaMagazine<\/title>\n<meta name=\"description\" content=\"Ecuador, gli indigeni dell&#039;Amazzonia protestano contro la costruzione di un supercarcere sui loro territori\" \/>\n<meta name=\"robots\" content=\"index, follow, max-snippet:-1, max-image-preview:large, max-video-preview:-1\" \/>\n<link rel=\"canonical\" href=\"https:\/\/www.nonsolomusicamagazine.it\/?p=7771\" \/>\n<meta property=\"og:locale\" content=\"it_IT\" \/>\n<meta property=\"og:type\" content=\"article\" \/>\n<meta property=\"og:title\" content=\"Ecuador, gli indigeni dell&#039;Amazzonia protestano contro la costruzione di un supercarcere sui loro territori - NonSoloMusicaMagazine\" \/>\n<meta property=\"og:description\" content=\"Ecuador, gli indigeni dell&#039;Amazzonia protestano contro la costruzione di un supercarcere sui loro territori\" \/>\n<meta property=\"og:url\" content=\"https:\/\/www.nonsolomusicamagazine.it\/?p=7771\" \/>\n<meta property=\"og:site_name\" content=\"NonSoloMusicaMagazine\" \/>\n<meta property=\"article:published_time\" content=\"2024-12-14T11:34:34+00:00\" \/>\n<meta property=\"article:modified_time\" content=\"2024-12-14T11:34:37+00:00\" \/>\n<meta property=\"og:image\" content=\"https:\/\/www.nonsolomusicamagazine.it\/wp-content\/uploads\/2024\/12\/1000031331.jpg\" \/>\n\t<meta property=\"og:image:width\" content=\"720\" \/>\n\t<meta property=\"og:image:height\" content=\"392\" \/>\n\t<meta property=\"og:image:type\" content=\"image\/jpeg\" \/>\n<meta name=\"author\" content=\"nonsolomusica\" \/>\n<meta name=\"twitter:card\" content=\"summary_large_image\" \/>\n<meta name=\"twitter:label1\" content=\"Scritto da\" \/>\n\t<meta name=\"twitter:data1\" content=\"nonsolomusica\" \/>\n\t<meta name=\"twitter:label2\" content=\"Tempo di lettura stimato\" \/>\n\t<meta name=\"twitter:data2\" content=\"2 minuti\" \/>\n<script type=\"application\/ld+json\" class=\"yoast-schema-graph\">{\"@context\":\"https:\\\/\\\/schema.org\",\"@graph\":[{\"@type\":\"Article\",\"@id\":\"https:\\\/\\\/www.nonsolomusicamagazine.it\\\/?p=7771#article\",\"isPartOf\":{\"@id\":\"https:\\\/\\\/www.nonsolomusicamagazine.it\\\/?p=7771\"},\"author\":{\"name\":\"nonsolomusica\",\"@id\":\"https:\\\/\\\/www.nonsolomusicamagazine.it\\\/#\\\/schema\\\/person\\\/a3349ad02300d046472d46cf6d31ae46\"},\"headline\":\"Ecuador, gli indigeni dell&#8217;Amazzonia protestano contro la costruzione di un supercarcere sui loro territori\",\"datePublished\":\"2024-12-14T11:34:34+00:00\",\"dateModified\":\"2024-12-14T11:34:37+00:00\",\"mainEntityOfPage\":{\"@id\":\"https:\\\/\\\/www.nonsolomusicamagazine.it\\\/?p=7771\"},\"wordCount\":151,\"commentCount\":0,\"image\":{\"@id\":\"https:\\\/\\\/www.nonsolomusicamagazine.it\\\/?p=7771#primaryimage\"},\"thumbnailUrl\":\"https:\\\/\\\/www.nonsolomusicamagazine.it\\\/wp-content\\\/uploads\\\/2024\\\/12\\\/1000031331.jpg\",\"keywords\":[\"Amazzonia\",\"Ecuador\",\"Indigeni\",\"Proteste\",\"Supercarcere\"],\"articleSection\":[\"Ambiente\",\"Esteri\"],\"inLanguage\":\"it-IT\",\"potentialAction\":[{\"@type\":\"CommentAction\",\"name\":\"Comment\",\"target\":[\"https:\\\/\\\/www.nonsolomusicamagazine.it\\\/?p=7771#respond\"]}]},{\"@type\":\"WebPage\",\"@id\":\"https:\\\/\\\/www.nonsolomusicamagazine.it\\\/?p=7771\",\"url\":\"https:\\\/\\\/www.nonsolomusicamagazine.it\\\/?p=7771\",\"name\":\"Ecuador, gli indigeni dell'Amazzonia protestano contro la costruzione di un supercarcere sui loro territori - NonSoloMusicaMagazine\",\"isPartOf\":{\"@id\":\"https:\\\/\\\/www.nonsolomusicamagazine.it\\\/#website\"},\"primaryImageOfPage\":{\"@id\":\"https:\\\/\\\/www.nonsolomusicamagazine.it\\\/?p=7771#primaryimage\"},\"image\":{\"@id\":\"https:\\\/\\\/www.nonsolomusicamagazine.it\\\/?p=7771#primaryimage\"},\"thumbnailUrl\":\"https:\\\/\\\/www.nonsolomusicamagazine.it\\\/wp-content\\\/uploads\\\/2024\\\/12\\\/1000031331.jpg\",\"datePublished\":\"2024-12-14T11:34:34+00:00\",\"dateModified\":\"2024-12-14T11:34:37+00:00\",\"author\":{\"@id\":\"https:\\\/\\\/www.nonsolomusicamagazine.it\\\/#\\\/schema\\\/person\\\/a3349ad02300d046472d46cf6d31ae46\"},\"description\":\"Ecuador, gli indigeni dell'Amazzonia protestano contro la costruzione di un supercarcere sui loro territori\",\"breadcrumb\":{\"@id\":\"https:\\\/\\\/www.nonsolomusicamagazine.it\\\/?p=7771#breadcrumb\"},\"inLanguage\":\"it-IT\",\"potentialAction\":[{\"@type\":\"ReadAction\",\"target\":[\"https:\\\/\\\/www.nonsolomusicamagazine.it\\\/?p=7771\"]}]},{\"@type\":\"ImageObject\",\"inLanguage\":\"it-IT\",\"@id\":\"https:\\\/\\\/www.nonsolomusicamagazine.it\\\/?p=7771#primaryimage\",\"url\":\"https:\\\/\\\/www.nonsolomusicamagazine.it\\\/wp-content\\\/uploads\\\/2024\\\/12\\\/1000031331.jpg\",\"contentUrl\":\"https:\\\/\\\/www.nonsolomusicamagazine.it\\\/wp-content\\\/uploads\\\/2024\\\/12\\\/1000031331.jpg\",\"width\":720,\"height\":392},{\"@type\":\"BreadcrumbList\",\"@id\":\"https:\\\/\\\/www.nonsolomusicamagazine.it\\\/?p=7771#breadcrumb\",\"itemListElement\":[{\"@type\":\"ListItem\",\"position\":1,\"name\":\"Home\",\"item\":\"https:\\\/\\\/www.nonsolomusicamagazine.it\\\/\"},{\"@type\":\"ListItem\",\"position\":2,\"name\":\"Ecuador, gli indigeni dell&#8217;Amazzonia protestano contro la costruzione di un supercarcere sui loro territori\"}]},{\"@type\":\"WebSite\",\"@id\":\"https:\\\/\\\/www.nonsolomusicamagazine.it\\\/#website\",\"url\":\"https:\\\/\\\/www.nonsolomusicamagazine.it\\\/\",\"name\":\"Nonsolomusicamagazine\",\"description\":\"Dir. responsabile Manuel M Buccarella\",\"potentialAction\":[{\"@type\":\"SearchAction\",\"target\":{\"@type\":\"EntryPoint\",\"urlTemplate\":\"https:\\\/\\\/www.nonsolomusicamagazine.it\\\/?s={search_term_string}\"},\"query-input\":{\"@type\":\"PropertyValueSpecification\",\"valueRequired\":true,\"valueName\":\"search_term_string\"}}],\"inLanguage\":\"it-IT\"},{\"@type\":\"Person\",\"@id\":\"https:\\\/\\\/www.nonsolomusicamagazine.it\\\/#\\\/schema\\\/person\\\/a3349ad02300d046472d46cf6d31ae46\",\"name\":\"nonsolomusica\",\"image\":{\"@type\":\"ImageObject\",\"inLanguage\":\"it-IT\",\"@id\":\"https:\\\/\\\/www.nonsolomusicamagazine.it\\\/wp-content\\\/litespeed\\\/avatar\\\/3a675484bc84db6aba78d43bfc8b7197.jpg?ver=1776880798\",\"url\":\"https:\\\/\\\/www.nonsolomusicamagazine.it\\\/wp-content\\\/litespeed\\\/avatar\\\/3a675484bc84db6aba78d43bfc8b7197.jpg?ver=1776880798\",\"contentUrl\":\"https:\\\/\\\/www.nonsolomusicamagazine.it\\\/wp-content\\\/litespeed\\\/avatar\\\/3a675484bc84db6aba78d43bfc8b7197.jpg?ver=1776880798\",\"caption\":\"nonsolomusica\"},\"sameAs\":[\"https:\\\/\\\/www.nonsolomusicamagazine.it\"],\"url\":\"https:\\\/\\\/www.nonsolomusicamagazine.it\\\/?author=1\"}]}<\/script>\n<!-- \/ Yoast SEO plugin. -->","yoast_head_json":{"title":"Ecuador, gli indigeni dell'Amazzonia protestano contro la costruzione di un supercarcere sui loro territori - NonSoloMusicaMagazine","description":"Ecuador, gli indigeni dell'Amazzonia protestano contro la costruzione di un supercarcere sui loro territori","robots":{"index":"index","follow":"follow","max-snippet":"max-snippet:-1","max-image-preview":"max-image-preview:large","max-video-preview":"max-video-preview:-1"},"canonical":"https:\/\/www.nonsolomusicamagazine.it\/?p=7771","og_locale":"it_IT","og_type":"article","og_title":"Ecuador, gli indigeni dell'Amazzonia protestano contro la costruzione di un supercarcere sui loro territori - NonSoloMusicaMagazine","og_description":"Ecuador, gli indigeni dell'Amazzonia protestano contro la costruzione di un supercarcere sui loro territori","og_url":"https:\/\/www.nonsolomusicamagazine.it\/?p=7771","og_site_name":"NonSoloMusicaMagazine","article_published_time":"2024-12-14T11:34:34+00:00","article_modified_time":"2024-12-14T11:34:37+00:00","og_image":[{"width":720,"height":392,"url":"https:\/\/www.nonsolomusicamagazine.it\/wp-content\/uploads\/2024\/12\/1000031331.jpg","type":"image\/jpeg"}],"author":"nonsolomusica","twitter_card":"summary_large_image","twitter_misc":{"Scritto da":"nonsolomusica","Tempo di lettura stimato":"2 minuti"},"schema":{"@context":"https:\/\/schema.org","@graph":[{"@type":"Article","@id":"https:\/\/www.nonsolomusicamagazine.it\/?p=7771#article","isPartOf":{"@id":"https:\/\/www.nonsolomusicamagazine.it\/?p=7771"},"author":{"name":"nonsolomusica","@id":"https:\/\/www.nonsolomusicamagazine.it\/#\/schema\/person\/a3349ad02300d046472d46cf6d31ae46"},"headline":"Ecuador, gli indigeni dell&#8217;Amazzonia protestano contro la costruzione di un supercarcere sui loro territori","datePublished":"2024-12-14T11:34:34+00:00","dateModified":"2024-12-14T11:34:37+00:00","mainEntityOfPage":{"@id":"https:\/\/www.nonsolomusicamagazine.it\/?p=7771"},"wordCount":151,"commentCount":0,"image":{"@id":"https:\/\/www.nonsolomusicamagazine.it\/?p=7771#primaryimage"},"thumbnailUrl":"https:\/\/www.nonsolomusicamagazine.it\/wp-content\/uploads\/2024\/12\/1000031331.jpg","keywords":["Amazzonia","Ecuador","Indigeni","Proteste","Supercarcere"],"articleSection":["Ambiente","Esteri"],"inLanguage":"it-IT","potentialAction":[{"@type":"CommentAction","name":"Comment","target":["https:\/\/www.nonsolomusicamagazine.it\/?p=7771#respond"]}]},{"@type":"WebPage","@id":"https:\/\/www.nonsolomusicamagazine.it\/?p=7771","url":"https:\/\/www.nonsolomusicamagazine.it\/?p=7771","name":"Ecuador, gli indigeni dell'Amazzonia protestano contro la costruzione di un supercarcere sui loro territori - NonSoloMusicaMagazine","isPartOf":{"@id":"https:\/\/www.nonsolomusicamagazine.it\/#website"},"primaryImageOfPage":{"@id":"https:\/\/www.nonsolomusicamagazine.it\/?p=7771#primaryimage"},"image":{"@id":"https:\/\/www.nonsolomusicamagazine.it\/?p=7771#primaryimage"},"thumbnailUrl":"https:\/\/www.nonsolomusicamagazine.it\/wp-content\/uploads\/2024\/12\/1000031331.jpg","datePublished":"2024-12-14T11:34:34+00:00","dateModified":"2024-12-14T11:34:37+00:00","author":{"@id":"https:\/\/www.nonsolomusicamagazine.it\/#\/schema\/person\/a3349ad02300d046472d46cf6d31ae46"},"description":"Ecuador, gli indigeni dell'Amazzonia protestano contro la costruzione di un supercarcere sui loro territori","breadcrumb":{"@id":"https:\/\/www.nonsolomusicamagazine.it\/?p=7771#breadcrumb"},"inLanguage":"it-IT","potentialAction":[{"@type":"ReadAction","target":["https:\/\/www.nonsolomusicamagazine.it\/?p=7771"]}]},{"@type":"ImageObject","inLanguage":"it-IT","@id":"https:\/\/www.nonsolomusicamagazine.it\/?p=7771#primaryimage","url":"https:\/\/www.nonsolomusicamagazine.it\/wp-content\/uploads\/2024\/12\/1000031331.jpg","contentUrl":"https:\/\/www.nonsolomusicamagazine.it\/wp-content\/uploads\/2024\/12\/1000031331.jpg","width":720,"height":392},{"@type":"BreadcrumbList","@id":"https:\/\/www.nonsolomusicamagazine.it\/?p=7771#breadcrumb","itemListElement":[{"@type":"ListItem","position":1,"name":"Home","item":"https:\/\/www.nonsolomusicamagazine.it\/"},{"@type":"ListItem","position":2,"name":"Ecuador, gli indigeni dell&#8217;Amazzonia protestano contro la costruzione di un supercarcere sui loro territori"}]},{"@type":"WebSite","@id":"https:\/\/www.nonsolomusicamagazine.it\/#website","url":"https:\/\/www.nonsolomusicamagazine.it\/","name":"Nonsolomusicamagazine","description":"Dir. responsabile Manuel M Buccarella","potentialAction":[{"@type":"SearchAction","target":{"@type":"EntryPoint","urlTemplate":"https:\/\/www.nonsolomusicamagazine.it\/?s={search_term_string}"},"query-input":{"@type":"PropertyValueSpecification","valueRequired":true,"valueName":"search_term_string"}}],"inLanguage":"it-IT"},{"@type":"Person","@id":"https:\/\/www.nonsolomusicamagazine.it\/#\/schema\/person\/a3349ad02300d046472d46cf6d31ae46","name":"nonsolomusica","image":{"@type":"ImageObject","inLanguage":"it-IT","@id":"https:\/\/www.nonsolomusicamagazine.it\/wp-content\/litespeed\/avatar\/3a675484bc84db6aba78d43bfc8b7197.jpg?ver=1776880798","url":"https:\/\/www.nonsolomusicamagazine.it\/wp-content\/litespeed\/avatar\/3a675484bc84db6aba78d43bfc8b7197.jpg?ver=1776880798","contentUrl":"https:\/\/www.nonsolomusicamagazine.it\/wp-content\/litespeed\/avatar\/3a675484bc84db6aba78d43bfc8b7197.jpg?ver=1776880798","caption":"nonsolomusica"},"sameAs":["https:\/\/www.nonsolomusicamagazine.it"],"url":"https:\/\/www.nonsolomusicamagazine.it\/?author=1"}]}},"amp_enabled":true,"_links":{"self":[{"href":"https:\/\/www.nonsolomusicamagazine.it\/index.php?rest_route=\/wp\/v2\/posts\/7771","targetHints":{"allow":["GET"]}}],"collection":[{"href":"https:\/\/www.nonsolomusicamagazine.it\/index.php?rest_route=\/wp\/v2\/posts"}],"about":[{"href":"https:\/\/www.nonsolomusicamagazine.it\/index.php?rest_route=\/wp\/v2\/types\/post"}],"author":[{"embeddable":true,"href":"https:\/\/www.nonsolomusicamagazine.it\/index.php?rest_route=\/wp\/v2\/users\/1"}],"replies":[{"embeddable":true,"href":"https:\/\/www.nonsolomusicamagazine.it\/index.php?rest_route=%2Fwp%2Fv2%2Fcomments&post=7771"}],"version-history":[{"count":0,"href":"https:\/\/www.nonsolomusicamagazine.it\/index.php?rest_route=\/wp\/v2\/posts\/7771\/revisions"}],"wp:featuredmedia":[{"embeddable":true,"href":"https:\/\/www.nonsolomusicamagazine.it\/index.php?rest_route=\/wp\/v2\/media\/7772"}],"wp:attachment":[{"href":"https:\/\/www.nonsolomusicamagazine.it\/index.php?rest_route=%2Fwp%2Fv2%2Fmedia&parent=7771"}],"wp:term":[{"taxonomy":"category","embeddable":true,"href":"https:\/\/www.nonsolomusicamagazine.it\/index.php?rest_route=%2Fwp%2Fv2%2Fcategories&post=7771"},{"taxonomy":"post_tag","embeddable":true,"href":"https:\/\/www.nonsolomusicamagazine.it\/index.php?rest_route=%2Fwp%2Fv2%2Ftags&post=7771"}],"curies":[{"name":"wp","href":"https:\/\/api.w.org\/{rel}","templated":true}]}}