{"id":7774,"date":"2024-12-15T10:47:15","date_gmt":"2024-12-15T09:47:15","guid":{"rendered":"https:\/\/www.nonsolomusicamagazine.it\/?p=7774"},"modified":"2024-12-15T10:52:22","modified_gmt":"2024-12-15T09:52:22","slug":"in-100mila-ieri-a-roma-contro-il-ddl-sicurezza","status":"publish","type":"post","link":"https:\/\/www.nonsolomusicamagazine.it\/?p=7774","title":{"rendered":"In 100mila ieri a Roma contro il DDL Sicurezza"},"content":{"rendered":"\n<p>&#8220;Siamo 100mila, erano anni che non si vedeva una cosa del genere, uniti contro le politiche di governo&#8221;. Cos\u00ec gli organizzatori della manifestazione contro il ddl sicurezza arrivando a piazza del Popolo. <\/p>\n\n\n\n<p>In piazza anche diversi rappresentanti del mondo dello spettacolo. &#8220;Cosa mi ha spinto a venire in piazza? Un po&#8217; tutto, sono decreti pericolosi&#8221;. Cos\u00ec Valerio Mastandrea, tra gli attori presenti al corteo. In piazza anche Elio Germano, Michele Riondino e Zerocalcare. E del mondo della politica, tra gli altri, i leader di Avs Nicola Fratoianni e Angelo Bonelli, Francesco Boccia del Pd.<\/p>\n\n\n\n<p>Giuseppe Conte al corteo per il no al ddl sicurezza, ha definito il provvedimento come un &#8216;decreto reazionario&#8217;.<\/p>\n\n\n\n<p>&#8220;Oggi siamo qui in piazza con tutto il Movimento per manifestare anche noi contro una lettura del bisogno di sicurezza che \u00e8 completamente deformata. I cittadini quando parlano di sicurezza non chiedono di reprimere il dissenso politico, non chiedono di reprimere la resistenza passiva, non chiedono il bavaglio sempre pi\u00f9 stretto per i giornalisti. Chiedono invece di poter uscire la sera e di poter tornare a casa anche a tarda sera, chiedono di poter uscire di giorno senza essere assaliti da scippi, rapine e furti, chiedono di poter stare nelle strade in sicurezza in tutti i quartieri. Quindi \u00e8 un concetto completamente sbagliato. Questo decreto sicurezza \u00e8 completamente reazionario e lo respingiamo nel modo pi\u00f9 assoluto. Non puoi pensare di reprimere qualcuno e addirittura perch\u00e9 ostacola un progetto di infrastruttura importante deve andare in galera. E poi- ha concluso- \u00e8 normale che i giornalisti se pubblicano stralci di una ordinanza di un provvedimento del giudice vanno in galera?&#8221;.<\/p>\n\n\n\n<p>Il corteo si \u00e8 svolto pacificamente. Tuttavia alcuni studenti pro Pal durante hanno danneggiato le vetrine di un punto vendita del supermercato Carrefour di viale Regina Margherita. <\/p>\n\n\n\n<h5 class=\"wp-block-heading\">Perch\u00e9 Carrefour? <\/h5>\n\n\n\n<p>La multinazionale francese ha sottoscritto nel marzo 2022 contratti di franchising con le societ\u00e0 israeliane Electra Consumer Products e Yenot Bitan entrambe attive nelle colonie israeliane illegali della Cisgiordania. Carrefour e le sue filiali israeliane, inoltre, sostengono apertamente l&#8217;esercito di occupazione israeliano nel massacro che sta svolgendo a Gaza, fornendo migliaia di razioni alimentari ai soldati. <\/p>\n\n\n\n<h5 class=\"wp-block-heading\">Occupata la facolt\u00e0 di Lettere della Sapienza <\/h5>\n\n\n\n<p>&#8220;Contro il ddl paura&#8221; la facolt\u00e0 di Lettere dell&#8217;universit\u00e0 Sapienza \u00e8 stata occupata venerd\u00ec sera. <\/p>\n\n\n\n<p>&#8220;Come studenti di questo Paese abbiamo occupato la facolt\u00e0 di Lettere della Sapienza, per costruire un&#8217;opposizione studentesca, universitaria e giovanile al ddl &#8216;sicurezza&#8217;, un progetto di legge liberticida che svuota la nostra democrazia, individuando in migranti, studenti, attivisti e movimenti sociali dei nemici da reprimere e silenziare&#8221;, scrivono sui social gli attivisti. &#8220;Abbiamo una visione chiara di quella che dovrebbe essere la sicurezza nelle nostre universit\u00e0, nelle nostre scuole, nelle nostre citt\u00e0: contro la vostra repressione, i vostri tagli e la vostra censura opponiamo un modello di formazione finanziato, accessibile a tutti e gratuito&#8221;, sottolineano rilanciando la piazza di oggi. &#8220;Contro ddl sicurezza, ddl Bernini e guerra saremo in piazza e continueremo a mobilitarci in tutto il Paese per costruire un&#8217;alternativa a questo sistema&#8221;, precisano.<\/p>\n\n\n\n<h5 class=\"wp-block-heading\">La Camera approva il DDL 1660.  I principali punti<\/h5>\n\n\n\n<p>Intanto la camera dei deputati ha approvato a larghissima maggioranza il Ddl 1660, col quale senza troppi giri di parole, si istituisce in Italia lo stato di polizia. <\/p>\n\n\n\n<p>Il blocco stradale e quindi gli scioperi diventano reato con condanne fino a 2 anni di carcere; le proteste in carcere o nei Cpr possono essere punite col carcere fino a 20 anni; idem per chi protesta contro le grandi opere;  la &#8220;propaganda&#8221; delle lotte \u00e8 punibile fino a 6 anni, essendo considerata &#8220;terrorismo della parola&#8221;;carcere fino a 7 anni per chi occupa una casa sfitta o solidarizza con le occupazioni; fino a 15 anni per resistenza attiva, fino a 4 anni per resistenza passiva (nuovo reato, ribattezzato &#8220;anti-Ghandi&#8221;). E ancora, facolt\u00e0 per le forze dell&#8217;ordine di detenere una seconda arma personale al di fuori di quella di ordinanza e al di fuori del servizio, carcere immediato anche per le madri incinte o con figli di et\u00e0 inferiore a un anno. Dulcis in fundo, si vieta agli immigrati senza permesso di soggiorno finanche l&#8217;uso del cellulare, vincolando l&#8217;acquisto della SIM al possesso del permesso di soggiorno.<\/p>\n\n\n\n<figure class=\"wp-block-image size-full\"><img decoding=\"async\" width=\"700\" height=\"460\" src=\"https:\/\/www.nonsolomusicamagazine.it\/wp-content\/uploads\/2024\/12\/1000031448.jpg\" alt=\"\" class=\"wp-image-7775\" srcset=\"https:\/\/www.nonsolomusicamagazine.it\/wp-content\/uploads\/2024\/12\/1000031448.jpg 700w, https:\/\/www.nonsolomusicamagazine.it\/wp-content\/uploads\/2024\/12\/1000031448-300x197.jpg 300w\" sizes=\"(max-width: 700px) 100vw, 700px\" \/><figcaption class=\"wp-element-caption\">Gli esponenti della Rete no ddl sicurezza, che hanno organizzato il corteo arrivato ora all&#8217;altezza di piazza Galeno a Roma, 14 Dicembre 2024. NASA\/GIULIA MARRAZZO<\/figcaption><\/figure>\n","protected":false},"excerpt":{"rendered":"<p>&#8220;Siamo 100mila, erano anni che non si vedeva una cosa del genere, uniti contro le politiche di governo&#8221;. Cos\u00ec gli organizzatori della manifestazione contro il ddl sicurezza arrivando a piazza del Popolo. In piazza anche diversi rappresentanti del mondo dello spettacolo. &#8220;Cosa mi ha spinto a venire in piazza? Un po&#8217; tutto, sono decreti pericolosi&#8221;. [&hellip;]<\/p>\n","protected":false},"author":1,"featured_media":7775,"comment_status":"open","ping_status":"closed","sticky":false,"template":"","format":"standard","meta":{"footnotes":""},"categories":[969,5],"tags":[3620,1078,2121,71,3120],"class_list":["post-7774","post","type-post","status-publish","format-standard","has-post-thumbnail","hentry","category-giustizia","category-politica","tag-carrefour","tag-conte","tag-corteo","tag-roma","tag-sicurezza"],"yoast_head":"<!-- This site is optimized with the Yoast SEO plugin v27.5 - https:\/\/yoast.com\/product\/yoast-seo-wordpress\/ -->\n<title>In 100mila ieri a Roma contro il DDL Sicurezza - NonSoloMusicaMagazine<\/title>\n<meta name=\"robots\" content=\"index, follow, max-snippet:-1, max-image-preview:large, max-video-preview:-1\" \/>\n<link rel=\"canonical\" href=\"https:\/\/www.nonsolomusicamagazine.it\/?p=7774\" \/>\n<meta property=\"og:locale\" content=\"it_IT\" \/>\n<meta property=\"og:type\" content=\"article\" \/>\n<meta property=\"og:title\" content=\"In 100mila ieri a Roma contro il DDL Sicurezza - NonSoloMusicaMagazine\" \/>\n<meta property=\"og:description\" content=\"&#8220;Siamo 100mila, erano anni che non si vedeva una cosa del genere, uniti contro le politiche di governo&#8221;. Cos\u00ec gli organizzatori della manifestazione contro il ddl sicurezza arrivando a piazza del Popolo. In piazza anche diversi rappresentanti del mondo dello spettacolo. &#8220;Cosa mi ha spinto a venire in piazza? Un po&#8217; tutto, sono decreti pericolosi&#8221;. [&hellip;]\" \/>\n<meta property=\"og:url\" content=\"https:\/\/www.nonsolomusicamagazine.it\/?p=7774\" \/>\n<meta property=\"og:site_name\" content=\"NonSoloMusicaMagazine\" \/>\n<meta property=\"article:published_time\" content=\"2024-12-15T09:47:15+00:00\" \/>\n<meta property=\"article:modified_time\" content=\"2024-12-15T09:52:22+00:00\" \/>\n<meta property=\"og:image\" content=\"https:\/\/www.nonsolomusicamagazine.it\/wp-content\/uploads\/2024\/12\/1000031448.jpg\" \/>\n\t<meta property=\"og:image:width\" content=\"700\" \/>\n\t<meta property=\"og:image:height\" content=\"460\" \/>\n\t<meta property=\"og:image:type\" content=\"image\/jpeg\" \/>\n<meta name=\"author\" content=\"nonsolomusica\" \/>\n<meta name=\"twitter:card\" content=\"summary_large_image\" \/>\n<meta name=\"twitter:label1\" content=\"Scritto da\" \/>\n\t<meta name=\"twitter:data1\" content=\"nonsolomusica\" \/>\n\t<meta name=\"twitter:label2\" content=\"Tempo di lettura stimato\" \/>\n\t<meta name=\"twitter:data2\" content=\"5 minuti\" \/>\n<script type=\"application\/ld+json\" class=\"yoast-schema-graph\">{\"@context\":\"https:\\\/\\\/schema.org\",\"@graph\":[{\"@type\":\"Article\",\"@id\":\"https:\\\/\\\/www.nonsolomusicamagazine.it\\\/?p=7774#article\",\"isPartOf\":{\"@id\":\"https:\\\/\\\/www.nonsolomusicamagazine.it\\\/?p=7774\"},\"author\":{\"name\":\"nonsolomusica\",\"@id\":\"https:\\\/\\\/www.nonsolomusicamagazine.it\\\/#\\\/schema\\\/person\\\/a3349ad02300d046472d46cf6d31ae46\"},\"headline\":\"In 100mila ieri a Roma contro il DDL Sicurezza\",\"datePublished\":\"2024-12-15T09:47:15+00:00\",\"dateModified\":\"2024-12-15T09:52:22+00:00\",\"mainEntityOfPage\":{\"@id\":\"https:\\\/\\\/www.nonsolomusicamagazine.it\\\/?p=7774\"},\"wordCount\":721,\"commentCount\":0,\"image\":{\"@id\":\"https:\\\/\\\/www.nonsolomusicamagazine.it\\\/?p=7774#primaryimage\"},\"thumbnailUrl\":\"https:\\\/\\\/www.nonsolomusicamagazine.it\\\/wp-content\\\/uploads\\\/2024\\\/12\\\/1000031448.jpg\",\"keywords\":[\"Carrefour\",\"Conte\",\"Corteo\",\"Roma\",\"sicurezza\"],\"articleSection\":[\"Giustizia\",\"Politica\"],\"inLanguage\":\"it-IT\",\"potentialAction\":[{\"@type\":\"CommentAction\",\"name\":\"Comment\",\"target\":[\"https:\\\/\\\/www.nonsolomusicamagazine.it\\\/?p=7774#respond\"]}]},{\"@type\":\"WebPage\",\"@id\":\"https:\\\/\\\/www.nonsolomusicamagazine.it\\\/?p=7774\",\"url\":\"https:\\\/\\\/www.nonsolomusicamagazine.it\\\/?p=7774\",\"name\":\"In 100mila ieri a Roma contro il DDL Sicurezza - NonSoloMusicaMagazine\",\"isPartOf\":{\"@id\":\"https:\\\/\\\/www.nonsolomusicamagazine.it\\\/#website\"},\"primaryImageOfPage\":{\"@id\":\"https:\\\/\\\/www.nonsolomusicamagazine.it\\\/?p=7774#primaryimage\"},\"image\":{\"@id\":\"https:\\\/\\\/www.nonsolomusicamagazine.it\\\/?p=7774#primaryimage\"},\"thumbnailUrl\":\"https:\\\/\\\/www.nonsolomusicamagazine.it\\\/wp-content\\\/uploads\\\/2024\\\/12\\\/1000031448.jpg\",\"datePublished\":\"2024-12-15T09:47:15+00:00\",\"dateModified\":\"2024-12-15T09:52:22+00:00\",\"author\":{\"@id\":\"https:\\\/\\\/www.nonsolomusicamagazine.it\\\/#\\\/schema\\\/person\\\/a3349ad02300d046472d46cf6d31ae46\"},\"breadcrumb\":{\"@id\":\"https:\\\/\\\/www.nonsolomusicamagazine.it\\\/?p=7774#breadcrumb\"},\"inLanguage\":\"it-IT\",\"potentialAction\":[{\"@type\":\"ReadAction\",\"target\":[\"https:\\\/\\\/www.nonsolomusicamagazine.it\\\/?p=7774\"]}]},{\"@type\":\"ImageObject\",\"inLanguage\":\"it-IT\",\"@id\":\"https:\\\/\\\/www.nonsolomusicamagazine.it\\\/?p=7774#primaryimage\",\"url\":\"https:\\\/\\\/www.nonsolomusicamagazine.it\\\/wp-content\\\/uploads\\\/2024\\\/12\\\/1000031448.jpg\",\"contentUrl\":\"https:\\\/\\\/www.nonsolomusicamagazine.it\\\/wp-content\\\/uploads\\\/2024\\\/12\\\/1000031448.jpg\",\"width\":700,\"height\":460,\"caption\":\"Gli esponenti della Rete no ddl sicurezza, che hanno organizzato il corteo arrivato ora all'altezza di piazza Galeno a Roma, 14 Dicembre 2024. NASA\\\/GIULIA MARRAZZO\"},{\"@type\":\"BreadcrumbList\",\"@id\":\"https:\\\/\\\/www.nonsolomusicamagazine.it\\\/?p=7774#breadcrumb\",\"itemListElement\":[{\"@type\":\"ListItem\",\"position\":1,\"name\":\"Home\",\"item\":\"https:\\\/\\\/www.nonsolomusicamagazine.it\\\/\"},{\"@type\":\"ListItem\",\"position\":2,\"name\":\"In 100mila ieri a Roma contro il DDL Sicurezza\"}]},{\"@type\":\"WebSite\",\"@id\":\"https:\\\/\\\/www.nonsolomusicamagazine.it\\\/#website\",\"url\":\"https:\\\/\\\/www.nonsolomusicamagazine.it\\\/\",\"name\":\"Nonsolomusicamagazine\",\"description\":\"Dir. responsabile Manuel M Buccarella\",\"potentialAction\":[{\"@type\":\"SearchAction\",\"target\":{\"@type\":\"EntryPoint\",\"urlTemplate\":\"https:\\\/\\\/www.nonsolomusicamagazine.it\\\/?s={search_term_string}\"},\"query-input\":{\"@type\":\"PropertyValueSpecification\",\"valueRequired\":true,\"valueName\":\"search_term_string\"}}],\"inLanguage\":\"it-IT\"},{\"@type\":\"Person\",\"@id\":\"https:\\\/\\\/www.nonsolomusicamagazine.it\\\/#\\\/schema\\\/person\\\/a3349ad02300d046472d46cf6d31ae46\",\"name\":\"nonsolomusica\",\"image\":{\"@type\":\"ImageObject\",\"inLanguage\":\"it-IT\",\"@id\":\"https:\\\/\\\/www.nonsolomusicamagazine.it\\\/wp-content\\\/litespeed\\\/avatar\\\/3a675484bc84db6aba78d43bfc8b7197.jpg?ver=1776880798\",\"url\":\"https:\\\/\\\/www.nonsolomusicamagazine.it\\\/wp-content\\\/litespeed\\\/avatar\\\/3a675484bc84db6aba78d43bfc8b7197.jpg?ver=1776880798\",\"contentUrl\":\"https:\\\/\\\/www.nonsolomusicamagazine.it\\\/wp-content\\\/litespeed\\\/avatar\\\/3a675484bc84db6aba78d43bfc8b7197.jpg?ver=1776880798\",\"caption\":\"nonsolomusica\"},\"sameAs\":[\"https:\\\/\\\/www.nonsolomusicamagazine.it\"],\"url\":\"https:\\\/\\\/www.nonsolomusicamagazine.it\\\/?author=1\"}]}<\/script>\n<!-- \/ Yoast SEO plugin. -->","yoast_head_json":{"title":"In 100mila ieri a Roma contro il DDL Sicurezza - NonSoloMusicaMagazine","robots":{"index":"index","follow":"follow","max-snippet":"max-snippet:-1","max-image-preview":"max-image-preview:large","max-video-preview":"max-video-preview:-1"},"canonical":"https:\/\/www.nonsolomusicamagazine.it\/?p=7774","og_locale":"it_IT","og_type":"article","og_title":"In 100mila ieri a Roma contro il DDL Sicurezza - NonSoloMusicaMagazine","og_description":"&#8220;Siamo 100mila, erano anni che non si vedeva una cosa del genere, uniti contro le politiche di governo&#8221;. Cos\u00ec gli organizzatori della manifestazione contro il ddl sicurezza arrivando a piazza del Popolo. In piazza anche diversi rappresentanti del mondo dello spettacolo. &#8220;Cosa mi ha spinto a venire in piazza? Un po&#8217; tutto, sono decreti pericolosi&#8221;. [&hellip;]","og_url":"https:\/\/www.nonsolomusicamagazine.it\/?p=7774","og_site_name":"NonSoloMusicaMagazine","article_published_time":"2024-12-15T09:47:15+00:00","article_modified_time":"2024-12-15T09:52:22+00:00","og_image":[{"width":700,"height":460,"url":"https:\/\/www.nonsolomusicamagazine.it\/wp-content\/uploads\/2024\/12\/1000031448.jpg","type":"image\/jpeg"}],"author":"nonsolomusica","twitter_card":"summary_large_image","twitter_misc":{"Scritto da":"nonsolomusica","Tempo di lettura stimato":"5 minuti"},"schema":{"@context":"https:\/\/schema.org","@graph":[{"@type":"Article","@id":"https:\/\/www.nonsolomusicamagazine.it\/?p=7774#article","isPartOf":{"@id":"https:\/\/www.nonsolomusicamagazine.it\/?p=7774"},"author":{"name":"nonsolomusica","@id":"https:\/\/www.nonsolomusicamagazine.it\/#\/schema\/person\/a3349ad02300d046472d46cf6d31ae46"},"headline":"In 100mila ieri a Roma contro il DDL Sicurezza","datePublished":"2024-12-15T09:47:15+00:00","dateModified":"2024-12-15T09:52:22+00:00","mainEntityOfPage":{"@id":"https:\/\/www.nonsolomusicamagazine.it\/?p=7774"},"wordCount":721,"commentCount":0,"image":{"@id":"https:\/\/www.nonsolomusicamagazine.it\/?p=7774#primaryimage"},"thumbnailUrl":"https:\/\/www.nonsolomusicamagazine.it\/wp-content\/uploads\/2024\/12\/1000031448.jpg","keywords":["Carrefour","Conte","Corteo","Roma","sicurezza"],"articleSection":["Giustizia","Politica"],"inLanguage":"it-IT","potentialAction":[{"@type":"CommentAction","name":"Comment","target":["https:\/\/www.nonsolomusicamagazine.it\/?p=7774#respond"]}]},{"@type":"WebPage","@id":"https:\/\/www.nonsolomusicamagazine.it\/?p=7774","url":"https:\/\/www.nonsolomusicamagazine.it\/?p=7774","name":"In 100mila ieri a Roma contro il DDL Sicurezza - NonSoloMusicaMagazine","isPartOf":{"@id":"https:\/\/www.nonsolomusicamagazine.it\/#website"},"primaryImageOfPage":{"@id":"https:\/\/www.nonsolomusicamagazine.it\/?p=7774#primaryimage"},"image":{"@id":"https:\/\/www.nonsolomusicamagazine.it\/?p=7774#primaryimage"},"thumbnailUrl":"https:\/\/www.nonsolomusicamagazine.it\/wp-content\/uploads\/2024\/12\/1000031448.jpg","datePublished":"2024-12-15T09:47:15+00:00","dateModified":"2024-12-15T09:52:22+00:00","author":{"@id":"https:\/\/www.nonsolomusicamagazine.it\/#\/schema\/person\/a3349ad02300d046472d46cf6d31ae46"},"breadcrumb":{"@id":"https:\/\/www.nonsolomusicamagazine.it\/?p=7774#breadcrumb"},"inLanguage":"it-IT","potentialAction":[{"@type":"ReadAction","target":["https:\/\/www.nonsolomusicamagazine.it\/?p=7774"]}]},{"@type":"ImageObject","inLanguage":"it-IT","@id":"https:\/\/www.nonsolomusicamagazine.it\/?p=7774#primaryimage","url":"https:\/\/www.nonsolomusicamagazine.it\/wp-content\/uploads\/2024\/12\/1000031448.jpg","contentUrl":"https:\/\/www.nonsolomusicamagazine.it\/wp-content\/uploads\/2024\/12\/1000031448.jpg","width":700,"height":460,"caption":"Gli esponenti della Rete no ddl sicurezza, che hanno organizzato il corteo arrivato ora all'altezza di piazza Galeno a Roma, 14 Dicembre 2024. NASA\/GIULIA MARRAZZO"},{"@type":"BreadcrumbList","@id":"https:\/\/www.nonsolomusicamagazine.it\/?p=7774#breadcrumb","itemListElement":[{"@type":"ListItem","position":1,"name":"Home","item":"https:\/\/www.nonsolomusicamagazine.it\/"},{"@type":"ListItem","position":2,"name":"In 100mila ieri a Roma contro il DDL Sicurezza"}]},{"@type":"WebSite","@id":"https:\/\/www.nonsolomusicamagazine.it\/#website","url":"https:\/\/www.nonsolomusicamagazine.it\/","name":"Nonsolomusicamagazine","description":"Dir. responsabile Manuel M Buccarella","potentialAction":[{"@type":"SearchAction","target":{"@type":"EntryPoint","urlTemplate":"https:\/\/www.nonsolomusicamagazine.it\/?s={search_term_string}"},"query-input":{"@type":"PropertyValueSpecification","valueRequired":true,"valueName":"search_term_string"}}],"inLanguage":"it-IT"},{"@type":"Person","@id":"https:\/\/www.nonsolomusicamagazine.it\/#\/schema\/person\/a3349ad02300d046472d46cf6d31ae46","name":"nonsolomusica","image":{"@type":"ImageObject","inLanguage":"it-IT","@id":"https:\/\/www.nonsolomusicamagazine.it\/wp-content\/litespeed\/avatar\/3a675484bc84db6aba78d43bfc8b7197.jpg?ver=1776880798","url":"https:\/\/www.nonsolomusicamagazine.it\/wp-content\/litespeed\/avatar\/3a675484bc84db6aba78d43bfc8b7197.jpg?ver=1776880798","contentUrl":"https:\/\/www.nonsolomusicamagazine.it\/wp-content\/litespeed\/avatar\/3a675484bc84db6aba78d43bfc8b7197.jpg?ver=1776880798","caption":"nonsolomusica"},"sameAs":["https:\/\/www.nonsolomusicamagazine.it"],"url":"https:\/\/www.nonsolomusicamagazine.it\/?author=1"}]}},"amp_enabled":true,"_links":{"self":[{"href":"https:\/\/www.nonsolomusicamagazine.it\/index.php?rest_route=\/wp\/v2\/posts\/7774","targetHints":{"allow":["GET"]}}],"collection":[{"href":"https:\/\/www.nonsolomusicamagazine.it\/index.php?rest_route=\/wp\/v2\/posts"}],"about":[{"href":"https:\/\/www.nonsolomusicamagazine.it\/index.php?rest_route=\/wp\/v2\/types\/post"}],"author":[{"embeddable":true,"href":"https:\/\/www.nonsolomusicamagazine.it\/index.php?rest_route=\/wp\/v2\/users\/1"}],"replies":[{"embeddable":true,"href":"https:\/\/www.nonsolomusicamagazine.it\/index.php?rest_route=%2Fwp%2Fv2%2Fcomments&post=7774"}],"version-history":[{"count":0,"href":"https:\/\/www.nonsolomusicamagazine.it\/index.php?rest_route=\/wp\/v2\/posts\/7774\/revisions"}],"wp:featuredmedia":[{"embeddable":true,"href":"https:\/\/www.nonsolomusicamagazine.it\/index.php?rest_route=\/wp\/v2\/media\/7775"}],"wp:attachment":[{"href":"https:\/\/www.nonsolomusicamagazine.it\/index.php?rest_route=%2Fwp%2Fv2%2Fmedia&parent=7774"}],"wp:term":[{"taxonomy":"category","embeddable":true,"href":"https:\/\/www.nonsolomusicamagazine.it\/index.php?rest_route=%2Fwp%2Fv2%2Fcategories&post=7774"},{"taxonomy":"post_tag","embeddable":true,"href":"https:\/\/www.nonsolomusicamagazine.it\/index.php?rest_route=%2Fwp%2Fv2%2Ftags&post=7774"}],"curies":[{"name":"wp","href":"https:\/\/api.w.org\/{rel}","templated":true}]}}