{"id":8357,"date":"2025-01-31T20:12:20","date_gmt":"2025-01-31T19:12:20","guid":{"rendered":"https:\/\/www.nonsolomusicamagazine.it\/?p=8357"},"modified":"2025-01-31T20:12:23","modified_gmt":"2025-01-31T19:12:23","slug":"il-31-gennaio-1946-entra-in-vigore-la-prima-costituzione-della-repubblica-federativa-popolare-di-jugoslavia-2","status":"publish","type":"post","link":"https:\/\/www.nonsolomusicamagazine.it\/?p=8357","title":{"rendered":"Il 31 gennaio 1946 entra in vigore la prima Costituzione della Repubblica federativa popolare di Jugoslavia"},"content":{"rendered":"\n<p>Il 31 gennaio 1946 entra in vigore con la sua promulgazione la Costituzione della Repubblica federativa popolare di Jugoslavia. \u00c8 il primo approccio verso il socialismo. <\/p>\n\n\n\n<p>La legge fondamentale si ispira fortemente alla costituzione sovietica del 1936, con particolare riferimento alla predominanza della propriet\u00e0 pubblica statale ed alla dominanza dei poteri centrali e statali.<\/p>\n\n\n\n<p>Nel suo discorso al V Congresso del Partito Comunista di Jugoslavia, il presidente Josip Broz Tito si rifer\u00ec a molti articoli della Costituzione: <\/p>\n\n\n\n<p>\u00abPrendiamo soltanto l\u2019articolo 1 della Costituzione che afferma: \u201cLa Repubblica Federativa Popolare di Jugoslavia \u00e8 uno stato federale nazionale con struttura repubblicana di una comunit\u00e0 di popoli che godono degli stessi diritti e che sulla base del diritto di autodeterminazione, incluso quello di secessione, hanno espresso il loro volere di vivere insieme in uno stato federato.\u201dOra, cos\u00ec \u00e8 come si \u00e8 insediata qui l\u2019eguaglianza nazionale, cos\u00ec \u00e8 come \u00e8 stata codificata e viene messa in pratica. Poi, come \u00e8 stata inserita la questione del potere nella Costituzione e come viene messa in pratica in questo Paese? Nell\u2019articolo 6 \u00e8 scritto che: \u201cNella Repubblica Federativa Popolare di Jugoslavia tutto il potere deriva dal popolo e appartiene ad esso. Il popolo esercita il suo potere attraverso gli organi rappresentativi liberamente eletti dell\u2019autorit\u00e0 statale, dai comitati del popolo che, dai locali comitati del popolo fino alle assemblee della repubbliche popolari e all\u2019Assemblea Popolare della Repubblica Federativa Popolare di Jugoslavia, si sono originati e sviluppati nella guerra di liberazione popolare contro il fascismo e che costituiscono le conquiste basilari di questo sforzo.\u201dDi conseguenza, la Costituzione ha solamente confermato, o codificato, ci\u00f2 che era stato vinto durante la guerra, cio\u00e8 il potere del popolo, il potere di una reale democrazia popolare.<\/p>\n\n\n\n<p>Questa Costituzione, in seguito alla rottura con Stalin e l\u2019 Unione Sovietica nel 1948, verr\u00e0 superata da alcune riforme intermedie ed infine dalla nuova Costituzione del 1953, incentrata su sei repubbliche e le due province autonome di Vojvodina e Kosovo e, soprattutto, con il significativo inserimento con rango costituzionale dell\u2019 autogestione come modalit\u00e0 di organizzazione del lavoro, strumento attuativo della dittatura del proletariato e dunque del socialismo.<\/p>\n\n\n\n<figure class=\"wp-block-image size-full\"><img decoding=\"async\" width=\"320\" height=\"401\" src=\"https:\/\/www.nonsolomusicamagazine.it\/wp-content\/uploads\/2025\/01\/1000039716.jpg\" alt=\"\" class=\"wp-image-8358\" srcset=\"https:\/\/www.nonsolomusicamagazine.it\/wp-content\/uploads\/2025\/01\/1000039716.jpg 320w, https:\/\/www.nonsolomusicamagazine.it\/wp-content\/uploads\/2025\/01\/1000039716-239x300.jpg 239w\" sizes=\"(max-width: 320px) 100vw, 320px\" \/><\/figure>\n\n\n\n<p><\/p>\n","protected":false},"excerpt":{"rendered":"<p>Il 31 gennaio 1946 entra in vigore con la sua promulgazione la Costituzione della Repubblica federativa popolare di Jugoslavia. \u00c8 il primo approccio verso il socialismo. La legge fondamentale si ispira fortemente alla costituzione sovietica del 1936, con particolare riferimento alla predominanza della propriet\u00e0 pubblica statale ed alla dominanza dei poteri centrali e statali. Nel [&hellip;]<\/p>\n","protected":false},"author":1,"featured_media":8358,"comment_status":"open","ping_status":"closed","sticky":false,"template":"","format":"standard","meta":{"footnotes":""},"categories":[5,1321],"tags":[67,650,263],"class_list":["post-8357","post","type-post","status-publish","format-standard","has-post-thumbnail","hentry","category-politica","category-storia","tag-costituzione","tag-jugoslavia","tag-tito"],"yoast_head":"<!-- This site is optimized with the Yoast SEO plugin v27.4 - https:\/\/yoast.com\/product\/yoast-seo-wordpress\/ -->\n<title>Il 31 gennaio 1946 entra in vigore la prima Costituzione della Repubblica federativa popolare di Jugoslavia - NonSoloMusicaMagazine<\/title>\n<meta name=\"description\" content=\"31 gennaio 1946 entra in vigore la prima Costituzione della Repubblica federativa popolare di Jugoslavia\" \/>\n<meta name=\"robots\" content=\"index, follow, max-snippet:-1, max-image-preview:large, max-video-preview:-1\" \/>\n<link rel=\"canonical\" href=\"https:\/\/www.nonsolomusicamagazine.it\/?p=8357\" \/>\n<meta property=\"og:locale\" content=\"it_IT\" \/>\n<meta property=\"og:type\" content=\"article\" \/>\n<meta property=\"og:title\" content=\"Il 31 gennaio 1946 entra in vigore la prima Costituzione della Repubblica federativa popolare di Jugoslavia - NonSoloMusicaMagazine\" \/>\n<meta property=\"og:description\" content=\"31 gennaio 1946 entra in vigore la prima Costituzione della Repubblica federativa popolare di Jugoslavia\" \/>\n<meta property=\"og:url\" content=\"https:\/\/www.nonsolomusicamagazine.it\/?p=8357\" \/>\n<meta property=\"og:site_name\" content=\"NonSoloMusicaMagazine\" \/>\n<meta property=\"article:published_time\" content=\"2025-01-31T19:12:20+00:00\" \/>\n<meta property=\"article:modified_time\" content=\"2025-01-31T19:12:23+00:00\" \/>\n<meta property=\"og:image\" content=\"https:\/\/www.nonsolomusicamagazine.it\/wp-content\/uploads\/2025\/01\/1000039716.jpg\" \/>\n\t<meta property=\"og:image:width\" content=\"320\" \/>\n\t<meta property=\"og:image:height\" content=\"401\" \/>\n\t<meta property=\"og:image:type\" content=\"image\/jpeg\" \/>\n<meta name=\"author\" content=\"nonsolomusica\" \/>\n<meta name=\"twitter:card\" content=\"summary_large_image\" \/>\n<meta name=\"twitter:label1\" content=\"Scritto da\" \/>\n\t<meta name=\"twitter:data1\" content=\"nonsolomusica\" \/>\n\t<meta name=\"twitter:label2\" content=\"Tempo di lettura stimato\" \/>\n\t<meta name=\"twitter:data2\" content=\"3 minuti\" \/>\n<script type=\"application\/ld+json\" class=\"yoast-schema-graph\">{\"@context\":\"https:\\\/\\\/schema.org\",\"@graph\":[{\"@type\":\"Article\",\"@id\":\"https:\\\/\\\/www.nonsolomusicamagazine.it\\\/?p=8357#article\",\"isPartOf\":{\"@id\":\"https:\\\/\\\/www.nonsolomusicamagazine.it\\\/?p=8357\"},\"author\":{\"name\":\"nonsolomusica\",\"@id\":\"https:\\\/\\\/www.nonsolomusicamagazine.it\\\/#\\\/schema\\\/person\\\/a3349ad02300d046472d46cf6d31ae46\"},\"headline\":\"Il 31 gennaio 1946 entra in vigore la prima Costituzione della Repubblica federativa popolare di Jugoslavia\",\"datePublished\":\"2025-01-31T19:12:20+00:00\",\"dateModified\":\"2025-01-31T19:12:23+00:00\",\"mainEntityOfPage\":{\"@id\":\"https:\\\/\\\/www.nonsolomusicamagazine.it\\\/?p=8357\"},\"wordCount\":356,\"commentCount\":0,\"image\":{\"@id\":\"https:\\\/\\\/www.nonsolomusicamagazine.it\\\/?p=8357#primaryimage\"},\"thumbnailUrl\":\"https:\\\/\\\/www.nonsolomusicamagazine.it\\\/wp-content\\\/uploads\\\/2025\\\/01\\\/1000039716.jpg\",\"keywords\":[\"Costituzione\",\"Jugoslavia\",\"Tito\"],\"articleSection\":[\"Politica\",\"Storia\"],\"inLanguage\":\"it-IT\",\"potentialAction\":[{\"@type\":\"CommentAction\",\"name\":\"Comment\",\"target\":[\"https:\\\/\\\/www.nonsolomusicamagazine.it\\\/?p=8357#respond\"]}]},{\"@type\":\"WebPage\",\"@id\":\"https:\\\/\\\/www.nonsolomusicamagazine.it\\\/?p=8357\",\"url\":\"https:\\\/\\\/www.nonsolomusicamagazine.it\\\/?p=8357\",\"name\":\"Il 31 gennaio 1946 entra in vigore la prima Costituzione della Repubblica federativa popolare di Jugoslavia - NonSoloMusicaMagazine\",\"isPartOf\":{\"@id\":\"https:\\\/\\\/www.nonsolomusicamagazine.it\\\/#website\"},\"primaryImageOfPage\":{\"@id\":\"https:\\\/\\\/www.nonsolomusicamagazine.it\\\/?p=8357#primaryimage\"},\"image\":{\"@id\":\"https:\\\/\\\/www.nonsolomusicamagazine.it\\\/?p=8357#primaryimage\"},\"thumbnailUrl\":\"https:\\\/\\\/www.nonsolomusicamagazine.it\\\/wp-content\\\/uploads\\\/2025\\\/01\\\/1000039716.jpg\",\"datePublished\":\"2025-01-31T19:12:20+00:00\",\"dateModified\":\"2025-01-31T19:12:23+00:00\",\"author\":{\"@id\":\"https:\\\/\\\/www.nonsolomusicamagazine.it\\\/#\\\/schema\\\/person\\\/a3349ad02300d046472d46cf6d31ae46\"},\"description\":\"31 gennaio 1946 entra in vigore la prima Costituzione della Repubblica federativa popolare di Jugoslavia\",\"breadcrumb\":{\"@id\":\"https:\\\/\\\/www.nonsolomusicamagazine.it\\\/?p=8357#breadcrumb\"},\"inLanguage\":\"it-IT\",\"potentialAction\":[{\"@type\":\"ReadAction\",\"target\":[\"https:\\\/\\\/www.nonsolomusicamagazine.it\\\/?p=8357\"]}]},{\"@type\":\"ImageObject\",\"inLanguage\":\"it-IT\",\"@id\":\"https:\\\/\\\/www.nonsolomusicamagazine.it\\\/?p=8357#primaryimage\",\"url\":\"https:\\\/\\\/www.nonsolomusicamagazine.it\\\/wp-content\\\/uploads\\\/2025\\\/01\\\/1000039716.jpg\",\"contentUrl\":\"https:\\\/\\\/www.nonsolomusicamagazine.it\\\/wp-content\\\/uploads\\\/2025\\\/01\\\/1000039716.jpg\",\"width\":320,\"height\":401},{\"@type\":\"BreadcrumbList\",\"@id\":\"https:\\\/\\\/www.nonsolomusicamagazine.it\\\/?p=8357#breadcrumb\",\"itemListElement\":[{\"@type\":\"ListItem\",\"position\":1,\"name\":\"Home\",\"item\":\"https:\\\/\\\/www.nonsolomusicamagazine.it\\\/\"},{\"@type\":\"ListItem\",\"position\":2,\"name\":\"Il 31 gennaio 1946 entra in vigore la prima Costituzione della Repubblica federativa popolare di Jugoslavia\"}]},{\"@type\":\"WebSite\",\"@id\":\"https:\\\/\\\/www.nonsolomusicamagazine.it\\\/#website\",\"url\":\"https:\\\/\\\/www.nonsolomusicamagazine.it\\\/\",\"name\":\"Nonsolomusicamagazine\",\"description\":\"Dir. responsabile Manuel M Buccarella\",\"potentialAction\":[{\"@type\":\"SearchAction\",\"target\":{\"@type\":\"EntryPoint\",\"urlTemplate\":\"https:\\\/\\\/www.nonsolomusicamagazine.it\\\/?s={search_term_string}\"},\"query-input\":{\"@type\":\"PropertyValueSpecification\",\"valueRequired\":true,\"valueName\":\"search_term_string\"}}],\"inLanguage\":\"it-IT\"},{\"@type\":\"Person\",\"@id\":\"https:\\\/\\\/www.nonsolomusicamagazine.it\\\/#\\\/schema\\\/person\\\/a3349ad02300d046472d46cf6d31ae46\",\"name\":\"nonsolomusica\",\"image\":{\"@type\":\"ImageObject\",\"inLanguage\":\"it-IT\",\"@id\":\"https:\\\/\\\/www.nonsolomusicamagazine.it\\\/wp-content\\\/litespeed\\\/avatar\\\/3a675484bc84db6aba78d43bfc8b7197.jpg?ver=1776880798\",\"url\":\"https:\\\/\\\/www.nonsolomusicamagazine.it\\\/wp-content\\\/litespeed\\\/avatar\\\/3a675484bc84db6aba78d43bfc8b7197.jpg?ver=1776880798\",\"contentUrl\":\"https:\\\/\\\/www.nonsolomusicamagazine.it\\\/wp-content\\\/litespeed\\\/avatar\\\/3a675484bc84db6aba78d43bfc8b7197.jpg?ver=1776880798\",\"caption\":\"nonsolomusica\"},\"sameAs\":[\"https:\\\/\\\/www.nonsolomusicamagazine.it\"],\"url\":\"https:\\\/\\\/www.nonsolomusicamagazine.it\\\/?author=1\"}]}<\/script>\n<!-- \/ Yoast SEO plugin. -->","yoast_head_json":{"title":"Il 31 gennaio 1946 entra in vigore la prima Costituzione della Repubblica federativa popolare di Jugoslavia - NonSoloMusicaMagazine","description":"31 gennaio 1946 entra in vigore la prima Costituzione della Repubblica federativa popolare di Jugoslavia","robots":{"index":"index","follow":"follow","max-snippet":"max-snippet:-1","max-image-preview":"max-image-preview:large","max-video-preview":"max-video-preview:-1"},"canonical":"https:\/\/www.nonsolomusicamagazine.it\/?p=8357","og_locale":"it_IT","og_type":"article","og_title":"Il 31 gennaio 1946 entra in vigore la prima Costituzione della Repubblica federativa popolare di Jugoslavia - NonSoloMusicaMagazine","og_description":"31 gennaio 1946 entra in vigore la prima Costituzione della Repubblica federativa popolare di Jugoslavia","og_url":"https:\/\/www.nonsolomusicamagazine.it\/?p=8357","og_site_name":"NonSoloMusicaMagazine","article_published_time":"2025-01-31T19:12:20+00:00","article_modified_time":"2025-01-31T19:12:23+00:00","og_image":[{"width":320,"height":401,"url":"https:\/\/www.nonsolomusicamagazine.it\/wp-content\/uploads\/2025\/01\/1000039716.jpg","type":"image\/jpeg"}],"author":"nonsolomusica","twitter_card":"summary_large_image","twitter_misc":{"Scritto da":"nonsolomusica","Tempo di lettura stimato":"3 minuti"},"schema":{"@context":"https:\/\/schema.org","@graph":[{"@type":"Article","@id":"https:\/\/www.nonsolomusicamagazine.it\/?p=8357#article","isPartOf":{"@id":"https:\/\/www.nonsolomusicamagazine.it\/?p=8357"},"author":{"name":"nonsolomusica","@id":"https:\/\/www.nonsolomusicamagazine.it\/#\/schema\/person\/a3349ad02300d046472d46cf6d31ae46"},"headline":"Il 31 gennaio 1946 entra in vigore la prima Costituzione della Repubblica federativa popolare di Jugoslavia","datePublished":"2025-01-31T19:12:20+00:00","dateModified":"2025-01-31T19:12:23+00:00","mainEntityOfPage":{"@id":"https:\/\/www.nonsolomusicamagazine.it\/?p=8357"},"wordCount":356,"commentCount":0,"image":{"@id":"https:\/\/www.nonsolomusicamagazine.it\/?p=8357#primaryimage"},"thumbnailUrl":"https:\/\/www.nonsolomusicamagazine.it\/wp-content\/uploads\/2025\/01\/1000039716.jpg","keywords":["Costituzione","Jugoslavia","Tito"],"articleSection":["Politica","Storia"],"inLanguage":"it-IT","potentialAction":[{"@type":"CommentAction","name":"Comment","target":["https:\/\/www.nonsolomusicamagazine.it\/?p=8357#respond"]}]},{"@type":"WebPage","@id":"https:\/\/www.nonsolomusicamagazine.it\/?p=8357","url":"https:\/\/www.nonsolomusicamagazine.it\/?p=8357","name":"Il 31 gennaio 1946 entra in vigore la prima Costituzione della Repubblica federativa popolare di Jugoslavia - NonSoloMusicaMagazine","isPartOf":{"@id":"https:\/\/www.nonsolomusicamagazine.it\/#website"},"primaryImageOfPage":{"@id":"https:\/\/www.nonsolomusicamagazine.it\/?p=8357#primaryimage"},"image":{"@id":"https:\/\/www.nonsolomusicamagazine.it\/?p=8357#primaryimage"},"thumbnailUrl":"https:\/\/www.nonsolomusicamagazine.it\/wp-content\/uploads\/2025\/01\/1000039716.jpg","datePublished":"2025-01-31T19:12:20+00:00","dateModified":"2025-01-31T19:12:23+00:00","author":{"@id":"https:\/\/www.nonsolomusicamagazine.it\/#\/schema\/person\/a3349ad02300d046472d46cf6d31ae46"},"description":"31 gennaio 1946 entra in vigore la prima Costituzione della Repubblica federativa popolare di Jugoslavia","breadcrumb":{"@id":"https:\/\/www.nonsolomusicamagazine.it\/?p=8357#breadcrumb"},"inLanguage":"it-IT","potentialAction":[{"@type":"ReadAction","target":["https:\/\/www.nonsolomusicamagazine.it\/?p=8357"]}]},{"@type":"ImageObject","inLanguage":"it-IT","@id":"https:\/\/www.nonsolomusicamagazine.it\/?p=8357#primaryimage","url":"https:\/\/www.nonsolomusicamagazine.it\/wp-content\/uploads\/2025\/01\/1000039716.jpg","contentUrl":"https:\/\/www.nonsolomusicamagazine.it\/wp-content\/uploads\/2025\/01\/1000039716.jpg","width":320,"height":401},{"@type":"BreadcrumbList","@id":"https:\/\/www.nonsolomusicamagazine.it\/?p=8357#breadcrumb","itemListElement":[{"@type":"ListItem","position":1,"name":"Home","item":"https:\/\/www.nonsolomusicamagazine.it\/"},{"@type":"ListItem","position":2,"name":"Il 31 gennaio 1946 entra in vigore la prima Costituzione della Repubblica federativa popolare di Jugoslavia"}]},{"@type":"WebSite","@id":"https:\/\/www.nonsolomusicamagazine.it\/#website","url":"https:\/\/www.nonsolomusicamagazine.it\/","name":"Nonsolomusicamagazine","description":"Dir. responsabile Manuel M Buccarella","potentialAction":[{"@type":"SearchAction","target":{"@type":"EntryPoint","urlTemplate":"https:\/\/www.nonsolomusicamagazine.it\/?s={search_term_string}"},"query-input":{"@type":"PropertyValueSpecification","valueRequired":true,"valueName":"search_term_string"}}],"inLanguage":"it-IT"},{"@type":"Person","@id":"https:\/\/www.nonsolomusicamagazine.it\/#\/schema\/person\/a3349ad02300d046472d46cf6d31ae46","name":"nonsolomusica","image":{"@type":"ImageObject","inLanguage":"it-IT","@id":"https:\/\/www.nonsolomusicamagazine.it\/wp-content\/litespeed\/avatar\/3a675484bc84db6aba78d43bfc8b7197.jpg?ver=1776880798","url":"https:\/\/www.nonsolomusicamagazine.it\/wp-content\/litespeed\/avatar\/3a675484bc84db6aba78d43bfc8b7197.jpg?ver=1776880798","contentUrl":"https:\/\/www.nonsolomusicamagazine.it\/wp-content\/litespeed\/avatar\/3a675484bc84db6aba78d43bfc8b7197.jpg?ver=1776880798","caption":"nonsolomusica"},"sameAs":["https:\/\/www.nonsolomusicamagazine.it"],"url":"https:\/\/www.nonsolomusicamagazine.it\/?author=1"}]}},"amp_enabled":true,"_links":{"self":[{"href":"https:\/\/www.nonsolomusicamagazine.it\/index.php?rest_route=\/wp\/v2\/posts\/8357","targetHints":{"allow":["GET"]}}],"collection":[{"href":"https:\/\/www.nonsolomusicamagazine.it\/index.php?rest_route=\/wp\/v2\/posts"}],"about":[{"href":"https:\/\/www.nonsolomusicamagazine.it\/index.php?rest_route=\/wp\/v2\/types\/post"}],"author":[{"embeddable":true,"href":"https:\/\/www.nonsolomusicamagazine.it\/index.php?rest_route=\/wp\/v2\/users\/1"}],"replies":[{"embeddable":true,"href":"https:\/\/www.nonsolomusicamagazine.it\/index.php?rest_route=%2Fwp%2Fv2%2Fcomments&post=8357"}],"version-history":[{"count":0,"href":"https:\/\/www.nonsolomusicamagazine.it\/index.php?rest_route=\/wp\/v2\/posts\/8357\/revisions"}],"wp:featuredmedia":[{"embeddable":true,"href":"https:\/\/www.nonsolomusicamagazine.it\/index.php?rest_route=\/wp\/v2\/media\/8358"}],"wp:attachment":[{"href":"https:\/\/www.nonsolomusicamagazine.it\/index.php?rest_route=%2Fwp%2Fv2%2Fmedia&parent=8357"}],"wp:term":[{"taxonomy":"category","embeddable":true,"href":"https:\/\/www.nonsolomusicamagazine.it\/index.php?rest_route=%2Fwp%2Fv2%2Fcategories&post=8357"},{"taxonomy":"post_tag","embeddable":true,"href":"https:\/\/www.nonsolomusicamagazine.it\/index.php?rest_route=%2Fwp%2Fv2%2Ftags&post=8357"}],"curies":[{"name":"wp","href":"https:\/\/api.w.org\/{rel}","templated":true}]}}