{"id":8414,"date":"2025-02-04T19:44:14","date_gmt":"2025-02-04T18:44:14","guid":{"rendered":"https:\/\/www.nonsolomusicamagazine.it\/?p=8414"},"modified":"2025-02-04T19:44:16","modified_gmt":"2025-02-04T18:44:16","slug":"jacques-prevert","status":"publish","type":"post","link":"https:\/\/www.nonsolomusicamagazine.it\/?p=8414","title":{"rendered":"Jacques Pr\u00e9vert"},"content":{"rendered":"\n<p class=\"has-text-align-center\"><strong>Manuel M Buccarella<\/strong><\/p>\n\n\n\n<p>Il 4 febbraio 1900 nasceva a Neuilly &#8211; sur &#8211; Seine il poeta e sceneggiatore francese Jacques Pr\u00e9vert.<\/p>\n\n\n\n<p>Pr\u00e9vert nasce in una famiglia borghese che attraversa non poche difficolt\u00e0 finanziarie, dopo che il padre perde l&#8217;impiego come assicuratore. La famiglia si trasferir\u00e0 a Parigi, dove il padre dovr\u00e0 accontentarsi di un umile lavoro come impiegato nell&#8217; Ufficio delle opere di beneficenza. Pr\u00e9vert padre era anche un letterato e ci\u00f2 condizion\u00f2 positivamente, sin dall&#8217;adolescenza, gli interessi di Jacques.<\/p>\n\n\n\n<p>Pr\u00e9vert ha abbracciato , perlomeno agli inizi, il surrealismo. La sua opera maggiore, realizzata nel 1946, fu Paroles, una raccolta di poesie.<\/p>\n\n\n\n<p>&#8220;Pr\u00e9vert passa nella sua poesia dal gioco attento dell&#8217;intelligenza al controllo della sensibilit\u00e0, dall&#8217;uso scanzonato dell&#8217;ironia a una semplicit\u00e0 di espressione che a volte, a un lettore superficiale, pu\u00f2 sembrare sfiorare la banalit\u00e0. Egli partecipa in modo sentimentale ai climi poetici affrontati ma anche con rigorosa obbedienza a un\u00a0simbolismo\u00a0di alta scuola francese, sempre alla ricerca di un ritmo che non si discosta mai dal\u00a0linguaggio\u00a0comune. La poesia prevertiana \u00e8 di una facilit\u00e0 pericolosa perch\u00e9 ricca di ritmi interni, di giochi di parole, di\u00a0<em>calembour<\/em>, di diverse situazioni psicologiche che sono lo specchio di questo grande poeta francese&#8221; (Wikipedia)<\/p>\n\n\n\n<p>Una poesia di Jacques Pr\u00e9vert<\/p>\n\n\n\n<p><strong>LE D\u00c9SESPOIR EST ASSIS SUR UN BANC<\/strong><\/p>\n\n\n\n<p>Dans un square sur un banc<\/p>\n\n\n\n<p>Il y a un homme qui vous appelle quand on passe<\/p>\n\n\n\n<p>Il a des binocles un vieux costume gris<\/p>\n\n\n\n<p>Il fume un petit ninas il est assis<\/p>\n\n\n\n<p>Et il vous appelle quand on passe<\/p>\n\n\n\n<p>Ou simplement il vous fait signeIl ne faut pas le regarder<\/p>\n\n\n\n<p>Il ne faut pas l\u2019\u00e9couter<\/p>\n\n\n\n<p>Il faut passer<\/p>\n\n\n\n<p>Faire comme si on ne le voyait pas<\/p>\n\n\n\n<p>Comme si on ne l\u2019entendait pas<\/p>\n\n\n\n<p>Il faut passer et presser le pas<\/p>\n\n\n\n<p>Si vous le regardez<\/p>\n\n\n\n<p>Si vous l\u2019\u00e9coutez<\/p>\n\n\n\n<p>Il vous fait signe et rien personne<\/p>\n\n\n\n<p>Ne peut vous emp\u00eacher d\u2019aller vous asseoir pr\u00e8s de lui<\/p>\n\n\n\n<p>Alors il vous regarde et sourit<\/p>\n\n\n\n<p>Et vous souffrez attrocement<\/p>\n\n\n\n<p>Et l\u2019homme continue de sourire<\/p>\n\n\n\n<p>Et vous souriez du m\u00eame sourire<\/p>\n\n\n\n<p>Exactement<\/p>\n\n\n\n<p>Plus vous souriez plus vous souffrez<\/p>\n\n\n\n<p>Atrocement<\/p>\n\n\n\n<p>Plus vous souffrez plus vous souriez<\/p>\n\n\n\n<p>Irr\u00e9m\u00e9diablement<\/p>\n\n\n\n<p>Et vous restez l\u00e0<\/p>\n\n\n\n<p>Assis fig\u00e9<\/p>\n\n\n\n<p>Souriant sur le banc<\/p>\n\n\n\n<p>Des enfants jouent tout pr\u00e8s de vous<\/p>\n\n\n\n<p>Des passants <\/p>\n\n\n\n<p>Tranquillament oiseaux s\u2019envolent<\/p>\n\n\n\n<p>Quittant un arbre<\/p>\n\n\n\n<p>Pour un autre<\/p>\n\n\n\n<p>Et vous restez l\u00e0<\/p>\n\n\n\n<p>Sur le banc<\/p>\n\n\n\n<p>Et vous savez vous savez<\/p>\n\n\n\n<p>Que jamais plus vous ne jouerez<\/p>\n\n\n\n<p>Comme ces enfants<\/p>\n\n\n\n<p>Vous savez que jamais plus vous ne passerez<\/p>\n\n\n\n<p>Tranquillement<\/p>\n\n\n\n<p>Comme ces passants jamais plus vous ne vous envolerez<\/p>\n\n\n\n<p>Quittant un arbre pour un autre<\/p>\n\n\n\n<p>Comme ces oiseaux.<\/p>\n\n\n\n<p><strong>La disperazione \u00e8 seduta su una panchina<\/strong><\/p>\n\n\n\n<p>In un giardinetto su una panchina<\/p>\n\n\n\n<p>C\u2019\u00e8 un uomo che vi chiama quando passate<\/p>\n\n\n\n<p>Ha occhialetti un vecchio abito grigio<\/p>\n\n\n\n<p>Fuma un sigarino \u00e8 seduto<\/p>\n\n\n\n<p>E vi chiama quando passate<\/p>\n\n\n\n<p>O semplicemente vi fa un cenno<\/p>\n\n\n\n<p>Non si deve guardarlo<\/p>\n\n\n\n<p>Non si deve ascoltarlo<\/p>\n\n\n\n<p>Si deve andare oltre<\/p>\n\n\n\n<p>Fare come se non lo vedessimo<\/p>\n\n\n\n<p>Come se non l\u2019ascoltassimo<\/p>\n\n\n\n<p>Si deve andare oltre e affrettare il passo<\/p>\n\n\n\n<p>Se lo guardate<\/p>\n\n\n\n<p>Se lo ascoltate<\/p>\n\n\n\n<p>Lui vi fa un cenno e niente nessuno<\/p>\n\n\n\n<p>Pu\u00f2 impedirvi di andare a sedervi accanto a lui<\/p>\n\n\n\n<p>Allora vi guarda e sorride<\/p>\n\n\n\n<p>E voi soffrite atrocemente<\/p>\n\n\n\n<p>E l\u2019uomo continua a sorridere <\/p>\n\n\n\n<p>E voi sorridete allo stesso modo<\/p>\n\n\n\n<p>Esattamente<\/p>\n\n\n\n<p>Pi\u00f9 sorridete e pi\u00f9 soffrite<\/p>\n\n\n\n<p>Atrocemente<\/p>\n\n\n\n<p>Pi\u00f9 soffrite e pi\u00f9 sorridete<\/p>\n\n\n\n<p>Irrimediabilmente<\/p>\n\n\n\n<p>E voi restate l\u00e0<\/p>\n\n\n\n<p>Seduti fissi<\/p>\n\n\n\n<p>Sorridendo sulla panchina<\/p>\n\n\n\n<p>Dei bambini giocano vicino a voi<\/p>\n\n\n\n<p>Dei passanti passano<\/p>\n\n\n\n<p>Tranquillamente<\/p>\n\n\n\n<p>Degli uccelli volano via<\/p>\n\n\n\n<p>Lasciando un albero<\/p>\n\n\n\n<p>Per un altro<\/p>\n\n\n\n<p>E voi restate l\u00e0<\/p>\n\n\n\n<p>Sulla panchina<\/p>\n\n\n\n<p>E voi sapete voi sapete<\/p>\n\n\n\n<p>Che mai pi\u00f9 giocherete<\/p>\n\n\n\n<p>Come quei bambini<\/p>\n\n\n\n<p>Voi sapete che mai pi\u00f9 passerete<\/p>\n\n\n\n<p>Tranquillamente<\/p>\n\n\n\n<p>Come quei passanti<\/p>\n\n\n\n<p>Che mai pi\u00f9 volerete via<\/p>\n\n\n\n<p>Lasciando un albero per un altro<\/p>\n\n\n\n<p>Come quegli uccelli.<\/p>\n\n\n\n<figure class=\"wp-block-image size-full\"><img decoding=\"async\" width=\"509\" height=\"704\" src=\"https:\/\/www.nonsolomusicamagazine.it\/wp-content\/uploads\/2025\/02\/1000040373.jpg\" alt=\"\" class=\"wp-image-8415\" srcset=\"https:\/\/www.nonsolomusicamagazine.it\/wp-content\/uploads\/2025\/02\/1000040373.jpg 509w, https:\/\/www.nonsolomusicamagazine.it\/wp-content\/uploads\/2025\/02\/1000040373-217x300.jpg 217w\" sizes=\"(max-width: 509px) 100vw, 509px\" \/><\/figure>\n","protected":false},"excerpt":{"rendered":"<p>Manuel M Buccarella Il 4 febbraio 1900 nasceva a Neuilly &#8211; sur &#8211; Seine il poeta e sceneggiatore francese Jacques Pr\u00e9vert. Pr\u00e9vert nasce in una famiglia borghese che attraversa non poche difficolt\u00e0 finanziarie, dopo che il padre perde l&#8217;impiego come assicuratore. La famiglia si trasferir\u00e0 a Parigi, dove il padre dovr\u00e0 accontentarsi di un umile [&hellip;]<\/p>\n","protected":false},"author":1,"featured_media":8415,"comment_status":"open","ping_status":"closed","sticky":false,"template":"","format":"standard","meta":{"footnotes":""},"categories":[106],"tags":[648,1458,3779,756],"class_list":["post-8414","post","type-post","status-publish","format-standard","has-post-thumbnail","hentry","category-cultura","tag-francia","tag-letteratura","tag-prevert","tag-surrealismo"],"yoast_head":"<!-- This site is optimized with the Yoast SEO plugin v27.4 - https:\/\/yoast.com\/product\/yoast-seo-wordpress\/ -->\n<title>Jacques Pr\u00e9vert - NonSoloMusicaMagazine<\/title>\n<meta name=\"description\" content=\"Jacques Pr\u00e9vert\" \/>\n<meta name=\"robots\" content=\"index, follow, max-snippet:-1, max-image-preview:large, max-video-preview:-1\" \/>\n<link rel=\"canonical\" href=\"https:\/\/www.nonsolomusicamagazine.it\/?p=8414\" \/>\n<meta property=\"og:locale\" content=\"it_IT\" \/>\n<meta property=\"og:type\" content=\"article\" \/>\n<meta property=\"og:title\" content=\"Jacques Pr\u00e9vert - NonSoloMusicaMagazine\" \/>\n<meta property=\"og:description\" content=\"Jacques Pr\u00e9vert\" \/>\n<meta property=\"og:url\" content=\"https:\/\/www.nonsolomusicamagazine.it\/?p=8414\" \/>\n<meta property=\"og:site_name\" content=\"NonSoloMusicaMagazine\" \/>\n<meta property=\"article:published_time\" content=\"2025-02-04T18:44:14+00:00\" \/>\n<meta property=\"article:modified_time\" content=\"2025-02-04T18:44:16+00:00\" \/>\n<meta property=\"og:image\" content=\"https:\/\/www.nonsolomusicamagazine.it\/wp-content\/uploads\/2025\/02\/1000040373.jpg\" \/>\n\t<meta property=\"og:image:width\" content=\"509\" \/>\n\t<meta property=\"og:image:height\" content=\"704\" \/>\n\t<meta property=\"og:image:type\" content=\"image\/jpeg\" \/>\n<meta name=\"author\" content=\"nonsolomusica\" \/>\n<meta name=\"twitter:card\" content=\"summary_large_image\" \/>\n<meta name=\"twitter:label1\" content=\"Scritto da\" \/>\n\t<meta name=\"twitter:data1\" content=\"nonsolomusica\" \/>\n\t<meta name=\"twitter:label2\" content=\"Tempo di lettura stimato\" \/>\n\t<meta name=\"twitter:data2\" content=\"4 minuti\" \/>\n<script type=\"application\/ld+json\" class=\"yoast-schema-graph\">{\"@context\":\"https:\\\/\\\/schema.org\",\"@graph\":[{\"@type\":\"Article\",\"@id\":\"https:\\\/\\\/www.nonsolomusicamagazine.it\\\/?p=8414#article\",\"isPartOf\":{\"@id\":\"https:\\\/\\\/www.nonsolomusicamagazine.it\\\/?p=8414\"},\"author\":{\"name\":\"nonsolomusica\",\"@id\":\"https:\\\/\\\/www.nonsolomusicamagazine.it\\\/#\\\/schema\\\/person\\\/a3349ad02300d046472d46cf6d31ae46\"},\"headline\":\"Jacques Pr\u00e9vert\",\"datePublished\":\"2025-02-04T18:44:14+00:00\",\"dateModified\":\"2025-02-04T18:44:16+00:00\",\"mainEntityOfPage\":{\"@id\":\"https:\\\/\\\/www.nonsolomusicamagazine.it\\\/?p=8414\"},\"wordCount\":653,\"commentCount\":0,\"image\":{\"@id\":\"https:\\\/\\\/www.nonsolomusicamagazine.it\\\/?p=8414#primaryimage\"},\"thumbnailUrl\":\"https:\\\/\\\/www.nonsolomusicamagazine.it\\\/wp-content\\\/uploads\\\/2025\\\/02\\\/1000040373.jpg\",\"keywords\":[\"Francia\",\"Letteratura\",\"Pr\u00e9vert\",\"Surrealismo\"],\"articleSection\":[\"Cultura\"],\"inLanguage\":\"it-IT\",\"potentialAction\":[{\"@type\":\"CommentAction\",\"name\":\"Comment\",\"target\":[\"https:\\\/\\\/www.nonsolomusicamagazine.it\\\/?p=8414#respond\"]}]},{\"@type\":\"WebPage\",\"@id\":\"https:\\\/\\\/www.nonsolomusicamagazine.it\\\/?p=8414\",\"url\":\"https:\\\/\\\/www.nonsolomusicamagazine.it\\\/?p=8414\",\"name\":\"Jacques Pr\u00e9vert - NonSoloMusicaMagazine\",\"isPartOf\":{\"@id\":\"https:\\\/\\\/www.nonsolomusicamagazine.it\\\/#website\"},\"primaryImageOfPage\":{\"@id\":\"https:\\\/\\\/www.nonsolomusicamagazine.it\\\/?p=8414#primaryimage\"},\"image\":{\"@id\":\"https:\\\/\\\/www.nonsolomusicamagazine.it\\\/?p=8414#primaryimage\"},\"thumbnailUrl\":\"https:\\\/\\\/www.nonsolomusicamagazine.it\\\/wp-content\\\/uploads\\\/2025\\\/02\\\/1000040373.jpg\",\"datePublished\":\"2025-02-04T18:44:14+00:00\",\"dateModified\":\"2025-02-04T18:44:16+00:00\",\"author\":{\"@id\":\"https:\\\/\\\/www.nonsolomusicamagazine.it\\\/#\\\/schema\\\/person\\\/a3349ad02300d046472d46cf6d31ae46\"},\"description\":\"Jacques Pr\u00e9vert\",\"breadcrumb\":{\"@id\":\"https:\\\/\\\/www.nonsolomusicamagazine.it\\\/?p=8414#breadcrumb\"},\"inLanguage\":\"it-IT\",\"potentialAction\":[{\"@type\":\"ReadAction\",\"target\":[\"https:\\\/\\\/www.nonsolomusicamagazine.it\\\/?p=8414\"]}]},{\"@type\":\"ImageObject\",\"inLanguage\":\"it-IT\",\"@id\":\"https:\\\/\\\/www.nonsolomusicamagazine.it\\\/?p=8414#primaryimage\",\"url\":\"https:\\\/\\\/www.nonsolomusicamagazine.it\\\/wp-content\\\/uploads\\\/2025\\\/02\\\/1000040373.jpg\",\"contentUrl\":\"https:\\\/\\\/www.nonsolomusicamagazine.it\\\/wp-content\\\/uploads\\\/2025\\\/02\\\/1000040373.jpg\",\"width\":509,\"height\":704},{\"@type\":\"BreadcrumbList\",\"@id\":\"https:\\\/\\\/www.nonsolomusicamagazine.it\\\/?p=8414#breadcrumb\",\"itemListElement\":[{\"@type\":\"ListItem\",\"position\":1,\"name\":\"Home\",\"item\":\"https:\\\/\\\/www.nonsolomusicamagazine.it\\\/\"},{\"@type\":\"ListItem\",\"position\":2,\"name\":\"Jacques Pr\u00e9vert\"}]},{\"@type\":\"WebSite\",\"@id\":\"https:\\\/\\\/www.nonsolomusicamagazine.it\\\/#website\",\"url\":\"https:\\\/\\\/www.nonsolomusicamagazine.it\\\/\",\"name\":\"Nonsolomusicamagazine\",\"description\":\"Dir. responsabile Manuel M Buccarella\",\"potentialAction\":[{\"@type\":\"SearchAction\",\"target\":{\"@type\":\"EntryPoint\",\"urlTemplate\":\"https:\\\/\\\/www.nonsolomusicamagazine.it\\\/?s={search_term_string}\"},\"query-input\":{\"@type\":\"PropertyValueSpecification\",\"valueRequired\":true,\"valueName\":\"search_term_string\"}}],\"inLanguage\":\"it-IT\"},{\"@type\":\"Person\",\"@id\":\"https:\\\/\\\/www.nonsolomusicamagazine.it\\\/#\\\/schema\\\/person\\\/a3349ad02300d046472d46cf6d31ae46\",\"name\":\"nonsolomusica\",\"image\":{\"@type\":\"ImageObject\",\"inLanguage\":\"it-IT\",\"@id\":\"https:\\\/\\\/www.nonsolomusicamagazine.it\\\/wp-content\\\/litespeed\\\/avatar\\\/3a675484bc84db6aba78d43bfc8b7197.jpg?ver=1776880798\",\"url\":\"https:\\\/\\\/www.nonsolomusicamagazine.it\\\/wp-content\\\/litespeed\\\/avatar\\\/3a675484bc84db6aba78d43bfc8b7197.jpg?ver=1776880798\",\"contentUrl\":\"https:\\\/\\\/www.nonsolomusicamagazine.it\\\/wp-content\\\/litespeed\\\/avatar\\\/3a675484bc84db6aba78d43bfc8b7197.jpg?ver=1776880798\",\"caption\":\"nonsolomusica\"},\"sameAs\":[\"https:\\\/\\\/www.nonsolomusicamagazine.it\"],\"url\":\"https:\\\/\\\/www.nonsolomusicamagazine.it\\\/?author=1\"}]}<\/script>\n<!-- \/ Yoast SEO plugin. -->","yoast_head_json":{"title":"Jacques Pr\u00e9vert - NonSoloMusicaMagazine","description":"Jacques Pr\u00e9vert","robots":{"index":"index","follow":"follow","max-snippet":"max-snippet:-1","max-image-preview":"max-image-preview:large","max-video-preview":"max-video-preview:-1"},"canonical":"https:\/\/www.nonsolomusicamagazine.it\/?p=8414","og_locale":"it_IT","og_type":"article","og_title":"Jacques Pr\u00e9vert - NonSoloMusicaMagazine","og_description":"Jacques Pr\u00e9vert","og_url":"https:\/\/www.nonsolomusicamagazine.it\/?p=8414","og_site_name":"NonSoloMusicaMagazine","article_published_time":"2025-02-04T18:44:14+00:00","article_modified_time":"2025-02-04T18:44:16+00:00","og_image":[{"width":509,"height":704,"url":"https:\/\/www.nonsolomusicamagazine.it\/wp-content\/uploads\/2025\/02\/1000040373.jpg","type":"image\/jpeg"}],"author":"nonsolomusica","twitter_card":"summary_large_image","twitter_misc":{"Scritto da":"nonsolomusica","Tempo di lettura stimato":"4 minuti"},"schema":{"@context":"https:\/\/schema.org","@graph":[{"@type":"Article","@id":"https:\/\/www.nonsolomusicamagazine.it\/?p=8414#article","isPartOf":{"@id":"https:\/\/www.nonsolomusicamagazine.it\/?p=8414"},"author":{"name":"nonsolomusica","@id":"https:\/\/www.nonsolomusicamagazine.it\/#\/schema\/person\/a3349ad02300d046472d46cf6d31ae46"},"headline":"Jacques Pr\u00e9vert","datePublished":"2025-02-04T18:44:14+00:00","dateModified":"2025-02-04T18:44:16+00:00","mainEntityOfPage":{"@id":"https:\/\/www.nonsolomusicamagazine.it\/?p=8414"},"wordCount":653,"commentCount":0,"image":{"@id":"https:\/\/www.nonsolomusicamagazine.it\/?p=8414#primaryimage"},"thumbnailUrl":"https:\/\/www.nonsolomusicamagazine.it\/wp-content\/uploads\/2025\/02\/1000040373.jpg","keywords":["Francia","Letteratura","Pr\u00e9vert","Surrealismo"],"articleSection":["Cultura"],"inLanguage":"it-IT","potentialAction":[{"@type":"CommentAction","name":"Comment","target":["https:\/\/www.nonsolomusicamagazine.it\/?p=8414#respond"]}]},{"@type":"WebPage","@id":"https:\/\/www.nonsolomusicamagazine.it\/?p=8414","url":"https:\/\/www.nonsolomusicamagazine.it\/?p=8414","name":"Jacques Pr\u00e9vert - NonSoloMusicaMagazine","isPartOf":{"@id":"https:\/\/www.nonsolomusicamagazine.it\/#website"},"primaryImageOfPage":{"@id":"https:\/\/www.nonsolomusicamagazine.it\/?p=8414#primaryimage"},"image":{"@id":"https:\/\/www.nonsolomusicamagazine.it\/?p=8414#primaryimage"},"thumbnailUrl":"https:\/\/www.nonsolomusicamagazine.it\/wp-content\/uploads\/2025\/02\/1000040373.jpg","datePublished":"2025-02-04T18:44:14+00:00","dateModified":"2025-02-04T18:44:16+00:00","author":{"@id":"https:\/\/www.nonsolomusicamagazine.it\/#\/schema\/person\/a3349ad02300d046472d46cf6d31ae46"},"description":"Jacques Pr\u00e9vert","breadcrumb":{"@id":"https:\/\/www.nonsolomusicamagazine.it\/?p=8414#breadcrumb"},"inLanguage":"it-IT","potentialAction":[{"@type":"ReadAction","target":["https:\/\/www.nonsolomusicamagazine.it\/?p=8414"]}]},{"@type":"ImageObject","inLanguage":"it-IT","@id":"https:\/\/www.nonsolomusicamagazine.it\/?p=8414#primaryimage","url":"https:\/\/www.nonsolomusicamagazine.it\/wp-content\/uploads\/2025\/02\/1000040373.jpg","contentUrl":"https:\/\/www.nonsolomusicamagazine.it\/wp-content\/uploads\/2025\/02\/1000040373.jpg","width":509,"height":704},{"@type":"BreadcrumbList","@id":"https:\/\/www.nonsolomusicamagazine.it\/?p=8414#breadcrumb","itemListElement":[{"@type":"ListItem","position":1,"name":"Home","item":"https:\/\/www.nonsolomusicamagazine.it\/"},{"@type":"ListItem","position":2,"name":"Jacques Pr\u00e9vert"}]},{"@type":"WebSite","@id":"https:\/\/www.nonsolomusicamagazine.it\/#website","url":"https:\/\/www.nonsolomusicamagazine.it\/","name":"Nonsolomusicamagazine","description":"Dir. responsabile Manuel M Buccarella","potentialAction":[{"@type":"SearchAction","target":{"@type":"EntryPoint","urlTemplate":"https:\/\/www.nonsolomusicamagazine.it\/?s={search_term_string}"},"query-input":{"@type":"PropertyValueSpecification","valueRequired":true,"valueName":"search_term_string"}}],"inLanguage":"it-IT"},{"@type":"Person","@id":"https:\/\/www.nonsolomusicamagazine.it\/#\/schema\/person\/a3349ad02300d046472d46cf6d31ae46","name":"nonsolomusica","image":{"@type":"ImageObject","inLanguage":"it-IT","@id":"https:\/\/www.nonsolomusicamagazine.it\/wp-content\/litespeed\/avatar\/3a675484bc84db6aba78d43bfc8b7197.jpg?ver=1776880798","url":"https:\/\/www.nonsolomusicamagazine.it\/wp-content\/litespeed\/avatar\/3a675484bc84db6aba78d43bfc8b7197.jpg?ver=1776880798","contentUrl":"https:\/\/www.nonsolomusicamagazine.it\/wp-content\/litespeed\/avatar\/3a675484bc84db6aba78d43bfc8b7197.jpg?ver=1776880798","caption":"nonsolomusica"},"sameAs":["https:\/\/www.nonsolomusicamagazine.it"],"url":"https:\/\/www.nonsolomusicamagazine.it\/?author=1"}]}},"amp_enabled":true,"_links":{"self":[{"href":"https:\/\/www.nonsolomusicamagazine.it\/index.php?rest_route=\/wp\/v2\/posts\/8414","targetHints":{"allow":["GET"]}}],"collection":[{"href":"https:\/\/www.nonsolomusicamagazine.it\/index.php?rest_route=\/wp\/v2\/posts"}],"about":[{"href":"https:\/\/www.nonsolomusicamagazine.it\/index.php?rest_route=\/wp\/v2\/types\/post"}],"author":[{"embeddable":true,"href":"https:\/\/www.nonsolomusicamagazine.it\/index.php?rest_route=\/wp\/v2\/users\/1"}],"replies":[{"embeddable":true,"href":"https:\/\/www.nonsolomusicamagazine.it\/index.php?rest_route=%2Fwp%2Fv2%2Fcomments&post=8414"}],"version-history":[{"count":0,"href":"https:\/\/www.nonsolomusicamagazine.it\/index.php?rest_route=\/wp\/v2\/posts\/8414\/revisions"}],"wp:featuredmedia":[{"embeddable":true,"href":"https:\/\/www.nonsolomusicamagazine.it\/index.php?rest_route=\/wp\/v2\/media\/8415"}],"wp:attachment":[{"href":"https:\/\/www.nonsolomusicamagazine.it\/index.php?rest_route=%2Fwp%2Fv2%2Fmedia&parent=8414"}],"wp:term":[{"taxonomy":"category","embeddable":true,"href":"https:\/\/www.nonsolomusicamagazine.it\/index.php?rest_route=%2Fwp%2Fv2%2Fcategories&post=8414"},{"taxonomy":"post_tag","embeddable":true,"href":"https:\/\/www.nonsolomusicamagazine.it\/index.php?rest_route=%2Fwp%2Fv2%2Ftags&post=8414"}],"curies":[{"name":"wp","href":"https:\/\/api.w.org\/{rel}","templated":true}]}}