{"id":8473,"date":"2025-02-10T19:07:24","date_gmt":"2025-02-10T18:07:24","guid":{"rendered":"https:\/\/www.nonsolomusicamagazine.it\/?p=8473"},"modified":"2025-02-10T19:07:27","modified_gmt":"2025-02-10T18:07:27","slug":"il-giorno-del-ricordo-e-la-retorica-nazionalista-italiana-i-morti-furono-circa-4000-e-conseguirono-a-rappresaglia-contro-le-violenze-degli-occupanti-fascisti","status":"publish","type":"post","link":"https:\/\/www.nonsolomusicamagazine.it\/?p=8473","title":{"rendered":"Il Giorno del Ricordo e la retorica nazionalista italiana: i morti furono circa 4000 e conseguirono a rappresaglia contro le violenze degli occupanti fascisti."},"content":{"rendered":"\n<p class=\"has-text-align-center\"><strong>Manuel M Buccarella<\/strong><\/p>\n\n\n\n<p>Con legge numero 92 del 30 marzo del 2004 lo Stato italiano ha istituito il &#8220;Giorno del ricordo&#8221;, per commemorare le vittime delle foibe e gli esuli di Istria e Dalmazia. <\/p>\n\n\n\n<p>La data del 10 febbraio \u00e8 stata scelta in quanto corrispondente al Trattato di Parigi del 10 febbraio 1947, che sanc\u00ec il passaggio dall&#8217;Italia alla Jugoslavia del Quarnaro, di Zara e provincia e della maggior parte della Venezia Giulia. Il disegno di legge fu presentato dalla destra italiana, in qualche modo per compensare La Giornata del Ricordo, che commemora, anche su iniziativa delle Nazioni Unite, le milioni di persone morte nei lager nazisti, tra cui anche tanti italiani che furono consegnati ai nazisti dai collaborazionisti italiani fascisti.<\/p>\n\n\n\n<p>Si parla di vittime delle foibe, quando in verit\u00e0 la maggior parte dei morti venivano gettati in quelle cavit\u00e0 carsiche gi\u00e0 privi di vita. Storicamente i primi infoibati, come appurato dalla Commissione storico &#8211; culturale italo &#8211; slovena, infoibati dal regime fascista che aveva occupato militarmente la Slovenia, furono proprio dei cittadini slavi.<\/p>\n\n\n\n<p>Il fascismo, gi\u00e0 prima della seconda guerra mondiale, fu particolarmente oppressivo nei confronti delle popolazioni slave, costringendole ad una italianizzazione forzata, vietando l&#8217;uso delle lingue slovena e croata, e macchiandosi di persecuzioni razziali e politiche non indifferenti, con violenze ed eccidi. La reazione dei partigiani comunisti fu veemente ed anche violenta. Si tratt\u00f2 in verit\u00e0 di vendetta, di rappresaglia: la rappresaglia colp\u00ec innanzitutto fascisti e militari italiani, collaborazionisti del regime fascista e nazista, burocrati italiani. Purtroppo la furia vendicativa dei partigiani jugoslavi colp\u00ec anche degli innocenti, come spesso accade alla fine di una guerra.<\/p>\n\n\n\n<p>In verit\u00e0 i morti non furono pi\u00f9 di cinquemila e  non si tratt\u00f2 di una pulizia etnica. In passato si \u00e8 parlato di numeri enormi di \u201cinfoibati\u201d, ma gli storici ormai condividono una cifra di massima: quattro-cinquecento vittime per i fatti del 1943 all\u2019indomani dell\u2019armistizio dell\u20198 settembre e tre-quattromila per i fatti del 1945. Sono numeri, questi ultimi, comparabili a quelli registrati in altre zone d\u2019Italia nelle ultime fasi della guerra e inferiori a quelli di altre zone della Jugoslavia. <\/p>\n\n\n\n<p>Quanto agli esuli di Istria e Dalmazia, ove all&#8217;epoca risiedevano, assieme agli slavi, circa 350mila italiani, va detto che i pi\u00f9 benestanti furono espropriati dai comunisti, in ossequio alla lotta di classe, altri invece non accettarono che al fascismo si sostituisse un regime socialista a guida slava. Va da s\u00e9, inoltre, che Tito ed i suoi, ormai al potere dopo la guerra, fossero mossi da pregiudizio nei confronti degli italiani, molti dei quali avevano collaborato con i fascisti e in molti se ne sentivano anche protetti. Oggi in Slovenia vi \u00e8 una minoranza italiana di circa 35mila individui.<\/p>\n\n\n\n<figure class=\"wp-block-image size-full\"><img decoding=\"async\" width=\"550\" height=\"413\" src=\"https:\/\/www.nonsolomusicamagazine.it\/wp-content\/uploads\/2025\/02\/1000041152.jpg\" alt=\"\" class=\"wp-image-8474\" srcset=\"https:\/\/www.nonsolomusicamagazine.it\/wp-content\/uploads\/2025\/02\/1000041152.jpg 550w, https:\/\/www.nonsolomusicamagazine.it\/wp-content\/uploads\/2025\/02\/1000041152-300x225.jpg 300w\" sizes=\"(max-width: 550px) 100vw, 550px\" \/><\/figure>\n","protected":false},"excerpt":{"rendered":"<p>Manuel M Buccarella Con legge numero 92 del 30 marzo del 2004 lo Stato italiano ha istituito il &#8220;Giorno del ricordo&#8221;, per commemorare le vittime delle foibe e gli esuli di Istria e Dalmazia. La data del 10 febbraio \u00e8 stata scelta in quanto corrispondente al Trattato di Parigi del 10 febbraio 1947, che sanc\u00ec [&hellip;]<\/p>\n","protected":false},"author":1,"featured_media":8474,"comment_status":"open","ping_status":"closed","sticky":false,"template":"","format":"standard","meta":{"footnotes":""},"categories":[5,1321],"tags":[2586,2874,3797,650,3798,263],"class_list":["post-8473","post","type-post","status-publish","format-standard","has-post-thumbnail","hentry","category-politica","category-storia","tag-fascismo","tag-foibe","tag-giorno-del-ricordo","tag-jugoslavia","tag-rappresaglia","tag-tito"],"yoast_head":"<!-- This site is optimized with the Yoast SEO plugin v27.4 - https:\/\/yoast.com\/product\/yoast-seo-wordpress\/ -->\n<title>Il Giorno del Ricordo e la retorica nazionalista italiana: i morti furono circa 4000 e conseguirono a rappresaglia contro le violenze degli occupanti fascisti. - NonSoloMusicaMagazine<\/title>\n<meta name=\"description\" content=\"Giorno del Ricordo\" \/>\n<meta name=\"robots\" content=\"index, follow, max-snippet:-1, max-image-preview:large, max-video-preview:-1\" \/>\n<link rel=\"canonical\" href=\"https:\/\/www.nonsolomusicamagazine.it\/?p=8473\" \/>\n<meta property=\"og:locale\" content=\"it_IT\" \/>\n<meta property=\"og:type\" content=\"article\" \/>\n<meta property=\"og:title\" content=\"Il Giorno del Ricordo e la retorica nazionalista italiana: i morti furono circa 4000 e conseguirono a rappresaglia contro le violenze degli occupanti fascisti. - NonSoloMusicaMagazine\" \/>\n<meta property=\"og:description\" content=\"Giorno del Ricordo\" \/>\n<meta property=\"og:url\" content=\"https:\/\/www.nonsolomusicamagazine.it\/?p=8473\" \/>\n<meta property=\"og:site_name\" content=\"NonSoloMusicaMagazine\" \/>\n<meta property=\"article:published_time\" content=\"2025-02-10T18:07:24+00:00\" \/>\n<meta property=\"article:modified_time\" content=\"2025-02-10T18:07:27+00:00\" \/>\n<meta property=\"og:image\" content=\"https:\/\/www.nonsolomusicamagazine.it\/wp-content\/uploads\/2025\/02\/1000041152.jpg\" \/>\n\t<meta property=\"og:image:width\" content=\"550\" \/>\n\t<meta property=\"og:image:height\" content=\"413\" \/>\n\t<meta property=\"og:image:type\" content=\"image\/jpeg\" \/>\n<meta name=\"author\" content=\"nonsolomusica\" \/>\n<meta name=\"twitter:card\" content=\"summary_large_image\" \/>\n<meta name=\"twitter:label1\" content=\"Scritto da\" \/>\n\t<meta name=\"twitter:data1\" content=\"nonsolomusica\" \/>\n\t<meta name=\"twitter:label2\" content=\"Tempo di lettura stimato\" \/>\n\t<meta name=\"twitter:data2\" content=\"3 minuti\" \/>\n<script type=\"application\/ld+json\" class=\"yoast-schema-graph\">{\"@context\":\"https:\\\/\\\/schema.org\",\"@graph\":[{\"@type\":\"Article\",\"@id\":\"https:\\\/\\\/www.nonsolomusicamagazine.it\\\/?p=8473#article\",\"isPartOf\":{\"@id\":\"https:\\\/\\\/www.nonsolomusicamagazine.it\\\/?p=8473\"},\"author\":{\"name\":\"nonsolomusica\",\"@id\":\"https:\\\/\\\/www.nonsolomusicamagazine.it\\\/#\\\/schema\\\/person\\\/a3349ad02300d046472d46cf6d31ae46\"},\"headline\":\"Il Giorno del Ricordo e la retorica nazionalista italiana: i morti furono circa 4000 e conseguirono a rappresaglia contro le violenze degli occupanti fascisti.\",\"datePublished\":\"2025-02-10T18:07:24+00:00\",\"dateModified\":\"2025-02-10T18:07:27+00:00\",\"mainEntityOfPage\":{\"@id\":\"https:\\\/\\\/www.nonsolomusicamagazine.it\\\/?p=8473\"},\"wordCount\":464,\"commentCount\":0,\"image\":{\"@id\":\"https:\\\/\\\/www.nonsolomusicamagazine.it\\\/?p=8473#primaryimage\"},\"thumbnailUrl\":\"https:\\\/\\\/www.nonsolomusicamagazine.it\\\/wp-content\\\/uploads\\\/2025\\\/02\\\/1000041152.jpg\",\"keywords\":[\"Fascismo\",\"Foibe\",\"Giorno del Ricordo\",\"Jugoslavia\",\"Rappresaglia\",\"Tito\"],\"articleSection\":[\"Politica\",\"Storia\"],\"inLanguage\":\"it-IT\",\"potentialAction\":[{\"@type\":\"CommentAction\",\"name\":\"Comment\",\"target\":[\"https:\\\/\\\/www.nonsolomusicamagazine.it\\\/?p=8473#respond\"]}]},{\"@type\":\"WebPage\",\"@id\":\"https:\\\/\\\/www.nonsolomusicamagazine.it\\\/?p=8473\",\"url\":\"https:\\\/\\\/www.nonsolomusicamagazine.it\\\/?p=8473\",\"name\":\"Il Giorno del Ricordo e la retorica nazionalista italiana: i morti furono circa 4000 e conseguirono a rappresaglia contro le violenze degli occupanti fascisti. - NonSoloMusicaMagazine\",\"isPartOf\":{\"@id\":\"https:\\\/\\\/www.nonsolomusicamagazine.it\\\/#website\"},\"primaryImageOfPage\":{\"@id\":\"https:\\\/\\\/www.nonsolomusicamagazine.it\\\/?p=8473#primaryimage\"},\"image\":{\"@id\":\"https:\\\/\\\/www.nonsolomusicamagazine.it\\\/?p=8473#primaryimage\"},\"thumbnailUrl\":\"https:\\\/\\\/www.nonsolomusicamagazine.it\\\/wp-content\\\/uploads\\\/2025\\\/02\\\/1000041152.jpg\",\"datePublished\":\"2025-02-10T18:07:24+00:00\",\"dateModified\":\"2025-02-10T18:07:27+00:00\",\"author\":{\"@id\":\"https:\\\/\\\/www.nonsolomusicamagazine.it\\\/#\\\/schema\\\/person\\\/a3349ad02300d046472d46cf6d31ae46\"},\"description\":\"Giorno del Ricordo\",\"breadcrumb\":{\"@id\":\"https:\\\/\\\/www.nonsolomusicamagazine.it\\\/?p=8473#breadcrumb\"},\"inLanguage\":\"it-IT\",\"potentialAction\":[{\"@type\":\"ReadAction\",\"target\":[\"https:\\\/\\\/www.nonsolomusicamagazine.it\\\/?p=8473\"]}]},{\"@type\":\"ImageObject\",\"inLanguage\":\"it-IT\",\"@id\":\"https:\\\/\\\/www.nonsolomusicamagazine.it\\\/?p=8473#primaryimage\",\"url\":\"https:\\\/\\\/www.nonsolomusicamagazine.it\\\/wp-content\\\/uploads\\\/2025\\\/02\\\/1000041152.jpg\",\"contentUrl\":\"https:\\\/\\\/www.nonsolomusicamagazine.it\\\/wp-content\\\/uploads\\\/2025\\\/02\\\/1000041152.jpg\",\"width\":550,\"height\":413},{\"@type\":\"BreadcrumbList\",\"@id\":\"https:\\\/\\\/www.nonsolomusicamagazine.it\\\/?p=8473#breadcrumb\",\"itemListElement\":[{\"@type\":\"ListItem\",\"position\":1,\"name\":\"Home\",\"item\":\"https:\\\/\\\/www.nonsolomusicamagazine.it\\\/\"},{\"@type\":\"ListItem\",\"position\":2,\"name\":\"Il Giorno del Ricordo e la retorica nazionalista italiana: i morti furono circa 4000 e conseguirono a rappresaglia contro le violenze degli occupanti fascisti.\"}]},{\"@type\":\"WebSite\",\"@id\":\"https:\\\/\\\/www.nonsolomusicamagazine.it\\\/#website\",\"url\":\"https:\\\/\\\/www.nonsolomusicamagazine.it\\\/\",\"name\":\"Nonsolomusicamagazine\",\"description\":\"Dir. responsabile Manuel M Buccarella\",\"potentialAction\":[{\"@type\":\"SearchAction\",\"target\":{\"@type\":\"EntryPoint\",\"urlTemplate\":\"https:\\\/\\\/www.nonsolomusicamagazine.it\\\/?s={search_term_string}\"},\"query-input\":{\"@type\":\"PropertyValueSpecification\",\"valueRequired\":true,\"valueName\":\"search_term_string\"}}],\"inLanguage\":\"it-IT\"},{\"@type\":\"Person\",\"@id\":\"https:\\\/\\\/www.nonsolomusicamagazine.it\\\/#\\\/schema\\\/person\\\/a3349ad02300d046472d46cf6d31ae46\",\"name\":\"nonsolomusica\",\"image\":{\"@type\":\"ImageObject\",\"inLanguage\":\"it-IT\",\"@id\":\"https:\\\/\\\/www.nonsolomusicamagazine.it\\\/wp-content\\\/litespeed\\\/avatar\\\/3a675484bc84db6aba78d43bfc8b7197.jpg?ver=1776880798\",\"url\":\"https:\\\/\\\/www.nonsolomusicamagazine.it\\\/wp-content\\\/litespeed\\\/avatar\\\/3a675484bc84db6aba78d43bfc8b7197.jpg?ver=1776880798\",\"contentUrl\":\"https:\\\/\\\/www.nonsolomusicamagazine.it\\\/wp-content\\\/litespeed\\\/avatar\\\/3a675484bc84db6aba78d43bfc8b7197.jpg?ver=1776880798\",\"caption\":\"nonsolomusica\"},\"sameAs\":[\"https:\\\/\\\/www.nonsolomusicamagazine.it\"],\"url\":\"https:\\\/\\\/www.nonsolomusicamagazine.it\\\/?author=1\"}]}<\/script>\n<!-- \/ Yoast SEO plugin. -->","yoast_head_json":{"title":"Il Giorno del Ricordo e la retorica nazionalista italiana: i morti furono circa 4000 e conseguirono a rappresaglia contro le violenze degli occupanti fascisti. - NonSoloMusicaMagazine","description":"Giorno del Ricordo","robots":{"index":"index","follow":"follow","max-snippet":"max-snippet:-1","max-image-preview":"max-image-preview:large","max-video-preview":"max-video-preview:-1"},"canonical":"https:\/\/www.nonsolomusicamagazine.it\/?p=8473","og_locale":"it_IT","og_type":"article","og_title":"Il Giorno del Ricordo e la retorica nazionalista italiana: i morti furono circa 4000 e conseguirono a rappresaglia contro le violenze degli occupanti fascisti. - NonSoloMusicaMagazine","og_description":"Giorno del Ricordo","og_url":"https:\/\/www.nonsolomusicamagazine.it\/?p=8473","og_site_name":"NonSoloMusicaMagazine","article_published_time":"2025-02-10T18:07:24+00:00","article_modified_time":"2025-02-10T18:07:27+00:00","og_image":[{"width":550,"height":413,"url":"https:\/\/www.nonsolomusicamagazine.it\/wp-content\/uploads\/2025\/02\/1000041152.jpg","type":"image\/jpeg"}],"author":"nonsolomusica","twitter_card":"summary_large_image","twitter_misc":{"Scritto da":"nonsolomusica","Tempo di lettura stimato":"3 minuti"},"schema":{"@context":"https:\/\/schema.org","@graph":[{"@type":"Article","@id":"https:\/\/www.nonsolomusicamagazine.it\/?p=8473#article","isPartOf":{"@id":"https:\/\/www.nonsolomusicamagazine.it\/?p=8473"},"author":{"name":"nonsolomusica","@id":"https:\/\/www.nonsolomusicamagazine.it\/#\/schema\/person\/a3349ad02300d046472d46cf6d31ae46"},"headline":"Il Giorno del Ricordo e la retorica nazionalista italiana: i morti furono circa 4000 e conseguirono a rappresaglia contro le violenze degli occupanti fascisti.","datePublished":"2025-02-10T18:07:24+00:00","dateModified":"2025-02-10T18:07:27+00:00","mainEntityOfPage":{"@id":"https:\/\/www.nonsolomusicamagazine.it\/?p=8473"},"wordCount":464,"commentCount":0,"image":{"@id":"https:\/\/www.nonsolomusicamagazine.it\/?p=8473#primaryimage"},"thumbnailUrl":"https:\/\/www.nonsolomusicamagazine.it\/wp-content\/uploads\/2025\/02\/1000041152.jpg","keywords":["Fascismo","Foibe","Giorno del Ricordo","Jugoslavia","Rappresaglia","Tito"],"articleSection":["Politica","Storia"],"inLanguage":"it-IT","potentialAction":[{"@type":"CommentAction","name":"Comment","target":["https:\/\/www.nonsolomusicamagazine.it\/?p=8473#respond"]}]},{"@type":"WebPage","@id":"https:\/\/www.nonsolomusicamagazine.it\/?p=8473","url":"https:\/\/www.nonsolomusicamagazine.it\/?p=8473","name":"Il Giorno del Ricordo e la retorica nazionalista italiana: i morti furono circa 4000 e conseguirono a rappresaglia contro le violenze degli occupanti fascisti. - NonSoloMusicaMagazine","isPartOf":{"@id":"https:\/\/www.nonsolomusicamagazine.it\/#website"},"primaryImageOfPage":{"@id":"https:\/\/www.nonsolomusicamagazine.it\/?p=8473#primaryimage"},"image":{"@id":"https:\/\/www.nonsolomusicamagazine.it\/?p=8473#primaryimage"},"thumbnailUrl":"https:\/\/www.nonsolomusicamagazine.it\/wp-content\/uploads\/2025\/02\/1000041152.jpg","datePublished":"2025-02-10T18:07:24+00:00","dateModified":"2025-02-10T18:07:27+00:00","author":{"@id":"https:\/\/www.nonsolomusicamagazine.it\/#\/schema\/person\/a3349ad02300d046472d46cf6d31ae46"},"description":"Giorno del Ricordo","breadcrumb":{"@id":"https:\/\/www.nonsolomusicamagazine.it\/?p=8473#breadcrumb"},"inLanguage":"it-IT","potentialAction":[{"@type":"ReadAction","target":["https:\/\/www.nonsolomusicamagazine.it\/?p=8473"]}]},{"@type":"ImageObject","inLanguage":"it-IT","@id":"https:\/\/www.nonsolomusicamagazine.it\/?p=8473#primaryimage","url":"https:\/\/www.nonsolomusicamagazine.it\/wp-content\/uploads\/2025\/02\/1000041152.jpg","contentUrl":"https:\/\/www.nonsolomusicamagazine.it\/wp-content\/uploads\/2025\/02\/1000041152.jpg","width":550,"height":413},{"@type":"BreadcrumbList","@id":"https:\/\/www.nonsolomusicamagazine.it\/?p=8473#breadcrumb","itemListElement":[{"@type":"ListItem","position":1,"name":"Home","item":"https:\/\/www.nonsolomusicamagazine.it\/"},{"@type":"ListItem","position":2,"name":"Il Giorno del Ricordo e la retorica nazionalista italiana: i morti furono circa 4000 e conseguirono a rappresaglia contro le violenze degli occupanti fascisti."}]},{"@type":"WebSite","@id":"https:\/\/www.nonsolomusicamagazine.it\/#website","url":"https:\/\/www.nonsolomusicamagazine.it\/","name":"Nonsolomusicamagazine","description":"Dir. responsabile Manuel M Buccarella","potentialAction":[{"@type":"SearchAction","target":{"@type":"EntryPoint","urlTemplate":"https:\/\/www.nonsolomusicamagazine.it\/?s={search_term_string}"},"query-input":{"@type":"PropertyValueSpecification","valueRequired":true,"valueName":"search_term_string"}}],"inLanguage":"it-IT"},{"@type":"Person","@id":"https:\/\/www.nonsolomusicamagazine.it\/#\/schema\/person\/a3349ad02300d046472d46cf6d31ae46","name":"nonsolomusica","image":{"@type":"ImageObject","inLanguage":"it-IT","@id":"https:\/\/www.nonsolomusicamagazine.it\/wp-content\/litespeed\/avatar\/3a675484bc84db6aba78d43bfc8b7197.jpg?ver=1776880798","url":"https:\/\/www.nonsolomusicamagazine.it\/wp-content\/litespeed\/avatar\/3a675484bc84db6aba78d43bfc8b7197.jpg?ver=1776880798","contentUrl":"https:\/\/www.nonsolomusicamagazine.it\/wp-content\/litespeed\/avatar\/3a675484bc84db6aba78d43bfc8b7197.jpg?ver=1776880798","caption":"nonsolomusica"},"sameAs":["https:\/\/www.nonsolomusicamagazine.it"],"url":"https:\/\/www.nonsolomusicamagazine.it\/?author=1"}]}},"amp_enabled":true,"_links":{"self":[{"href":"https:\/\/www.nonsolomusicamagazine.it\/index.php?rest_route=\/wp\/v2\/posts\/8473","targetHints":{"allow":["GET"]}}],"collection":[{"href":"https:\/\/www.nonsolomusicamagazine.it\/index.php?rest_route=\/wp\/v2\/posts"}],"about":[{"href":"https:\/\/www.nonsolomusicamagazine.it\/index.php?rest_route=\/wp\/v2\/types\/post"}],"author":[{"embeddable":true,"href":"https:\/\/www.nonsolomusicamagazine.it\/index.php?rest_route=\/wp\/v2\/users\/1"}],"replies":[{"embeddable":true,"href":"https:\/\/www.nonsolomusicamagazine.it\/index.php?rest_route=%2Fwp%2Fv2%2Fcomments&post=8473"}],"version-history":[{"count":0,"href":"https:\/\/www.nonsolomusicamagazine.it\/index.php?rest_route=\/wp\/v2\/posts\/8473\/revisions"}],"wp:featuredmedia":[{"embeddable":true,"href":"https:\/\/www.nonsolomusicamagazine.it\/index.php?rest_route=\/wp\/v2\/media\/8474"}],"wp:attachment":[{"href":"https:\/\/www.nonsolomusicamagazine.it\/index.php?rest_route=%2Fwp%2Fv2%2Fmedia&parent=8473"}],"wp:term":[{"taxonomy":"category","embeddable":true,"href":"https:\/\/www.nonsolomusicamagazine.it\/index.php?rest_route=%2Fwp%2Fv2%2Fcategories&post=8473"},{"taxonomy":"post_tag","embeddable":true,"href":"https:\/\/www.nonsolomusicamagazine.it\/index.php?rest_route=%2Fwp%2Fv2%2Ftags&post=8473"}],"curies":[{"name":"wp","href":"https:\/\/api.w.org\/{rel}","templated":true}]}}