{"id":8519,"date":"2025-02-13T18:43:31","date_gmt":"2025-02-13T17:43:31","guid":{"rendered":"https:\/\/www.nonsolomusicamagazine.it\/?p=8519"},"modified":"2025-02-13T18:43:32","modified_gmt":"2025-02-13T17:43:32","slug":"il-caso-almasri","status":"publish","type":"post","link":"https:\/\/www.nonsolomusicamagazine.it\/?p=8519","title":{"rendered":"Il caso Almasri"},"content":{"rendered":"\n<p class=\"has-text-align-center\"><strong>Carlo Secl\u00ec<\/strong><\/p>\n\n\n\n<p>La nota vicenda sulla liberazione del torturatore libico Almasri, funzionario del governo e capo della polizia libica di un centro di detenzione amministrativo in Libia, ha dato luogo a un&#8217;indagine della Corte Penale Internazionale nei confronti del governo italiano, sul suo operato. Tuttavia, come evidenziato da numerosi giuristi e dalle opposizioni, il ministro della giustizia Nordio avrebbe benissimo potuto emanare un nuovo ordine di arresto, anche senza la notifica del mandato di cattura per crimini contro l&#8217;umanit\u00e0 da parte della Cpi. La situazione diventa leggermente pi\u00f9  oscura dal momento che si sovrappongono sempre pi\u00f9 voci su un possibile deliberato diniego da parte dello stesso ministro di eseguire il provvedimento della Corte, semplicemente ignorandolo e facendo scadere i termini della custodia cautelare. L&#8217;informativa di iscrizione nel registro degli indagati, giunta alla premier Meloni, a Nordio e al ministro degli interni Piantedosi, ad opera del giudice Lo Voi (giudice ricordato per essere pi\u00f9 vicino alle posizioni della destra), \u00e8 un atto incontestabile considerando che Giorgia Meloni ha sempre dichiarato di voler &#8220;dare la caccia ai trafficanti di esseri umani in tutto il blocco terracqueo&#8221; (Almasri non \u00e8 un trafficante ma \u00e8 un criminale accertato che  ha legami con numerosi trafficanti). Tale vicenda ha provocato la sospensione dei lavori in Parlamento sulla riforma della giustizia e un infuocato scontro tra le opposizioni compatte contro Nordio e Piantedosi, che invece hanno fornito versioni contraddittorie tra loro riguardo questo caso scandaloso.<\/p>\n\n\n\n<p>In tutta questa storia \u00e8 certo che Giorgia Meloni avr\u00e0 una credibilit\u00e0 molto pi\u00f9 ridotta sul tema della lotta all&#8217;immigrazione clandestina, tanto sbandierato dalla destra come proprio cavallo di battaglia, anche alla luce del disastroso investimento nei centri di detenzione amministrativa in Albania (costati circa 1 miliardo di euro di tasse), che ora lei e i suoi colleghi vorrebbero riconvertire in Cpr. L&#8217;immigrazione intanto, a gennaio 2025, \u00e8 aumentata del 135% rispetto al gennaio 2024 (3368 sbarchi contro 2258),con un incremento degli arrivi irregolari pari 43% nell&#8217;ultimo anno. <\/p>\n\n\n\n<figure class=\"wp-block-image size-large\"><img decoding=\"async\" width=\"1024\" height=\"1024\" src=\"https:\/\/www.nonsolomusicamagazine.it\/wp-content\/uploads\/2025\/02\/1000038802-1-1024x1024.jpg\" alt=\"\" class=\"wp-image-8520\" srcset=\"https:\/\/www.nonsolomusicamagazine.it\/wp-content\/uploads\/2025\/02\/1000038802-1-1024x1024.jpg 1024w, https:\/\/www.nonsolomusicamagazine.it\/wp-content\/uploads\/2025\/02\/1000038802-1-300x300.jpg 300w, https:\/\/www.nonsolomusicamagazine.it\/wp-content\/uploads\/2025\/02\/1000038802-1-150x150.jpg 150w, https:\/\/www.nonsolomusicamagazine.it\/wp-content\/uploads\/2025\/02\/1000038802-1-768x768.jpg 768w, https:\/\/www.nonsolomusicamagazine.it\/wp-content\/uploads\/2025\/02\/1000038802-1-1536x1536.jpg 1536w, https:\/\/www.nonsolomusicamagazine.it\/wp-content\/uploads\/2025\/02\/1000038802-1-1320x1320.jpg 1320w, https:\/\/www.nonsolomusicamagazine.it\/wp-content\/uploads\/2025\/02\/1000038802-1.jpg 2048w\" sizes=\"(max-width: 1024px) 100vw, 1024px\" \/><\/figure>\n","protected":false},"excerpt":{"rendered":"<p>Carlo Secl\u00ec La nota vicenda sulla liberazione del torturatore libico Almasri, funzionario del governo e capo della polizia libica di un centro di detenzione amministrativo in Libia, ha dato luogo a un&#8217;indagine della Corte Penale Internazionale nei confronti del governo italiano, sul suo operato. Tuttavia, come evidenziato da numerosi giuristi e dalle opposizioni, il ministro [&hellip;]<\/p>\n","protected":false},"author":1,"featured_media":8520,"comment_status":"open","ping_status":"closed","sticky":false,"template":"","format":"standard","meta":{"footnotes":""},"categories":[969,5],"tags":[3738,3312,2167,3813,1077,1176,19],"class_list":["post-8519","post","type-post","status-publish","format-standard","has-post-thumbnail","hentry","category-giustizia","category-politica","tag-almasri","tag-cpi","tag-libia","tag-lo-voi","tag-meloni","tag-nordio","tag-piantedosi"],"yoast_head":"<!-- This site is optimized with the Yoast SEO plugin v27.4 - https:\/\/yoast.com\/product\/yoast-seo-wordpress\/ -->\n<title>Il caso Almasri - NonSoloMusicaMagazine<\/title>\n<meta name=\"description\" content=\"Almasri\" \/>\n<meta name=\"robots\" content=\"index, follow, max-snippet:-1, max-image-preview:large, max-video-preview:-1\" \/>\n<link rel=\"canonical\" href=\"https:\/\/www.nonsolomusicamagazine.it\/?p=8519\" \/>\n<meta property=\"og:locale\" content=\"it_IT\" \/>\n<meta property=\"og:type\" content=\"article\" \/>\n<meta property=\"og:title\" content=\"Il caso Almasri - NonSoloMusicaMagazine\" \/>\n<meta property=\"og:description\" content=\"Almasri\" \/>\n<meta property=\"og:url\" content=\"https:\/\/www.nonsolomusicamagazine.it\/?p=8519\" \/>\n<meta property=\"og:site_name\" content=\"NonSoloMusicaMagazine\" \/>\n<meta property=\"article:published_time\" content=\"2025-02-13T17:43:31+00:00\" \/>\n<meta property=\"article:modified_time\" content=\"2025-02-13T17:43:32+00:00\" \/>\n<meta property=\"og:image\" content=\"https:\/\/www.nonsolomusicamagazine.it\/wp-content\/uploads\/2025\/02\/1000038802-1.jpg\" \/>\n\t<meta property=\"og:image:width\" content=\"2048\" \/>\n\t<meta property=\"og:image:height\" content=\"2048\" \/>\n\t<meta property=\"og:image:type\" content=\"image\/jpeg\" \/>\n<meta name=\"author\" content=\"nonsolomusica\" \/>\n<meta name=\"twitter:card\" content=\"summary_large_image\" \/>\n<meta name=\"twitter:label1\" content=\"Scritto da\" \/>\n\t<meta name=\"twitter:data1\" content=\"nonsolomusica\" \/>\n\t<meta name=\"twitter:label2\" content=\"Tempo di lettura stimato\" \/>\n\t<meta name=\"twitter:data2\" content=\"3 minuti\" \/>\n<script type=\"application\/ld+json\" class=\"yoast-schema-graph\">{\"@context\":\"https:\\\/\\\/schema.org\",\"@graph\":[{\"@type\":\"Article\",\"@id\":\"https:\\\/\\\/www.nonsolomusicamagazine.it\\\/?p=8519#article\",\"isPartOf\":{\"@id\":\"https:\\\/\\\/www.nonsolomusicamagazine.it\\\/?p=8519\"},\"author\":{\"name\":\"nonsolomusica\",\"@id\":\"https:\\\/\\\/www.nonsolomusicamagazine.it\\\/#\\\/schema\\\/person\\\/a3349ad02300d046472d46cf6d31ae46\"},\"headline\":\"Il caso Almasri\",\"datePublished\":\"2025-02-13T17:43:31+00:00\",\"dateModified\":\"2025-02-13T17:43:32+00:00\",\"mainEntityOfPage\":{\"@id\":\"https:\\\/\\\/www.nonsolomusicamagazine.it\\\/?p=8519\"},\"wordCount\":324,\"commentCount\":0,\"image\":{\"@id\":\"https:\\\/\\\/www.nonsolomusicamagazine.it\\\/?p=8519#primaryimage\"},\"thumbnailUrl\":\"https:\\\/\\\/www.nonsolomusicamagazine.it\\\/wp-content\\\/uploads\\\/2025\\\/02\\\/1000038802-1.jpg\",\"keywords\":[\"Almasri\",\"CPI\",\"Libia\",\"Lo Voi\",\"Meloni\",\"Nordio\",\"Piantedosi\"],\"articleSection\":[\"Giustizia\",\"Politica\"],\"inLanguage\":\"it-IT\",\"potentialAction\":[{\"@type\":\"CommentAction\",\"name\":\"Comment\",\"target\":[\"https:\\\/\\\/www.nonsolomusicamagazine.it\\\/?p=8519#respond\"]}]},{\"@type\":\"WebPage\",\"@id\":\"https:\\\/\\\/www.nonsolomusicamagazine.it\\\/?p=8519\",\"url\":\"https:\\\/\\\/www.nonsolomusicamagazine.it\\\/?p=8519\",\"name\":\"Il caso Almasri - NonSoloMusicaMagazine\",\"isPartOf\":{\"@id\":\"https:\\\/\\\/www.nonsolomusicamagazine.it\\\/#website\"},\"primaryImageOfPage\":{\"@id\":\"https:\\\/\\\/www.nonsolomusicamagazine.it\\\/?p=8519#primaryimage\"},\"image\":{\"@id\":\"https:\\\/\\\/www.nonsolomusicamagazine.it\\\/?p=8519#primaryimage\"},\"thumbnailUrl\":\"https:\\\/\\\/www.nonsolomusicamagazine.it\\\/wp-content\\\/uploads\\\/2025\\\/02\\\/1000038802-1.jpg\",\"datePublished\":\"2025-02-13T17:43:31+00:00\",\"dateModified\":\"2025-02-13T17:43:32+00:00\",\"author\":{\"@id\":\"https:\\\/\\\/www.nonsolomusicamagazine.it\\\/#\\\/schema\\\/person\\\/a3349ad02300d046472d46cf6d31ae46\"},\"description\":\"Almasri\",\"breadcrumb\":{\"@id\":\"https:\\\/\\\/www.nonsolomusicamagazine.it\\\/?p=8519#breadcrumb\"},\"inLanguage\":\"it-IT\",\"potentialAction\":[{\"@type\":\"ReadAction\",\"target\":[\"https:\\\/\\\/www.nonsolomusicamagazine.it\\\/?p=8519\"]}]},{\"@type\":\"ImageObject\",\"inLanguage\":\"it-IT\",\"@id\":\"https:\\\/\\\/www.nonsolomusicamagazine.it\\\/?p=8519#primaryimage\",\"url\":\"https:\\\/\\\/www.nonsolomusicamagazine.it\\\/wp-content\\\/uploads\\\/2025\\\/02\\\/1000038802-1.jpg\",\"contentUrl\":\"https:\\\/\\\/www.nonsolomusicamagazine.it\\\/wp-content\\\/uploads\\\/2025\\\/02\\\/1000038802-1.jpg\",\"width\":2048,\"height\":2048},{\"@type\":\"BreadcrumbList\",\"@id\":\"https:\\\/\\\/www.nonsolomusicamagazine.it\\\/?p=8519#breadcrumb\",\"itemListElement\":[{\"@type\":\"ListItem\",\"position\":1,\"name\":\"Home\",\"item\":\"https:\\\/\\\/www.nonsolomusicamagazine.it\\\/\"},{\"@type\":\"ListItem\",\"position\":2,\"name\":\"Il caso Almasri\"}]},{\"@type\":\"WebSite\",\"@id\":\"https:\\\/\\\/www.nonsolomusicamagazine.it\\\/#website\",\"url\":\"https:\\\/\\\/www.nonsolomusicamagazine.it\\\/\",\"name\":\"Nonsolomusicamagazine\",\"description\":\"Dir. responsabile Manuel M Buccarella\",\"potentialAction\":[{\"@type\":\"SearchAction\",\"target\":{\"@type\":\"EntryPoint\",\"urlTemplate\":\"https:\\\/\\\/www.nonsolomusicamagazine.it\\\/?s={search_term_string}\"},\"query-input\":{\"@type\":\"PropertyValueSpecification\",\"valueRequired\":true,\"valueName\":\"search_term_string\"}}],\"inLanguage\":\"it-IT\"},{\"@type\":\"Person\",\"@id\":\"https:\\\/\\\/www.nonsolomusicamagazine.it\\\/#\\\/schema\\\/person\\\/a3349ad02300d046472d46cf6d31ae46\",\"name\":\"nonsolomusica\",\"image\":{\"@type\":\"ImageObject\",\"inLanguage\":\"it-IT\",\"@id\":\"https:\\\/\\\/www.nonsolomusicamagazine.it\\\/wp-content\\\/litespeed\\\/avatar\\\/3a675484bc84db6aba78d43bfc8b7197.jpg?ver=1776880798\",\"url\":\"https:\\\/\\\/www.nonsolomusicamagazine.it\\\/wp-content\\\/litespeed\\\/avatar\\\/3a675484bc84db6aba78d43bfc8b7197.jpg?ver=1776880798\",\"contentUrl\":\"https:\\\/\\\/www.nonsolomusicamagazine.it\\\/wp-content\\\/litespeed\\\/avatar\\\/3a675484bc84db6aba78d43bfc8b7197.jpg?ver=1776880798\",\"caption\":\"nonsolomusica\"},\"sameAs\":[\"https:\\\/\\\/www.nonsolomusicamagazine.it\"],\"url\":\"https:\\\/\\\/www.nonsolomusicamagazine.it\\\/?author=1\"}]}<\/script>\n<!-- \/ Yoast SEO plugin. -->","yoast_head_json":{"title":"Il caso Almasri - NonSoloMusicaMagazine","description":"Almasri","robots":{"index":"index","follow":"follow","max-snippet":"max-snippet:-1","max-image-preview":"max-image-preview:large","max-video-preview":"max-video-preview:-1"},"canonical":"https:\/\/www.nonsolomusicamagazine.it\/?p=8519","og_locale":"it_IT","og_type":"article","og_title":"Il caso Almasri - NonSoloMusicaMagazine","og_description":"Almasri","og_url":"https:\/\/www.nonsolomusicamagazine.it\/?p=8519","og_site_name":"NonSoloMusicaMagazine","article_published_time":"2025-02-13T17:43:31+00:00","article_modified_time":"2025-02-13T17:43:32+00:00","og_image":[{"width":2048,"height":2048,"url":"https:\/\/www.nonsolomusicamagazine.it\/wp-content\/uploads\/2025\/02\/1000038802-1.jpg","type":"image\/jpeg"}],"author":"nonsolomusica","twitter_card":"summary_large_image","twitter_misc":{"Scritto da":"nonsolomusica","Tempo di lettura stimato":"3 minuti"},"schema":{"@context":"https:\/\/schema.org","@graph":[{"@type":"Article","@id":"https:\/\/www.nonsolomusicamagazine.it\/?p=8519#article","isPartOf":{"@id":"https:\/\/www.nonsolomusicamagazine.it\/?p=8519"},"author":{"name":"nonsolomusica","@id":"https:\/\/www.nonsolomusicamagazine.it\/#\/schema\/person\/a3349ad02300d046472d46cf6d31ae46"},"headline":"Il caso Almasri","datePublished":"2025-02-13T17:43:31+00:00","dateModified":"2025-02-13T17:43:32+00:00","mainEntityOfPage":{"@id":"https:\/\/www.nonsolomusicamagazine.it\/?p=8519"},"wordCount":324,"commentCount":0,"image":{"@id":"https:\/\/www.nonsolomusicamagazine.it\/?p=8519#primaryimage"},"thumbnailUrl":"https:\/\/www.nonsolomusicamagazine.it\/wp-content\/uploads\/2025\/02\/1000038802-1.jpg","keywords":["Almasri","CPI","Libia","Lo Voi","Meloni","Nordio","Piantedosi"],"articleSection":["Giustizia","Politica"],"inLanguage":"it-IT","potentialAction":[{"@type":"CommentAction","name":"Comment","target":["https:\/\/www.nonsolomusicamagazine.it\/?p=8519#respond"]}]},{"@type":"WebPage","@id":"https:\/\/www.nonsolomusicamagazine.it\/?p=8519","url":"https:\/\/www.nonsolomusicamagazine.it\/?p=8519","name":"Il caso Almasri - NonSoloMusicaMagazine","isPartOf":{"@id":"https:\/\/www.nonsolomusicamagazine.it\/#website"},"primaryImageOfPage":{"@id":"https:\/\/www.nonsolomusicamagazine.it\/?p=8519#primaryimage"},"image":{"@id":"https:\/\/www.nonsolomusicamagazine.it\/?p=8519#primaryimage"},"thumbnailUrl":"https:\/\/www.nonsolomusicamagazine.it\/wp-content\/uploads\/2025\/02\/1000038802-1.jpg","datePublished":"2025-02-13T17:43:31+00:00","dateModified":"2025-02-13T17:43:32+00:00","author":{"@id":"https:\/\/www.nonsolomusicamagazine.it\/#\/schema\/person\/a3349ad02300d046472d46cf6d31ae46"},"description":"Almasri","breadcrumb":{"@id":"https:\/\/www.nonsolomusicamagazine.it\/?p=8519#breadcrumb"},"inLanguage":"it-IT","potentialAction":[{"@type":"ReadAction","target":["https:\/\/www.nonsolomusicamagazine.it\/?p=8519"]}]},{"@type":"ImageObject","inLanguage":"it-IT","@id":"https:\/\/www.nonsolomusicamagazine.it\/?p=8519#primaryimage","url":"https:\/\/www.nonsolomusicamagazine.it\/wp-content\/uploads\/2025\/02\/1000038802-1.jpg","contentUrl":"https:\/\/www.nonsolomusicamagazine.it\/wp-content\/uploads\/2025\/02\/1000038802-1.jpg","width":2048,"height":2048},{"@type":"BreadcrumbList","@id":"https:\/\/www.nonsolomusicamagazine.it\/?p=8519#breadcrumb","itemListElement":[{"@type":"ListItem","position":1,"name":"Home","item":"https:\/\/www.nonsolomusicamagazine.it\/"},{"@type":"ListItem","position":2,"name":"Il caso Almasri"}]},{"@type":"WebSite","@id":"https:\/\/www.nonsolomusicamagazine.it\/#website","url":"https:\/\/www.nonsolomusicamagazine.it\/","name":"Nonsolomusicamagazine","description":"Dir. responsabile Manuel M Buccarella","potentialAction":[{"@type":"SearchAction","target":{"@type":"EntryPoint","urlTemplate":"https:\/\/www.nonsolomusicamagazine.it\/?s={search_term_string}"},"query-input":{"@type":"PropertyValueSpecification","valueRequired":true,"valueName":"search_term_string"}}],"inLanguage":"it-IT"},{"@type":"Person","@id":"https:\/\/www.nonsolomusicamagazine.it\/#\/schema\/person\/a3349ad02300d046472d46cf6d31ae46","name":"nonsolomusica","image":{"@type":"ImageObject","inLanguage":"it-IT","@id":"https:\/\/www.nonsolomusicamagazine.it\/wp-content\/litespeed\/avatar\/3a675484bc84db6aba78d43bfc8b7197.jpg?ver=1776880798","url":"https:\/\/www.nonsolomusicamagazine.it\/wp-content\/litespeed\/avatar\/3a675484bc84db6aba78d43bfc8b7197.jpg?ver=1776880798","contentUrl":"https:\/\/www.nonsolomusicamagazine.it\/wp-content\/litespeed\/avatar\/3a675484bc84db6aba78d43bfc8b7197.jpg?ver=1776880798","caption":"nonsolomusica"},"sameAs":["https:\/\/www.nonsolomusicamagazine.it"],"url":"https:\/\/www.nonsolomusicamagazine.it\/?author=1"}]}},"amp_enabled":true,"_links":{"self":[{"href":"https:\/\/www.nonsolomusicamagazine.it\/index.php?rest_route=\/wp\/v2\/posts\/8519","targetHints":{"allow":["GET"]}}],"collection":[{"href":"https:\/\/www.nonsolomusicamagazine.it\/index.php?rest_route=\/wp\/v2\/posts"}],"about":[{"href":"https:\/\/www.nonsolomusicamagazine.it\/index.php?rest_route=\/wp\/v2\/types\/post"}],"author":[{"embeddable":true,"href":"https:\/\/www.nonsolomusicamagazine.it\/index.php?rest_route=\/wp\/v2\/users\/1"}],"replies":[{"embeddable":true,"href":"https:\/\/www.nonsolomusicamagazine.it\/index.php?rest_route=%2Fwp%2Fv2%2Fcomments&post=8519"}],"version-history":[{"count":0,"href":"https:\/\/www.nonsolomusicamagazine.it\/index.php?rest_route=\/wp\/v2\/posts\/8519\/revisions"}],"wp:featuredmedia":[{"embeddable":true,"href":"https:\/\/www.nonsolomusicamagazine.it\/index.php?rest_route=\/wp\/v2\/media\/8520"}],"wp:attachment":[{"href":"https:\/\/www.nonsolomusicamagazine.it\/index.php?rest_route=%2Fwp%2Fv2%2Fmedia&parent=8519"}],"wp:term":[{"taxonomy":"category","embeddable":true,"href":"https:\/\/www.nonsolomusicamagazine.it\/index.php?rest_route=%2Fwp%2Fv2%2Fcategories&post=8519"},{"taxonomy":"post_tag","embeddable":true,"href":"https:\/\/www.nonsolomusicamagazine.it\/index.php?rest_route=%2Fwp%2Fv2%2Ftags&post=8519"}],"curies":[{"name":"wp","href":"https:\/\/api.w.org\/{rel}","templated":true}]}}