{"id":8546,"date":"2025-02-14T19:23:08","date_gmt":"2025-02-14T18:23:08","guid":{"rendered":"https:\/\/www.nonsolomusicamagazine.it\/?p=8546"},"modified":"2025-02-14T19:23:10","modified_gmt":"2025-02-14T18:23:10","slug":"verso-il-rilancio-della-campagna-di-mobilitazione-per-anan-yaeesh","status":"publish","type":"post","link":"https:\/\/www.nonsolomusicamagazine.it\/?p=8546","title":{"rendered":"Verso il rilancio della campagna di mobilitazione per Anan Yaeesh"},"content":{"rendered":"\n<p>Ad oltre un anno dall\u2019arresto di Anan Yaeesh, attivista palestinese residente in Italia e recluso nel carcere di Terni, rilanciamo la campagna e la mobilitazione per la sua liberazione. <\/p>\n\n\n\n<p>Arrestato il 26 gennaio 2024 su richiesta delle autorit\u00e0 israeliane, Yaeesh rischiava l\u2019estradizione in Israele, dove sarebbe stato \u2013 in quanto palestinese \u2013 processato da un tribunale militare e sottoposto a torture e trattamenti inumani, come documentato da numerose organizzazioni internazionali. Grazie alla vasta campagna di mobilitazione portata avanti in tutta Italia, la Corte d\u2019Appello de L\u2019Aquila ha respinto, a marzo 2024, la richiesta di estradizione, riconoscendo il concreto rischio di tortura nelle carceri israeliane.Nonostante questa importante vittoria, le autorit\u00e0 nostrane, decaduti i motivi per la sua carcerazione (fini estradizionali), hanno avviato un\u2019indagine italiana per \u201cassociazione con finalit\u00e0 di terrorismo internazionale\u201d (art. 270-bis c.p.), nel tentativo di trattenere Anan in carcere per non scontentare l\u2019alleato israeliano. Nell\u2019ambito di questa indagine sono stati coinvolti anche altri due connazionali,\u00a0 successivamente rilasciati ma che rischiano di essere nuovamente coinvolti nel processo.<\/p>\n\n\n\n<p>Anan \u00e8 tuttora detenuto con l\u2019accusa di terrorismo per il presunto sostegno, dall\u2019estero, alla resistenza palestinese in Cisgiordania. Una resistenza che lo stesso diritto internazionale riconosce come legittima, poich\u00e9 esercitata in territori militarmente occupati (Convenzioni di Ginevra e risoluzioni ONU, come la 38\/17). Tuttavia, in nome della propria alleanza con Israele, con cui si \u00e8 resa complice del genocidio in Palestina, l\u2019Italia si pone al di sopra del diritto internazionale, arrivando addirittura a sostituirsi alle autorit\u00e0 militari israeliane nel colpire e reprimere chi sostiene la resistenza palestinese. Segnando un passo significativo nel processo di criminalizzazione della resistenza palestinese e del movimento di solidariet\u00e0 in Europa, questo caso rappresenta un pericoloso precedente, che \u00e8 parte di un fenomeno che si \u00e8 particolarmente intensificato nell\u2019ultimo anno e mezzo.<\/p>\n\n\n\n<p>Con l\u2019arrivo dell\u2019avviso di conclusione delle indagini preliminari, si avvicina il processo contro Anan Yaeesh e i suoi due compagni. \u00c8 quindi urgente rilanciare la campagna di solidariet\u00e0 e mobilitazione per la sua liberazione, consapevoli che oltre ad Anan, sotto \u201caccusa\u201d \u00e8 il diritto stesso del popolo palestinese a resistere e che, \u00e8 di fondamentale importanza rammentare, cos\u00ec come il cessate il fuoco a Gaza non ha posto fine all\u2019occupazione della Palestina, nemmeno la complicit\u00e0 dell\u2019Italia con Israele si \u00e8 arrestata.Per questo invitiamo tutte le organizzazioni politiche e sindacali, i comitati, i collettivi e i coordinamenti di solidariet\u00e0 che si sono attivati negli ultimi mesi, a partecipare ad un\u2019assemblea pubblica online per rilanciare la campagna.- L\u2019assemblea si terr\u00e0 domenica 16 febbraio 2025 &#8211; Ore 10:00- Il link per partecipare sar\u00e0 diffuso sui canali sociale del Comitato Free Anan- <\/p>\n\n\n\n<p>Per prenotare interventi o aderire alla campagna fare riferimento ai recapiti del Comitato La resistenza non si arresta!La resistenza non si processa!Libert\u00e0 per Anan Yaeesh!Comitato Free AnanMail: comitatofreeanan@gmail.comInstagram: @free_ananFacebook: Free Anan<\/p>\n\n\n\n<figure class=\"wp-block-image size-full\"><img decoding=\"async\" width=\"700\" height=\"451\" src=\"https:\/\/www.nonsolomusicamagazine.it\/wp-content\/uploads\/2025\/02\/1000041636.jpg\" alt=\"\" class=\"wp-image-8547\" srcset=\"https:\/\/www.nonsolomusicamagazine.it\/wp-content\/uploads\/2025\/02\/1000041636.jpg 700w, https:\/\/www.nonsolomusicamagazine.it\/wp-content\/uploads\/2025\/02\/1000041636-300x193.jpg 300w\" sizes=\"(max-width: 700px) 100vw, 700px\" \/><\/figure>\n","protected":false},"excerpt":{"rendered":"<p>Ad oltre un anno dall\u2019arresto di Anan Yaeesh, attivista palestinese residente in Italia e recluso nel carcere di Terni, rilanciamo la campagna e la mobilitazione per la sua liberazione. Arrestato il 26 gennaio 2024 su richiesta delle autorit\u00e0 israeliane, Yaeesh rischiava l\u2019estradizione in Israele, dove sarebbe stato \u2013 in quanto palestinese \u2013 processato da un [&hellip;]<\/p>\n","protected":false},"author":1,"featured_media":8547,"comment_status":"open","ping_status":"closed","sticky":false,"template":"","format":"standard","meta":{"footnotes":""},"categories":[5],"tags":[3816,1366,3817],"class_list":["post-8546","post","type-post","status-publish","format-standard","has-post-thumbnail","hentry","category-politica","tag-anan-yaeesh","tag-cisgiordania","tag-processo"],"yoast_head":"<!-- This site is optimized with the Yoast SEO plugin v27.4 - https:\/\/yoast.com\/product\/yoast-seo-wordpress\/ -->\n<title>Verso il rilancio della campagna di mobilitazione per Anan Yaeesh - NonSoloMusicaMagazine<\/title>\n<meta name=\"description\" content=\"Anan Yaeesh\" \/>\n<meta name=\"robots\" content=\"index, follow, max-snippet:-1, max-image-preview:large, max-video-preview:-1\" \/>\n<link rel=\"canonical\" href=\"https:\/\/www.nonsolomusicamagazine.it\/?p=8546\" \/>\n<meta property=\"og:locale\" content=\"it_IT\" \/>\n<meta property=\"og:type\" content=\"article\" \/>\n<meta property=\"og:title\" content=\"Verso il rilancio della campagna di mobilitazione per Anan Yaeesh - NonSoloMusicaMagazine\" \/>\n<meta property=\"og:description\" content=\"Anan Yaeesh\" \/>\n<meta property=\"og:url\" content=\"https:\/\/www.nonsolomusicamagazine.it\/?p=8546\" \/>\n<meta property=\"og:site_name\" content=\"NonSoloMusicaMagazine\" \/>\n<meta property=\"article:published_time\" content=\"2025-02-14T18:23:08+00:00\" \/>\n<meta property=\"article:modified_time\" content=\"2025-02-14T18:23:10+00:00\" \/>\n<meta property=\"og:image\" content=\"https:\/\/www.nonsolomusicamagazine.it\/wp-content\/uploads\/2025\/02\/1000041636.jpg\" \/>\n\t<meta property=\"og:image:width\" content=\"700\" \/>\n\t<meta property=\"og:image:height\" content=\"451\" \/>\n\t<meta property=\"og:image:type\" content=\"image\/jpeg\" \/>\n<meta name=\"author\" content=\"nonsolomusica\" \/>\n<meta name=\"twitter:card\" content=\"summary_large_image\" \/>\n<meta name=\"twitter:label1\" content=\"Scritto da\" \/>\n\t<meta name=\"twitter:data1\" content=\"nonsolomusica\" \/>\n\t<meta name=\"twitter:label2\" content=\"Tempo di lettura stimato\" \/>\n\t<meta name=\"twitter:data2\" content=\"3 minuti\" \/>\n<script type=\"application\/ld+json\" class=\"yoast-schema-graph\">{\"@context\":\"https:\\\/\\\/schema.org\",\"@graph\":[{\"@type\":\"Article\",\"@id\":\"https:\\\/\\\/www.nonsolomusicamagazine.it\\\/?p=8546#article\",\"isPartOf\":{\"@id\":\"https:\\\/\\\/www.nonsolomusicamagazine.it\\\/?p=8546\"},\"author\":{\"name\":\"nonsolomusica\",\"@id\":\"https:\\\/\\\/www.nonsolomusicamagazine.it\\\/#\\\/schema\\\/person\\\/a3349ad02300d046472d46cf6d31ae46\"},\"headline\":\"Verso il rilancio della campagna di mobilitazione per Anan Yaeesh\",\"datePublished\":\"2025-02-14T18:23:08+00:00\",\"dateModified\":\"2025-02-14T18:23:10+00:00\",\"mainEntityOfPage\":{\"@id\":\"https:\\\/\\\/www.nonsolomusicamagazine.it\\\/?p=8546\"},\"wordCount\":483,\"commentCount\":0,\"image\":{\"@id\":\"https:\\\/\\\/www.nonsolomusicamagazine.it\\\/?p=8546#primaryimage\"},\"thumbnailUrl\":\"https:\\\/\\\/www.nonsolomusicamagazine.it\\\/wp-content\\\/uploads\\\/2025\\\/02\\\/1000041636.jpg\",\"keywords\":[\"Anan Yaeesh\",\"Cisgiordania\",\"Processo\"],\"articleSection\":[\"Politica\"],\"inLanguage\":\"it-IT\",\"potentialAction\":[{\"@type\":\"CommentAction\",\"name\":\"Comment\",\"target\":[\"https:\\\/\\\/www.nonsolomusicamagazine.it\\\/?p=8546#respond\"]}]},{\"@type\":\"WebPage\",\"@id\":\"https:\\\/\\\/www.nonsolomusicamagazine.it\\\/?p=8546\",\"url\":\"https:\\\/\\\/www.nonsolomusicamagazine.it\\\/?p=8546\",\"name\":\"Verso il rilancio della campagna di mobilitazione per Anan Yaeesh - NonSoloMusicaMagazine\",\"isPartOf\":{\"@id\":\"https:\\\/\\\/www.nonsolomusicamagazine.it\\\/#website\"},\"primaryImageOfPage\":{\"@id\":\"https:\\\/\\\/www.nonsolomusicamagazine.it\\\/?p=8546#primaryimage\"},\"image\":{\"@id\":\"https:\\\/\\\/www.nonsolomusicamagazine.it\\\/?p=8546#primaryimage\"},\"thumbnailUrl\":\"https:\\\/\\\/www.nonsolomusicamagazine.it\\\/wp-content\\\/uploads\\\/2025\\\/02\\\/1000041636.jpg\",\"datePublished\":\"2025-02-14T18:23:08+00:00\",\"dateModified\":\"2025-02-14T18:23:10+00:00\",\"author\":{\"@id\":\"https:\\\/\\\/www.nonsolomusicamagazine.it\\\/#\\\/schema\\\/person\\\/a3349ad02300d046472d46cf6d31ae46\"},\"description\":\"Anan Yaeesh\",\"breadcrumb\":{\"@id\":\"https:\\\/\\\/www.nonsolomusicamagazine.it\\\/?p=8546#breadcrumb\"},\"inLanguage\":\"it-IT\",\"potentialAction\":[{\"@type\":\"ReadAction\",\"target\":[\"https:\\\/\\\/www.nonsolomusicamagazine.it\\\/?p=8546\"]}]},{\"@type\":\"ImageObject\",\"inLanguage\":\"it-IT\",\"@id\":\"https:\\\/\\\/www.nonsolomusicamagazine.it\\\/?p=8546#primaryimage\",\"url\":\"https:\\\/\\\/www.nonsolomusicamagazine.it\\\/wp-content\\\/uploads\\\/2025\\\/02\\\/1000041636.jpg\",\"contentUrl\":\"https:\\\/\\\/www.nonsolomusicamagazine.it\\\/wp-content\\\/uploads\\\/2025\\\/02\\\/1000041636.jpg\",\"width\":700,\"height\":451},{\"@type\":\"BreadcrumbList\",\"@id\":\"https:\\\/\\\/www.nonsolomusicamagazine.it\\\/?p=8546#breadcrumb\",\"itemListElement\":[{\"@type\":\"ListItem\",\"position\":1,\"name\":\"Home\",\"item\":\"https:\\\/\\\/www.nonsolomusicamagazine.it\\\/\"},{\"@type\":\"ListItem\",\"position\":2,\"name\":\"Verso il rilancio della campagna di mobilitazione per Anan Yaeesh\"}]},{\"@type\":\"WebSite\",\"@id\":\"https:\\\/\\\/www.nonsolomusicamagazine.it\\\/#website\",\"url\":\"https:\\\/\\\/www.nonsolomusicamagazine.it\\\/\",\"name\":\"Nonsolomusicamagazine\",\"description\":\"Dir. responsabile Manuel M Buccarella\",\"potentialAction\":[{\"@type\":\"SearchAction\",\"target\":{\"@type\":\"EntryPoint\",\"urlTemplate\":\"https:\\\/\\\/www.nonsolomusicamagazine.it\\\/?s={search_term_string}\"},\"query-input\":{\"@type\":\"PropertyValueSpecification\",\"valueRequired\":true,\"valueName\":\"search_term_string\"}}],\"inLanguage\":\"it-IT\"},{\"@type\":\"Person\",\"@id\":\"https:\\\/\\\/www.nonsolomusicamagazine.it\\\/#\\\/schema\\\/person\\\/a3349ad02300d046472d46cf6d31ae46\",\"name\":\"nonsolomusica\",\"image\":{\"@type\":\"ImageObject\",\"inLanguage\":\"it-IT\",\"@id\":\"https:\\\/\\\/www.nonsolomusicamagazine.it\\\/wp-content\\\/litespeed\\\/avatar\\\/3a675484bc84db6aba78d43bfc8b7197.jpg?ver=1776880798\",\"url\":\"https:\\\/\\\/www.nonsolomusicamagazine.it\\\/wp-content\\\/litespeed\\\/avatar\\\/3a675484bc84db6aba78d43bfc8b7197.jpg?ver=1776880798\",\"contentUrl\":\"https:\\\/\\\/www.nonsolomusicamagazine.it\\\/wp-content\\\/litespeed\\\/avatar\\\/3a675484bc84db6aba78d43bfc8b7197.jpg?ver=1776880798\",\"caption\":\"nonsolomusica\"},\"sameAs\":[\"https:\\\/\\\/www.nonsolomusicamagazine.it\"],\"url\":\"https:\\\/\\\/www.nonsolomusicamagazine.it\\\/?author=1\"}]}<\/script>\n<!-- \/ Yoast SEO plugin. -->","yoast_head_json":{"title":"Verso il rilancio della campagna di mobilitazione per Anan Yaeesh - NonSoloMusicaMagazine","description":"Anan Yaeesh","robots":{"index":"index","follow":"follow","max-snippet":"max-snippet:-1","max-image-preview":"max-image-preview:large","max-video-preview":"max-video-preview:-1"},"canonical":"https:\/\/www.nonsolomusicamagazine.it\/?p=8546","og_locale":"it_IT","og_type":"article","og_title":"Verso il rilancio della campagna di mobilitazione per Anan Yaeesh - NonSoloMusicaMagazine","og_description":"Anan Yaeesh","og_url":"https:\/\/www.nonsolomusicamagazine.it\/?p=8546","og_site_name":"NonSoloMusicaMagazine","article_published_time":"2025-02-14T18:23:08+00:00","article_modified_time":"2025-02-14T18:23:10+00:00","og_image":[{"width":700,"height":451,"url":"https:\/\/www.nonsolomusicamagazine.it\/wp-content\/uploads\/2025\/02\/1000041636.jpg","type":"image\/jpeg"}],"author":"nonsolomusica","twitter_card":"summary_large_image","twitter_misc":{"Scritto da":"nonsolomusica","Tempo di lettura stimato":"3 minuti"},"schema":{"@context":"https:\/\/schema.org","@graph":[{"@type":"Article","@id":"https:\/\/www.nonsolomusicamagazine.it\/?p=8546#article","isPartOf":{"@id":"https:\/\/www.nonsolomusicamagazine.it\/?p=8546"},"author":{"name":"nonsolomusica","@id":"https:\/\/www.nonsolomusicamagazine.it\/#\/schema\/person\/a3349ad02300d046472d46cf6d31ae46"},"headline":"Verso il rilancio della campagna di mobilitazione per Anan Yaeesh","datePublished":"2025-02-14T18:23:08+00:00","dateModified":"2025-02-14T18:23:10+00:00","mainEntityOfPage":{"@id":"https:\/\/www.nonsolomusicamagazine.it\/?p=8546"},"wordCount":483,"commentCount":0,"image":{"@id":"https:\/\/www.nonsolomusicamagazine.it\/?p=8546#primaryimage"},"thumbnailUrl":"https:\/\/www.nonsolomusicamagazine.it\/wp-content\/uploads\/2025\/02\/1000041636.jpg","keywords":["Anan Yaeesh","Cisgiordania","Processo"],"articleSection":["Politica"],"inLanguage":"it-IT","potentialAction":[{"@type":"CommentAction","name":"Comment","target":["https:\/\/www.nonsolomusicamagazine.it\/?p=8546#respond"]}]},{"@type":"WebPage","@id":"https:\/\/www.nonsolomusicamagazine.it\/?p=8546","url":"https:\/\/www.nonsolomusicamagazine.it\/?p=8546","name":"Verso il rilancio della campagna di mobilitazione per Anan Yaeesh - NonSoloMusicaMagazine","isPartOf":{"@id":"https:\/\/www.nonsolomusicamagazine.it\/#website"},"primaryImageOfPage":{"@id":"https:\/\/www.nonsolomusicamagazine.it\/?p=8546#primaryimage"},"image":{"@id":"https:\/\/www.nonsolomusicamagazine.it\/?p=8546#primaryimage"},"thumbnailUrl":"https:\/\/www.nonsolomusicamagazine.it\/wp-content\/uploads\/2025\/02\/1000041636.jpg","datePublished":"2025-02-14T18:23:08+00:00","dateModified":"2025-02-14T18:23:10+00:00","author":{"@id":"https:\/\/www.nonsolomusicamagazine.it\/#\/schema\/person\/a3349ad02300d046472d46cf6d31ae46"},"description":"Anan Yaeesh","breadcrumb":{"@id":"https:\/\/www.nonsolomusicamagazine.it\/?p=8546#breadcrumb"},"inLanguage":"it-IT","potentialAction":[{"@type":"ReadAction","target":["https:\/\/www.nonsolomusicamagazine.it\/?p=8546"]}]},{"@type":"ImageObject","inLanguage":"it-IT","@id":"https:\/\/www.nonsolomusicamagazine.it\/?p=8546#primaryimage","url":"https:\/\/www.nonsolomusicamagazine.it\/wp-content\/uploads\/2025\/02\/1000041636.jpg","contentUrl":"https:\/\/www.nonsolomusicamagazine.it\/wp-content\/uploads\/2025\/02\/1000041636.jpg","width":700,"height":451},{"@type":"BreadcrumbList","@id":"https:\/\/www.nonsolomusicamagazine.it\/?p=8546#breadcrumb","itemListElement":[{"@type":"ListItem","position":1,"name":"Home","item":"https:\/\/www.nonsolomusicamagazine.it\/"},{"@type":"ListItem","position":2,"name":"Verso il rilancio della campagna di mobilitazione per Anan Yaeesh"}]},{"@type":"WebSite","@id":"https:\/\/www.nonsolomusicamagazine.it\/#website","url":"https:\/\/www.nonsolomusicamagazine.it\/","name":"Nonsolomusicamagazine","description":"Dir. responsabile Manuel M Buccarella","potentialAction":[{"@type":"SearchAction","target":{"@type":"EntryPoint","urlTemplate":"https:\/\/www.nonsolomusicamagazine.it\/?s={search_term_string}"},"query-input":{"@type":"PropertyValueSpecification","valueRequired":true,"valueName":"search_term_string"}}],"inLanguage":"it-IT"},{"@type":"Person","@id":"https:\/\/www.nonsolomusicamagazine.it\/#\/schema\/person\/a3349ad02300d046472d46cf6d31ae46","name":"nonsolomusica","image":{"@type":"ImageObject","inLanguage":"it-IT","@id":"https:\/\/www.nonsolomusicamagazine.it\/wp-content\/litespeed\/avatar\/3a675484bc84db6aba78d43bfc8b7197.jpg?ver=1776880798","url":"https:\/\/www.nonsolomusicamagazine.it\/wp-content\/litespeed\/avatar\/3a675484bc84db6aba78d43bfc8b7197.jpg?ver=1776880798","contentUrl":"https:\/\/www.nonsolomusicamagazine.it\/wp-content\/litespeed\/avatar\/3a675484bc84db6aba78d43bfc8b7197.jpg?ver=1776880798","caption":"nonsolomusica"},"sameAs":["https:\/\/www.nonsolomusicamagazine.it"],"url":"https:\/\/www.nonsolomusicamagazine.it\/?author=1"}]}},"amp_enabled":true,"_links":{"self":[{"href":"https:\/\/www.nonsolomusicamagazine.it\/index.php?rest_route=\/wp\/v2\/posts\/8546","targetHints":{"allow":["GET"]}}],"collection":[{"href":"https:\/\/www.nonsolomusicamagazine.it\/index.php?rest_route=\/wp\/v2\/posts"}],"about":[{"href":"https:\/\/www.nonsolomusicamagazine.it\/index.php?rest_route=\/wp\/v2\/types\/post"}],"author":[{"embeddable":true,"href":"https:\/\/www.nonsolomusicamagazine.it\/index.php?rest_route=\/wp\/v2\/users\/1"}],"replies":[{"embeddable":true,"href":"https:\/\/www.nonsolomusicamagazine.it\/index.php?rest_route=%2Fwp%2Fv2%2Fcomments&post=8546"}],"version-history":[{"count":0,"href":"https:\/\/www.nonsolomusicamagazine.it\/index.php?rest_route=\/wp\/v2\/posts\/8546\/revisions"}],"wp:featuredmedia":[{"embeddable":true,"href":"https:\/\/www.nonsolomusicamagazine.it\/index.php?rest_route=\/wp\/v2\/media\/8547"}],"wp:attachment":[{"href":"https:\/\/www.nonsolomusicamagazine.it\/index.php?rest_route=%2Fwp%2Fv2%2Fmedia&parent=8546"}],"wp:term":[{"taxonomy":"category","embeddable":true,"href":"https:\/\/www.nonsolomusicamagazine.it\/index.php?rest_route=%2Fwp%2Fv2%2Fcategories&post=8546"},{"taxonomy":"post_tag","embeddable":true,"href":"https:\/\/www.nonsolomusicamagazine.it\/index.php?rest_route=%2Fwp%2Fv2%2Ftags&post=8546"}],"curies":[{"name":"wp","href":"https:\/\/api.w.org\/{rel}","templated":true}]}}