{"id":8703,"date":"2025-02-24T18:48:32","date_gmt":"2025-02-24T17:48:32","guid":{"rendered":"https:\/\/www.nonsolomusicamagazine.it\/?p=8703"},"modified":"2025-02-24T18:48:33","modified_gmt":"2025-02-24T17:48:33","slug":"la-lettera-presidente-mattarella-la-calorosa-accoglienza-a-herzog-ci-sconcerta-luisa-morgantini-presidente-dellassopace-palestina-si-e-rivolta-a-mattarella-dopo-la-visita-del-president","status":"publish","type":"post","link":"https:\/\/www.nonsolomusicamagazine.it\/?p=8703","title":{"rendered":"La lettera: &#8220;Presidente Mattarella la calorosa accoglienza a Herzog ci sconcerta&#8221;. Luisa Morgantini, presidente dell\u2019Assopace Palestina si \u00e8 rivolta a Mattarella dopo la visita del presidente israeliano Herzog"},"content":{"rendered":"\n<p>&#8220;Caro Presidente, le scrivo perch\u00e9 anche un Grande, come Lei si sta dimostrando in un Paesi governato da nani e ballerine\/i, pu\u00f2 sbagliare. Capita, \u00e8 nella natura umana. Ma dagli errori, se li si ammette, si possono trarre importanti lezioni per non ripeterli. E i veri amici, caro Presidente Mattarella, sono quelli che non plaudono a tutto ci\u00f2 che Lei fa, spesso per convenienza o pi\u00f9 semplicemente per piaggeria verso il potere. I veri amici sono quelli che \u201cin faccia\u201d, pubblicamente, prendono carta e penna e scrivono. Lo fanno con cognizione di causa e con il dolore nel cuore. <\/p>\n\n\n\n<p>\u201cL\u2019Assopace Palestina afferma la sua indignazione e sconcerto alla calorosa accoglienza riservata dal nostro Presidente della Repubblica Mattarella al Presidente israeliano Herzog, nel corso del secondo incontro ufficiale dall\u2019inizio delle operazioni militari contro Gaza e Cisgiordania.Il nostro Presidente della Repubblica, a nome di tutti gli italiani, ha affermato che \u201cLa sua presenza a Roma \u00e8 un onore per la Repubblica italiana\u201d, passando poi a parlare esclusivamente dell\u2019impegno dell\u2019Italia contro l\u2019antisemitismo che, a suo dire, sarebbe aumentato, ma non ha espresso neanche una parola sulla situazione nei territori palestinesi e sul piano di deportazione e pulizia etnica della Palestina in primo luogo dei Gazawi, nemmeno una parola di dolore e di vicinanza alla popolazione palestinese cosi colpita dall\u2019aggressione israeliana.Ci preme ricordare che Herzog \u00e8 colui che, il 12 ottobre 2023, dichiar\u00f2 \u201c\u00e8 un\u2019intera nazione l\u00e0 fuori che \u00e8 responsabile. Questa retorica sui civili non consapevoli, che non sono coinvolti, non \u00e8 assolutamente vera. Avrebbero potuto insorgere, avrebbero potuto combattere contro quel regime malvagio [\u2026] noi combatteremo fino a quando non spezzeremo loro la spina dorsale.\u201d; \u00e8 colui che si \u00e8 fatto ritrarre in foto mentre scriveva \u201cmi affido a te\u201d sui missili destinati a colpire qualche casa, ospedale, scuola o tendopoli di Gaza; \u00e8 colui che ha attaccato l\u2019Onu, la Corte internazionale di giustizia e la Corte penale internazionale di \u201cbancarotta morale\u201d perch\u00e9 hanno osato condannare i numerosi crimini compiuti contro la popolazione inerme di Gaza. E ricordiamo, infine, che le dichiarazioni di Herzog sono state allegate al fascicolo presentato all\u2019Aja come una delle prove dell\u2019intenzionalit\u00e0 di colpire i civili e quindi dell\u2019avvenuto genocidio.<\/p>\n\n\n\n<p>Ebbene, ci chiediamo quale dissonanza cognitiva abbia portato il nostro Presidente della Repubblica a ricordare e difendere giustamente il diritto internazionale quando si \u00e8 trattato di criticare la Russia, e dimenticarsene completamente quando ha accolto a braccia aperte il presidente di uno stato accusato di genocidio presso la pi\u00f9 alta Corte di diritto internazionale. <div>Chiediamo al nostro Presidente di dichiarare la sua vicinanza e il suo dolore per l\u2019ingiustizia e le sofferenze subite del popolo palestinese e la necessit\u00e0 di riconoscere lo Stato palestinese.<\/div><\/p>\n\n\n\n<p>Ricordiamo, infine, che mentre si reitera la linea dei due popoli e due stati sempre ieri, nel frattempo il Senato della Repubblica respingeva una mozione per il riconoscimento dello Stato di Palestina, promossa dal M5s e sostenuta da AVS e PD, ma bocciata a causa dei voti contrari di 80 senatori di tutti gli altri schieramenti. Un\u2019altra pagina triste della nostra politica\u201d.<\/p>\n\n\n\n<p>fonte: Globalist.it<\/p>\n\n\n\n<figure class=\"wp-block-image size-large\"><img decoding=\"async\" width=\"1024\" height=\"602\" src=\"https:\/\/www.nonsolomusicamagazine.it\/wp-content\/uploads\/2025\/02\/1000043026-1024x602.jpg\" alt=\"\" class=\"wp-image-8704\" srcset=\"https:\/\/www.nonsolomusicamagazine.it\/wp-content\/uploads\/2025\/02\/1000043026-1024x602.jpg 1024w, https:\/\/www.nonsolomusicamagazine.it\/wp-content\/uploads\/2025\/02\/1000043026-300x176.jpg 300w, https:\/\/www.nonsolomusicamagazine.it\/wp-content\/uploads\/2025\/02\/1000043026-768x451.jpg 768w, https:\/\/www.nonsolomusicamagazine.it\/wp-content\/uploads\/2025\/02\/1000043026-1536x903.jpg 1536w, https:\/\/www.nonsolomusicamagazine.it\/wp-content\/uploads\/2025\/02\/1000043026-1320x776.jpg 1320w, https:\/\/www.nonsolomusicamagazine.it\/wp-content\/uploads\/2025\/02\/1000043026.jpg 1878w\" sizes=\"(max-width: 1024px) 100vw, 1024px\" \/><\/figure>\n","protected":false},"excerpt":{"rendered":"<p>&#8220;Caro Presidente, le scrivo perch\u00e9 anche un Grande, come Lei si sta dimostrando in un Paesi governato da nani e ballerine\/i, pu\u00f2 sbagliare. Capita, \u00e8 nella natura umana. Ma dagli errori, se li si ammette, si possono trarre importanti lezioni per non ripeterli. E i veri amici, caro Presidente Mattarella, sono quelli che non plaudono [&hellip;]<\/p>\n","protected":false},"author":1,"featured_media":8704,"comment_status":"open","ping_status":"closed","sticky":false,"template":"","format":"standard","meta":{"footnotes":""},"categories":[6,5],"tags":[3854,627,3853,2662,763,217],"class_list":["post-8703","post","type-post","status-publish","format-standard","has-post-thumbnail","hentry","category-esteri","category-politica","tag-assopace","tag-gaza","tag-herzog","tag-lettera","tag-mattarella","tag-palestina"],"yoast_head":"<!-- This site is optimized with the Yoast SEO plugin v27.4 - https:\/\/yoast.com\/product\/yoast-seo-wordpress\/ -->\n<title>La lettera: &quot;Presidente Mattarella la calorosa accoglienza a Herzog ci sconcerta&quot;. Luisa Morgantini, presidente dell\u2019Assopace Palestina si \u00e8 rivolta a Mattarella dopo la visita del presidente israeliano Herzog - NonSoloMusicaMagazine<\/title>\n<meta name=\"description\" content=\"Mattarella Herzog Palestina Assopace\" \/>\n<meta name=\"robots\" content=\"index, follow, max-snippet:-1, max-image-preview:large, max-video-preview:-1\" \/>\n<link rel=\"canonical\" href=\"https:\/\/www.nonsolomusicamagazine.it\/?p=8703\" \/>\n<meta property=\"og:locale\" content=\"it_IT\" \/>\n<meta property=\"og:type\" content=\"article\" \/>\n<meta property=\"og:title\" content=\"La lettera: &quot;Presidente Mattarella la calorosa accoglienza a Herzog ci sconcerta&quot;. Luisa Morgantini, presidente dell\u2019Assopace Palestina si \u00e8 rivolta a Mattarella dopo la visita del presidente israeliano Herzog - NonSoloMusicaMagazine\" \/>\n<meta property=\"og:description\" content=\"Mattarella Herzog Palestina Assopace\" \/>\n<meta property=\"og:url\" content=\"https:\/\/www.nonsolomusicamagazine.it\/?p=8703\" \/>\n<meta property=\"og:site_name\" content=\"NonSoloMusicaMagazine\" \/>\n<meta property=\"article:published_time\" content=\"2025-02-24T17:48:32+00:00\" \/>\n<meta property=\"article:modified_time\" content=\"2025-02-24T17:48:33+00:00\" \/>\n<meta property=\"og:image\" content=\"https:\/\/www.nonsolomusicamagazine.it\/wp-content\/uploads\/2025\/02\/1000043026.jpg\" \/>\n\t<meta property=\"og:image:width\" content=\"1878\" \/>\n\t<meta property=\"og:image:height\" content=\"1104\" \/>\n\t<meta property=\"og:image:type\" content=\"image\/jpeg\" \/>\n<meta name=\"author\" content=\"nonsolomusica\" \/>\n<meta name=\"twitter:card\" content=\"summary_large_image\" \/>\n<meta name=\"twitter:label1\" content=\"Scritto da\" \/>\n\t<meta name=\"twitter:data1\" content=\"nonsolomusica\" \/>\n\t<meta name=\"twitter:label2\" content=\"Tempo di lettura stimato\" \/>\n\t<meta name=\"twitter:data2\" content=\"4 minuti\" \/>\n<script type=\"application\/ld+json\" class=\"yoast-schema-graph\">{\"@context\":\"https:\\\/\\\/schema.org\",\"@graph\":[{\"@type\":\"Article\",\"@id\":\"https:\\\/\\\/www.nonsolomusicamagazine.it\\\/?p=8703#article\",\"isPartOf\":{\"@id\":\"https:\\\/\\\/www.nonsolomusicamagazine.it\\\/?p=8703\"},\"author\":{\"name\":\"nonsolomusica\",\"@id\":\"https:\\\/\\\/www.nonsolomusicamagazine.it\\\/#\\\/schema\\\/person\\\/a3349ad02300d046472d46cf6d31ae46\"},\"headline\":\"La lettera: &#8220;Presidente Mattarella la calorosa accoglienza a Herzog ci sconcerta&#8221;. Luisa Morgantini, presidente dell\u2019Assopace Palestina si \u00e8 rivolta a Mattarella dopo la visita del presidente israeliano Herzog\",\"datePublished\":\"2025-02-24T17:48:32+00:00\",\"dateModified\":\"2025-02-24T17:48:33+00:00\",\"mainEntityOfPage\":{\"@id\":\"https:\\\/\\\/www.nonsolomusicamagazine.it\\\/?p=8703\"},\"wordCount\":542,\"commentCount\":0,\"image\":{\"@id\":\"https:\\\/\\\/www.nonsolomusicamagazine.it\\\/?p=8703#primaryimage\"},\"thumbnailUrl\":\"https:\\\/\\\/www.nonsolomusicamagazine.it\\\/wp-content\\\/uploads\\\/2025\\\/02\\\/1000043026.jpg\",\"keywords\":[\"Assopace\",\"Gaza\",\"Herzog\",\"Lettera\",\"Mattarella\",\"Palestina\"],\"articleSection\":[\"Esteri\",\"Politica\"],\"inLanguage\":\"it-IT\",\"potentialAction\":[{\"@type\":\"CommentAction\",\"name\":\"Comment\",\"target\":[\"https:\\\/\\\/www.nonsolomusicamagazine.it\\\/?p=8703#respond\"]}]},{\"@type\":\"WebPage\",\"@id\":\"https:\\\/\\\/www.nonsolomusicamagazine.it\\\/?p=8703\",\"url\":\"https:\\\/\\\/www.nonsolomusicamagazine.it\\\/?p=8703\",\"name\":\"La lettera: \\\"Presidente Mattarella la calorosa accoglienza a Herzog ci sconcerta\\\". Luisa Morgantini, presidente dell\u2019Assopace Palestina si \u00e8 rivolta a Mattarella dopo la visita del presidente israeliano Herzog - NonSoloMusicaMagazine\",\"isPartOf\":{\"@id\":\"https:\\\/\\\/www.nonsolomusicamagazine.it\\\/#website\"},\"primaryImageOfPage\":{\"@id\":\"https:\\\/\\\/www.nonsolomusicamagazine.it\\\/?p=8703#primaryimage\"},\"image\":{\"@id\":\"https:\\\/\\\/www.nonsolomusicamagazine.it\\\/?p=8703#primaryimage\"},\"thumbnailUrl\":\"https:\\\/\\\/www.nonsolomusicamagazine.it\\\/wp-content\\\/uploads\\\/2025\\\/02\\\/1000043026.jpg\",\"datePublished\":\"2025-02-24T17:48:32+00:00\",\"dateModified\":\"2025-02-24T17:48:33+00:00\",\"author\":{\"@id\":\"https:\\\/\\\/www.nonsolomusicamagazine.it\\\/#\\\/schema\\\/person\\\/a3349ad02300d046472d46cf6d31ae46\"},\"description\":\"Mattarella Herzog Palestina Assopace\",\"breadcrumb\":{\"@id\":\"https:\\\/\\\/www.nonsolomusicamagazine.it\\\/?p=8703#breadcrumb\"},\"inLanguage\":\"it-IT\",\"potentialAction\":[{\"@type\":\"ReadAction\",\"target\":[\"https:\\\/\\\/www.nonsolomusicamagazine.it\\\/?p=8703\"]}]},{\"@type\":\"ImageObject\",\"inLanguage\":\"it-IT\",\"@id\":\"https:\\\/\\\/www.nonsolomusicamagazine.it\\\/?p=8703#primaryimage\",\"url\":\"https:\\\/\\\/www.nonsolomusicamagazine.it\\\/wp-content\\\/uploads\\\/2025\\\/02\\\/1000043026.jpg\",\"contentUrl\":\"https:\\\/\\\/www.nonsolomusicamagazine.it\\\/wp-content\\\/uploads\\\/2025\\\/02\\\/1000043026.jpg\",\"width\":1878,\"height\":1104},{\"@type\":\"BreadcrumbList\",\"@id\":\"https:\\\/\\\/www.nonsolomusicamagazine.it\\\/?p=8703#breadcrumb\",\"itemListElement\":[{\"@type\":\"ListItem\",\"position\":1,\"name\":\"Home\",\"item\":\"https:\\\/\\\/www.nonsolomusicamagazine.it\\\/\"},{\"@type\":\"ListItem\",\"position\":2,\"name\":\"La lettera: &#8220;Presidente Mattarella la calorosa accoglienza a Herzog ci sconcerta&#8221;. Luisa Morgantini, presidente dell\u2019Assopace Palestina si \u00e8 rivolta a Mattarella dopo la visita del presidente israeliano Herzog\"}]},{\"@type\":\"WebSite\",\"@id\":\"https:\\\/\\\/www.nonsolomusicamagazine.it\\\/#website\",\"url\":\"https:\\\/\\\/www.nonsolomusicamagazine.it\\\/\",\"name\":\"Nonsolomusicamagazine\",\"description\":\"Dir. responsabile Manuel M Buccarella\",\"potentialAction\":[{\"@type\":\"SearchAction\",\"target\":{\"@type\":\"EntryPoint\",\"urlTemplate\":\"https:\\\/\\\/www.nonsolomusicamagazine.it\\\/?s={search_term_string}\"},\"query-input\":{\"@type\":\"PropertyValueSpecification\",\"valueRequired\":true,\"valueName\":\"search_term_string\"}}],\"inLanguage\":\"it-IT\"},{\"@type\":\"Person\",\"@id\":\"https:\\\/\\\/www.nonsolomusicamagazine.it\\\/#\\\/schema\\\/person\\\/a3349ad02300d046472d46cf6d31ae46\",\"name\":\"nonsolomusica\",\"image\":{\"@type\":\"ImageObject\",\"inLanguage\":\"it-IT\",\"@id\":\"https:\\\/\\\/www.nonsolomusicamagazine.it\\\/wp-content\\\/litespeed\\\/avatar\\\/3a675484bc84db6aba78d43bfc8b7197.jpg?ver=1776880798\",\"url\":\"https:\\\/\\\/www.nonsolomusicamagazine.it\\\/wp-content\\\/litespeed\\\/avatar\\\/3a675484bc84db6aba78d43bfc8b7197.jpg?ver=1776880798\",\"contentUrl\":\"https:\\\/\\\/www.nonsolomusicamagazine.it\\\/wp-content\\\/litespeed\\\/avatar\\\/3a675484bc84db6aba78d43bfc8b7197.jpg?ver=1776880798\",\"caption\":\"nonsolomusica\"},\"sameAs\":[\"https:\\\/\\\/www.nonsolomusicamagazine.it\"],\"url\":\"https:\\\/\\\/www.nonsolomusicamagazine.it\\\/?author=1\"}]}<\/script>\n<!-- \/ Yoast SEO plugin. -->","yoast_head_json":{"title":"La lettera: \"Presidente Mattarella la calorosa accoglienza a Herzog ci sconcerta\". Luisa Morgantini, presidente dell\u2019Assopace Palestina si \u00e8 rivolta a Mattarella dopo la visita del presidente israeliano Herzog - NonSoloMusicaMagazine","description":"Mattarella Herzog Palestina Assopace","robots":{"index":"index","follow":"follow","max-snippet":"max-snippet:-1","max-image-preview":"max-image-preview:large","max-video-preview":"max-video-preview:-1"},"canonical":"https:\/\/www.nonsolomusicamagazine.it\/?p=8703","og_locale":"it_IT","og_type":"article","og_title":"La lettera: \"Presidente Mattarella la calorosa accoglienza a Herzog ci sconcerta\". Luisa Morgantini, presidente dell\u2019Assopace Palestina si \u00e8 rivolta a Mattarella dopo la visita del presidente israeliano Herzog - NonSoloMusicaMagazine","og_description":"Mattarella Herzog Palestina Assopace","og_url":"https:\/\/www.nonsolomusicamagazine.it\/?p=8703","og_site_name":"NonSoloMusicaMagazine","article_published_time":"2025-02-24T17:48:32+00:00","article_modified_time":"2025-02-24T17:48:33+00:00","og_image":[{"width":1878,"height":1104,"url":"https:\/\/www.nonsolomusicamagazine.it\/wp-content\/uploads\/2025\/02\/1000043026.jpg","type":"image\/jpeg"}],"author":"nonsolomusica","twitter_card":"summary_large_image","twitter_misc":{"Scritto da":"nonsolomusica","Tempo di lettura stimato":"4 minuti"},"schema":{"@context":"https:\/\/schema.org","@graph":[{"@type":"Article","@id":"https:\/\/www.nonsolomusicamagazine.it\/?p=8703#article","isPartOf":{"@id":"https:\/\/www.nonsolomusicamagazine.it\/?p=8703"},"author":{"name":"nonsolomusica","@id":"https:\/\/www.nonsolomusicamagazine.it\/#\/schema\/person\/a3349ad02300d046472d46cf6d31ae46"},"headline":"La lettera: &#8220;Presidente Mattarella la calorosa accoglienza a Herzog ci sconcerta&#8221;. Luisa Morgantini, presidente dell\u2019Assopace Palestina si \u00e8 rivolta a Mattarella dopo la visita del presidente israeliano Herzog","datePublished":"2025-02-24T17:48:32+00:00","dateModified":"2025-02-24T17:48:33+00:00","mainEntityOfPage":{"@id":"https:\/\/www.nonsolomusicamagazine.it\/?p=8703"},"wordCount":542,"commentCount":0,"image":{"@id":"https:\/\/www.nonsolomusicamagazine.it\/?p=8703#primaryimage"},"thumbnailUrl":"https:\/\/www.nonsolomusicamagazine.it\/wp-content\/uploads\/2025\/02\/1000043026.jpg","keywords":["Assopace","Gaza","Herzog","Lettera","Mattarella","Palestina"],"articleSection":["Esteri","Politica"],"inLanguage":"it-IT","potentialAction":[{"@type":"CommentAction","name":"Comment","target":["https:\/\/www.nonsolomusicamagazine.it\/?p=8703#respond"]}]},{"@type":"WebPage","@id":"https:\/\/www.nonsolomusicamagazine.it\/?p=8703","url":"https:\/\/www.nonsolomusicamagazine.it\/?p=8703","name":"La lettera: \"Presidente Mattarella la calorosa accoglienza a Herzog ci sconcerta\". Luisa Morgantini, presidente dell\u2019Assopace Palestina si \u00e8 rivolta a Mattarella dopo la visita del presidente israeliano Herzog - NonSoloMusicaMagazine","isPartOf":{"@id":"https:\/\/www.nonsolomusicamagazine.it\/#website"},"primaryImageOfPage":{"@id":"https:\/\/www.nonsolomusicamagazine.it\/?p=8703#primaryimage"},"image":{"@id":"https:\/\/www.nonsolomusicamagazine.it\/?p=8703#primaryimage"},"thumbnailUrl":"https:\/\/www.nonsolomusicamagazine.it\/wp-content\/uploads\/2025\/02\/1000043026.jpg","datePublished":"2025-02-24T17:48:32+00:00","dateModified":"2025-02-24T17:48:33+00:00","author":{"@id":"https:\/\/www.nonsolomusicamagazine.it\/#\/schema\/person\/a3349ad02300d046472d46cf6d31ae46"},"description":"Mattarella Herzog Palestina Assopace","breadcrumb":{"@id":"https:\/\/www.nonsolomusicamagazine.it\/?p=8703#breadcrumb"},"inLanguage":"it-IT","potentialAction":[{"@type":"ReadAction","target":["https:\/\/www.nonsolomusicamagazine.it\/?p=8703"]}]},{"@type":"ImageObject","inLanguage":"it-IT","@id":"https:\/\/www.nonsolomusicamagazine.it\/?p=8703#primaryimage","url":"https:\/\/www.nonsolomusicamagazine.it\/wp-content\/uploads\/2025\/02\/1000043026.jpg","contentUrl":"https:\/\/www.nonsolomusicamagazine.it\/wp-content\/uploads\/2025\/02\/1000043026.jpg","width":1878,"height":1104},{"@type":"BreadcrumbList","@id":"https:\/\/www.nonsolomusicamagazine.it\/?p=8703#breadcrumb","itemListElement":[{"@type":"ListItem","position":1,"name":"Home","item":"https:\/\/www.nonsolomusicamagazine.it\/"},{"@type":"ListItem","position":2,"name":"La lettera: &#8220;Presidente Mattarella la calorosa accoglienza a Herzog ci sconcerta&#8221;. Luisa Morgantini, presidente dell\u2019Assopace Palestina si \u00e8 rivolta a Mattarella dopo la visita del presidente israeliano Herzog"}]},{"@type":"WebSite","@id":"https:\/\/www.nonsolomusicamagazine.it\/#website","url":"https:\/\/www.nonsolomusicamagazine.it\/","name":"Nonsolomusicamagazine","description":"Dir. responsabile Manuel M Buccarella","potentialAction":[{"@type":"SearchAction","target":{"@type":"EntryPoint","urlTemplate":"https:\/\/www.nonsolomusicamagazine.it\/?s={search_term_string}"},"query-input":{"@type":"PropertyValueSpecification","valueRequired":true,"valueName":"search_term_string"}}],"inLanguage":"it-IT"},{"@type":"Person","@id":"https:\/\/www.nonsolomusicamagazine.it\/#\/schema\/person\/a3349ad02300d046472d46cf6d31ae46","name":"nonsolomusica","image":{"@type":"ImageObject","inLanguage":"it-IT","@id":"https:\/\/www.nonsolomusicamagazine.it\/wp-content\/litespeed\/avatar\/3a675484bc84db6aba78d43bfc8b7197.jpg?ver=1776880798","url":"https:\/\/www.nonsolomusicamagazine.it\/wp-content\/litespeed\/avatar\/3a675484bc84db6aba78d43bfc8b7197.jpg?ver=1776880798","contentUrl":"https:\/\/www.nonsolomusicamagazine.it\/wp-content\/litespeed\/avatar\/3a675484bc84db6aba78d43bfc8b7197.jpg?ver=1776880798","caption":"nonsolomusica"},"sameAs":["https:\/\/www.nonsolomusicamagazine.it"],"url":"https:\/\/www.nonsolomusicamagazine.it\/?author=1"}]}},"amp_enabled":true,"_links":{"self":[{"href":"https:\/\/www.nonsolomusicamagazine.it\/index.php?rest_route=\/wp\/v2\/posts\/8703","targetHints":{"allow":["GET"]}}],"collection":[{"href":"https:\/\/www.nonsolomusicamagazine.it\/index.php?rest_route=\/wp\/v2\/posts"}],"about":[{"href":"https:\/\/www.nonsolomusicamagazine.it\/index.php?rest_route=\/wp\/v2\/types\/post"}],"author":[{"embeddable":true,"href":"https:\/\/www.nonsolomusicamagazine.it\/index.php?rest_route=\/wp\/v2\/users\/1"}],"replies":[{"embeddable":true,"href":"https:\/\/www.nonsolomusicamagazine.it\/index.php?rest_route=%2Fwp%2Fv2%2Fcomments&post=8703"}],"version-history":[{"count":0,"href":"https:\/\/www.nonsolomusicamagazine.it\/index.php?rest_route=\/wp\/v2\/posts\/8703\/revisions"}],"wp:featuredmedia":[{"embeddable":true,"href":"https:\/\/www.nonsolomusicamagazine.it\/index.php?rest_route=\/wp\/v2\/media\/8704"}],"wp:attachment":[{"href":"https:\/\/www.nonsolomusicamagazine.it\/index.php?rest_route=%2Fwp%2Fv2%2Fmedia&parent=8703"}],"wp:term":[{"taxonomy":"category","embeddable":true,"href":"https:\/\/www.nonsolomusicamagazine.it\/index.php?rest_route=%2Fwp%2Fv2%2Fcategories&post=8703"},{"taxonomy":"post_tag","embeddable":true,"href":"https:\/\/www.nonsolomusicamagazine.it\/index.php?rest_route=%2Fwp%2Fv2%2Ftags&post=8703"}],"curies":[{"name":"wp","href":"https:\/\/api.w.org\/{rel}","templated":true}]}}