{"id":8716,"date":"2025-02-25T07:28:11","date_gmt":"2025-02-25T06:28:11","guid":{"rendered":"https:\/\/www.nonsolomusicamagazine.it\/?p=8716"},"modified":"2025-02-25T11:29:01","modified_gmt":"2025-02-25T10:29:01","slug":"europa-nato-e-la-guerra-continua-lecce-stasera-ex-convitto-palmieri","status":"publish","type":"post","link":"https:\/\/www.nonsolomusicamagazine.it\/?p=8716","title":{"rendered":"EUROPA, NATO E &#8230; LA GUERRA CONTINUA (LECCE, stasera ex Convitto Palmieri)"},"content":{"rendered":"\n<p>L\u2019Europa \u00e8 sempre pi\u00f9 smarrita, umiliata. \u00c8 cambiata la sua narrazione, quella di un soggetto che si voleva pacifico, unitario e solidale, oggi parla il linguaggio della corsa al riarmo, alla militarizzazione in nome della sicurezza fino al rischio dell\u2019escalation nucleare. Di guerra in guerra.<\/p>\n\n\n\n<p>Anche il paradigma della NATO \u00e8 cambiato, da alleanza difensiva ora \u00e8 sempre pi\u00f9 aggressiva, allargata e pronta all\u2019attacco.<\/p>\n\n\n\n<p>Stasera con inizio alle 18, a Lecce presso la Biblioteca Bernardini ex Convitto Palmieri, si parler\u00e0 dell\u2019attuale situazione internazionale con il generale in congedo Fabio Mini, gi\u00e0 comandante del contingente Nato in Kosovo,bed il presidente di PeaceLink Alessandro Marescotti. Previsti anche gli interventi dell\u2019avvocato Maurizio Buccarella, di Mina Matteo, Cobas Scuola, Leonardo Elia e Diletta Milo, M5S Lecce. <\/p>\n\n\n\n<p>L\u2019 incontro sar\u00e0 moderato dalla giornalista Alessandra Lupo.<\/p>\n\n\n\n<p>Intanto il depotenziamento della Russia, dopo il conflitto con l\u2019Ucraina, che speriamo giunga presto alla pace, e il collasso economico dell\u2019Europa aprono scenari inediti e preoccupanti. La disumanit\u00e0 domina e rende pi\u00f9 incerto e disperato il destino del popolo palestinese, che dopo il genocidio perde anche la sua terra. Schiacciati tra Vecchia e Nuova Europa cerchiamo di comprendere quale sar\u00e0 il destino di tutti\/e.<\/p>\n\n\n\n<p>Ecco il calendario degli eventi PeaceLink <\/p>\n\n\n\n<p>https:\/\/www.peacelink.it\/calendario\/event.php?id=12048<\/p>\n\n\n\n<figure class=\"wp-block-image size-full\"><img decoding=\"async\" width=\"300\" height=\"424\" src=\"https:\/\/www.nonsolomusicamagazine.it\/wp-content\/uploads\/2025\/02\/1000043009-1.jpg\" alt=\"\" class=\"wp-image-8717\" srcset=\"https:\/\/www.nonsolomusicamagazine.it\/wp-content\/uploads\/2025\/02\/1000043009-1.jpg 300w, https:\/\/www.nonsolomusicamagazine.it\/wp-content\/uploads\/2025\/02\/1000043009-1-212x300.jpg 212w\" sizes=\"(max-width: 300px) 100vw, 300px\" \/><\/figure>\n","protected":false},"excerpt":{"rendered":"<p>L\u2019Europa \u00e8 sempre pi\u00f9 smarrita, umiliata. \u00c8 cambiata la sua narrazione, quella di un soggetto che si voleva pacifico, unitario e solidale, oggi parla il linguaggio della corsa al riarmo, alla militarizzazione in nome della sicurezza fino al rischio dell\u2019escalation nucleare. Di guerra in guerra. Anche il paradigma della NATO \u00e8 cambiato, da alleanza difensiva [&hellip;]<\/p>\n","protected":false},"author":1,"featured_media":8717,"comment_status":"open","ping_status":"closed","sticky":false,"template":"","format":"standard","meta":{"footnotes":""},"categories":[6,5],"tags":[1477,221,52,3591,3851,14],"class_list":["post-8716","post","type-post","status-publish","format-standard","has-post-thumbnail","hentry","category-esteri","category-politica","tag-europa","tag-guerra","tag-lecce","tag-marescotti","tag-mini","tag-nato"],"yoast_head":"<!-- This site is optimized with the Yoast SEO plugin v27.4 - https:\/\/yoast.com\/product\/yoast-seo-wordpress\/ -->\n<title>EUROPA, NATO E ... LA GUERRA CONTINUA (LECCE, stasera ex Convitto Palmieri) - NonSoloMusicaMagazine<\/title>\n<meta name=\"description\" content=\"Europa Nato guerra\" \/>\n<meta name=\"robots\" content=\"index, follow, max-snippet:-1, max-image-preview:large, max-video-preview:-1\" \/>\n<link rel=\"canonical\" href=\"https:\/\/www.nonsolomusicamagazine.it\/?p=8716\" \/>\n<meta property=\"og:locale\" content=\"it_IT\" \/>\n<meta property=\"og:type\" content=\"article\" \/>\n<meta property=\"og:title\" content=\"EUROPA, NATO E ... LA GUERRA CONTINUA (LECCE, stasera ex Convitto Palmieri) - NonSoloMusicaMagazine\" \/>\n<meta property=\"og:description\" content=\"Europa Nato guerra\" \/>\n<meta property=\"og:url\" content=\"https:\/\/www.nonsolomusicamagazine.it\/?p=8716\" \/>\n<meta property=\"og:site_name\" content=\"NonSoloMusicaMagazine\" \/>\n<meta property=\"article:published_time\" content=\"2025-02-25T06:28:11+00:00\" \/>\n<meta property=\"article:modified_time\" content=\"2025-02-25T10:29:01+00:00\" \/>\n<meta property=\"og:image\" content=\"https:\/\/www.nonsolomusicamagazine.it\/wp-content\/uploads\/2025\/02\/1000043009-1.jpg\" \/>\n\t<meta property=\"og:image:width\" content=\"300\" \/>\n\t<meta property=\"og:image:height\" content=\"424\" \/>\n\t<meta property=\"og:image:type\" content=\"image\/jpeg\" \/>\n<meta name=\"author\" content=\"nonsolomusica\" \/>\n<meta name=\"twitter:card\" content=\"summary_large_image\" \/>\n<meta name=\"twitter:label1\" content=\"Scritto da\" \/>\n\t<meta name=\"twitter:data1\" content=\"nonsolomusica\" \/>\n\t<meta name=\"twitter:label2\" content=\"Tempo di lettura stimato\" \/>\n\t<meta name=\"twitter:data2\" content=\"2 minuti\" \/>\n<script type=\"application\/ld+json\" class=\"yoast-schema-graph\">{\"@context\":\"https:\\\/\\\/schema.org\",\"@graph\":[{\"@type\":\"Article\",\"@id\":\"https:\\\/\\\/www.nonsolomusicamagazine.it\\\/?p=8716#article\",\"isPartOf\":{\"@id\":\"https:\\\/\\\/www.nonsolomusicamagazine.it\\\/?p=8716\"},\"author\":{\"name\":\"nonsolomusica\",\"@id\":\"https:\\\/\\\/www.nonsolomusicamagazine.it\\\/#\\\/schema\\\/person\\\/a3349ad02300d046472d46cf6d31ae46\"},\"headline\":\"EUROPA, NATO E &#8230; LA GUERRA CONTINUA (LECCE, stasera ex Convitto Palmieri)\",\"datePublished\":\"2025-02-25T06:28:11+00:00\",\"dateModified\":\"2025-02-25T10:29:01+00:00\",\"mainEntityOfPage\":{\"@id\":\"https:\\\/\\\/www.nonsolomusicamagazine.it\\\/?p=8716\"},\"wordCount\":224,\"commentCount\":0,\"image\":{\"@id\":\"https:\\\/\\\/www.nonsolomusicamagazine.it\\\/?p=8716#primaryimage\"},\"thumbnailUrl\":\"https:\\\/\\\/www.nonsolomusicamagazine.it\\\/wp-content\\\/uploads\\\/2025\\\/02\\\/1000043009-1.jpg\",\"keywords\":[\"Europa\",\"Guerra\",\"Lecce\",\"Marescotti\",\"Mini\",\"Nato\"],\"articleSection\":[\"Esteri\",\"Politica\"],\"inLanguage\":\"it-IT\",\"potentialAction\":[{\"@type\":\"CommentAction\",\"name\":\"Comment\",\"target\":[\"https:\\\/\\\/www.nonsolomusicamagazine.it\\\/?p=8716#respond\"]}]},{\"@type\":\"WebPage\",\"@id\":\"https:\\\/\\\/www.nonsolomusicamagazine.it\\\/?p=8716\",\"url\":\"https:\\\/\\\/www.nonsolomusicamagazine.it\\\/?p=8716\",\"name\":\"EUROPA, NATO E ... LA GUERRA CONTINUA (LECCE, stasera ex Convitto Palmieri) - NonSoloMusicaMagazine\",\"isPartOf\":{\"@id\":\"https:\\\/\\\/www.nonsolomusicamagazine.it\\\/#website\"},\"primaryImageOfPage\":{\"@id\":\"https:\\\/\\\/www.nonsolomusicamagazine.it\\\/?p=8716#primaryimage\"},\"image\":{\"@id\":\"https:\\\/\\\/www.nonsolomusicamagazine.it\\\/?p=8716#primaryimage\"},\"thumbnailUrl\":\"https:\\\/\\\/www.nonsolomusicamagazine.it\\\/wp-content\\\/uploads\\\/2025\\\/02\\\/1000043009-1.jpg\",\"datePublished\":\"2025-02-25T06:28:11+00:00\",\"dateModified\":\"2025-02-25T10:29:01+00:00\",\"author\":{\"@id\":\"https:\\\/\\\/www.nonsolomusicamagazine.it\\\/#\\\/schema\\\/person\\\/a3349ad02300d046472d46cf6d31ae46\"},\"description\":\"Europa Nato guerra\",\"breadcrumb\":{\"@id\":\"https:\\\/\\\/www.nonsolomusicamagazine.it\\\/?p=8716#breadcrumb\"},\"inLanguage\":\"it-IT\",\"potentialAction\":[{\"@type\":\"ReadAction\",\"target\":[\"https:\\\/\\\/www.nonsolomusicamagazine.it\\\/?p=8716\"]}]},{\"@type\":\"ImageObject\",\"inLanguage\":\"it-IT\",\"@id\":\"https:\\\/\\\/www.nonsolomusicamagazine.it\\\/?p=8716#primaryimage\",\"url\":\"https:\\\/\\\/www.nonsolomusicamagazine.it\\\/wp-content\\\/uploads\\\/2025\\\/02\\\/1000043009-1.jpg\",\"contentUrl\":\"https:\\\/\\\/www.nonsolomusicamagazine.it\\\/wp-content\\\/uploads\\\/2025\\\/02\\\/1000043009-1.jpg\",\"width\":300,\"height\":424},{\"@type\":\"BreadcrumbList\",\"@id\":\"https:\\\/\\\/www.nonsolomusicamagazine.it\\\/?p=8716#breadcrumb\",\"itemListElement\":[{\"@type\":\"ListItem\",\"position\":1,\"name\":\"Home\",\"item\":\"https:\\\/\\\/www.nonsolomusicamagazine.it\\\/\"},{\"@type\":\"ListItem\",\"position\":2,\"name\":\"EUROPA, NATO E &#8230; LA GUERRA CONTINUA (LECCE, stasera ex Convitto Palmieri)\"}]},{\"@type\":\"WebSite\",\"@id\":\"https:\\\/\\\/www.nonsolomusicamagazine.it\\\/#website\",\"url\":\"https:\\\/\\\/www.nonsolomusicamagazine.it\\\/\",\"name\":\"Nonsolomusicamagazine\",\"description\":\"Dir. responsabile Manuel M Buccarella\",\"potentialAction\":[{\"@type\":\"SearchAction\",\"target\":{\"@type\":\"EntryPoint\",\"urlTemplate\":\"https:\\\/\\\/www.nonsolomusicamagazine.it\\\/?s={search_term_string}\"},\"query-input\":{\"@type\":\"PropertyValueSpecification\",\"valueRequired\":true,\"valueName\":\"search_term_string\"}}],\"inLanguage\":\"it-IT\"},{\"@type\":\"Person\",\"@id\":\"https:\\\/\\\/www.nonsolomusicamagazine.it\\\/#\\\/schema\\\/person\\\/a3349ad02300d046472d46cf6d31ae46\",\"name\":\"nonsolomusica\",\"image\":{\"@type\":\"ImageObject\",\"inLanguage\":\"it-IT\",\"@id\":\"https:\\\/\\\/www.nonsolomusicamagazine.it\\\/wp-content\\\/litespeed\\\/avatar\\\/3a675484bc84db6aba78d43bfc8b7197.jpg?ver=1776880798\",\"url\":\"https:\\\/\\\/www.nonsolomusicamagazine.it\\\/wp-content\\\/litespeed\\\/avatar\\\/3a675484bc84db6aba78d43bfc8b7197.jpg?ver=1776880798\",\"contentUrl\":\"https:\\\/\\\/www.nonsolomusicamagazine.it\\\/wp-content\\\/litespeed\\\/avatar\\\/3a675484bc84db6aba78d43bfc8b7197.jpg?ver=1776880798\",\"caption\":\"nonsolomusica\"},\"sameAs\":[\"https:\\\/\\\/www.nonsolomusicamagazine.it\"],\"url\":\"https:\\\/\\\/www.nonsolomusicamagazine.it\\\/?author=1\"}]}<\/script>\n<!-- \/ Yoast SEO plugin. -->","yoast_head_json":{"title":"EUROPA, NATO E ... LA GUERRA CONTINUA (LECCE, stasera ex Convitto Palmieri) - NonSoloMusicaMagazine","description":"Europa Nato guerra","robots":{"index":"index","follow":"follow","max-snippet":"max-snippet:-1","max-image-preview":"max-image-preview:large","max-video-preview":"max-video-preview:-1"},"canonical":"https:\/\/www.nonsolomusicamagazine.it\/?p=8716","og_locale":"it_IT","og_type":"article","og_title":"EUROPA, NATO E ... LA GUERRA CONTINUA (LECCE, stasera ex Convitto Palmieri) - NonSoloMusicaMagazine","og_description":"Europa Nato guerra","og_url":"https:\/\/www.nonsolomusicamagazine.it\/?p=8716","og_site_name":"NonSoloMusicaMagazine","article_published_time":"2025-02-25T06:28:11+00:00","article_modified_time":"2025-02-25T10:29:01+00:00","og_image":[{"width":300,"height":424,"url":"https:\/\/www.nonsolomusicamagazine.it\/wp-content\/uploads\/2025\/02\/1000043009-1.jpg","type":"image\/jpeg"}],"author":"nonsolomusica","twitter_card":"summary_large_image","twitter_misc":{"Scritto da":"nonsolomusica","Tempo di lettura stimato":"2 minuti"},"schema":{"@context":"https:\/\/schema.org","@graph":[{"@type":"Article","@id":"https:\/\/www.nonsolomusicamagazine.it\/?p=8716#article","isPartOf":{"@id":"https:\/\/www.nonsolomusicamagazine.it\/?p=8716"},"author":{"name":"nonsolomusica","@id":"https:\/\/www.nonsolomusicamagazine.it\/#\/schema\/person\/a3349ad02300d046472d46cf6d31ae46"},"headline":"EUROPA, NATO E &#8230; LA GUERRA CONTINUA (LECCE, stasera ex Convitto Palmieri)","datePublished":"2025-02-25T06:28:11+00:00","dateModified":"2025-02-25T10:29:01+00:00","mainEntityOfPage":{"@id":"https:\/\/www.nonsolomusicamagazine.it\/?p=8716"},"wordCount":224,"commentCount":0,"image":{"@id":"https:\/\/www.nonsolomusicamagazine.it\/?p=8716#primaryimage"},"thumbnailUrl":"https:\/\/www.nonsolomusicamagazine.it\/wp-content\/uploads\/2025\/02\/1000043009-1.jpg","keywords":["Europa","Guerra","Lecce","Marescotti","Mini","Nato"],"articleSection":["Esteri","Politica"],"inLanguage":"it-IT","potentialAction":[{"@type":"CommentAction","name":"Comment","target":["https:\/\/www.nonsolomusicamagazine.it\/?p=8716#respond"]}]},{"@type":"WebPage","@id":"https:\/\/www.nonsolomusicamagazine.it\/?p=8716","url":"https:\/\/www.nonsolomusicamagazine.it\/?p=8716","name":"EUROPA, NATO E ... LA GUERRA CONTINUA (LECCE, stasera ex Convitto Palmieri) - NonSoloMusicaMagazine","isPartOf":{"@id":"https:\/\/www.nonsolomusicamagazine.it\/#website"},"primaryImageOfPage":{"@id":"https:\/\/www.nonsolomusicamagazine.it\/?p=8716#primaryimage"},"image":{"@id":"https:\/\/www.nonsolomusicamagazine.it\/?p=8716#primaryimage"},"thumbnailUrl":"https:\/\/www.nonsolomusicamagazine.it\/wp-content\/uploads\/2025\/02\/1000043009-1.jpg","datePublished":"2025-02-25T06:28:11+00:00","dateModified":"2025-02-25T10:29:01+00:00","author":{"@id":"https:\/\/www.nonsolomusicamagazine.it\/#\/schema\/person\/a3349ad02300d046472d46cf6d31ae46"},"description":"Europa Nato guerra","breadcrumb":{"@id":"https:\/\/www.nonsolomusicamagazine.it\/?p=8716#breadcrumb"},"inLanguage":"it-IT","potentialAction":[{"@type":"ReadAction","target":["https:\/\/www.nonsolomusicamagazine.it\/?p=8716"]}]},{"@type":"ImageObject","inLanguage":"it-IT","@id":"https:\/\/www.nonsolomusicamagazine.it\/?p=8716#primaryimage","url":"https:\/\/www.nonsolomusicamagazine.it\/wp-content\/uploads\/2025\/02\/1000043009-1.jpg","contentUrl":"https:\/\/www.nonsolomusicamagazine.it\/wp-content\/uploads\/2025\/02\/1000043009-1.jpg","width":300,"height":424},{"@type":"BreadcrumbList","@id":"https:\/\/www.nonsolomusicamagazine.it\/?p=8716#breadcrumb","itemListElement":[{"@type":"ListItem","position":1,"name":"Home","item":"https:\/\/www.nonsolomusicamagazine.it\/"},{"@type":"ListItem","position":2,"name":"EUROPA, NATO E &#8230; LA GUERRA CONTINUA (LECCE, stasera ex Convitto Palmieri)"}]},{"@type":"WebSite","@id":"https:\/\/www.nonsolomusicamagazine.it\/#website","url":"https:\/\/www.nonsolomusicamagazine.it\/","name":"Nonsolomusicamagazine","description":"Dir. responsabile Manuel M Buccarella","potentialAction":[{"@type":"SearchAction","target":{"@type":"EntryPoint","urlTemplate":"https:\/\/www.nonsolomusicamagazine.it\/?s={search_term_string}"},"query-input":{"@type":"PropertyValueSpecification","valueRequired":true,"valueName":"search_term_string"}}],"inLanguage":"it-IT"},{"@type":"Person","@id":"https:\/\/www.nonsolomusicamagazine.it\/#\/schema\/person\/a3349ad02300d046472d46cf6d31ae46","name":"nonsolomusica","image":{"@type":"ImageObject","inLanguage":"it-IT","@id":"https:\/\/www.nonsolomusicamagazine.it\/wp-content\/litespeed\/avatar\/3a675484bc84db6aba78d43bfc8b7197.jpg?ver=1776880798","url":"https:\/\/www.nonsolomusicamagazine.it\/wp-content\/litespeed\/avatar\/3a675484bc84db6aba78d43bfc8b7197.jpg?ver=1776880798","contentUrl":"https:\/\/www.nonsolomusicamagazine.it\/wp-content\/litespeed\/avatar\/3a675484bc84db6aba78d43bfc8b7197.jpg?ver=1776880798","caption":"nonsolomusica"},"sameAs":["https:\/\/www.nonsolomusicamagazine.it"],"url":"https:\/\/www.nonsolomusicamagazine.it\/?author=1"}]}},"amp_enabled":true,"_links":{"self":[{"href":"https:\/\/www.nonsolomusicamagazine.it\/index.php?rest_route=\/wp\/v2\/posts\/8716","targetHints":{"allow":["GET"]}}],"collection":[{"href":"https:\/\/www.nonsolomusicamagazine.it\/index.php?rest_route=\/wp\/v2\/posts"}],"about":[{"href":"https:\/\/www.nonsolomusicamagazine.it\/index.php?rest_route=\/wp\/v2\/types\/post"}],"author":[{"embeddable":true,"href":"https:\/\/www.nonsolomusicamagazine.it\/index.php?rest_route=\/wp\/v2\/users\/1"}],"replies":[{"embeddable":true,"href":"https:\/\/www.nonsolomusicamagazine.it\/index.php?rest_route=%2Fwp%2Fv2%2Fcomments&post=8716"}],"version-history":[{"count":0,"href":"https:\/\/www.nonsolomusicamagazine.it\/index.php?rest_route=\/wp\/v2\/posts\/8716\/revisions"}],"wp:featuredmedia":[{"embeddable":true,"href":"https:\/\/www.nonsolomusicamagazine.it\/index.php?rest_route=\/wp\/v2\/media\/8717"}],"wp:attachment":[{"href":"https:\/\/www.nonsolomusicamagazine.it\/index.php?rest_route=%2Fwp%2Fv2%2Fmedia&parent=8716"}],"wp:term":[{"taxonomy":"category","embeddable":true,"href":"https:\/\/www.nonsolomusicamagazine.it\/index.php?rest_route=%2Fwp%2Fv2%2Fcategories&post=8716"},{"taxonomy":"post_tag","embeddable":true,"href":"https:\/\/www.nonsolomusicamagazine.it\/index.php?rest_route=%2Fwp%2Fv2%2Ftags&post=8716"}],"curies":[{"name":"wp","href":"https:\/\/api.w.org\/{rel}","templated":true}]}}