{"id":8724,"date":"2025-02-26T19:53:17","date_gmt":"2025-02-26T18:53:17","guid":{"rendered":"https:\/\/www.nonsolomusicamagazine.it\/?p=8724"},"modified":"2025-02-26T19:57:17","modified_gmt":"2025-02-26T18:57:17","slug":"due-anni-fa-la-tragedia-di-cutro-un-ricordo-delle-vittime-ed-il-punto-sullaccordo-italia-albania-sui-migranti-mentre-si-studia-un-decreto-per-render-legali-le-deportazioni","status":"publish","type":"post","link":"https:\/\/www.nonsolomusicamagazine.it\/?p=8724","title":{"rendered":"Due anni fa la tragedia di Cutro. Un ricordo delle vittime ed il punto sull&#8217;accordo Italia &#8211; Albania sui migranti, mentre si studia un decreto per render legali le deportazioni."},"content":{"rendered":"\n<p>Nella notte tra il 25 e il 26 febbraio 2023, a Steccato di Cutro (nel Crotonese) 34 uomini, 26 donne e 34 minori trovarono la morte nelle acque di quel mare che rappresentava \u201cla loro unica speranza\u201d. Lo ricordano oggi i vescovi della Calabria in una nota a due anni da quella tragedie, evidenziando che dal 2014 sono circa 23.000 le persone che hanno perso la vita nel Mar Mediterraneo: \u201cIl rischio \u00e8 che perdano anche la voce: quella voce che siamo chiamati ascoltare, non solo per non dimenticarli, ma per non rendere vana la loro vita e la loro morte\u201d, scrivono in una nota diffusa poco fa. I presuli calabri rivolgono \u201cun accorato appello affinch\u00e9 non scenda l\u2019ombra dell\u2019oblio su queste vite spente n\u00e9 sulle tante altre che necessitano ancora di essere ascoltate. Non possiamo \u2013 scrivono \u2013 dimenticare come molte di queste provengano da campi profughi di cui nessuno parla e da citt\u00e0 ghetto di cui nessuno si occupa volentieri\u201d. La Conferenza episcopale calabra chiede che \u201ctutti facciano la loro parte: Stato, Regioni, Province e Comuni, Chiesa, mondo dell\u2019informazione e altre realt\u00e0 associative. Tutti, ognuno per ci\u00f2 che gli \u00e8 proprio, si impegnino con maggior coraggio e forza per promuovere non la cultura della chiusura, della persecuzione, della violenza, della deprivazione della dignit\u00e0 umana, ma quella della accoglienza e della familiarit\u00e0. Costruiamo insieme una storia che non sia la fine, ma un nuovo inizio per quei tanti che in noi vedono una speranza di vita nuova!\u201d.<\/p>\n\n\n\n<p>Sulla ricorrenza di una inaccettabile tragedia e sul tentativo del governo italiano di scrivere un decreto che renda legale la deportazione di migranti in Albania ha scritto un bell&#8217;articolo Irina Smirnova di FarodiRoma.it, dal titolo &#8220;Migranti lasciati affogare. Due anni fa la tragedia di Cutro. La ricorrenza mentre si studia un decreto per rendere legali le deportazioni criminali in Albania.<\/p>\n\n\n\n<p><blockquote class=\"wp-embedded-content\" data-secret=\"6xMDxSEj4Q\"><a href=\"https:\/\/www.farodiroma.it\/migranti-lasciati-affogare-due-anni-fa-la-tragedia-di-cutro-la-ricorrenza-mentre-si-studia-un-decreto-per-rendere-legali-le-deportazioni-crominali-in-albania-i-smirnova\/\">Migranti lasciati affogare. Due anni fa la tragedia di Cutro. La ricorrenza mentre si studia un decreto per rendere legali le deportazioni criminali in Albania (I. Smirnova)<\/a><\/blockquote><iframe class=\"wp-embedded-content\" sandbox=\"allow-scripts\" security=\"restricted\" style=\"position: absolute; visibility: hidden;\" title=\"&#8220;Migranti lasciati affogare. Due anni fa la tragedia di Cutro. La ricorrenza mentre si studia un decreto per rendere legali le deportazioni criminali in Albania (I. Smirnova)&#8221; &#8212; FarodiRoma\" src=\"https:\/\/www.farodiroma.it\/migranti-lasciati-affogare-due-anni-fa-la-tragedia-di-cutro-la-ricorrenza-mentre-si-studia-un-decreto-per-rendere-legali-le-deportazioni-crominali-in-albania-i-smirnova\/embed\/#?secret=4yZ4w8RwkS#?secret=6xMDxSEj4Q\" data-secret=\"6xMDxSEj4Q\" width=\"600\" height=\"338\" frameborder=\"0\" marginwidth=\"0\" marginheight=\"0\" scrolling=\"no\"><\/iframe><\/p>\n\n\n\n<figure class=\"wp-block-image size-full\"><img decoding=\"async\" width=\"768\" height=\"512\" src=\"https:\/\/www.nonsolomusicamagazine.it\/wp-content\/uploads\/2025\/02\/1000043318.webp\" alt=\"\" class=\"wp-image-8725\" srcset=\"https:\/\/www.nonsolomusicamagazine.it\/wp-content\/uploads\/2025\/02\/1000043318.webp 768w, https:\/\/www.nonsolomusicamagazine.it\/wp-content\/uploads\/2025\/02\/1000043318-300x200.webp 300w\" sizes=\"(max-width: 768px) 100vw, 768px\" \/><\/figure>\n\n\n\n<p><\/p>\n","protected":false},"excerpt":{"rendered":"<p>Nella notte tra il 25 e il 26 febbraio 2023, a Steccato di Cutro (nel Crotonese) 34 uomini, 26 donne e 34 minori trovarono la morte nelle acque di quel mare che rappresentava \u201cla loro unica speranza\u201d. Lo ricordano oggi i vescovi della Calabria in una nota a due anni da quella tragedie, evidenziando che [&hellip;]<\/p>\n","protected":false},"author":1,"featured_media":8725,"comment_status":"open","ping_status":"closed","sticky":false,"template":"","format":"standard","meta":{"footnotes":""},"categories":[5,20],"tags":[],"class_list":["post-8724","post","type-post","status-publish","format-standard","has-post-thumbnail","hentry","category-politica","category-societa"],"yoast_head":"<!-- This site is optimized with the Yoast SEO plugin v27.4 - https:\/\/yoast.com\/product\/yoast-seo-wordpress\/ -->\n<title>Due anni fa la tragedia di Cutro. Un ricordo delle vittime ed il punto sull&#039;accordo Italia - Albania sui migranti, mentre si studia un decreto per render legali le deportazioni. - NonSoloMusicaMagazine<\/title>\n<meta name=\"description\" content=\"Cutro Italia Albania\" \/>\n<meta name=\"robots\" content=\"index, follow, max-snippet:-1, max-image-preview:large, max-video-preview:-1\" \/>\n<link rel=\"canonical\" href=\"https:\/\/www.nonsolomusicamagazine.it\/?p=8724\" \/>\n<meta property=\"og:locale\" content=\"it_IT\" \/>\n<meta property=\"og:type\" content=\"article\" \/>\n<meta property=\"og:title\" content=\"Due anni fa la tragedia di Cutro. Un ricordo delle vittime ed il punto sull&#039;accordo Italia - Albania sui migranti, mentre si studia un decreto per render legali le deportazioni. - NonSoloMusicaMagazine\" \/>\n<meta property=\"og:description\" content=\"Cutro Italia Albania\" \/>\n<meta property=\"og:url\" content=\"https:\/\/www.nonsolomusicamagazine.it\/?p=8724\" \/>\n<meta property=\"og:site_name\" content=\"NonSoloMusicaMagazine\" \/>\n<meta property=\"article:published_time\" content=\"2025-02-26T18:53:17+00:00\" \/>\n<meta property=\"article:modified_time\" content=\"2025-02-26T18:57:17+00:00\" \/>\n<meta property=\"og:image\" content=\"https:\/\/www.nonsolomusicamagazine.it\/wp-content\/uploads\/2025\/02\/1000043318.webp\" \/>\n\t<meta property=\"og:image:width\" content=\"768\" \/>\n\t<meta property=\"og:image:height\" content=\"512\" \/>\n\t<meta property=\"og:image:type\" content=\"image\/webp\" \/>\n<meta name=\"author\" content=\"nonsolomusica\" \/>\n<meta name=\"twitter:card\" content=\"summary_large_image\" \/>\n<meta name=\"twitter:label1\" content=\"Scritto da\" \/>\n\t<meta name=\"twitter:data1\" content=\"nonsolomusica\" \/>\n\t<meta name=\"twitter:label2\" content=\"Tempo di lettura stimato\" \/>\n\t<meta name=\"twitter:data2\" content=\"3 minuti\" \/>\n<script type=\"application\/ld+json\" class=\"yoast-schema-graph\">{\"@context\":\"https:\\\/\\\/schema.org\",\"@graph\":[{\"@type\":\"Article\",\"@id\":\"https:\\\/\\\/www.nonsolomusicamagazine.it\\\/?p=8724#article\",\"isPartOf\":{\"@id\":\"https:\\\/\\\/www.nonsolomusicamagazine.it\\\/?p=8724\"},\"author\":{\"name\":\"nonsolomusica\",\"@id\":\"https:\\\/\\\/www.nonsolomusicamagazine.it\\\/#\\\/schema\\\/person\\\/a3349ad02300d046472d46cf6d31ae46\"},\"headline\":\"Due anni fa la tragedia di Cutro. Un ricordo delle vittime ed il punto sull&#8217;accordo Italia &#8211; Albania sui migranti, mentre si studia un decreto per render legali le deportazioni.\",\"datePublished\":\"2025-02-26T18:53:17+00:00\",\"dateModified\":\"2025-02-26T18:57:17+00:00\",\"mainEntityOfPage\":{\"@id\":\"https:\\\/\\\/www.nonsolomusicamagazine.it\\\/?p=8724\"},\"wordCount\":337,\"commentCount\":0,\"image\":{\"@id\":\"https:\\\/\\\/www.nonsolomusicamagazine.it\\\/?p=8724#primaryimage\"},\"thumbnailUrl\":\"https:\\\/\\\/www.nonsolomusicamagazine.it\\\/wp-content\\\/uploads\\\/2025\\\/02\\\/1000043318.webp\",\"articleSection\":[\"Politica\",\"Societ\u00e0\"],\"inLanguage\":\"it-IT\",\"potentialAction\":[{\"@type\":\"CommentAction\",\"name\":\"Comment\",\"target\":[\"https:\\\/\\\/www.nonsolomusicamagazine.it\\\/?p=8724#respond\"]}]},{\"@type\":\"WebPage\",\"@id\":\"https:\\\/\\\/www.nonsolomusicamagazine.it\\\/?p=8724\",\"url\":\"https:\\\/\\\/www.nonsolomusicamagazine.it\\\/?p=8724\",\"name\":\"Due anni fa la tragedia di Cutro. Un ricordo delle vittime ed il punto sull'accordo Italia - Albania sui migranti, mentre si studia un decreto per render legali le deportazioni. - NonSoloMusicaMagazine\",\"isPartOf\":{\"@id\":\"https:\\\/\\\/www.nonsolomusicamagazine.it\\\/#website\"},\"primaryImageOfPage\":{\"@id\":\"https:\\\/\\\/www.nonsolomusicamagazine.it\\\/?p=8724#primaryimage\"},\"image\":{\"@id\":\"https:\\\/\\\/www.nonsolomusicamagazine.it\\\/?p=8724#primaryimage\"},\"thumbnailUrl\":\"https:\\\/\\\/www.nonsolomusicamagazine.it\\\/wp-content\\\/uploads\\\/2025\\\/02\\\/1000043318.webp\",\"datePublished\":\"2025-02-26T18:53:17+00:00\",\"dateModified\":\"2025-02-26T18:57:17+00:00\",\"author\":{\"@id\":\"https:\\\/\\\/www.nonsolomusicamagazine.it\\\/#\\\/schema\\\/person\\\/a3349ad02300d046472d46cf6d31ae46\"},\"description\":\"Cutro Italia Albania\",\"breadcrumb\":{\"@id\":\"https:\\\/\\\/www.nonsolomusicamagazine.it\\\/?p=8724#breadcrumb\"},\"inLanguage\":\"it-IT\",\"potentialAction\":[{\"@type\":\"ReadAction\",\"target\":[\"https:\\\/\\\/www.nonsolomusicamagazine.it\\\/?p=8724\"]}]},{\"@type\":\"ImageObject\",\"inLanguage\":\"it-IT\",\"@id\":\"https:\\\/\\\/www.nonsolomusicamagazine.it\\\/?p=8724#primaryimage\",\"url\":\"https:\\\/\\\/www.nonsolomusicamagazine.it\\\/wp-content\\\/uploads\\\/2025\\\/02\\\/1000043318.webp\",\"contentUrl\":\"https:\\\/\\\/www.nonsolomusicamagazine.it\\\/wp-content\\\/uploads\\\/2025\\\/02\\\/1000043318.webp\",\"width\":768,\"height\":512},{\"@type\":\"BreadcrumbList\",\"@id\":\"https:\\\/\\\/www.nonsolomusicamagazine.it\\\/?p=8724#breadcrumb\",\"itemListElement\":[{\"@type\":\"ListItem\",\"position\":1,\"name\":\"Home\",\"item\":\"https:\\\/\\\/www.nonsolomusicamagazine.it\\\/\"},{\"@type\":\"ListItem\",\"position\":2,\"name\":\"Due anni fa la tragedia di Cutro. Un ricordo delle vittime ed il punto sull&#8217;accordo Italia &#8211; Albania sui migranti, mentre si studia un decreto per render legali le deportazioni.\"}]},{\"@type\":\"WebSite\",\"@id\":\"https:\\\/\\\/www.nonsolomusicamagazine.it\\\/#website\",\"url\":\"https:\\\/\\\/www.nonsolomusicamagazine.it\\\/\",\"name\":\"Nonsolomusicamagazine\",\"description\":\"Dir. responsabile Manuel M Buccarella\",\"potentialAction\":[{\"@type\":\"SearchAction\",\"target\":{\"@type\":\"EntryPoint\",\"urlTemplate\":\"https:\\\/\\\/www.nonsolomusicamagazine.it\\\/?s={search_term_string}\"},\"query-input\":{\"@type\":\"PropertyValueSpecification\",\"valueRequired\":true,\"valueName\":\"search_term_string\"}}],\"inLanguage\":\"it-IT\"},{\"@type\":\"Person\",\"@id\":\"https:\\\/\\\/www.nonsolomusicamagazine.it\\\/#\\\/schema\\\/person\\\/a3349ad02300d046472d46cf6d31ae46\",\"name\":\"nonsolomusica\",\"image\":{\"@type\":\"ImageObject\",\"inLanguage\":\"it-IT\",\"@id\":\"https:\\\/\\\/www.nonsolomusicamagazine.it\\\/wp-content\\\/litespeed\\\/avatar\\\/3a675484bc84db6aba78d43bfc8b7197.jpg?ver=1776880798\",\"url\":\"https:\\\/\\\/www.nonsolomusicamagazine.it\\\/wp-content\\\/litespeed\\\/avatar\\\/3a675484bc84db6aba78d43bfc8b7197.jpg?ver=1776880798\",\"contentUrl\":\"https:\\\/\\\/www.nonsolomusicamagazine.it\\\/wp-content\\\/litespeed\\\/avatar\\\/3a675484bc84db6aba78d43bfc8b7197.jpg?ver=1776880798\",\"caption\":\"nonsolomusica\"},\"sameAs\":[\"https:\\\/\\\/www.nonsolomusicamagazine.it\"],\"url\":\"https:\\\/\\\/www.nonsolomusicamagazine.it\\\/?author=1\"}]}<\/script>\n<!-- \/ Yoast SEO plugin. -->","yoast_head_json":{"title":"Due anni fa la tragedia di Cutro. Un ricordo delle vittime ed il punto sull'accordo Italia - Albania sui migranti, mentre si studia un decreto per render legali le deportazioni. - NonSoloMusicaMagazine","description":"Cutro Italia Albania","robots":{"index":"index","follow":"follow","max-snippet":"max-snippet:-1","max-image-preview":"max-image-preview:large","max-video-preview":"max-video-preview:-1"},"canonical":"https:\/\/www.nonsolomusicamagazine.it\/?p=8724","og_locale":"it_IT","og_type":"article","og_title":"Due anni fa la tragedia di Cutro. Un ricordo delle vittime ed il punto sull'accordo Italia - Albania sui migranti, mentre si studia un decreto per render legali le deportazioni. - NonSoloMusicaMagazine","og_description":"Cutro Italia Albania","og_url":"https:\/\/www.nonsolomusicamagazine.it\/?p=8724","og_site_name":"NonSoloMusicaMagazine","article_published_time":"2025-02-26T18:53:17+00:00","article_modified_time":"2025-02-26T18:57:17+00:00","og_image":[{"width":768,"height":512,"url":"https:\/\/www.nonsolomusicamagazine.it\/wp-content\/uploads\/2025\/02\/1000043318.webp","type":"image\/webp"}],"author":"nonsolomusica","twitter_card":"summary_large_image","twitter_misc":{"Scritto da":"nonsolomusica","Tempo di lettura stimato":"3 minuti"},"schema":{"@context":"https:\/\/schema.org","@graph":[{"@type":"Article","@id":"https:\/\/www.nonsolomusicamagazine.it\/?p=8724#article","isPartOf":{"@id":"https:\/\/www.nonsolomusicamagazine.it\/?p=8724"},"author":{"name":"nonsolomusica","@id":"https:\/\/www.nonsolomusicamagazine.it\/#\/schema\/person\/a3349ad02300d046472d46cf6d31ae46"},"headline":"Due anni fa la tragedia di Cutro. Un ricordo delle vittime ed il punto sull&#8217;accordo Italia &#8211; Albania sui migranti, mentre si studia un decreto per render legali le deportazioni.","datePublished":"2025-02-26T18:53:17+00:00","dateModified":"2025-02-26T18:57:17+00:00","mainEntityOfPage":{"@id":"https:\/\/www.nonsolomusicamagazine.it\/?p=8724"},"wordCount":337,"commentCount":0,"image":{"@id":"https:\/\/www.nonsolomusicamagazine.it\/?p=8724#primaryimage"},"thumbnailUrl":"https:\/\/www.nonsolomusicamagazine.it\/wp-content\/uploads\/2025\/02\/1000043318.webp","articleSection":["Politica","Societ\u00e0"],"inLanguage":"it-IT","potentialAction":[{"@type":"CommentAction","name":"Comment","target":["https:\/\/www.nonsolomusicamagazine.it\/?p=8724#respond"]}]},{"@type":"WebPage","@id":"https:\/\/www.nonsolomusicamagazine.it\/?p=8724","url":"https:\/\/www.nonsolomusicamagazine.it\/?p=8724","name":"Due anni fa la tragedia di Cutro. Un ricordo delle vittime ed il punto sull'accordo Italia - Albania sui migranti, mentre si studia un decreto per render legali le deportazioni. - NonSoloMusicaMagazine","isPartOf":{"@id":"https:\/\/www.nonsolomusicamagazine.it\/#website"},"primaryImageOfPage":{"@id":"https:\/\/www.nonsolomusicamagazine.it\/?p=8724#primaryimage"},"image":{"@id":"https:\/\/www.nonsolomusicamagazine.it\/?p=8724#primaryimage"},"thumbnailUrl":"https:\/\/www.nonsolomusicamagazine.it\/wp-content\/uploads\/2025\/02\/1000043318.webp","datePublished":"2025-02-26T18:53:17+00:00","dateModified":"2025-02-26T18:57:17+00:00","author":{"@id":"https:\/\/www.nonsolomusicamagazine.it\/#\/schema\/person\/a3349ad02300d046472d46cf6d31ae46"},"description":"Cutro Italia Albania","breadcrumb":{"@id":"https:\/\/www.nonsolomusicamagazine.it\/?p=8724#breadcrumb"},"inLanguage":"it-IT","potentialAction":[{"@type":"ReadAction","target":["https:\/\/www.nonsolomusicamagazine.it\/?p=8724"]}]},{"@type":"ImageObject","inLanguage":"it-IT","@id":"https:\/\/www.nonsolomusicamagazine.it\/?p=8724#primaryimage","url":"https:\/\/www.nonsolomusicamagazine.it\/wp-content\/uploads\/2025\/02\/1000043318.webp","contentUrl":"https:\/\/www.nonsolomusicamagazine.it\/wp-content\/uploads\/2025\/02\/1000043318.webp","width":768,"height":512},{"@type":"BreadcrumbList","@id":"https:\/\/www.nonsolomusicamagazine.it\/?p=8724#breadcrumb","itemListElement":[{"@type":"ListItem","position":1,"name":"Home","item":"https:\/\/www.nonsolomusicamagazine.it\/"},{"@type":"ListItem","position":2,"name":"Due anni fa la tragedia di Cutro. Un ricordo delle vittime ed il punto sull&#8217;accordo Italia &#8211; Albania sui migranti, mentre si studia un decreto per render legali le deportazioni."}]},{"@type":"WebSite","@id":"https:\/\/www.nonsolomusicamagazine.it\/#website","url":"https:\/\/www.nonsolomusicamagazine.it\/","name":"Nonsolomusicamagazine","description":"Dir. responsabile Manuel M Buccarella","potentialAction":[{"@type":"SearchAction","target":{"@type":"EntryPoint","urlTemplate":"https:\/\/www.nonsolomusicamagazine.it\/?s={search_term_string}"},"query-input":{"@type":"PropertyValueSpecification","valueRequired":true,"valueName":"search_term_string"}}],"inLanguage":"it-IT"},{"@type":"Person","@id":"https:\/\/www.nonsolomusicamagazine.it\/#\/schema\/person\/a3349ad02300d046472d46cf6d31ae46","name":"nonsolomusica","image":{"@type":"ImageObject","inLanguage":"it-IT","@id":"https:\/\/www.nonsolomusicamagazine.it\/wp-content\/litespeed\/avatar\/3a675484bc84db6aba78d43bfc8b7197.jpg?ver=1776880798","url":"https:\/\/www.nonsolomusicamagazine.it\/wp-content\/litespeed\/avatar\/3a675484bc84db6aba78d43bfc8b7197.jpg?ver=1776880798","contentUrl":"https:\/\/www.nonsolomusicamagazine.it\/wp-content\/litespeed\/avatar\/3a675484bc84db6aba78d43bfc8b7197.jpg?ver=1776880798","caption":"nonsolomusica"},"sameAs":["https:\/\/www.nonsolomusicamagazine.it"],"url":"https:\/\/www.nonsolomusicamagazine.it\/?author=1"}]}},"amp_enabled":true,"_links":{"self":[{"href":"https:\/\/www.nonsolomusicamagazine.it\/index.php?rest_route=\/wp\/v2\/posts\/8724","targetHints":{"allow":["GET"]}}],"collection":[{"href":"https:\/\/www.nonsolomusicamagazine.it\/index.php?rest_route=\/wp\/v2\/posts"}],"about":[{"href":"https:\/\/www.nonsolomusicamagazine.it\/index.php?rest_route=\/wp\/v2\/types\/post"}],"author":[{"embeddable":true,"href":"https:\/\/www.nonsolomusicamagazine.it\/index.php?rest_route=\/wp\/v2\/users\/1"}],"replies":[{"embeddable":true,"href":"https:\/\/www.nonsolomusicamagazine.it\/index.php?rest_route=%2Fwp%2Fv2%2Fcomments&post=8724"}],"version-history":[{"count":0,"href":"https:\/\/www.nonsolomusicamagazine.it\/index.php?rest_route=\/wp\/v2\/posts\/8724\/revisions"}],"wp:featuredmedia":[{"embeddable":true,"href":"https:\/\/www.nonsolomusicamagazine.it\/index.php?rest_route=\/wp\/v2\/media\/8725"}],"wp:attachment":[{"href":"https:\/\/www.nonsolomusicamagazine.it\/index.php?rest_route=%2Fwp%2Fv2%2Fmedia&parent=8724"}],"wp:term":[{"taxonomy":"category","embeddable":true,"href":"https:\/\/www.nonsolomusicamagazine.it\/index.php?rest_route=%2Fwp%2Fv2%2Fcategories&post=8724"},{"taxonomy":"post_tag","embeddable":true,"href":"https:\/\/www.nonsolomusicamagazine.it\/index.php?rest_route=%2Fwp%2Fv2%2Ftags&post=8724"}],"curies":[{"name":"wp","href":"https:\/\/api.w.org\/{rel}","templated":true}]}}