{"id":8733,"date":"2025-02-27T10:34:53","date_gmt":"2025-02-27T09:34:53","guid":{"rendered":"https:\/\/www.nonsolomusicamagazine.it\/?p=8733"},"modified":"2025-02-27T10:34:55","modified_gmt":"2025-02-27T09:34:55","slug":"la-gabbia-dei-matti-di-marco-travaglio","status":"publish","type":"post","link":"https:\/\/www.nonsolomusicamagazine.it\/?p=8733","title":{"rendered":"La gabbia dei matti &#8211; di Marco Travaglio"},"content":{"rendered":"\n<p>La gabbia dei matti &#8211; di Marco Travaglio<br>Gioved\u00ec 27 Feb 2025<\/p>\n\n\n\n<p>Geniale l\u2019idea europea di offrire truppe di pace per l\u2019Ucraina mentre non c\u2019\u00e8 neppure una tregua e contemporaneamente continuare a spedirvi armi che le milizie pi\u00f9 ostili alla pace useranno per attaccare le truppe di peacekeeping e continuare la guerra. <\/p>\n\n\n\n<p>Strepitosa l\u2019idea di seguitare a dissanguare e indebitare l\u2019Europa con un Pnrr militare e una \u201cBanca del Riarmo\u201d (l\u2019ultima trovata di Ursula) per gettare il 3% del Pil senza vincoli di bilancio, perseverare con le auto-sanzioni e preparare la guerra contro una Russia che spende molto meno di noi e non ha motivi di invaderci, specie nel nuovo ordine mondiale \u201cTrumputin\u201d. Il tutto senza che l\u2019Ue abbia ancora detto una parola chiara su cosa vuole: \u201cPiena vittoria militare ucraina\u201d e \u201ccambiamento democratico in Russia e altri paesi autoritari come la Bielorussia\u201d, come recita la risoluzione votata un mese fa a Bruxelles? <\/p>\n\n\n\n<p>L\u2019\u201cintegrit\u00e0 territoriale ucraina\u201d invocata dalla risoluzione Onu, appena votata dagli europei e bocciata in Consiglio di Sicurezza dai no di Usa, Russia e Cina e dall\u2019astensione di Londra e Parigi? O il sostegno agli inevitabili negoziati avviati da Trump e ormai digeriti da Zelensky, che ha persino accettato l\u2019accordo-capestro sulle terre rare?<br>La posizione europea \u00e8 cos\u00ec manicomiale che potremmo presto assistere alla firma di un\u2019intesa Usa-Russia-Ucraina fra le proteste di Von der Leyen, Kallas e altri squilibrati. Dei quali non pare far parte Macron: non quello finto che fa la voce grossa e la faccia feroce contro la Pax Trumpiana; ma quello vero che va a Washington a leccare il ciuffo a Donald lodandolo per le sue \u201cbuone ragioni\u201d di trattare direttamente con Putin scavalcando Kiev e Bruxelles e perfino perch\u00e9 si fa ridare i soldi da Zelensky rapinandogli le terre rare. E se ne frega allegramente dell\u2019ingresso di Kiev nella Nato, che l\u2019Ue definiva \u201cpercorso irreversibile\u201d ancora il 17 luglio scorso con i voti di Ppe, Pse, Liberali, Verdi e parte dei Conservatori, inclusi FdI, Pd e FI (contrari solo M5S, Lega e Avs). Continuare a illuderli che otterranno la vittoria completa, l\u2019integrit\u00e0 territoriale (con le quattro regioni annesse dai russi nel 2022 pi\u00f9 la Crimea perduta nel 2014) e pure la Nato, quando tutti sanno che sono fiabe della buona notte, non significa aiutare Zelensky e gli ucraini. Significa preparare la rivolta degli ucraini contro Zelensky, che esploder\u00e0 quando sar\u00e0 chiaro a tutti che gran parte dei territori occupati resteranno russi, la Nato \u00e8 fuori discussione e pure la Ue \u00e8 un miraggio (visti i costi dell\u2019operazione, insostenibili sia per Kiev sia per l\u2019Ue). Trump, che almeno in questo disastro non ha alcuna colpa, non sa pi\u00f9 come dirci che la guerra \u00e8 persa. Poi, con calma, lo scopriranno e lo diranno anche quelli che l\u2019hanno persa.<\/p>\n\n\n\n<figure class=\"wp-block-image size-full\"><img decoding=\"async\" width=\"616\" height=\"470\" src=\"https:\/\/www.nonsolomusicamagazine.it\/wp-content\/uploads\/2025\/02\/1000043414.jpg\" alt=\"\" class=\"wp-image-8734\" srcset=\"https:\/\/www.nonsolomusicamagazine.it\/wp-content\/uploads\/2025\/02\/1000043414.jpg 616w, https:\/\/www.nonsolomusicamagazine.it\/wp-content\/uploads\/2025\/02\/1000043414-300x229.jpg 300w\" sizes=\"(max-width: 616px) 100vw, 616px\" \/><\/figure>\n","protected":false},"excerpt":{"rendered":"<p>La gabbia dei matti &#8211; di Marco TravaglioGioved\u00ec 27 Feb 2025 Geniale l\u2019idea europea di offrire truppe di pace per l\u2019Ucraina mentre non c\u2019\u00e8 neppure una tregua e contemporaneamente continuare a spedirvi armi che le milizie pi\u00f9 ostili alla pace useranno per attaccare le truppe di peacekeeping e continuare la guerra. Strepitosa l\u2019idea di seguitare [&hellip;]<\/p>\n","protected":false},"author":1,"featured_media":8734,"comment_status":"open","ping_status":"closed","sticky":false,"template":"","format":"standard","meta":{"footnotes":""},"categories":[6,5],"tags":[1477,221,69,35,3331,98],"class_list":["post-8733","post","type-post","status-publish","format-standard","has-post-thumbnail","hentry","category-esteri","category-politica","tag-europa","tag-guerra","tag-pace","tag-putin","tag-travaglio","tag-trump"],"yoast_head":"<!-- This site is optimized with the Yoast SEO plugin v27.4 - https:\/\/yoast.com\/product\/yoast-seo-wordpress\/ -->\n<title>La gabbia dei matti - di Marco Travaglio - NonSoloMusicaMagazine<\/title>\n<meta name=\"description\" content=\"La gabbia dei matti - di Marco Travaglio\" \/>\n<meta name=\"robots\" content=\"index, follow, max-snippet:-1, max-image-preview:large, max-video-preview:-1\" \/>\n<link rel=\"canonical\" href=\"https:\/\/www.nonsolomusicamagazine.it\/?p=8733\" \/>\n<meta property=\"og:locale\" content=\"it_IT\" \/>\n<meta property=\"og:type\" content=\"article\" \/>\n<meta property=\"og:title\" content=\"La gabbia dei matti - di Marco Travaglio - NonSoloMusicaMagazine\" \/>\n<meta property=\"og:description\" content=\"La gabbia dei matti - di Marco Travaglio\" \/>\n<meta property=\"og:url\" content=\"https:\/\/www.nonsolomusicamagazine.it\/?p=8733\" \/>\n<meta property=\"og:site_name\" content=\"NonSoloMusicaMagazine\" \/>\n<meta property=\"article:published_time\" content=\"2025-02-27T09:34:53+00:00\" \/>\n<meta property=\"article:modified_time\" content=\"2025-02-27T09:34:55+00:00\" \/>\n<meta property=\"og:image\" content=\"https:\/\/www.nonsolomusicamagazine.it\/wp-content\/uploads\/2025\/02\/1000043414.jpg\" \/>\n\t<meta property=\"og:image:width\" content=\"616\" \/>\n\t<meta property=\"og:image:height\" content=\"470\" \/>\n\t<meta property=\"og:image:type\" content=\"image\/jpeg\" \/>\n<meta name=\"author\" content=\"nonsolomusica\" \/>\n<meta name=\"twitter:card\" content=\"summary_large_image\" \/>\n<meta name=\"twitter:label1\" content=\"Scritto da\" \/>\n\t<meta name=\"twitter:data1\" content=\"nonsolomusica\" \/>\n\t<meta name=\"twitter:label2\" content=\"Tempo di lettura stimato\" \/>\n\t<meta name=\"twitter:data2\" content=\"3 minuti\" \/>\n<script type=\"application\/ld+json\" class=\"yoast-schema-graph\">{\"@context\":\"https:\\\/\\\/schema.org\",\"@graph\":[{\"@type\":\"Article\",\"@id\":\"https:\\\/\\\/www.nonsolomusicamagazine.it\\\/?p=8733#article\",\"isPartOf\":{\"@id\":\"https:\\\/\\\/www.nonsolomusicamagazine.it\\\/?p=8733\"},\"author\":{\"name\":\"nonsolomusica\",\"@id\":\"https:\\\/\\\/www.nonsolomusicamagazine.it\\\/#\\\/schema\\\/person\\\/a3349ad02300d046472d46cf6d31ae46\"},\"headline\":\"La gabbia dei matti &#8211; di Marco Travaglio\",\"datePublished\":\"2025-02-27T09:34:53+00:00\",\"dateModified\":\"2025-02-27T09:34:55+00:00\",\"mainEntityOfPage\":{\"@id\":\"https:\\\/\\\/www.nonsolomusicamagazine.it\\\/?p=8733\"},\"wordCount\":477,\"commentCount\":0,\"image\":{\"@id\":\"https:\\\/\\\/www.nonsolomusicamagazine.it\\\/?p=8733#primaryimage\"},\"thumbnailUrl\":\"https:\\\/\\\/www.nonsolomusicamagazine.it\\\/wp-content\\\/uploads\\\/2025\\\/02\\\/1000043414.jpg\",\"keywords\":[\"Europa\",\"Guerra\",\"Pace\",\"Putin\",\"Travaglio\",\"Trump\"],\"articleSection\":[\"Esteri\",\"Politica\"],\"inLanguage\":\"it-IT\",\"potentialAction\":[{\"@type\":\"CommentAction\",\"name\":\"Comment\",\"target\":[\"https:\\\/\\\/www.nonsolomusicamagazine.it\\\/?p=8733#respond\"]}]},{\"@type\":\"WebPage\",\"@id\":\"https:\\\/\\\/www.nonsolomusicamagazine.it\\\/?p=8733\",\"url\":\"https:\\\/\\\/www.nonsolomusicamagazine.it\\\/?p=8733\",\"name\":\"La gabbia dei matti - di Marco Travaglio - NonSoloMusicaMagazine\",\"isPartOf\":{\"@id\":\"https:\\\/\\\/www.nonsolomusicamagazine.it\\\/#website\"},\"primaryImageOfPage\":{\"@id\":\"https:\\\/\\\/www.nonsolomusicamagazine.it\\\/?p=8733#primaryimage\"},\"image\":{\"@id\":\"https:\\\/\\\/www.nonsolomusicamagazine.it\\\/?p=8733#primaryimage\"},\"thumbnailUrl\":\"https:\\\/\\\/www.nonsolomusicamagazine.it\\\/wp-content\\\/uploads\\\/2025\\\/02\\\/1000043414.jpg\",\"datePublished\":\"2025-02-27T09:34:53+00:00\",\"dateModified\":\"2025-02-27T09:34:55+00:00\",\"author\":{\"@id\":\"https:\\\/\\\/www.nonsolomusicamagazine.it\\\/#\\\/schema\\\/person\\\/a3349ad02300d046472d46cf6d31ae46\"},\"description\":\"La gabbia dei matti - di Marco Travaglio\",\"breadcrumb\":{\"@id\":\"https:\\\/\\\/www.nonsolomusicamagazine.it\\\/?p=8733#breadcrumb\"},\"inLanguage\":\"it-IT\",\"potentialAction\":[{\"@type\":\"ReadAction\",\"target\":[\"https:\\\/\\\/www.nonsolomusicamagazine.it\\\/?p=8733\"]}]},{\"@type\":\"ImageObject\",\"inLanguage\":\"it-IT\",\"@id\":\"https:\\\/\\\/www.nonsolomusicamagazine.it\\\/?p=8733#primaryimage\",\"url\":\"https:\\\/\\\/www.nonsolomusicamagazine.it\\\/wp-content\\\/uploads\\\/2025\\\/02\\\/1000043414.jpg\",\"contentUrl\":\"https:\\\/\\\/www.nonsolomusicamagazine.it\\\/wp-content\\\/uploads\\\/2025\\\/02\\\/1000043414.jpg\",\"width\":616,\"height\":470},{\"@type\":\"BreadcrumbList\",\"@id\":\"https:\\\/\\\/www.nonsolomusicamagazine.it\\\/?p=8733#breadcrumb\",\"itemListElement\":[{\"@type\":\"ListItem\",\"position\":1,\"name\":\"Home\",\"item\":\"https:\\\/\\\/www.nonsolomusicamagazine.it\\\/\"},{\"@type\":\"ListItem\",\"position\":2,\"name\":\"La gabbia dei matti &#8211; di Marco Travaglio\"}]},{\"@type\":\"WebSite\",\"@id\":\"https:\\\/\\\/www.nonsolomusicamagazine.it\\\/#website\",\"url\":\"https:\\\/\\\/www.nonsolomusicamagazine.it\\\/\",\"name\":\"Nonsolomusicamagazine\",\"description\":\"Dir. responsabile Manuel M Buccarella\",\"potentialAction\":[{\"@type\":\"SearchAction\",\"target\":{\"@type\":\"EntryPoint\",\"urlTemplate\":\"https:\\\/\\\/www.nonsolomusicamagazine.it\\\/?s={search_term_string}\"},\"query-input\":{\"@type\":\"PropertyValueSpecification\",\"valueRequired\":true,\"valueName\":\"search_term_string\"}}],\"inLanguage\":\"it-IT\"},{\"@type\":\"Person\",\"@id\":\"https:\\\/\\\/www.nonsolomusicamagazine.it\\\/#\\\/schema\\\/person\\\/a3349ad02300d046472d46cf6d31ae46\",\"name\":\"nonsolomusica\",\"image\":{\"@type\":\"ImageObject\",\"inLanguage\":\"it-IT\",\"@id\":\"https:\\\/\\\/www.nonsolomusicamagazine.it\\\/wp-content\\\/litespeed\\\/avatar\\\/3a675484bc84db6aba78d43bfc8b7197.jpg?ver=1776880798\",\"url\":\"https:\\\/\\\/www.nonsolomusicamagazine.it\\\/wp-content\\\/litespeed\\\/avatar\\\/3a675484bc84db6aba78d43bfc8b7197.jpg?ver=1776880798\",\"contentUrl\":\"https:\\\/\\\/www.nonsolomusicamagazine.it\\\/wp-content\\\/litespeed\\\/avatar\\\/3a675484bc84db6aba78d43bfc8b7197.jpg?ver=1776880798\",\"caption\":\"nonsolomusica\"},\"sameAs\":[\"https:\\\/\\\/www.nonsolomusicamagazine.it\"],\"url\":\"https:\\\/\\\/www.nonsolomusicamagazine.it\\\/?author=1\"}]}<\/script>\n<!-- \/ Yoast SEO plugin. -->","yoast_head_json":{"title":"La gabbia dei matti - di Marco Travaglio - NonSoloMusicaMagazine","description":"La gabbia dei matti - di Marco Travaglio","robots":{"index":"index","follow":"follow","max-snippet":"max-snippet:-1","max-image-preview":"max-image-preview:large","max-video-preview":"max-video-preview:-1"},"canonical":"https:\/\/www.nonsolomusicamagazine.it\/?p=8733","og_locale":"it_IT","og_type":"article","og_title":"La gabbia dei matti - di Marco Travaglio - NonSoloMusicaMagazine","og_description":"La gabbia dei matti - di Marco Travaglio","og_url":"https:\/\/www.nonsolomusicamagazine.it\/?p=8733","og_site_name":"NonSoloMusicaMagazine","article_published_time":"2025-02-27T09:34:53+00:00","article_modified_time":"2025-02-27T09:34:55+00:00","og_image":[{"width":616,"height":470,"url":"https:\/\/www.nonsolomusicamagazine.it\/wp-content\/uploads\/2025\/02\/1000043414.jpg","type":"image\/jpeg"}],"author":"nonsolomusica","twitter_card":"summary_large_image","twitter_misc":{"Scritto da":"nonsolomusica","Tempo di lettura stimato":"3 minuti"},"schema":{"@context":"https:\/\/schema.org","@graph":[{"@type":"Article","@id":"https:\/\/www.nonsolomusicamagazine.it\/?p=8733#article","isPartOf":{"@id":"https:\/\/www.nonsolomusicamagazine.it\/?p=8733"},"author":{"name":"nonsolomusica","@id":"https:\/\/www.nonsolomusicamagazine.it\/#\/schema\/person\/a3349ad02300d046472d46cf6d31ae46"},"headline":"La gabbia dei matti &#8211; di Marco Travaglio","datePublished":"2025-02-27T09:34:53+00:00","dateModified":"2025-02-27T09:34:55+00:00","mainEntityOfPage":{"@id":"https:\/\/www.nonsolomusicamagazine.it\/?p=8733"},"wordCount":477,"commentCount":0,"image":{"@id":"https:\/\/www.nonsolomusicamagazine.it\/?p=8733#primaryimage"},"thumbnailUrl":"https:\/\/www.nonsolomusicamagazine.it\/wp-content\/uploads\/2025\/02\/1000043414.jpg","keywords":["Europa","Guerra","Pace","Putin","Travaglio","Trump"],"articleSection":["Esteri","Politica"],"inLanguage":"it-IT","potentialAction":[{"@type":"CommentAction","name":"Comment","target":["https:\/\/www.nonsolomusicamagazine.it\/?p=8733#respond"]}]},{"@type":"WebPage","@id":"https:\/\/www.nonsolomusicamagazine.it\/?p=8733","url":"https:\/\/www.nonsolomusicamagazine.it\/?p=8733","name":"La gabbia dei matti - di Marco Travaglio - NonSoloMusicaMagazine","isPartOf":{"@id":"https:\/\/www.nonsolomusicamagazine.it\/#website"},"primaryImageOfPage":{"@id":"https:\/\/www.nonsolomusicamagazine.it\/?p=8733#primaryimage"},"image":{"@id":"https:\/\/www.nonsolomusicamagazine.it\/?p=8733#primaryimage"},"thumbnailUrl":"https:\/\/www.nonsolomusicamagazine.it\/wp-content\/uploads\/2025\/02\/1000043414.jpg","datePublished":"2025-02-27T09:34:53+00:00","dateModified":"2025-02-27T09:34:55+00:00","author":{"@id":"https:\/\/www.nonsolomusicamagazine.it\/#\/schema\/person\/a3349ad02300d046472d46cf6d31ae46"},"description":"La gabbia dei matti - di Marco Travaglio","breadcrumb":{"@id":"https:\/\/www.nonsolomusicamagazine.it\/?p=8733#breadcrumb"},"inLanguage":"it-IT","potentialAction":[{"@type":"ReadAction","target":["https:\/\/www.nonsolomusicamagazine.it\/?p=8733"]}]},{"@type":"ImageObject","inLanguage":"it-IT","@id":"https:\/\/www.nonsolomusicamagazine.it\/?p=8733#primaryimage","url":"https:\/\/www.nonsolomusicamagazine.it\/wp-content\/uploads\/2025\/02\/1000043414.jpg","contentUrl":"https:\/\/www.nonsolomusicamagazine.it\/wp-content\/uploads\/2025\/02\/1000043414.jpg","width":616,"height":470},{"@type":"BreadcrumbList","@id":"https:\/\/www.nonsolomusicamagazine.it\/?p=8733#breadcrumb","itemListElement":[{"@type":"ListItem","position":1,"name":"Home","item":"https:\/\/www.nonsolomusicamagazine.it\/"},{"@type":"ListItem","position":2,"name":"La gabbia dei matti &#8211; di Marco Travaglio"}]},{"@type":"WebSite","@id":"https:\/\/www.nonsolomusicamagazine.it\/#website","url":"https:\/\/www.nonsolomusicamagazine.it\/","name":"Nonsolomusicamagazine","description":"Dir. responsabile Manuel M Buccarella","potentialAction":[{"@type":"SearchAction","target":{"@type":"EntryPoint","urlTemplate":"https:\/\/www.nonsolomusicamagazine.it\/?s={search_term_string}"},"query-input":{"@type":"PropertyValueSpecification","valueRequired":true,"valueName":"search_term_string"}}],"inLanguage":"it-IT"},{"@type":"Person","@id":"https:\/\/www.nonsolomusicamagazine.it\/#\/schema\/person\/a3349ad02300d046472d46cf6d31ae46","name":"nonsolomusica","image":{"@type":"ImageObject","inLanguage":"it-IT","@id":"https:\/\/www.nonsolomusicamagazine.it\/wp-content\/litespeed\/avatar\/3a675484bc84db6aba78d43bfc8b7197.jpg?ver=1776880798","url":"https:\/\/www.nonsolomusicamagazine.it\/wp-content\/litespeed\/avatar\/3a675484bc84db6aba78d43bfc8b7197.jpg?ver=1776880798","contentUrl":"https:\/\/www.nonsolomusicamagazine.it\/wp-content\/litespeed\/avatar\/3a675484bc84db6aba78d43bfc8b7197.jpg?ver=1776880798","caption":"nonsolomusica"},"sameAs":["https:\/\/www.nonsolomusicamagazine.it"],"url":"https:\/\/www.nonsolomusicamagazine.it\/?author=1"}]}},"amp_enabled":true,"_links":{"self":[{"href":"https:\/\/www.nonsolomusicamagazine.it\/index.php?rest_route=\/wp\/v2\/posts\/8733","targetHints":{"allow":["GET"]}}],"collection":[{"href":"https:\/\/www.nonsolomusicamagazine.it\/index.php?rest_route=\/wp\/v2\/posts"}],"about":[{"href":"https:\/\/www.nonsolomusicamagazine.it\/index.php?rest_route=\/wp\/v2\/types\/post"}],"author":[{"embeddable":true,"href":"https:\/\/www.nonsolomusicamagazine.it\/index.php?rest_route=\/wp\/v2\/users\/1"}],"replies":[{"embeddable":true,"href":"https:\/\/www.nonsolomusicamagazine.it\/index.php?rest_route=%2Fwp%2Fv2%2Fcomments&post=8733"}],"version-history":[{"count":0,"href":"https:\/\/www.nonsolomusicamagazine.it\/index.php?rest_route=\/wp\/v2\/posts\/8733\/revisions"}],"wp:featuredmedia":[{"embeddable":true,"href":"https:\/\/www.nonsolomusicamagazine.it\/index.php?rest_route=\/wp\/v2\/media\/8734"}],"wp:attachment":[{"href":"https:\/\/www.nonsolomusicamagazine.it\/index.php?rest_route=%2Fwp%2Fv2%2Fmedia&parent=8733"}],"wp:term":[{"taxonomy":"category","embeddable":true,"href":"https:\/\/www.nonsolomusicamagazine.it\/index.php?rest_route=%2Fwp%2Fv2%2Fcategories&post=8733"},{"taxonomy":"post_tag","embeddable":true,"href":"https:\/\/www.nonsolomusicamagazine.it\/index.php?rest_route=%2Fwp%2Fv2%2Ftags&post=8733"}],"curies":[{"name":"wp","href":"https:\/\/api.w.org\/{rel}","templated":true}]}}