{"id":9164,"date":"2025-03-29T16:31:14","date_gmt":"2025-03-29T15:31:14","guid":{"rendered":"https:\/\/www.nonsolomusicamagazine.it\/?p=9164"},"modified":"2025-03-29T19:26:14","modified_gmt":"2025-03-29T18:26:14","slug":"cosa-si-cela-dietro-prontezza-2030-la-grande-germania-il-tradimento-di-die-linke","status":"publish","type":"post","link":"https:\/\/www.nonsolomusicamagazine.it\/?p=9164","title":{"rendered":"Cosa si cela dietro &#8220;Prontezza 2030&#8221;: la Grande Germania. Il tradimento di Die Linke"},"content":{"rendered":"\n<p class=\"has-text-align-center\"><strong>Manuel M Buccarella<\/strong><\/p>\n\n\n\n<p>Il programma &#8220;Prontezza 2030&#8221; rappresenta l&#8217;iniziativa dell&#8217;Unione Europea per rafforzare la capacit\u00e0 di difesa entro il 2030, attraverso un significativo incremento degli investimenti nel settore militare. Questo piano, precedentemente noto come &#8220;ReArm Europe&#8221;, prevede lo stanziamento di circa 800 miliardi di euro per potenziare l&#8217;industria della difesa europea e migliorare la prontezza operativa degli Stati membri, ovviamente con una clausola di salvaguardia che consenta di bypassare i rigidi vincoli di bilancio imposti da Maastricht e dintorni ai conti degli Stati membri, che valgono in particolare per gli Stati fortemente indebitati come il nostro e con un rapporto deficit\/Pil ben al di sopra del 3 percento, come &#8211; guarda caso &#8211; avviene per il Belpaese.<\/p>\n\n\n\n<p>Ursula von der Leyen, l&#8217;ambiziosa e corrotta presidente della Commissione Europea, ha lanciato un piano di potenziali e complessivi 800 miliardi di euro, a debito dei singoli Stati ed evidentemente a discrezione dei singoli paesi membri. l&#8217;Italia avrebbe non pochi problemi di bilancio ad investire gi\u00e0 35 miliardi di euro annui in pi\u00f9 in spese militari, per soddisfare l&#8217;accordo in sede Nato che prevede di innalzare la spesa militare italiana al 2% del Pil dall&#8217;attuale 1,5% circa.<\/p>\n\n\n\n<p>Ma la principale recondita motivazione di questo piano di riarmo lega fortemente Ursula al suo paese di origine, la Germania, ove fu anche ministro della difesa, con qualche scandalo (quello delle consulenze d&#8217;oro a McKinsey) ed inchiesta prontamente insabbiata (bissato poi dallo scandalo Pfizer per l&#8217;acquisto dei vaccini anti COVID dalla UE, con conversazioni secretate tra la Von der Leyen ed i manager della multinazionale del farmaco). Recentemente la Germania ha infatti approvato un ambizioso piano di investimenti nella difesa, modificando le regole costituzionali di bilancio per favorire il riarmo e la modernizzazione del paese, tanto con un parlamento ormai scaduto (con il nuovo non si sarebbe raggiunta la maggioranza assoluta dei due terzi richiesta). L&#8217;investimento previsto, a debito, \u00e8 di 1.000 miliardi di euro.<\/p>\n\n\n\n<p>Il pacchetto, chiamato in Germania anche Schuldenpaket (il \u00abpacchetto del debito\u00bb), introduce una triplice riforma: un indebitamento illimitato per equipaggiare meglio l\u2019esercito e fornire armi all\u2019Ucraina, un fondo speciale da 500 miliardi di euro, con una durata di 12 anni, per modernizzare le infrastrutture: dalle reti elettriche agli ospedali, dalle strade alle ferrovie, un po\u2019 di respiro infine per enti locali e regioni, che potranno avere un piccolo deficit dello 0,35% \u2013 mentre finora non potevano minimamente andare in rosso.<\/p>\n\n\n\n<p>Friedrich Merz, premier in pectore a Berlino, ha giustificato il piano, un riarmo senza precedenti della Germania dopo la sconfitta del Terzo Reich, con la necessit\u00e0 di difendersi dalla Russia, &#8220;nemico esistenziale&#8221; anche per i tedeschi, che gi\u00e0 ingaggia metodi di guerra ibrida contro il Paese e che, non si sa mai chi pu\u00f2 dire che un domani non attacchi per davvero? Ragionamento assolutamente fallace. Il ReArm Europe ed il Schuldenpaket tedesco sono praticamente la stessa cosa e servono a fare riprendere l&#8217;economia tedesca dalla grave crisi nella quale \u00e8 piombata, ed in particolare nella recessione degli ultimi anni. Nella storia, a partire dalla Grande Depressione americana del 1929, \u00e8 l&#8217;economia di guerra e la produzione industriale incentrata fortemente sull&#8217;industria bellica &#8211; inclusa in particolare la riconversione dell&#8217;automotive al bellico &#8211; a fare risalire il Pil ed i profitti della grande finanza e dell&#8217;industria. E c&#8217;\u00e8 da scommettere che un ruolo lo avranno le grandi banche di investimenti americane ed i fondi speculativi Usa tipo BlackRock (di cui Merz \u00e8 stato anche presidente del Consiglio di Sorveglianza), fermo restando che almeno inizialmente non si arresteranno,anzi si incrementeranno, le commesse di armi verso gli Stati Uniti d&#8217;America. Grazie anche appunto a quel &#8220;nemico esistenziale&#8221; dell&#8217;Europa che si chiama Russia che assai difficilmente attaccher\u00e0 la Germania (e non solo la Germania).<\/p>\n\n\n\n<p>Va da s\u00e9 che la Germania al 31 dicembre 2024 aveva un debito pubblico pari al 62,9% del Pil, in crescita nel 2024, ma ben poca cosa rispetto a quello italiano. Nel 2024 il rapporto deficit\/Pil in Germania \u00e8 stato del 2,8%, in crescita rispetto al 2023 (2,5%). Il debito pubblico italiano invece \u00e8 pari al 135,3% del Pil, contro un rapporto deficit\/Pil del 3,4%. Numeri tutti negativi rispetto a Berlino, tanto che la Meloni non intende fare nuovo debito per la difesa, sfruttando la clausola di salvaguardia, ma al pi\u00f9 accedere a quota parte dei finanziamenti europei per complessivi 150 miliardi (per tutti) ovvero ricorrendo ad investimenti privati. Non manca chi, a casa nostra, plaude all&#8217;iniziativa tedesca, in considerazione della interconnessione storica tra l&#8217;industria tedesca ed il manifatturiero italiano, che dunque potrebbe portare benefici all&#8217;industria italiana.<\/p>\n\n\n\n<p>Yanis Varoufakis, illuminato economista ed ex ministro dell&#8217;economia e delle finanze greco ai tempi, nel 2015, della stentorea resistenza di Tsipras alla Troyka, ha giustamente osservato come &#8220;il parlamento tedesco ha modificato il freno costituzionale al debito per consentire spese militari illimitate, indipendentemente da quanto profondamente porteranno il bilancio federale in rosso.Nel frattempo, nessuna di questa generosit\u00e0 fiscale sar\u00e0 destinata a investimenti in ospedali, istruzione, vigili del fuoco, asili nido, pensioni, tecnologie verdi, ecc.In breve, quando si tratta di finanziare la vita, l\u2019austerit\u00e0 resta sancita nella costituzione tedesca. Solo gli investimenti nella morte sono stati liberati dalla morsa costituzionale dell\u2019austerit\u00e0.La ragione di fondo per questo cambiamento sconvolgente alla Costituzione tedesca \u00e8 semplice: i produttori di automobili tedeschi sono ormai troppo poco competitivi.Non riescono pi\u00f9 a vendere con profitto le loro auto n\u00e9 in Germania n\u00e9 all\u2019estero.Cos\u00ec, chiedono che lo Stato tedesco acquisti i carri armati che Rheinmetall produrr\u00e0 sulle linee di assemblaggio inutilizzate della Volkswagen.Per far s\u00ec che lo Stato paghi, era necessario aggirare il freno costituzionale al deficit. Sempre desiderosi di servire i loro padroni del Big Business, i partiti dei governi centristi permanenti si sono mobilitati per introdurre questo cinico cambiamento costituzionale, che annulla l\u2019impegno della Germania del dopoguerra per la pace e il disarmo&#8221;.<\/p>\n\n\n\n<h5 class=\"wp-block-heading\">Il tradimento dei &#8220;compagni&#8221; di Die Linke<\/h5>\n\n\n\n<p>&#8220;Die Linke, il \u201cpartito di sinistra\u201d, che avevamo recentemente lodato per il buon risultato elettorale, aveva la possibilit\u00e0 di far s\u00ec che i governi statali di cui faceva parte (come parte di una coalizione locale) si astenessero nel voto del Bundesrat.Questo avrebbe bloccato l\u2019emendamento costituzionale e inflitto un colpo mortale al ritorno insidioso del keynesismo militare. Purtroppo, la leadership di Die Linke ha scelto di non usare il proprio potere, il proprio voto nel Bundesrat, per farlo&#8221;, osserva ancora Varoufakis.<\/p>\n\n\n\n<p>La decisione del partito Die Linke di approvare la legge per il riarmo e i crediti di guerra al Bundesrat, la camera alta del parlamento tedesco, ha sollevato una furiosa reazione all\u2019interno delle altre forze politiche che si riconoscono nella sinistra. In particolare, il Partito Comunista di Germania (Kommunistische Partei Deutschlands, DKP) e l\u2019Alleanza di Sahra Wagenknecht (B\u00fcndnis Sahra Wagenknecht, BSW) hanno espresso una critica severa e intransigente nei confronti di Die Linke, accusandola di aver tradito i valori fondamentali della pace, del disarmo e della difesa dei lavoratori.Il dibattito sulla politica di riarmo e sui crediti di guerra ha raggiunto il suo culmine quando il Bundestag, la camera bassa, in una seduta che molti hanno definito una \u201cfarsa\u201d, ha approvato crediti di guerra illimitati e un fondo speciale di 500 miliardi di euro. Tale decisione, adottata grazie ai voti di CDU, SPD e dei Verdi, ha aperto la strada al pi\u00f9 grande programma di riarmo nella storia della Repubblica Federale (vale a dire, il primo vero riarmo tedesco dopo il nazismo). Tuttavia, ci\u00f2 che ha fatto scattare l\u2019indignazione all\u2019interno della sinistra non \u00e8 soltanto la portata economica e bellica del pacchetto, ma soprattutto il fatto che anche Die Linke, un partito che in passato si era contraddistinto per la sua posizione pacifista, abbia scelto di affiancarsi alle forze che spingono per l\u2019espansione dell\u2019economia di guerra, votando contro il pacchetto alla camera bassa, ma a favore dello stesso al Bundesrat, dove i seggi rappresentano i diversi L\u04d3nder che compongono la federazione, ove sono anche al governo.E gi\u00e0 a proposito della Palestina il partito non ha avuto un atteggiamento di condanna vera di Israele e del genocidio. <br><\/p>\n\n\n\n<figure class=\"wp-block-image size-full\"><img decoding=\"async\" width=\"677\" height=\"450\" src=\"https:\/\/www.nonsolomusicamagazine.it\/wp-content\/uploads\/2025\/03\/1000048768.jpg\" alt=\"\" class=\"wp-image-9303\" srcset=\"https:\/\/www.nonsolomusicamagazine.it\/wp-content\/uploads\/2025\/03\/1000048768.jpg 677w, https:\/\/www.nonsolomusicamagazine.it\/wp-content\/uploads\/2025\/03\/1000048768-300x199.jpg 300w\" sizes=\"(max-width: 677px) 100vw, 677px\" \/><\/figure>\n\n\n\n<p><\/p>\n","protected":false},"excerpt":{"rendered":"<p>Manuel M Buccarella Il programma &#8220;Prontezza 2030&#8221; rappresenta l&#8217;iniziativa dell&#8217;Unione Europea per rafforzare la capacit\u00e0 di difesa entro il 2030, attraverso un significativo incremento degli investimenti nel settore militare. Questo piano, precedentemente noto come &#8220;ReArm Europe&#8221;, prevede lo stanziamento di circa 800 miliardi di euro per potenziare l&#8217;industria della difesa europea e migliorare la prontezza [&hellip;]<\/p>\n","protected":false},"author":1,"featured_media":9303,"comment_status":"open","ping_status":"closed","sticky":false,"template":"","format":"standard","meta":{"footnotes":""},"categories":[113,5],"tags":[429,221,4015,3885,12,174],"class_list":["post-9164","post","type-post","status-publish","format-standard","has-post-thumbnail","hentry","category-economia","category-politica","tag-germania","tag-guerra","tag-merz","tag-rearm-europe","tag-russia","tag-von-der-leyen"],"yoast_head":"<!-- This site is optimized with the Yoast SEO plugin v27.4 - https:\/\/yoast.com\/product\/yoast-seo-wordpress\/ -->\n<title>Cosa si cela dietro &quot;Prontezza 2030&quot;: la Grande Germania. Il tradimento di Die Linke - NonSoloMusicaMagazine<\/title>\n<meta name=\"description\" content=\"Prontezza 2030\" \/>\n<meta name=\"robots\" content=\"index, follow, max-snippet:-1, max-image-preview:large, max-video-preview:-1\" \/>\n<link rel=\"canonical\" href=\"https:\/\/www.nonsolomusicamagazine.it\/?p=9164\" \/>\n<meta property=\"og:locale\" content=\"it_IT\" \/>\n<meta property=\"og:type\" content=\"article\" \/>\n<meta property=\"og:title\" content=\"Cosa si cela dietro &quot;Prontezza 2030&quot;: la Grande Germania. Il tradimento di Die Linke - NonSoloMusicaMagazine\" \/>\n<meta property=\"og:description\" content=\"Prontezza 2030\" \/>\n<meta property=\"og:url\" content=\"https:\/\/www.nonsolomusicamagazine.it\/?p=9164\" \/>\n<meta property=\"og:site_name\" content=\"NonSoloMusicaMagazine\" \/>\n<meta property=\"article:published_time\" content=\"2025-03-29T15:31:14+00:00\" \/>\n<meta property=\"article:modified_time\" content=\"2025-03-29T18:26:14+00:00\" \/>\n<meta property=\"og:image\" content=\"https:\/\/www.nonsolomusicamagazine.it\/wp-content\/uploads\/2025\/03\/1000048768.jpg\" \/>\n\t<meta property=\"og:image:width\" content=\"677\" \/>\n\t<meta property=\"og:image:height\" content=\"450\" \/>\n\t<meta property=\"og:image:type\" content=\"image\/jpeg\" \/>\n<meta name=\"author\" content=\"nonsolomusica\" \/>\n<meta name=\"twitter:card\" content=\"summary_large_image\" \/>\n<meta name=\"twitter:label1\" content=\"Scritto da\" \/>\n\t<meta name=\"twitter:data1\" content=\"nonsolomusica\" \/>\n\t<meta name=\"twitter:label2\" content=\"Tempo di lettura stimato\" \/>\n\t<meta name=\"twitter:data2\" content=\"8 minuti\" \/>\n<script type=\"application\/ld+json\" class=\"yoast-schema-graph\">{\"@context\":\"https:\\\/\\\/schema.org\",\"@graph\":[{\"@type\":\"Article\",\"@id\":\"https:\\\/\\\/www.nonsolomusicamagazine.it\\\/?p=9164#article\",\"isPartOf\":{\"@id\":\"https:\\\/\\\/www.nonsolomusicamagazine.it\\\/?p=9164\"},\"author\":{\"name\":\"nonsolomusica\",\"@id\":\"https:\\\/\\\/www.nonsolomusicamagazine.it\\\/#\\\/schema\\\/person\\\/a3349ad02300d046472d46cf6d31ae46\"},\"headline\":\"Cosa si cela dietro &#8220;Prontezza 2030&#8221;: la Grande Germania. Il tradimento di Die Linke\",\"datePublished\":\"2025-03-29T15:31:14+00:00\",\"dateModified\":\"2025-03-29T18:26:14+00:00\",\"mainEntityOfPage\":{\"@id\":\"https:\\\/\\\/www.nonsolomusicamagazine.it\\\/?p=9164\"},\"wordCount\":1352,\"commentCount\":0,\"image\":{\"@id\":\"https:\\\/\\\/www.nonsolomusicamagazine.it\\\/?p=9164#primaryimage\"},\"thumbnailUrl\":\"https:\\\/\\\/www.nonsolomusicamagazine.it\\\/wp-content\\\/uploads\\\/2025\\\/03\\\/1000048768.jpg\",\"keywords\":[\"Germania\",\"Guerra\",\"Merz\",\"ReArm Europe\",\"Russia\",\"Von der Leyen\"],\"articleSection\":[\"Economia\",\"Politica\"],\"inLanguage\":\"it-IT\",\"potentialAction\":[{\"@type\":\"CommentAction\",\"name\":\"Comment\",\"target\":[\"https:\\\/\\\/www.nonsolomusicamagazine.it\\\/?p=9164#respond\"]}]},{\"@type\":\"WebPage\",\"@id\":\"https:\\\/\\\/www.nonsolomusicamagazine.it\\\/?p=9164\",\"url\":\"https:\\\/\\\/www.nonsolomusicamagazine.it\\\/?p=9164\",\"name\":\"Cosa si cela dietro \\\"Prontezza 2030\\\": la Grande Germania. Il tradimento di Die Linke - NonSoloMusicaMagazine\",\"isPartOf\":{\"@id\":\"https:\\\/\\\/www.nonsolomusicamagazine.it\\\/#website\"},\"primaryImageOfPage\":{\"@id\":\"https:\\\/\\\/www.nonsolomusicamagazine.it\\\/?p=9164#primaryimage\"},\"image\":{\"@id\":\"https:\\\/\\\/www.nonsolomusicamagazine.it\\\/?p=9164#primaryimage\"},\"thumbnailUrl\":\"https:\\\/\\\/www.nonsolomusicamagazine.it\\\/wp-content\\\/uploads\\\/2025\\\/03\\\/1000048768.jpg\",\"datePublished\":\"2025-03-29T15:31:14+00:00\",\"dateModified\":\"2025-03-29T18:26:14+00:00\",\"author\":{\"@id\":\"https:\\\/\\\/www.nonsolomusicamagazine.it\\\/#\\\/schema\\\/person\\\/a3349ad02300d046472d46cf6d31ae46\"},\"description\":\"Prontezza 2030\",\"breadcrumb\":{\"@id\":\"https:\\\/\\\/www.nonsolomusicamagazine.it\\\/?p=9164#breadcrumb\"},\"inLanguage\":\"it-IT\",\"potentialAction\":[{\"@type\":\"ReadAction\",\"target\":[\"https:\\\/\\\/www.nonsolomusicamagazine.it\\\/?p=9164\"]}]},{\"@type\":\"ImageObject\",\"inLanguage\":\"it-IT\",\"@id\":\"https:\\\/\\\/www.nonsolomusicamagazine.it\\\/?p=9164#primaryimage\",\"url\":\"https:\\\/\\\/www.nonsolomusicamagazine.it\\\/wp-content\\\/uploads\\\/2025\\\/03\\\/1000048768.jpg\",\"contentUrl\":\"https:\\\/\\\/www.nonsolomusicamagazine.it\\\/wp-content\\\/uploads\\\/2025\\\/03\\\/1000048768.jpg\",\"width\":677,\"height\":450},{\"@type\":\"BreadcrumbList\",\"@id\":\"https:\\\/\\\/www.nonsolomusicamagazine.it\\\/?p=9164#breadcrumb\",\"itemListElement\":[{\"@type\":\"ListItem\",\"position\":1,\"name\":\"Home\",\"item\":\"https:\\\/\\\/www.nonsolomusicamagazine.it\\\/\"},{\"@type\":\"ListItem\",\"position\":2,\"name\":\"Cosa si cela dietro &#8220;Prontezza 2030&#8221;: la Grande Germania. Il tradimento di Die Linke\"}]},{\"@type\":\"WebSite\",\"@id\":\"https:\\\/\\\/www.nonsolomusicamagazine.it\\\/#website\",\"url\":\"https:\\\/\\\/www.nonsolomusicamagazine.it\\\/\",\"name\":\"Nonsolomusicamagazine\",\"description\":\"Dir. responsabile Manuel M Buccarella\",\"potentialAction\":[{\"@type\":\"SearchAction\",\"target\":{\"@type\":\"EntryPoint\",\"urlTemplate\":\"https:\\\/\\\/www.nonsolomusicamagazine.it\\\/?s={search_term_string}\"},\"query-input\":{\"@type\":\"PropertyValueSpecification\",\"valueRequired\":true,\"valueName\":\"search_term_string\"}}],\"inLanguage\":\"it-IT\"},{\"@type\":\"Person\",\"@id\":\"https:\\\/\\\/www.nonsolomusicamagazine.it\\\/#\\\/schema\\\/person\\\/a3349ad02300d046472d46cf6d31ae46\",\"name\":\"nonsolomusica\",\"image\":{\"@type\":\"ImageObject\",\"inLanguage\":\"it-IT\",\"@id\":\"https:\\\/\\\/www.nonsolomusicamagazine.it\\\/wp-content\\\/litespeed\\\/avatar\\\/3a675484bc84db6aba78d43bfc8b7197.jpg?ver=1776880798\",\"url\":\"https:\\\/\\\/www.nonsolomusicamagazine.it\\\/wp-content\\\/litespeed\\\/avatar\\\/3a675484bc84db6aba78d43bfc8b7197.jpg?ver=1776880798\",\"contentUrl\":\"https:\\\/\\\/www.nonsolomusicamagazine.it\\\/wp-content\\\/litespeed\\\/avatar\\\/3a675484bc84db6aba78d43bfc8b7197.jpg?ver=1776880798\",\"caption\":\"nonsolomusica\"},\"sameAs\":[\"https:\\\/\\\/www.nonsolomusicamagazine.it\"],\"url\":\"https:\\\/\\\/www.nonsolomusicamagazine.it\\\/?author=1\"}]}<\/script>\n<!-- \/ Yoast SEO plugin. -->","yoast_head_json":{"title":"Cosa si cela dietro \"Prontezza 2030\": la Grande Germania. Il tradimento di Die Linke - NonSoloMusicaMagazine","description":"Prontezza 2030","robots":{"index":"index","follow":"follow","max-snippet":"max-snippet:-1","max-image-preview":"max-image-preview:large","max-video-preview":"max-video-preview:-1"},"canonical":"https:\/\/www.nonsolomusicamagazine.it\/?p=9164","og_locale":"it_IT","og_type":"article","og_title":"Cosa si cela dietro \"Prontezza 2030\": la Grande Germania. Il tradimento di Die Linke - NonSoloMusicaMagazine","og_description":"Prontezza 2030","og_url":"https:\/\/www.nonsolomusicamagazine.it\/?p=9164","og_site_name":"NonSoloMusicaMagazine","article_published_time":"2025-03-29T15:31:14+00:00","article_modified_time":"2025-03-29T18:26:14+00:00","og_image":[{"width":677,"height":450,"url":"https:\/\/www.nonsolomusicamagazine.it\/wp-content\/uploads\/2025\/03\/1000048768.jpg","type":"image\/jpeg"}],"author":"nonsolomusica","twitter_card":"summary_large_image","twitter_misc":{"Scritto da":"nonsolomusica","Tempo di lettura stimato":"8 minuti"},"schema":{"@context":"https:\/\/schema.org","@graph":[{"@type":"Article","@id":"https:\/\/www.nonsolomusicamagazine.it\/?p=9164#article","isPartOf":{"@id":"https:\/\/www.nonsolomusicamagazine.it\/?p=9164"},"author":{"name":"nonsolomusica","@id":"https:\/\/www.nonsolomusicamagazine.it\/#\/schema\/person\/a3349ad02300d046472d46cf6d31ae46"},"headline":"Cosa si cela dietro &#8220;Prontezza 2030&#8221;: la Grande Germania. Il tradimento di Die Linke","datePublished":"2025-03-29T15:31:14+00:00","dateModified":"2025-03-29T18:26:14+00:00","mainEntityOfPage":{"@id":"https:\/\/www.nonsolomusicamagazine.it\/?p=9164"},"wordCount":1352,"commentCount":0,"image":{"@id":"https:\/\/www.nonsolomusicamagazine.it\/?p=9164#primaryimage"},"thumbnailUrl":"https:\/\/www.nonsolomusicamagazine.it\/wp-content\/uploads\/2025\/03\/1000048768.jpg","keywords":["Germania","Guerra","Merz","ReArm Europe","Russia","Von der Leyen"],"articleSection":["Economia","Politica"],"inLanguage":"it-IT","potentialAction":[{"@type":"CommentAction","name":"Comment","target":["https:\/\/www.nonsolomusicamagazine.it\/?p=9164#respond"]}]},{"@type":"WebPage","@id":"https:\/\/www.nonsolomusicamagazine.it\/?p=9164","url":"https:\/\/www.nonsolomusicamagazine.it\/?p=9164","name":"Cosa si cela dietro \"Prontezza 2030\": la Grande Germania. Il tradimento di Die Linke - NonSoloMusicaMagazine","isPartOf":{"@id":"https:\/\/www.nonsolomusicamagazine.it\/#website"},"primaryImageOfPage":{"@id":"https:\/\/www.nonsolomusicamagazine.it\/?p=9164#primaryimage"},"image":{"@id":"https:\/\/www.nonsolomusicamagazine.it\/?p=9164#primaryimage"},"thumbnailUrl":"https:\/\/www.nonsolomusicamagazine.it\/wp-content\/uploads\/2025\/03\/1000048768.jpg","datePublished":"2025-03-29T15:31:14+00:00","dateModified":"2025-03-29T18:26:14+00:00","author":{"@id":"https:\/\/www.nonsolomusicamagazine.it\/#\/schema\/person\/a3349ad02300d046472d46cf6d31ae46"},"description":"Prontezza 2030","breadcrumb":{"@id":"https:\/\/www.nonsolomusicamagazine.it\/?p=9164#breadcrumb"},"inLanguage":"it-IT","potentialAction":[{"@type":"ReadAction","target":["https:\/\/www.nonsolomusicamagazine.it\/?p=9164"]}]},{"@type":"ImageObject","inLanguage":"it-IT","@id":"https:\/\/www.nonsolomusicamagazine.it\/?p=9164#primaryimage","url":"https:\/\/www.nonsolomusicamagazine.it\/wp-content\/uploads\/2025\/03\/1000048768.jpg","contentUrl":"https:\/\/www.nonsolomusicamagazine.it\/wp-content\/uploads\/2025\/03\/1000048768.jpg","width":677,"height":450},{"@type":"BreadcrumbList","@id":"https:\/\/www.nonsolomusicamagazine.it\/?p=9164#breadcrumb","itemListElement":[{"@type":"ListItem","position":1,"name":"Home","item":"https:\/\/www.nonsolomusicamagazine.it\/"},{"@type":"ListItem","position":2,"name":"Cosa si cela dietro &#8220;Prontezza 2030&#8221;: la Grande Germania. Il tradimento di Die Linke"}]},{"@type":"WebSite","@id":"https:\/\/www.nonsolomusicamagazine.it\/#website","url":"https:\/\/www.nonsolomusicamagazine.it\/","name":"Nonsolomusicamagazine","description":"Dir. responsabile Manuel M Buccarella","potentialAction":[{"@type":"SearchAction","target":{"@type":"EntryPoint","urlTemplate":"https:\/\/www.nonsolomusicamagazine.it\/?s={search_term_string}"},"query-input":{"@type":"PropertyValueSpecification","valueRequired":true,"valueName":"search_term_string"}}],"inLanguage":"it-IT"},{"@type":"Person","@id":"https:\/\/www.nonsolomusicamagazine.it\/#\/schema\/person\/a3349ad02300d046472d46cf6d31ae46","name":"nonsolomusica","image":{"@type":"ImageObject","inLanguage":"it-IT","@id":"https:\/\/www.nonsolomusicamagazine.it\/wp-content\/litespeed\/avatar\/3a675484bc84db6aba78d43bfc8b7197.jpg?ver=1776880798","url":"https:\/\/www.nonsolomusicamagazine.it\/wp-content\/litespeed\/avatar\/3a675484bc84db6aba78d43bfc8b7197.jpg?ver=1776880798","contentUrl":"https:\/\/www.nonsolomusicamagazine.it\/wp-content\/litespeed\/avatar\/3a675484bc84db6aba78d43bfc8b7197.jpg?ver=1776880798","caption":"nonsolomusica"},"sameAs":["https:\/\/www.nonsolomusicamagazine.it"],"url":"https:\/\/www.nonsolomusicamagazine.it\/?author=1"}]}},"amp_enabled":true,"_links":{"self":[{"href":"https:\/\/www.nonsolomusicamagazine.it\/index.php?rest_route=\/wp\/v2\/posts\/9164","targetHints":{"allow":["GET"]}}],"collection":[{"href":"https:\/\/www.nonsolomusicamagazine.it\/index.php?rest_route=\/wp\/v2\/posts"}],"about":[{"href":"https:\/\/www.nonsolomusicamagazine.it\/index.php?rest_route=\/wp\/v2\/types\/post"}],"author":[{"embeddable":true,"href":"https:\/\/www.nonsolomusicamagazine.it\/index.php?rest_route=\/wp\/v2\/users\/1"}],"replies":[{"embeddable":true,"href":"https:\/\/www.nonsolomusicamagazine.it\/index.php?rest_route=%2Fwp%2Fv2%2Fcomments&post=9164"}],"version-history":[{"count":0,"href":"https:\/\/www.nonsolomusicamagazine.it\/index.php?rest_route=\/wp\/v2\/posts\/9164\/revisions"}],"wp:featuredmedia":[{"embeddable":true,"href":"https:\/\/www.nonsolomusicamagazine.it\/index.php?rest_route=\/wp\/v2\/media\/9303"}],"wp:attachment":[{"href":"https:\/\/www.nonsolomusicamagazine.it\/index.php?rest_route=%2Fwp%2Fv2%2Fmedia&parent=9164"}],"wp:term":[{"taxonomy":"category","embeddable":true,"href":"https:\/\/www.nonsolomusicamagazine.it\/index.php?rest_route=%2Fwp%2Fv2%2Fcategories&post=9164"},{"taxonomy":"post_tag","embeddable":true,"href":"https:\/\/www.nonsolomusicamagazine.it\/index.php?rest_route=%2Fwp%2Fv2%2Ftags&post=9164"}],"curies":[{"name":"wp","href":"https:\/\/api.w.org\/{rel}","templated":true}]}}