{"id":9186,"date":"2025-03-24T21:42:44","date_gmt":"2025-03-24T20:42:44","guid":{"rendered":"https:\/\/www.nonsolomusicamagazine.it\/?p=9186"},"modified":"2025-03-24T21:46:40","modified_gmt":"2025-03-24T20:46:40","slug":"25-anni-fa-il-criminale-attacco-della-nato-a-belgrado-ed-alla-jugoslavia","status":"publish","type":"post","link":"https:\/\/www.nonsolomusicamagazine.it\/?p=9186","title":{"rendered":"26 anni fa il criminale attacco della Nato a Belgrado ed alla Jugoslavia"},"content":{"rendered":"\n<p class=\"has-text-align-center\"><strong>Manuel M Buccarella<\/strong><\/p>\n\n\n\n<p>25 anni fa, il 24 marzo 1999, hanno inizio i bombardamenti della Nato su Belgrado. L&#8217;Italia, governo di centrosinistra presieduto da Massimo D&#8217;Alema,mise a disposizione le sue basi aeree, in particolare quella di Aviano. L&#8217;input venne da Bill Clinton, allora presidente degli Stati Uniti d&#8217;America. La &#8220;missione&#8221; fu eseguita in spregio del diritto internazionale, mai preventivamente autorizzata n\u00e9 approvata dalle Nazioni Unite.<\/p>\n\n\n\n<p>Durante i tre mesi di bombardamenti di citt\u00e0 e villaggi, sono stati uccisi 2.500 civili, tra i quali 89 bambini, 12.500 feriti. In queste cifre non sono comprese le morti di leucemia e di cancro causate dagli effetti delle radiazioni delle bombe ad uranio impoverito. <\/p>\n\n\n\n<p>Vi furono 2.300 attacchi aerei che hanno distrutto 148 edifici, 62 ponti, danneggiato 300 scuole, ospedali e istituzioni statali, cos\u00ec come 176 monumenti di interesse culturale e artistico.Restano da stabilire le cause che spinsero la Nato a quell\u2019attacco. Eppure si addussero motivazioni umanitarie: liberare il popolo serbo dalla dittatura di Milosevic e, al contempo, soccorrere i kosovari perseguitati, appartenenti all&#8217;etnia albanese. <\/p>\n\n\n\n<p>Ma facciamo un passo indietro: tra il 1997 ed il 1999 gli attentati dell\u2019UCK e le repressioni serbe crebbero sempre pi\u00f9 in regolarit\u00e0 e ferocia, fino a quando scoppi\u00f2 tra il movimento indipendentista ed il governo centrale una vera e propria guerra. Militarmente inferiore all\u2019esercito regolare, l\u2019UCK fondava la sua strategia sull\u2019appoggio popolare, la conoscenza del territorio e sulle tecniche di guerriglia. Nel 1999 scoppi\u00f2 la Guerra del Kosovo, tra l\u2019UCK e la Repubblica Federale Jugoslava guidata da Slobodan Milosevic, ormai ridotta solo alle repubbliche di Serbia (con il Kosovo e la Vojvodina) e Montenegro. L\u2019esercito serbo lanci\u00f2 una massiccia offensiva contro l\u2019esercito di liberazione, che fu sostenuto dal mondo occidentale e dalla Nato, dopo i falliti accordi di Rambouillet. Non furono pochi i soldati italiani, partecipanti alla missione Nato in Kosovo, a morire di leucemia o ad ammalarsi gravemente a causa delle armi ad uranio impoverito utilizzate nel conflitto.<\/p>\n\n\n\n<p>In questo caso, l&#8217;intervento &#8220;democratico&#8221; delle bombe e della guerra lanciata dalla Nato sostenevano il diritto all&#8217;autodeterminazione di un popolo, quello del Kosovo albanese, con mire separatiste rispetto al comune stato serbo. In verit\u00e0 il diritto alla separazione degli albanesi del Kosovo dalla Serbia con creazione di uno Stato autonomo non fu mai riconosciuto dalle Nazioni Unite, pertanto anche in questo caso il soccorso della Nato al separatismo albanese fu illegittimo.<\/p>\n\n\n\n<figure class=\"wp-block-image size-full\"><img decoding=\"async\" width=\"640\" height=\"480\" src=\"https:\/\/www.nonsolomusicamagazine.it\/wp-content\/uploads\/2025\/03\/1000048114.jpg\" alt=\"\" class=\"wp-image-9187\" srcset=\"https:\/\/www.nonsolomusicamagazine.it\/wp-content\/uploads\/2025\/03\/1000048114.jpg 640w, https:\/\/www.nonsolomusicamagazine.it\/wp-content\/uploads\/2025\/03\/1000048114-300x225.jpg 300w\" sizes=\"(max-width: 640px) 100vw, 640px\" \/><\/figure>\n","protected":false},"excerpt":{"rendered":"<p>Manuel M Buccarella 25 anni fa, il 24 marzo 1999, hanno inizio i bombardamenti della Nato su Belgrado. L&#8217;Italia, governo di centrosinistra presieduto da Massimo D&#8217;Alema,mise a disposizione le sue basi aeree, in particolare quella di Aviano. L&#8217;input venne da Bill Clinton, allora presidente degli Stati Uniti d&#8217;America. La &#8220;missione&#8221; fu eseguita in spregio del [&hellip;]<\/p>\n","protected":false},"author":1,"featured_media":9187,"comment_status":"open","ping_status":"closed","sticky":false,"template":"","format":"standard","meta":{"footnotes":""},"categories":[1321],"tags":[3812,860,650,3976,14],"class_list":["post-9186","post","type-post","status-publish","format-standard","has-post-thumbnail","hentry","category-storia","tag-belgrado","tag-bombardamenti","tag-jugoslavia","tag-kosovo","tag-nato"],"yoast_head":"<!-- This site is optimized with the Yoast SEO plugin v27.4 - https:\/\/yoast.com\/product\/yoast-seo-wordpress\/ -->\n<title>26 anni fa il criminale attacco della Nato a Belgrado ed alla Jugoslavia - NonSoloMusicaMagazine<\/title>\n<meta name=\"description\" content=\"25 anni fa il criminale attacco della Nato a Belgrado ed alla Jugoslavia\" \/>\n<meta name=\"robots\" content=\"index, follow, max-snippet:-1, max-image-preview:large, max-video-preview:-1\" \/>\n<link rel=\"canonical\" href=\"https:\/\/www.nonsolomusicamagazine.it\/?p=9186\" \/>\n<meta property=\"og:locale\" content=\"it_IT\" \/>\n<meta property=\"og:type\" content=\"article\" \/>\n<meta property=\"og:title\" content=\"26 anni fa il criminale attacco della Nato a Belgrado ed alla Jugoslavia - NonSoloMusicaMagazine\" \/>\n<meta property=\"og:description\" content=\"25 anni fa il criminale attacco della Nato a Belgrado ed alla Jugoslavia\" \/>\n<meta property=\"og:url\" content=\"https:\/\/www.nonsolomusicamagazine.it\/?p=9186\" \/>\n<meta property=\"og:site_name\" content=\"NonSoloMusicaMagazine\" \/>\n<meta property=\"article:published_time\" content=\"2025-03-24T20:42:44+00:00\" \/>\n<meta property=\"article:modified_time\" content=\"2025-03-24T20:46:40+00:00\" \/>\n<meta property=\"og:image\" content=\"https:\/\/www.nonsolomusicamagazine.it\/wp-content\/uploads\/2025\/03\/1000048114.jpg\" \/>\n\t<meta property=\"og:image:width\" content=\"640\" \/>\n\t<meta property=\"og:image:height\" content=\"480\" \/>\n\t<meta property=\"og:image:type\" content=\"image\/jpeg\" \/>\n<meta name=\"author\" content=\"nonsolomusica\" \/>\n<meta name=\"twitter:card\" content=\"summary_large_image\" \/>\n<meta name=\"twitter:label1\" content=\"Scritto da\" \/>\n\t<meta name=\"twitter:data1\" content=\"nonsolomusica\" \/>\n\t<meta name=\"twitter:label2\" content=\"Tempo di lettura stimato\" \/>\n\t<meta name=\"twitter:data2\" content=\"3 minuti\" \/>\n<script type=\"application\/ld+json\" class=\"yoast-schema-graph\">{\"@context\":\"https:\\\/\\\/schema.org\",\"@graph\":[{\"@type\":\"Article\",\"@id\":\"https:\\\/\\\/www.nonsolomusicamagazine.it\\\/?p=9186#article\",\"isPartOf\":{\"@id\":\"https:\\\/\\\/www.nonsolomusicamagazine.it\\\/?p=9186\"},\"author\":{\"name\":\"nonsolomusica\",\"@id\":\"https:\\\/\\\/www.nonsolomusicamagazine.it\\\/#\\\/schema\\\/person\\\/a3349ad02300d046472d46cf6d31ae46\"},\"headline\":\"26 anni fa il criminale attacco della Nato a Belgrado ed alla Jugoslavia\",\"datePublished\":\"2025-03-24T20:42:44+00:00\",\"dateModified\":\"2025-03-24T20:46:40+00:00\",\"mainEntityOfPage\":{\"@id\":\"https:\\\/\\\/www.nonsolomusicamagazine.it\\\/?p=9186\"},\"wordCount\":407,\"commentCount\":0,\"image\":{\"@id\":\"https:\\\/\\\/www.nonsolomusicamagazine.it\\\/?p=9186#primaryimage\"},\"thumbnailUrl\":\"https:\\\/\\\/www.nonsolomusicamagazine.it\\\/wp-content\\\/uploads\\\/2025\\\/03\\\/1000048114.jpg\",\"keywords\":[\"Belgrado\",\"bombardamenti\",\"Jugoslavia\",\"Kosovo\",\"Nato\"],\"articleSection\":[\"Storia\"],\"inLanguage\":\"it-IT\",\"potentialAction\":[{\"@type\":\"CommentAction\",\"name\":\"Comment\",\"target\":[\"https:\\\/\\\/www.nonsolomusicamagazine.it\\\/?p=9186#respond\"]}]},{\"@type\":\"WebPage\",\"@id\":\"https:\\\/\\\/www.nonsolomusicamagazine.it\\\/?p=9186\",\"url\":\"https:\\\/\\\/www.nonsolomusicamagazine.it\\\/?p=9186\",\"name\":\"26 anni fa il criminale attacco della Nato a Belgrado ed alla Jugoslavia - NonSoloMusicaMagazine\",\"isPartOf\":{\"@id\":\"https:\\\/\\\/www.nonsolomusicamagazine.it\\\/#website\"},\"primaryImageOfPage\":{\"@id\":\"https:\\\/\\\/www.nonsolomusicamagazine.it\\\/?p=9186#primaryimage\"},\"image\":{\"@id\":\"https:\\\/\\\/www.nonsolomusicamagazine.it\\\/?p=9186#primaryimage\"},\"thumbnailUrl\":\"https:\\\/\\\/www.nonsolomusicamagazine.it\\\/wp-content\\\/uploads\\\/2025\\\/03\\\/1000048114.jpg\",\"datePublished\":\"2025-03-24T20:42:44+00:00\",\"dateModified\":\"2025-03-24T20:46:40+00:00\",\"author\":{\"@id\":\"https:\\\/\\\/www.nonsolomusicamagazine.it\\\/#\\\/schema\\\/person\\\/a3349ad02300d046472d46cf6d31ae46\"},\"description\":\"25 anni fa il criminale attacco della Nato a Belgrado ed alla Jugoslavia\",\"breadcrumb\":{\"@id\":\"https:\\\/\\\/www.nonsolomusicamagazine.it\\\/?p=9186#breadcrumb\"},\"inLanguage\":\"it-IT\",\"potentialAction\":[{\"@type\":\"ReadAction\",\"target\":[\"https:\\\/\\\/www.nonsolomusicamagazine.it\\\/?p=9186\"]}]},{\"@type\":\"ImageObject\",\"inLanguage\":\"it-IT\",\"@id\":\"https:\\\/\\\/www.nonsolomusicamagazine.it\\\/?p=9186#primaryimage\",\"url\":\"https:\\\/\\\/www.nonsolomusicamagazine.it\\\/wp-content\\\/uploads\\\/2025\\\/03\\\/1000048114.jpg\",\"contentUrl\":\"https:\\\/\\\/www.nonsolomusicamagazine.it\\\/wp-content\\\/uploads\\\/2025\\\/03\\\/1000048114.jpg\",\"width\":640,\"height\":480},{\"@type\":\"BreadcrumbList\",\"@id\":\"https:\\\/\\\/www.nonsolomusicamagazine.it\\\/?p=9186#breadcrumb\",\"itemListElement\":[{\"@type\":\"ListItem\",\"position\":1,\"name\":\"Home\",\"item\":\"https:\\\/\\\/www.nonsolomusicamagazine.it\\\/\"},{\"@type\":\"ListItem\",\"position\":2,\"name\":\"26 anni fa il criminale attacco della Nato a Belgrado ed alla Jugoslavia\"}]},{\"@type\":\"WebSite\",\"@id\":\"https:\\\/\\\/www.nonsolomusicamagazine.it\\\/#website\",\"url\":\"https:\\\/\\\/www.nonsolomusicamagazine.it\\\/\",\"name\":\"Nonsolomusicamagazine\",\"description\":\"Dir. responsabile Manuel M Buccarella\",\"potentialAction\":[{\"@type\":\"SearchAction\",\"target\":{\"@type\":\"EntryPoint\",\"urlTemplate\":\"https:\\\/\\\/www.nonsolomusicamagazine.it\\\/?s={search_term_string}\"},\"query-input\":{\"@type\":\"PropertyValueSpecification\",\"valueRequired\":true,\"valueName\":\"search_term_string\"}}],\"inLanguage\":\"it-IT\"},{\"@type\":\"Person\",\"@id\":\"https:\\\/\\\/www.nonsolomusicamagazine.it\\\/#\\\/schema\\\/person\\\/a3349ad02300d046472d46cf6d31ae46\",\"name\":\"nonsolomusica\",\"image\":{\"@type\":\"ImageObject\",\"inLanguage\":\"it-IT\",\"@id\":\"https:\\\/\\\/www.nonsolomusicamagazine.it\\\/wp-content\\\/litespeed\\\/avatar\\\/3a675484bc84db6aba78d43bfc8b7197.jpg?ver=1776880798\",\"url\":\"https:\\\/\\\/www.nonsolomusicamagazine.it\\\/wp-content\\\/litespeed\\\/avatar\\\/3a675484bc84db6aba78d43bfc8b7197.jpg?ver=1776880798\",\"contentUrl\":\"https:\\\/\\\/www.nonsolomusicamagazine.it\\\/wp-content\\\/litespeed\\\/avatar\\\/3a675484bc84db6aba78d43bfc8b7197.jpg?ver=1776880798\",\"caption\":\"nonsolomusica\"},\"sameAs\":[\"https:\\\/\\\/www.nonsolomusicamagazine.it\"],\"url\":\"https:\\\/\\\/www.nonsolomusicamagazine.it\\\/?author=1\"}]}<\/script>\n<!-- \/ Yoast SEO plugin. -->","yoast_head_json":{"title":"26 anni fa il criminale attacco della Nato a Belgrado ed alla Jugoslavia - NonSoloMusicaMagazine","description":"25 anni fa il criminale attacco della Nato a Belgrado ed alla Jugoslavia","robots":{"index":"index","follow":"follow","max-snippet":"max-snippet:-1","max-image-preview":"max-image-preview:large","max-video-preview":"max-video-preview:-1"},"canonical":"https:\/\/www.nonsolomusicamagazine.it\/?p=9186","og_locale":"it_IT","og_type":"article","og_title":"26 anni fa il criminale attacco della Nato a Belgrado ed alla Jugoslavia - NonSoloMusicaMagazine","og_description":"25 anni fa il criminale attacco della Nato a Belgrado ed alla Jugoslavia","og_url":"https:\/\/www.nonsolomusicamagazine.it\/?p=9186","og_site_name":"NonSoloMusicaMagazine","article_published_time":"2025-03-24T20:42:44+00:00","article_modified_time":"2025-03-24T20:46:40+00:00","og_image":[{"width":640,"height":480,"url":"https:\/\/www.nonsolomusicamagazine.it\/wp-content\/uploads\/2025\/03\/1000048114.jpg","type":"image\/jpeg"}],"author":"nonsolomusica","twitter_card":"summary_large_image","twitter_misc":{"Scritto da":"nonsolomusica","Tempo di lettura stimato":"3 minuti"},"schema":{"@context":"https:\/\/schema.org","@graph":[{"@type":"Article","@id":"https:\/\/www.nonsolomusicamagazine.it\/?p=9186#article","isPartOf":{"@id":"https:\/\/www.nonsolomusicamagazine.it\/?p=9186"},"author":{"name":"nonsolomusica","@id":"https:\/\/www.nonsolomusicamagazine.it\/#\/schema\/person\/a3349ad02300d046472d46cf6d31ae46"},"headline":"26 anni fa il criminale attacco della Nato a Belgrado ed alla Jugoslavia","datePublished":"2025-03-24T20:42:44+00:00","dateModified":"2025-03-24T20:46:40+00:00","mainEntityOfPage":{"@id":"https:\/\/www.nonsolomusicamagazine.it\/?p=9186"},"wordCount":407,"commentCount":0,"image":{"@id":"https:\/\/www.nonsolomusicamagazine.it\/?p=9186#primaryimage"},"thumbnailUrl":"https:\/\/www.nonsolomusicamagazine.it\/wp-content\/uploads\/2025\/03\/1000048114.jpg","keywords":["Belgrado","bombardamenti","Jugoslavia","Kosovo","Nato"],"articleSection":["Storia"],"inLanguage":"it-IT","potentialAction":[{"@type":"CommentAction","name":"Comment","target":["https:\/\/www.nonsolomusicamagazine.it\/?p=9186#respond"]}]},{"@type":"WebPage","@id":"https:\/\/www.nonsolomusicamagazine.it\/?p=9186","url":"https:\/\/www.nonsolomusicamagazine.it\/?p=9186","name":"26 anni fa il criminale attacco della Nato a Belgrado ed alla Jugoslavia - NonSoloMusicaMagazine","isPartOf":{"@id":"https:\/\/www.nonsolomusicamagazine.it\/#website"},"primaryImageOfPage":{"@id":"https:\/\/www.nonsolomusicamagazine.it\/?p=9186#primaryimage"},"image":{"@id":"https:\/\/www.nonsolomusicamagazine.it\/?p=9186#primaryimage"},"thumbnailUrl":"https:\/\/www.nonsolomusicamagazine.it\/wp-content\/uploads\/2025\/03\/1000048114.jpg","datePublished":"2025-03-24T20:42:44+00:00","dateModified":"2025-03-24T20:46:40+00:00","author":{"@id":"https:\/\/www.nonsolomusicamagazine.it\/#\/schema\/person\/a3349ad02300d046472d46cf6d31ae46"},"description":"25 anni fa il criminale attacco della Nato a Belgrado ed alla Jugoslavia","breadcrumb":{"@id":"https:\/\/www.nonsolomusicamagazine.it\/?p=9186#breadcrumb"},"inLanguage":"it-IT","potentialAction":[{"@type":"ReadAction","target":["https:\/\/www.nonsolomusicamagazine.it\/?p=9186"]}]},{"@type":"ImageObject","inLanguage":"it-IT","@id":"https:\/\/www.nonsolomusicamagazine.it\/?p=9186#primaryimage","url":"https:\/\/www.nonsolomusicamagazine.it\/wp-content\/uploads\/2025\/03\/1000048114.jpg","contentUrl":"https:\/\/www.nonsolomusicamagazine.it\/wp-content\/uploads\/2025\/03\/1000048114.jpg","width":640,"height":480},{"@type":"BreadcrumbList","@id":"https:\/\/www.nonsolomusicamagazine.it\/?p=9186#breadcrumb","itemListElement":[{"@type":"ListItem","position":1,"name":"Home","item":"https:\/\/www.nonsolomusicamagazine.it\/"},{"@type":"ListItem","position":2,"name":"26 anni fa il criminale attacco della Nato a Belgrado ed alla Jugoslavia"}]},{"@type":"WebSite","@id":"https:\/\/www.nonsolomusicamagazine.it\/#website","url":"https:\/\/www.nonsolomusicamagazine.it\/","name":"Nonsolomusicamagazine","description":"Dir. responsabile Manuel M Buccarella","potentialAction":[{"@type":"SearchAction","target":{"@type":"EntryPoint","urlTemplate":"https:\/\/www.nonsolomusicamagazine.it\/?s={search_term_string}"},"query-input":{"@type":"PropertyValueSpecification","valueRequired":true,"valueName":"search_term_string"}}],"inLanguage":"it-IT"},{"@type":"Person","@id":"https:\/\/www.nonsolomusicamagazine.it\/#\/schema\/person\/a3349ad02300d046472d46cf6d31ae46","name":"nonsolomusica","image":{"@type":"ImageObject","inLanguage":"it-IT","@id":"https:\/\/www.nonsolomusicamagazine.it\/wp-content\/litespeed\/avatar\/3a675484bc84db6aba78d43bfc8b7197.jpg?ver=1776880798","url":"https:\/\/www.nonsolomusicamagazine.it\/wp-content\/litespeed\/avatar\/3a675484bc84db6aba78d43bfc8b7197.jpg?ver=1776880798","contentUrl":"https:\/\/www.nonsolomusicamagazine.it\/wp-content\/litespeed\/avatar\/3a675484bc84db6aba78d43bfc8b7197.jpg?ver=1776880798","caption":"nonsolomusica"},"sameAs":["https:\/\/www.nonsolomusicamagazine.it"],"url":"https:\/\/www.nonsolomusicamagazine.it\/?author=1"}]}},"amp_enabled":true,"_links":{"self":[{"href":"https:\/\/www.nonsolomusicamagazine.it\/index.php?rest_route=\/wp\/v2\/posts\/9186","targetHints":{"allow":["GET"]}}],"collection":[{"href":"https:\/\/www.nonsolomusicamagazine.it\/index.php?rest_route=\/wp\/v2\/posts"}],"about":[{"href":"https:\/\/www.nonsolomusicamagazine.it\/index.php?rest_route=\/wp\/v2\/types\/post"}],"author":[{"embeddable":true,"href":"https:\/\/www.nonsolomusicamagazine.it\/index.php?rest_route=\/wp\/v2\/users\/1"}],"replies":[{"embeddable":true,"href":"https:\/\/www.nonsolomusicamagazine.it\/index.php?rest_route=%2Fwp%2Fv2%2Fcomments&post=9186"}],"version-history":[{"count":0,"href":"https:\/\/www.nonsolomusicamagazine.it\/index.php?rest_route=\/wp\/v2\/posts\/9186\/revisions"}],"wp:featuredmedia":[{"embeddable":true,"href":"https:\/\/www.nonsolomusicamagazine.it\/index.php?rest_route=\/wp\/v2\/media\/9187"}],"wp:attachment":[{"href":"https:\/\/www.nonsolomusicamagazine.it\/index.php?rest_route=%2Fwp%2Fv2%2Fmedia&parent=9186"}],"wp:term":[{"taxonomy":"category","embeddable":true,"href":"https:\/\/www.nonsolomusicamagazine.it\/index.php?rest_route=%2Fwp%2Fv2%2Fcategories&post=9186"},{"taxonomy":"post_tag","embeddable":true,"href":"https:\/\/www.nonsolomusicamagazine.it\/index.php?rest_route=%2Fwp%2Fv2%2Ftags&post=9186"}],"curies":[{"name":"wp","href":"https:\/\/api.w.org\/{rel}","templated":true}]}}