{"id":9258,"date":"2025-03-28T17:43:20","date_gmt":"2025-03-28T16:43:20","guid":{"rendered":"https:\/\/www.nonsolomusicamagazine.it\/?p=9258"},"modified":"2025-03-28T17:43:20","modified_gmt":"2025-03-28T16:43:20","slug":"porsche-rinuncia-allampliamento-della-pista-di-nardo-che-avrebbe-distrutto-il-bosco-dellarneo-politici-locali-non-contenti","status":"publish","type":"post","link":"https:\/\/www.nonsolomusicamagazine.it\/?p=9258","title":{"rendered":"Porsche rinuncia all&#8217;ampliamento della pista di Nard\u00f2 che avrebbe distrutto il bosco dell&#8217;Arneo. Politici locali non contenti &#8230;"},"content":{"rendered":"\n<p>Porsche ha deciso di abbandonare il progetto di ampliamento del Nard\u00f2 Technical Center, situato in Puglia. Il piano prevedeva un investimento di 450 milioni di euro per la costruzione di nuove piste e infrastrutture, ma \u00e8 stato interrotto a causa delle difficolt\u00e0 economiche globali nel settore automobilistico e delle implicazioni ambientali.<\/p>\n\n\n\n<p>Si tratta del progetto inserito in un accordo di programma con la Regione, di cui a marzo 2024 il ministero dell\u2019Ambiente (su input della commissione Ue) ha chiesto lo stop rilevando la mancanza di interesse pubblico rispetto all\u2019iniziativa che secondo alcune fonti prevedeva l\u2019esproprio di circa 500 ettari di bosco e l\u2019utilizzo di circa 200 ettari per la realizzazione delle nuove piste. A seguito di quella richiesta, la Regione ha congelato tutto fino a fine marzo 2025.<\/p>\n\n\n\n<p>\u00abLa decisione di Porsche \u2013 dice la nota &#8211; \u00e8 il risultato di un\u2019approfondita riflessione e di un intenso dialogo con diversi stakeholder, portato avanti negli ultimi mesi, durante il quale sono state considerate prospettive sociali, ambientali ed economiche. Tra i diversi fattori considerati, hanno avuto un peso rilevante il contesto attuale, sempre pi\u00f9 complesso, e i cambiamenti in atto nel settore automobilistico a livello globale\u00bb.<\/p>\n\n\n\n<p>Il progetto presentato nel 2021 prevedeva nove nuove piste e una serie di edifici tecnici e di servizio, un nuovo centro per la logistica e la manutenzione, una stazione di servizio, un centro per la valutazione dei mezzi e nuove aree di parcheggio. L&#8217;iniziativa era stata criticata da quasi tutto il mondo ambientalista, che nelle scorse settimane aveva rilevato il pericolo che l\u2019iniziativa ripartisse cos\u00ec come inizialmente programmata.<\/p>\n\n\n\n<p>La rinuncia \u00e8 stata accolta positivamente da chi si opponeva al progetto per motivi ambientali, ma assai male da Saverio Congedo, deputato locale di Fratelli d&#8217;Italia e soprattutto dall&#8217;assessore regionale allo Sviluppo Economico Alessandro Delli Noci: &#8220;La decisione di Porsche di non investire pi\u00f9 in Puglia e quindi di rinunciare al finanziamento regionale per rendere ancora pi\u00f9 attrattivo il centro di prova Porsche di Nard\u00f2 \u00e8 una decisione, legata a problematiche di contesto, che comprendiamo ma che lascia l\u2019amaro in bocca<strong>. <\/strong>Oggi la Puglia \u00e8 costretta a rinunciare alla realizzazione di un centro mondiale di collaudo di automobili che sarebbe stato un punto di riferimento per i test sulle auto del futuro, dall\u2019elettrico a quelle a guida autonoma,<br>Gli sforzi da parte della Regione Puglia di attrarre investimenti da parte di grandi imprese vengono in questo caso vanificati, con la grave perdita di nuovi posti di lavoro e di possibilit\u00e0 di sviluppo per un settore in forte crisi come quello dell\u2019automotive.\u00a0Sebbene il Nard\u00f3 Technical Centre continuer\u00e0 con le sue attivit\u00e0 di sviluppo e collaudo questa resta una perdita enorme per il territorio e per chi pensa che lo sviluppo sostenibile sia non solo possibile ma necessario e gi\u00e0 in corso\u201d.<\/p>\n\n\n\n<p>Plaudiamo alla dichiarazione di un amministratore regionale assai poco attento all&#8217;ambiente ed ispiratore di un progetto che avrebbe distrutto l&#8217;ecosistema salentino per puro profitto. Un assessore della giunta di centrosinistra guidata da Emiliano&#8230;<\/p>\n\n\n\n<figure class=\"wp-block-image size-full\"><img decoding=\"async\" width=\"738\" height=\"478\" src=\"https:\/\/www.nonsolomusicamagazine.it\/wp-content\/uploads\/2025\/03\/1000048646.webp\" alt=\"\" class=\"wp-image-9259\" srcset=\"https:\/\/www.nonsolomusicamagazine.it\/wp-content\/uploads\/2025\/03\/1000048646.webp 738w, https:\/\/www.nonsolomusicamagazine.it\/wp-content\/uploads\/2025\/03\/1000048646-300x194.webp 300w\" sizes=\"(max-width: 738px) 100vw, 738px\" \/><\/figure>\n","protected":false},"excerpt":{"rendered":"<p>Porsche ha deciso di abbandonare il progetto di ampliamento del Nard\u00f2 Technical Center, situato in Puglia. Il piano prevedeva un investimento di 450 milioni di euro per la costruzione di nuove piste e infrastrutture, ma \u00e8 stato interrotto a causa delle difficolt\u00e0 economiche globali nel settore automobilistico e delle implicazioni ambientali. Si tratta del progetto [&hellip;]<\/p>\n","protected":false},"author":1,"featured_media":9259,"comment_status":"open","ping_status":"closed","sticky":false,"template":"","format":"standard","meta":{"footnotes":""},"categories":[283,113],"tags":[1760,4002,150,4000,4001],"class_list":["post-9258","post","type-post","status-publish","format-standard","has-post-thumbnail","hentry","category-ambiente","category-economia","tag-ampliamento","tag-delli-noci","tag-nardo","tag-pista","tag-rinuncia"],"yoast_head":"<!-- This site is optimized with the Yoast SEO plugin v27.4 - https:\/\/yoast.com\/product\/yoast-seo-wordpress\/ -->\n<title>Porsche rinuncia all&#039;ampliamento della pista di Nard\u00f2 che avrebbe distrutto il bosco dell&#039;Arneo. Politici locali non contenti ... - NonSoloMusicaMagazine<\/title>\n<meta name=\"description\" content=\"Porsche rinuncia all&#039;ampliamento della pista di Nard\u00f2\" \/>\n<meta name=\"robots\" content=\"index, follow, max-snippet:-1, max-image-preview:large, max-video-preview:-1\" \/>\n<link rel=\"canonical\" href=\"https:\/\/www.nonsolomusicamagazine.it\/?p=9258\" \/>\n<meta property=\"og:locale\" content=\"it_IT\" \/>\n<meta property=\"og:type\" content=\"article\" \/>\n<meta property=\"og:title\" content=\"Porsche rinuncia all&#039;ampliamento della pista di Nard\u00f2 che avrebbe distrutto il bosco dell&#039;Arneo. Politici locali non contenti ... - NonSoloMusicaMagazine\" \/>\n<meta property=\"og:description\" content=\"Porsche rinuncia all&#039;ampliamento della pista di Nard\u00f2\" \/>\n<meta property=\"og:url\" content=\"https:\/\/www.nonsolomusicamagazine.it\/?p=9258\" \/>\n<meta property=\"og:site_name\" content=\"NonSoloMusicaMagazine\" \/>\n<meta property=\"article:published_time\" content=\"2025-03-28T16:43:20+00:00\" \/>\n<meta property=\"og:image\" content=\"https:\/\/www.nonsolomusicamagazine.it\/wp-content\/uploads\/2025\/03\/1000048646.webp\" \/>\n\t<meta property=\"og:image:width\" content=\"738\" \/>\n\t<meta property=\"og:image:height\" content=\"478\" \/>\n\t<meta property=\"og:image:type\" content=\"image\/webp\" \/>\n<meta name=\"author\" content=\"nonsolomusica\" \/>\n<meta name=\"twitter:card\" content=\"summary_large_image\" \/>\n<meta name=\"twitter:label1\" content=\"Scritto da\" \/>\n\t<meta name=\"twitter:data1\" content=\"nonsolomusica\" \/>\n\t<meta name=\"twitter:label2\" content=\"Tempo di lettura stimato\" \/>\n\t<meta name=\"twitter:data2\" content=\"4 minuti\" \/>\n<script type=\"application\/ld+json\" class=\"yoast-schema-graph\">{\"@context\":\"https:\\\/\\\/schema.org\",\"@graph\":[{\"@type\":\"Article\",\"@id\":\"https:\\\/\\\/www.nonsolomusicamagazine.it\\\/?p=9258#article\",\"isPartOf\":{\"@id\":\"https:\\\/\\\/www.nonsolomusicamagazine.it\\\/?p=9258\"},\"author\":{\"name\":\"nonsolomusica\",\"@id\":\"https:\\\/\\\/www.nonsolomusicamagazine.it\\\/#\\\/schema\\\/person\\\/a3349ad02300d046472d46cf6d31ae46\"},\"headline\":\"Porsche rinuncia all&#8217;ampliamento della pista di Nard\u00f2 che avrebbe distrutto il bosco dell&#8217;Arneo. Politici locali non contenti &#8230;\",\"datePublished\":\"2025-03-28T16:43:20+00:00\",\"mainEntityOfPage\":{\"@id\":\"https:\\\/\\\/www.nonsolomusicamagazine.it\\\/?p=9258\"},\"wordCount\":517,\"commentCount\":0,\"image\":{\"@id\":\"https:\\\/\\\/www.nonsolomusicamagazine.it\\\/?p=9258#primaryimage\"},\"thumbnailUrl\":\"https:\\\/\\\/www.nonsolomusicamagazine.it\\\/wp-content\\\/uploads\\\/2025\\\/03\\\/1000048646.webp\",\"keywords\":[\"ampliamento\",\"Delli Noci\",\"Nard\u00f2\",\"Pista\",\"Rinuncia\"],\"articleSection\":[\"Ambiente\",\"Economia\"],\"inLanguage\":\"it-IT\",\"potentialAction\":[{\"@type\":\"CommentAction\",\"name\":\"Comment\",\"target\":[\"https:\\\/\\\/www.nonsolomusicamagazine.it\\\/?p=9258#respond\"]}]},{\"@type\":\"WebPage\",\"@id\":\"https:\\\/\\\/www.nonsolomusicamagazine.it\\\/?p=9258\",\"url\":\"https:\\\/\\\/www.nonsolomusicamagazine.it\\\/?p=9258\",\"name\":\"Porsche rinuncia all'ampliamento della pista di Nard\u00f2 che avrebbe distrutto il bosco dell'Arneo. Politici locali non contenti ... - NonSoloMusicaMagazine\",\"isPartOf\":{\"@id\":\"https:\\\/\\\/www.nonsolomusicamagazine.it\\\/#website\"},\"primaryImageOfPage\":{\"@id\":\"https:\\\/\\\/www.nonsolomusicamagazine.it\\\/?p=9258#primaryimage\"},\"image\":{\"@id\":\"https:\\\/\\\/www.nonsolomusicamagazine.it\\\/?p=9258#primaryimage\"},\"thumbnailUrl\":\"https:\\\/\\\/www.nonsolomusicamagazine.it\\\/wp-content\\\/uploads\\\/2025\\\/03\\\/1000048646.webp\",\"datePublished\":\"2025-03-28T16:43:20+00:00\",\"author\":{\"@id\":\"https:\\\/\\\/www.nonsolomusicamagazine.it\\\/#\\\/schema\\\/person\\\/a3349ad02300d046472d46cf6d31ae46\"},\"description\":\"Porsche rinuncia all'ampliamento della pista di Nard\u00f2\",\"breadcrumb\":{\"@id\":\"https:\\\/\\\/www.nonsolomusicamagazine.it\\\/?p=9258#breadcrumb\"},\"inLanguage\":\"it-IT\",\"potentialAction\":[{\"@type\":\"ReadAction\",\"target\":[\"https:\\\/\\\/www.nonsolomusicamagazine.it\\\/?p=9258\"]}]},{\"@type\":\"ImageObject\",\"inLanguage\":\"it-IT\",\"@id\":\"https:\\\/\\\/www.nonsolomusicamagazine.it\\\/?p=9258#primaryimage\",\"url\":\"https:\\\/\\\/www.nonsolomusicamagazine.it\\\/wp-content\\\/uploads\\\/2025\\\/03\\\/1000048646.webp\",\"contentUrl\":\"https:\\\/\\\/www.nonsolomusicamagazine.it\\\/wp-content\\\/uploads\\\/2025\\\/03\\\/1000048646.webp\",\"width\":738,\"height\":478},{\"@type\":\"BreadcrumbList\",\"@id\":\"https:\\\/\\\/www.nonsolomusicamagazine.it\\\/?p=9258#breadcrumb\",\"itemListElement\":[{\"@type\":\"ListItem\",\"position\":1,\"name\":\"Home\",\"item\":\"https:\\\/\\\/www.nonsolomusicamagazine.it\\\/\"},{\"@type\":\"ListItem\",\"position\":2,\"name\":\"Porsche rinuncia all&#8217;ampliamento della pista di Nard\u00f2 che avrebbe distrutto il bosco dell&#8217;Arneo. Politici locali non contenti &#8230;\"}]},{\"@type\":\"WebSite\",\"@id\":\"https:\\\/\\\/www.nonsolomusicamagazine.it\\\/#website\",\"url\":\"https:\\\/\\\/www.nonsolomusicamagazine.it\\\/\",\"name\":\"Nonsolomusicamagazine\",\"description\":\"Dir. responsabile Manuel M Buccarella\",\"potentialAction\":[{\"@type\":\"SearchAction\",\"target\":{\"@type\":\"EntryPoint\",\"urlTemplate\":\"https:\\\/\\\/www.nonsolomusicamagazine.it\\\/?s={search_term_string}\"},\"query-input\":{\"@type\":\"PropertyValueSpecification\",\"valueRequired\":true,\"valueName\":\"search_term_string\"}}],\"inLanguage\":\"it-IT\"},{\"@type\":\"Person\",\"@id\":\"https:\\\/\\\/www.nonsolomusicamagazine.it\\\/#\\\/schema\\\/person\\\/a3349ad02300d046472d46cf6d31ae46\",\"name\":\"nonsolomusica\",\"image\":{\"@type\":\"ImageObject\",\"inLanguage\":\"it-IT\",\"@id\":\"https:\\\/\\\/www.nonsolomusicamagazine.it\\\/wp-content\\\/litespeed\\\/avatar\\\/3a675484bc84db6aba78d43bfc8b7197.jpg?ver=1776880798\",\"url\":\"https:\\\/\\\/www.nonsolomusicamagazine.it\\\/wp-content\\\/litespeed\\\/avatar\\\/3a675484bc84db6aba78d43bfc8b7197.jpg?ver=1776880798\",\"contentUrl\":\"https:\\\/\\\/www.nonsolomusicamagazine.it\\\/wp-content\\\/litespeed\\\/avatar\\\/3a675484bc84db6aba78d43bfc8b7197.jpg?ver=1776880798\",\"caption\":\"nonsolomusica\"},\"sameAs\":[\"https:\\\/\\\/www.nonsolomusicamagazine.it\"],\"url\":\"https:\\\/\\\/www.nonsolomusicamagazine.it\\\/?author=1\"}]}<\/script>\n<!-- \/ Yoast SEO plugin. -->","yoast_head_json":{"title":"Porsche rinuncia all'ampliamento della pista di Nard\u00f2 che avrebbe distrutto il bosco dell'Arneo. Politici locali non contenti ... - NonSoloMusicaMagazine","description":"Porsche rinuncia all'ampliamento della pista di Nard\u00f2","robots":{"index":"index","follow":"follow","max-snippet":"max-snippet:-1","max-image-preview":"max-image-preview:large","max-video-preview":"max-video-preview:-1"},"canonical":"https:\/\/www.nonsolomusicamagazine.it\/?p=9258","og_locale":"it_IT","og_type":"article","og_title":"Porsche rinuncia all'ampliamento della pista di Nard\u00f2 che avrebbe distrutto il bosco dell'Arneo. Politici locali non contenti ... - NonSoloMusicaMagazine","og_description":"Porsche rinuncia all'ampliamento della pista di Nard\u00f2","og_url":"https:\/\/www.nonsolomusicamagazine.it\/?p=9258","og_site_name":"NonSoloMusicaMagazine","article_published_time":"2025-03-28T16:43:20+00:00","og_image":[{"width":738,"height":478,"url":"https:\/\/www.nonsolomusicamagazine.it\/wp-content\/uploads\/2025\/03\/1000048646.webp","type":"image\/webp"}],"author":"nonsolomusica","twitter_card":"summary_large_image","twitter_misc":{"Scritto da":"nonsolomusica","Tempo di lettura stimato":"4 minuti"},"schema":{"@context":"https:\/\/schema.org","@graph":[{"@type":"Article","@id":"https:\/\/www.nonsolomusicamagazine.it\/?p=9258#article","isPartOf":{"@id":"https:\/\/www.nonsolomusicamagazine.it\/?p=9258"},"author":{"name":"nonsolomusica","@id":"https:\/\/www.nonsolomusicamagazine.it\/#\/schema\/person\/a3349ad02300d046472d46cf6d31ae46"},"headline":"Porsche rinuncia all&#8217;ampliamento della pista di Nard\u00f2 che avrebbe distrutto il bosco dell&#8217;Arneo. Politici locali non contenti &#8230;","datePublished":"2025-03-28T16:43:20+00:00","mainEntityOfPage":{"@id":"https:\/\/www.nonsolomusicamagazine.it\/?p=9258"},"wordCount":517,"commentCount":0,"image":{"@id":"https:\/\/www.nonsolomusicamagazine.it\/?p=9258#primaryimage"},"thumbnailUrl":"https:\/\/www.nonsolomusicamagazine.it\/wp-content\/uploads\/2025\/03\/1000048646.webp","keywords":["ampliamento","Delli Noci","Nard\u00f2","Pista","Rinuncia"],"articleSection":["Ambiente","Economia"],"inLanguage":"it-IT","potentialAction":[{"@type":"CommentAction","name":"Comment","target":["https:\/\/www.nonsolomusicamagazine.it\/?p=9258#respond"]}]},{"@type":"WebPage","@id":"https:\/\/www.nonsolomusicamagazine.it\/?p=9258","url":"https:\/\/www.nonsolomusicamagazine.it\/?p=9258","name":"Porsche rinuncia all'ampliamento della pista di Nard\u00f2 che avrebbe distrutto il bosco dell'Arneo. Politici locali non contenti ... - NonSoloMusicaMagazine","isPartOf":{"@id":"https:\/\/www.nonsolomusicamagazine.it\/#website"},"primaryImageOfPage":{"@id":"https:\/\/www.nonsolomusicamagazine.it\/?p=9258#primaryimage"},"image":{"@id":"https:\/\/www.nonsolomusicamagazine.it\/?p=9258#primaryimage"},"thumbnailUrl":"https:\/\/www.nonsolomusicamagazine.it\/wp-content\/uploads\/2025\/03\/1000048646.webp","datePublished":"2025-03-28T16:43:20+00:00","author":{"@id":"https:\/\/www.nonsolomusicamagazine.it\/#\/schema\/person\/a3349ad02300d046472d46cf6d31ae46"},"description":"Porsche rinuncia all'ampliamento della pista di Nard\u00f2","breadcrumb":{"@id":"https:\/\/www.nonsolomusicamagazine.it\/?p=9258#breadcrumb"},"inLanguage":"it-IT","potentialAction":[{"@type":"ReadAction","target":["https:\/\/www.nonsolomusicamagazine.it\/?p=9258"]}]},{"@type":"ImageObject","inLanguage":"it-IT","@id":"https:\/\/www.nonsolomusicamagazine.it\/?p=9258#primaryimage","url":"https:\/\/www.nonsolomusicamagazine.it\/wp-content\/uploads\/2025\/03\/1000048646.webp","contentUrl":"https:\/\/www.nonsolomusicamagazine.it\/wp-content\/uploads\/2025\/03\/1000048646.webp","width":738,"height":478},{"@type":"BreadcrumbList","@id":"https:\/\/www.nonsolomusicamagazine.it\/?p=9258#breadcrumb","itemListElement":[{"@type":"ListItem","position":1,"name":"Home","item":"https:\/\/www.nonsolomusicamagazine.it\/"},{"@type":"ListItem","position":2,"name":"Porsche rinuncia all&#8217;ampliamento della pista di Nard\u00f2 che avrebbe distrutto il bosco dell&#8217;Arneo. Politici locali non contenti &#8230;"}]},{"@type":"WebSite","@id":"https:\/\/www.nonsolomusicamagazine.it\/#website","url":"https:\/\/www.nonsolomusicamagazine.it\/","name":"Nonsolomusicamagazine","description":"Dir. responsabile Manuel M Buccarella","potentialAction":[{"@type":"SearchAction","target":{"@type":"EntryPoint","urlTemplate":"https:\/\/www.nonsolomusicamagazine.it\/?s={search_term_string}"},"query-input":{"@type":"PropertyValueSpecification","valueRequired":true,"valueName":"search_term_string"}}],"inLanguage":"it-IT"},{"@type":"Person","@id":"https:\/\/www.nonsolomusicamagazine.it\/#\/schema\/person\/a3349ad02300d046472d46cf6d31ae46","name":"nonsolomusica","image":{"@type":"ImageObject","inLanguage":"it-IT","@id":"https:\/\/www.nonsolomusicamagazine.it\/wp-content\/litespeed\/avatar\/3a675484bc84db6aba78d43bfc8b7197.jpg?ver=1776880798","url":"https:\/\/www.nonsolomusicamagazine.it\/wp-content\/litespeed\/avatar\/3a675484bc84db6aba78d43bfc8b7197.jpg?ver=1776880798","contentUrl":"https:\/\/www.nonsolomusicamagazine.it\/wp-content\/litespeed\/avatar\/3a675484bc84db6aba78d43bfc8b7197.jpg?ver=1776880798","caption":"nonsolomusica"},"sameAs":["https:\/\/www.nonsolomusicamagazine.it"],"url":"https:\/\/www.nonsolomusicamagazine.it\/?author=1"}]}},"amp_enabled":true,"_links":{"self":[{"href":"https:\/\/www.nonsolomusicamagazine.it\/index.php?rest_route=\/wp\/v2\/posts\/9258","targetHints":{"allow":["GET"]}}],"collection":[{"href":"https:\/\/www.nonsolomusicamagazine.it\/index.php?rest_route=\/wp\/v2\/posts"}],"about":[{"href":"https:\/\/www.nonsolomusicamagazine.it\/index.php?rest_route=\/wp\/v2\/types\/post"}],"author":[{"embeddable":true,"href":"https:\/\/www.nonsolomusicamagazine.it\/index.php?rest_route=\/wp\/v2\/users\/1"}],"replies":[{"embeddable":true,"href":"https:\/\/www.nonsolomusicamagazine.it\/index.php?rest_route=%2Fwp%2Fv2%2Fcomments&post=9258"}],"version-history":[{"count":0,"href":"https:\/\/www.nonsolomusicamagazine.it\/index.php?rest_route=\/wp\/v2\/posts\/9258\/revisions"}],"wp:featuredmedia":[{"embeddable":true,"href":"https:\/\/www.nonsolomusicamagazine.it\/index.php?rest_route=\/wp\/v2\/media\/9259"}],"wp:attachment":[{"href":"https:\/\/www.nonsolomusicamagazine.it\/index.php?rest_route=%2Fwp%2Fv2%2Fmedia&parent=9258"}],"wp:term":[{"taxonomy":"category","embeddable":true,"href":"https:\/\/www.nonsolomusicamagazine.it\/index.php?rest_route=%2Fwp%2Fv2%2Fcategories&post=9258"},{"taxonomy":"post_tag","embeddable":true,"href":"https:\/\/www.nonsolomusicamagazine.it\/index.php?rest_route=%2Fwp%2Fv2%2Ftags&post=9258"}],"curies":[{"name":"wp","href":"https:\/\/api.w.org\/{rel}","templated":true}]}}