{"id":9270,"date":"2025-03-28T20:10:48","date_gmt":"2025-03-28T19:10:48","guid":{"rendered":"https:\/\/www.nonsolomusicamagazine.it\/?p=9270"},"modified":"2025-03-28T20:10:54","modified_gmt":"2025-03-28T19:10:54","slug":"gli-amministratori-locali-si-battano-per-il-rispetto-della-costituzione-nel-lavoro-e-nei-servizi-non-per-la-pista-porsche-di-nardo","status":"publish","type":"post","link":"https:\/\/www.nonsolomusicamagazine.it\/?p=9270","title":{"rendered":"Gli amministratori locali si battano per il rispetto della Costituzione nel lavoro e nei servizi, non per la pista Porsche di Nard\u00f2"},"content":{"rendered":"\n<p class=\"has-text-align-center\"><strong>Crocifisso Aloisi<\/strong><\/p>\n\n\n\n<p>La notizia della rinuncia da parte di Porsche al progetto di investimenti programmati alla famosa pista di Nard\u00f2 ha fatto esplodere, ancora una volta, l&#8217;infinita diatriba tra oppositori e sostenitori di questo tipo di operazioni politico\/economiche con annesso intervento pubblico relativamente alle concessioni. Ed ogni volta mi fanno sorridere, in particolare, i commenti di coloro che nel ruolo di amministratori o ex amministratori pubblici, plaudono a queste iniziative a prescindere, senza se e senza ma, senza preoccuparsi delle conseguenze in termini di stravolgimenti territoriali, danno ambientale e sociale che simili operazioni comportano, senza minimamente preoccuparsi del fatto che un territorio debole, sia economicamente che socialmente, diventa sempre pi\u00f9 preda di ogni tipo di speculazione. <\/p>\n\n\n\n<p>Nei nostri territori infatti risulta pi\u00f9 facile, ovviamente al netto delle reazioni dell&#8217;altra parte del territorio, ovvero degli oppositori, dicevo risulta sempre pi\u00f9 facile imporre il ricatto lavoro\/speculazione privata perch\u00e9 tanta \u00e8 la fame di lavoro che attanaglia questi territori.Ed \u00e8 allora che, in questo contesto, molti amministratori, o ex amministratori pubblici, per incapacit\u00e0 attuali o incapacit\u00e0 passate, per paura o inerzia, preferiscono affidarsi al benefattore privato che compensa il disagio provocato al territorio con servizi e posti di lavoro. \u00c8 molto semplice, ma istituzionalmente scorretto, delegare al privato e lavarsi la coscienza della propria insipienza gestionale. Chi amministra dovrebbe, ogni volta che si renda necessario, sbattere i pugni su altri tavoli istituzionali e chiedere il rispetto di quanto previsto in Costituzione in termini di servizi pubblici e lavoro piuttosto che delegare al privato un principio di sussidiariet\u00e0 spesso artefatto o frutto di proprie incapacit\u00e0 o peggio conseguenza di corruzione.<\/p>\n\n\n\n<p>\u00c8 vero che la situazione economica e sociale \u00e8 molto molto difficile e non potr\u00e0 certamente essere un sindaco o un assessore a risolvere o ad incidere favorevolmente rispetto a tali problematiche, spesso strutturali e quasi sempre ereditate dal passato o da altre cattive esperienze amministrative. Tra l&#8217;altro sindaci ed assessori si trovano quotidianamente ad affrontare cittadini sempre pi\u00f9 arrabbiati proprio a causa di servizi inesistenti, o per altre difficolt\u00e0 nel gestire la propria vita e quella della propria famiglia, e quindi si cerca di dare risposte immediate e concrete a tali disperazioni.Per\u00f2 \u00e8 pur vero che sindaci ed altri amministratori possono coordinarsi per fare rete e portare avanti azioni comuni che potrebbero essere determinanti per far valere le ragioni costituzionali dei territori amministrati ed evitare, nel contempo, inutili cattedrali nel deserto, testimoni di cattiva amministrazione e di insipienza gestionale.<\/p>\n\n\n\n<figure class=\"wp-block-image size-full\"><img decoding=\"async\" width=\"738\" height=\"478\" src=\"https:\/\/www.nonsolomusicamagazine.it\/wp-content\/uploads\/2025\/03\/1000048646-1.webp\" alt=\"\" class=\"wp-image-9271\" srcset=\"https:\/\/www.nonsolomusicamagazine.it\/wp-content\/uploads\/2025\/03\/1000048646-1.webp 738w, https:\/\/www.nonsolomusicamagazine.it\/wp-content\/uploads\/2025\/03\/1000048646-1-300x194.webp 300w\" sizes=\"(max-width: 738px) 100vw, 738px\" \/><\/figure>\n","protected":false},"excerpt":{"rendered":"<p>Crocifisso Aloisi La notizia della rinuncia da parte di Porsche al progetto di investimenti programmati alla famosa pista di Nard\u00f2 ha fatto esplodere, ancora una volta, l&#8217;infinita diatriba tra oppositori e sostenitori di questo tipo di operazioni politico\/economiche con annesso intervento pubblico relativamente alle concessioni. Ed ogni volta mi fanno sorridere, in particolare, i commenti [&hellip;]<\/p>\n","protected":false},"author":1,"featured_media":9271,"comment_status":"open","ping_status":"closed","sticky":false,"template":"","format":"standard","meta":{"footnotes":""},"categories":[113,5],"tags":[213,150,4000,3999],"class_list":["post-9270","post","type-post","status-publish","format-standard","has-post-thumbnail","hentry","category-economia","category-politica","tag-lavoro","tag-nardo","tag-pista","tag-porsche"],"yoast_head":"<!-- This site is optimized with the Yoast SEO plugin v27.4 - https:\/\/yoast.com\/product\/yoast-seo-wordpress\/ -->\n<title>Gli amministratori locali si battano per il rispetto della Costituzione nel lavoro e nei servizi, non per la pista Porsche di Nard\u00f2 - NonSoloMusicaMagazine<\/title>\n<meta name=\"description\" content=\"Pista di Nard\u00f2\" \/>\n<meta name=\"robots\" content=\"index, follow, max-snippet:-1, max-image-preview:large, max-video-preview:-1\" \/>\n<link rel=\"canonical\" href=\"https:\/\/www.nonsolomusicamagazine.it\/?p=9270\" \/>\n<meta property=\"og:locale\" content=\"it_IT\" \/>\n<meta property=\"og:type\" content=\"article\" \/>\n<meta property=\"og:title\" content=\"Gli amministratori locali si battano per il rispetto della Costituzione nel lavoro e nei servizi, non per la pista Porsche di Nard\u00f2 - NonSoloMusicaMagazine\" \/>\n<meta property=\"og:description\" content=\"Pista di Nard\u00f2\" \/>\n<meta property=\"og:url\" content=\"https:\/\/www.nonsolomusicamagazine.it\/?p=9270\" \/>\n<meta property=\"og:site_name\" content=\"NonSoloMusicaMagazine\" \/>\n<meta property=\"article:published_time\" content=\"2025-03-28T19:10:48+00:00\" \/>\n<meta property=\"article:modified_time\" content=\"2025-03-28T19:10:54+00:00\" \/>\n<meta property=\"og:image\" content=\"https:\/\/www.nonsolomusicamagazine.it\/wp-content\/uploads\/2025\/03\/1000048646-1.webp\" \/>\n\t<meta property=\"og:image:width\" content=\"738\" \/>\n\t<meta property=\"og:image:height\" content=\"478\" \/>\n\t<meta property=\"og:image:type\" content=\"image\/webp\" \/>\n<meta name=\"author\" content=\"nonsolomusica\" \/>\n<meta name=\"twitter:card\" content=\"summary_large_image\" \/>\n<meta name=\"twitter:label1\" content=\"Scritto da\" \/>\n\t<meta name=\"twitter:data1\" content=\"nonsolomusica\" \/>\n\t<meta name=\"twitter:label2\" content=\"Tempo di lettura stimato\" \/>\n\t<meta name=\"twitter:data2\" content=\"3 minuti\" \/>\n<script type=\"application\/ld+json\" class=\"yoast-schema-graph\">{\"@context\":\"https:\\\/\\\/schema.org\",\"@graph\":[{\"@type\":\"Article\",\"@id\":\"https:\\\/\\\/www.nonsolomusicamagazine.it\\\/?p=9270#article\",\"isPartOf\":{\"@id\":\"https:\\\/\\\/www.nonsolomusicamagazine.it\\\/?p=9270\"},\"author\":{\"name\":\"nonsolomusica\",\"@id\":\"https:\\\/\\\/www.nonsolomusicamagazine.it\\\/#\\\/schema\\\/person\\\/a3349ad02300d046472d46cf6d31ae46\"},\"headline\":\"Gli amministratori locali si battano per il rispetto della Costituzione nel lavoro e nei servizi, non per la pista Porsche di Nard\u00f2\",\"datePublished\":\"2025-03-28T19:10:48+00:00\",\"dateModified\":\"2025-03-28T19:10:54+00:00\",\"mainEntityOfPage\":{\"@id\":\"https:\\\/\\\/www.nonsolomusicamagazine.it\\\/?p=9270\"},\"wordCount\":429,\"commentCount\":0,\"image\":{\"@id\":\"https:\\\/\\\/www.nonsolomusicamagazine.it\\\/?p=9270#primaryimage\"},\"thumbnailUrl\":\"https:\\\/\\\/www.nonsolomusicamagazine.it\\\/wp-content\\\/uploads\\\/2025\\\/03\\\/1000048646-1.webp\",\"keywords\":[\"Lavoro\",\"Nard\u00f2\",\"Pista\",\"Porsche\"],\"articleSection\":[\"Economia\",\"Politica\"],\"inLanguage\":\"it-IT\",\"potentialAction\":[{\"@type\":\"CommentAction\",\"name\":\"Comment\",\"target\":[\"https:\\\/\\\/www.nonsolomusicamagazine.it\\\/?p=9270#respond\"]}]},{\"@type\":\"WebPage\",\"@id\":\"https:\\\/\\\/www.nonsolomusicamagazine.it\\\/?p=9270\",\"url\":\"https:\\\/\\\/www.nonsolomusicamagazine.it\\\/?p=9270\",\"name\":\"Gli amministratori locali si battano per il rispetto della Costituzione nel lavoro e nei servizi, non per la pista Porsche di Nard\u00f2 - NonSoloMusicaMagazine\",\"isPartOf\":{\"@id\":\"https:\\\/\\\/www.nonsolomusicamagazine.it\\\/#website\"},\"primaryImageOfPage\":{\"@id\":\"https:\\\/\\\/www.nonsolomusicamagazine.it\\\/?p=9270#primaryimage\"},\"image\":{\"@id\":\"https:\\\/\\\/www.nonsolomusicamagazine.it\\\/?p=9270#primaryimage\"},\"thumbnailUrl\":\"https:\\\/\\\/www.nonsolomusicamagazine.it\\\/wp-content\\\/uploads\\\/2025\\\/03\\\/1000048646-1.webp\",\"datePublished\":\"2025-03-28T19:10:48+00:00\",\"dateModified\":\"2025-03-28T19:10:54+00:00\",\"author\":{\"@id\":\"https:\\\/\\\/www.nonsolomusicamagazine.it\\\/#\\\/schema\\\/person\\\/a3349ad02300d046472d46cf6d31ae46\"},\"description\":\"Pista di Nard\u00f2\",\"breadcrumb\":{\"@id\":\"https:\\\/\\\/www.nonsolomusicamagazine.it\\\/?p=9270#breadcrumb\"},\"inLanguage\":\"it-IT\",\"potentialAction\":[{\"@type\":\"ReadAction\",\"target\":[\"https:\\\/\\\/www.nonsolomusicamagazine.it\\\/?p=9270\"]}]},{\"@type\":\"ImageObject\",\"inLanguage\":\"it-IT\",\"@id\":\"https:\\\/\\\/www.nonsolomusicamagazine.it\\\/?p=9270#primaryimage\",\"url\":\"https:\\\/\\\/www.nonsolomusicamagazine.it\\\/wp-content\\\/uploads\\\/2025\\\/03\\\/1000048646-1.webp\",\"contentUrl\":\"https:\\\/\\\/www.nonsolomusicamagazine.it\\\/wp-content\\\/uploads\\\/2025\\\/03\\\/1000048646-1.webp\",\"width\":738,\"height\":478},{\"@type\":\"BreadcrumbList\",\"@id\":\"https:\\\/\\\/www.nonsolomusicamagazine.it\\\/?p=9270#breadcrumb\",\"itemListElement\":[{\"@type\":\"ListItem\",\"position\":1,\"name\":\"Home\",\"item\":\"https:\\\/\\\/www.nonsolomusicamagazine.it\\\/\"},{\"@type\":\"ListItem\",\"position\":2,\"name\":\"Gli amministratori locali si battano per il rispetto della Costituzione nel lavoro e nei servizi, non per la pista Porsche di Nard\u00f2\"}]},{\"@type\":\"WebSite\",\"@id\":\"https:\\\/\\\/www.nonsolomusicamagazine.it\\\/#website\",\"url\":\"https:\\\/\\\/www.nonsolomusicamagazine.it\\\/\",\"name\":\"Nonsolomusicamagazine\",\"description\":\"Dir. responsabile Manuel M Buccarella\",\"potentialAction\":[{\"@type\":\"SearchAction\",\"target\":{\"@type\":\"EntryPoint\",\"urlTemplate\":\"https:\\\/\\\/www.nonsolomusicamagazine.it\\\/?s={search_term_string}\"},\"query-input\":{\"@type\":\"PropertyValueSpecification\",\"valueRequired\":true,\"valueName\":\"search_term_string\"}}],\"inLanguage\":\"it-IT\"},{\"@type\":\"Person\",\"@id\":\"https:\\\/\\\/www.nonsolomusicamagazine.it\\\/#\\\/schema\\\/person\\\/a3349ad02300d046472d46cf6d31ae46\",\"name\":\"nonsolomusica\",\"image\":{\"@type\":\"ImageObject\",\"inLanguage\":\"it-IT\",\"@id\":\"https:\\\/\\\/www.nonsolomusicamagazine.it\\\/wp-content\\\/litespeed\\\/avatar\\\/3a675484bc84db6aba78d43bfc8b7197.jpg?ver=1776880798\",\"url\":\"https:\\\/\\\/www.nonsolomusicamagazine.it\\\/wp-content\\\/litespeed\\\/avatar\\\/3a675484bc84db6aba78d43bfc8b7197.jpg?ver=1776880798\",\"contentUrl\":\"https:\\\/\\\/www.nonsolomusicamagazine.it\\\/wp-content\\\/litespeed\\\/avatar\\\/3a675484bc84db6aba78d43bfc8b7197.jpg?ver=1776880798\",\"caption\":\"nonsolomusica\"},\"sameAs\":[\"https:\\\/\\\/www.nonsolomusicamagazine.it\"],\"url\":\"https:\\\/\\\/www.nonsolomusicamagazine.it\\\/?author=1\"}]}<\/script>\n<!-- \/ Yoast SEO plugin. -->","yoast_head_json":{"title":"Gli amministratori locali si battano per il rispetto della Costituzione nel lavoro e nei servizi, non per la pista Porsche di Nard\u00f2 - NonSoloMusicaMagazine","description":"Pista di Nard\u00f2","robots":{"index":"index","follow":"follow","max-snippet":"max-snippet:-1","max-image-preview":"max-image-preview:large","max-video-preview":"max-video-preview:-1"},"canonical":"https:\/\/www.nonsolomusicamagazine.it\/?p=9270","og_locale":"it_IT","og_type":"article","og_title":"Gli amministratori locali si battano per il rispetto della Costituzione nel lavoro e nei servizi, non per la pista Porsche di Nard\u00f2 - NonSoloMusicaMagazine","og_description":"Pista di Nard\u00f2","og_url":"https:\/\/www.nonsolomusicamagazine.it\/?p=9270","og_site_name":"NonSoloMusicaMagazine","article_published_time":"2025-03-28T19:10:48+00:00","article_modified_time":"2025-03-28T19:10:54+00:00","og_image":[{"width":738,"height":478,"url":"https:\/\/www.nonsolomusicamagazine.it\/wp-content\/uploads\/2025\/03\/1000048646-1.webp","type":"image\/webp"}],"author":"nonsolomusica","twitter_card":"summary_large_image","twitter_misc":{"Scritto da":"nonsolomusica","Tempo di lettura stimato":"3 minuti"},"schema":{"@context":"https:\/\/schema.org","@graph":[{"@type":"Article","@id":"https:\/\/www.nonsolomusicamagazine.it\/?p=9270#article","isPartOf":{"@id":"https:\/\/www.nonsolomusicamagazine.it\/?p=9270"},"author":{"name":"nonsolomusica","@id":"https:\/\/www.nonsolomusicamagazine.it\/#\/schema\/person\/a3349ad02300d046472d46cf6d31ae46"},"headline":"Gli amministratori locali si battano per il rispetto della Costituzione nel lavoro e nei servizi, non per la pista Porsche di Nard\u00f2","datePublished":"2025-03-28T19:10:48+00:00","dateModified":"2025-03-28T19:10:54+00:00","mainEntityOfPage":{"@id":"https:\/\/www.nonsolomusicamagazine.it\/?p=9270"},"wordCount":429,"commentCount":0,"image":{"@id":"https:\/\/www.nonsolomusicamagazine.it\/?p=9270#primaryimage"},"thumbnailUrl":"https:\/\/www.nonsolomusicamagazine.it\/wp-content\/uploads\/2025\/03\/1000048646-1.webp","keywords":["Lavoro","Nard\u00f2","Pista","Porsche"],"articleSection":["Economia","Politica"],"inLanguage":"it-IT","potentialAction":[{"@type":"CommentAction","name":"Comment","target":["https:\/\/www.nonsolomusicamagazine.it\/?p=9270#respond"]}]},{"@type":"WebPage","@id":"https:\/\/www.nonsolomusicamagazine.it\/?p=9270","url":"https:\/\/www.nonsolomusicamagazine.it\/?p=9270","name":"Gli amministratori locali si battano per il rispetto della Costituzione nel lavoro e nei servizi, non per la pista Porsche di Nard\u00f2 - NonSoloMusicaMagazine","isPartOf":{"@id":"https:\/\/www.nonsolomusicamagazine.it\/#website"},"primaryImageOfPage":{"@id":"https:\/\/www.nonsolomusicamagazine.it\/?p=9270#primaryimage"},"image":{"@id":"https:\/\/www.nonsolomusicamagazine.it\/?p=9270#primaryimage"},"thumbnailUrl":"https:\/\/www.nonsolomusicamagazine.it\/wp-content\/uploads\/2025\/03\/1000048646-1.webp","datePublished":"2025-03-28T19:10:48+00:00","dateModified":"2025-03-28T19:10:54+00:00","author":{"@id":"https:\/\/www.nonsolomusicamagazine.it\/#\/schema\/person\/a3349ad02300d046472d46cf6d31ae46"},"description":"Pista di Nard\u00f2","breadcrumb":{"@id":"https:\/\/www.nonsolomusicamagazine.it\/?p=9270#breadcrumb"},"inLanguage":"it-IT","potentialAction":[{"@type":"ReadAction","target":["https:\/\/www.nonsolomusicamagazine.it\/?p=9270"]}]},{"@type":"ImageObject","inLanguage":"it-IT","@id":"https:\/\/www.nonsolomusicamagazine.it\/?p=9270#primaryimage","url":"https:\/\/www.nonsolomusicamagazine.it\/wp-content\/uploads\/2025\/03\/1000048646-1.webp","contentUrl":"https:\/\/www.nonsolomusicamagazine.it\/wp-content\/uploads\/2025\/03\/1000048646-1.webp","width":738,"height":478},{"@type":"BreadcrumbList","@id":"https:\/\/www.nonsolomusicamagazine.it\/?p=9270#breadcrumb","itemListElement":[{"@type":"ListItem","position":1,"name":"Home","item":"https:\/\/www.nonsolomusicamagazine.it\/"},{"@type":"ListItem","position":2,"name":"Gli amministratori locali si battano per il rispetto della Costituzione nel lavoro e nei servizi, non per la pista Porsche di Nard\u00f2"}]},{"@type":"WebSite","@id":"https:\/\/www.nonsolomusicamagazine.it\/#website","url":"https:\/\/www.nonsolomusicamagazine.it\/","name":"Nonsolomusicamagazine","description":"Dir. responsabile Manuel M Buccarella","potentialAction":[{"@type":"SearchAction","target":{"@type":"EntryPoint","urlTemplate":"https:\/\/www.nonsolomusicamagazine.it\/?s={search_term_string}"},"query-input":{"@type":"PropertyValueSpecification","valueRequired":true,"valueName":"search_term_string"}}],"inLanguage":"it-IT"},{"@type":"Person","@id":"https:\/\/www.nonsolomusicamagazine.it\/#\/schema\/person\/a3349ad02300d046472d46cf6d31ae46","name":"nonsolomusica","image":{"@type":"ImageObject","inLanguage":"it-IT","@id":"https:\/\/www.nonsolomusicamagazine.it\/wp-content\/litespeed\/avatar\/3a675484bc84db6aba78d43bfc8b7197.jpg?ver=1776880798","url":"https:\/\/www.nonsolomusicamagazine.it\/wp-content\/litespeed\/avatar\/3a675484bc84db6aba78d43bfc8b7197.jpg?ver=1776880798","contentUrl":"https:\/\/www.nonsolomusicamagazine.it\/wp-content\/litespeed\/avatar\/3a675484bc84db6aba78d43bfc8b7197.jpg?ver=1776880798","caption":"nonsolomusica"},"sameAs":["https:\/\/www.nonsolomusicamagazine.it"],"url":"https:\/\/www.nonsolomusicamagazine.it\/?author=1"}]}},"amp_enabled":true,"_links":{"self":[{"href":"https:\/\/www.nonsolomusicamagazine.it\/index.php?rest_route=\/wp\/v2\/posts\/9270","targetHints":{"allow":["GET"]}}],"collection":[{"href":"https:\/\/www.nonsolomusicamagazine.it\/index.php?rest_route=\/wp\/v2\/posts"}],"about":[{"href":"https:\/\/www.nonsolomusicamagazine.it\/index.php?rest_route=\/wp\/v2\/types\/post"}],"author":[{"embeddable":true,"href":"https:\/\/www.nonsolomusicamagazine.it\/index.php?rest_route=\/wp\/v2\/users\/1"}],"replies":[{"embeddable":true,"href":"https:\/\/www.nonsolomusicamagazine.it\/index.php?rest_route=%2Fwp%2Fv2%2Fcomments&post=9270"}],"version-history":[{"count":0,"href":"https:\/\/www.nonsolomusicamagazine.it\/index.php?rest_route=\/wp\/v2\/posts\/9270\/revisions"}],"wp:featuredmedia":[{"embeddable":true,"href":"https:\/\/www.nonsolomusicamagazine.it\/index.php?rest_route=\/wp\/v2\/media\/9271"}],"wp:attachment":[{"href":"https:\/\/www.nonsolomusicamagazine.it\/index.php?rest_route=%2Fwp%2Fv2%2Fmedia&parent=9270"}],"wp:term":[{"taxonomy":"category","embeddable":true,"href":"https:\/\/www.nonsolomusicamagazine.it\/index.php?rest_route=%2Fwp%2Fv2%2Fcategories&post=9270"},{"taxonomy":"post_tag","embeddable":true,"href":"https:\/\/www.nonsolomusicamagazine.it\/index.php?rest_route=%2Fwp%2Fv2%2Ftags&post=9270"}],"curies":[{"name":"wp","href":"https:\/\/api.w.org\/{rel}","templated":true}]}}