{"id":9273,"date":"2025-03-28T20:24:35","date_gmt":"2025-03-28T19:24:35","guid":{"rendered":"https:\/\/www.nonsolomusicamagazine.it\/?p=9273"},"modified":"2025-03-28T20:24:36","modified_gmt":"2025-03-28T19:24:36","slug":"le-favole-di-pinocchia","status":"publish","type":"post","link":"https:\/\/www.nonsolomusicamagazine.it\/?p=9273","title":{"rendered":"LE FAVOLE DI PINOCCHIA"},"content":{"rendered":"\n<p>LE FAVOLE DI PINOCCHIA MARCO TRAVAGLIO \u2013 IL FATTO \u2013 28.03.2025<\/p>\n\n\n\n<p>Prima che l\u2019ennesimo euro-scandalo \u2013 gli incontri della lobby israeliana di estrema destra Idsf, mai registrata n\u00e9 autorizzata, con 19 eurodeputati, fra cui la pidina Pina Picierno \u2013 diventi la solita disputa burocratica su regole e regolette, \u00e8 bene andare alla sostanza. Se la vestale del renzismo, del bellicismo e dell\u2019atlantismo (ma solo, coerentemente, fino all\u2019elezione di Trump), riceve i capi dell\u2019Isra e l Defense and Security Forum con tanto di foto opportunit\u00e0 nel Parlamento europeo di cui \u00e8 una dei 14 vicepresidenti, il problema politico non \u00e8 se e come abbia registrato gli incontri. N\u00e9 che siano avvenuti. Chi mai dovrebbe incontrare quella congrega di fanatici estremisti che teorizzano la colonizzazione illegale della Cisgiordania e reclutano mercenari per le guerre di Israele, se non la Picierno, che in quest\u2019anno e mezzo, col giochino \u201cE allora il 7 ottobre? \u201d, \u00e8 riuscita a non condannare mai nettamente ed esplicitamente il governo Netanyahu per lo sterminio di 50 mila (almeno) palestinesi a Gaza e a tacciare di antisemita filo-Hamas chiunque lo chiamasse col suo nome?<\/p>\n\n\n\n<p>Il problema politico \u00e8 cosa ci faccia questa signora nel Pd. O, in alternativa, quale credibilit\u00e0 abbia il Pd quando tuona (di rado) o pigola (spesso) contro i crimini di Netanyahu&amp;C. se poi si tiene le Picierno e altri sedicenti \u201criformisti\u201dper mancanza di riforme. <\/p>\n\n\n\n<p>Un altro frequentatore dell\u2019allegra brigata israeliana \u00e8 il lituano Andrius Kubilius, commissario Ue per la Difesa, e anche l\u00ec nessuno stupore: \u00e8 un altro tifoso del riarmo e non poteva non empatizzare. Ma almeno sta in un partito di destra catto-nazionalista. Non in uno di presunta \u201csinistra\u201d. Ma, in questa spettacolare farsa chiamata Europa, capita che la Commissione, cio\u00e8 il governo, sia composta da Cdu, FdI, Liberali, Verdi e Pse. Infatti continua a sfornare auto-sanzioni alla Russia, ma non s\u2019\u00e8 mai sognata di discutere e men che meno votare sanzioni a Israele. Neppure per bloccare le forniture di armamenti che Netanyahu usa per radere al suolo la striscia di Gaza, attaccare la Cisgiordania aizzando e armando i coloni pi\u00f9 violenti, il Libano, la Siria, l\u2019Iran, lo Yemen e ogni tanto pure l\u2019Iraq. <\/p>\n\n\n\n<p>Intanto la Picierno dichiarava con grave sprezzo del ridicolo che \u201cl\u2019Italia non vende armi a Paesi in guerra\u201d. Stilava liste fantasy di putiniani. E riusciva a chiedere, restando seria, \u201calla Commissione e al Consiglio Ue l\u2019inserimento di Ciro Cerullo, in arte Jorit, tra gli individui sottoposti a sanzioni\u201d perch\u00e9 l\u2019artista di strada napoletano aveva dipinto un murale su Mariupol e incontrato Putin a Mosca per portare messaggi di pace. Invece, per una che incontra i lobbisti delle guerre e delle stragi d\u2019Israele , niente sanzioni. Anche perch\u00e9 dovrebbe sanzionarsi da sola.<\/p>\n\n\n\n<figure class=\"wp-block-image size-full\"><img decoding=\"async\" width=\"800\" height=\"600\" src=\"https:\/\/www.nonsolomusicamagazine.it\/wp-content\/uploads\/2025\/03\/1000048664.jpg\" alt=\"\" class=\"wp-image-9274\" srcset=\"https:\/\/www.nonsolomusicamagazine.it\/wp-content\/uploads\/2025\/03\/1000048664.jpg 800w, https:\/\/www.nonsolomusicamagazine.it\/wp-content\/uploads\/2025\/03\/1000048664-300x225.jpg 300w, https:\/\/www.nonsolomusicamagazine.it\/wp-content\/uploads\/2025\/03\/1000048664-768x576.jpg 768w\" sizes=\"(max-width: 800px) 100vw, 800px\" \/><\/figure>\n\n\n\n<p><\/p>\n","protected":false},"excerpt":{"rendered":"<p>LE FAVOLE DI PINOCCHIA MARCO TRAVAGLIO \u2013 IL FATTO \u2013 28.03.2025 Prima che l\u2019ennesimo euro-scandalo \u2013 gli incontri della lobby israeliana di estrema destra Idsf, mai registrata n\u00e9 autorizzata, con 19 eurodeputati, fra cui la pidina Pina Picierno \u2013 diventi la solita disputa burocratica su regole e regolette, \u00e8 bene andare alla sostanza. Se la [&hellip;]<\/p>\n","protected":false},"author":1,"featured_media":9275,"comment_status":"open","ping_status":"closed","sticky":false,"template":"","format":"standard","meta":{"footnotes":""},"categories":[5],"tags":[1477,216,4008,4007],"class_list":["post-9273","post","type-post","status-publish","format-standard","has-post-thumbnail","hentry","category-politica","tag-europa","tag-israele","tag-lobbying","tag-picierno"],"yoast_head":"<!-- This site is optimized with the Yoast SEO plugin v27.4 - https:\/\/yoast.com\/product\/yoast-seo-wordpress\/ -->\n<title>LE FAVOLE DI PINOCCHIA - NonSoloMusicaMagazine<\/title>\n<meta name=\"description\" content=\"LE FAVOLE DI PINOCCHIA\" \/>\n<meta name=\"robots\" content=\"index, follow, max-snippet:-1, max-image-preview:large, max-video-preview:-1\" \/>\n<link rel=\"canonical\" href=\"https:\/\/www.nonsolomusicamagazine.it\/?p=9273\" \/>\n<meta property=\"og:locale\" content=\"it_IT\" \/>\n<meta property=\"og:type\" content=\"article\" \/>\n<meta property=\"og:title\" content=\"LE FAVOLE DI PINOCCHIA - NonSoloMusicaMagazine\" \/>\n<meta property=\"og:description\" content=\"LE FAVOLE DI PINOCCHIA\" \/>\n<meta property=\"og:url\" content=\"https:\/\/www.nonsolomusicamagazine.it\/?p=9273\" \/>\n<meta property=\"og:site_name\" content=\"NonSoloMusicaMagazine\" \/>\n<meta property=\"article:published_time\" content=\"2025-03-28T19:24:35+00:00\" \/>\n<meta property=\"article:modified_time\" content=\"2025-03-28T19:24:36+00:00\" \/>\n<meta property=\"og:image\" content=\"https:\/\/www.nonsolomusicamagazine.it\/wp-content\/uploads\/2025\/03\/1000048664-1.jpg\" \/>\n\t<meta property=\"og:image:width\" content=\"800\" \/>\n\t<meta property=\"og:image:height\" content=\"600\" \/>\n\t<meta property=\"og:image:type\" content=\"image\/jpeg\" \/>\n<meta name=\"author\" content=\"nonsolomusica\" \/>\n<meta name=\"twitter:card\" content=\"summary_large_image\" \/>\n<meta name=\"twitter:label1\" content=\"Scritto da\" \/>\n\t<meta name=\"twitter:data1\" content=\"nonsolomusica\" \/>\n\t<meta name=\"twitter:label2\" content=\"Tempo di lettura stimato\" \/>\n\t<meta name=\"twitter:data2\" content=\"3 minuti\" \/>\n<script type=\"application\/ld+json\" class=\"yoast-schema-graph\">{\"@context\":\"https:\\\/\\\/schema.org\",\"@graph\":[{\"@type\":\"Article\",\"@id\":\"https:\\\/\\\/www.nonsolomusicamagazine.it\\\/?p=9273#article\",\"isPartOf\":{\"@id\":\"https:\\\/\\\/www.nonsolomusicamagazine.it\\\/?p=9273\"},\"author\":{\"name\":\"nonsolomusica\",\"@id\":\"https:\\\/\\\/www.nonsolomusicamagazine.it\\\/#\\\/schema\\\/person\\\/a3349ad02300d046472d46cf6d31ae46\"},\"headline\":\"LE FAVOLE DI PINOCCHIA\",\"datePublished\":\"2025-03-28T19:24:35+00:00\",\"dateModified\":\"2025-03-28T19:24:36+00:00\",\"mainEntityOfPage\":{\"@id\":\"https:\\\/\\\/www.nonsolomusicamagazine.it\\\/?p=9273\"},\"wordCount\":453,\"commentCount\":0,\"image\":{\"@id\":\"https:\\\/\\\/www.nonsolomusicamagazine.it\\\/?p=9273#primaryimage\"},\"thumbnailUrl\":\"https:\\\/\\\/www.nonsolomusicamagazine.it\\\/wp-content\\\/uploads\\\/2025\\\/03\\\/1000048664-1.jpg\",\"keywords\":[\"Europa\",\"Israele\",\"Lobbying\",\"Picierno\"],\"articleSection\":[\"Politica\"],\"inLanguage\":\"it-IT\",\"potentialAction\":[{\"@type\":\"CommentAction\",\"name\":\"Comment\",\"target\":[\"https:\\\/\\\/www.nonsolomusicamagazine.it\\\/?p=9273#respond\"]}]},{\"@type\":\"WebPage\",\"@id\":\"https:\\\/\\\/www.nonsolomusicamagazine.it\\\/?p=9273\",\"url\":\"https:\\\/\\\/www.nonsolomusicamagazine.it\\\/?p=9273\",\"name\":\"LE FAVOLE DI PINOCCHIA - NonSoloMusicaMagazine\",\"isPartOf\":{\"@id\":\"https:\\\/\\\/www.nonsolomusicamagazine.it\\\/#website\"},\"primaryImageOfPage\":{\"@id\":\"https:\\\/\\\/www.nonsolomusicamagazine.it\\\/?p=9273#primaryimage\"},\"image\":{\"@id\":\"https:\\\/\\\/www.nonsolomusicamagazine.it\\\/?p=9273#primaryimage\"},\"thumbnailUrl\":\"https:\\\/\\\/www.nonsolomusicamagazine.it\\\/wp-content\\\/uploads\\\/2025\\\/03\\\/1000048664-1.jpg\",\"datePublished\":\"2025-03-28T19:24:35+00:00\",\"dateModified\":\"2025-03-28T19:24:36+00:00\",\"author\":{\"@id\":\"https:\\\/\\\/www.nonsolomusicamagazine.it\\\/#\\\/schema\\\/person\\\/a3349ad02300d046472d46cf6d31ae46\"},\"description\":\"LE FAVOLE DI PINOCCHIA\",\"breadcrumb\":{\"@id\":\"https:\\\/\\\/www.nonsolomusicamagazine.it\\\/?p=9273#breadcrumb\"},\"inLanguage\":\"it-IT\",\"potentialAction\":[{\"@type\":\"ReadAction\",\"target\":[\"https:\\\/\\\/www.nonsolomusicamagazine.it\\\/?p=9273\"]}]},{\"@type\":\"ImageObject\",\"inLanguage\":\"it-IT\",\"@id\":\"https:\\\/\\\/www.nonsolomusicamagazine.it\\\/?p=9273#primaryimage\",\"url\":\"https:\\\/\\\/www.nonsolomusicamagazine.it\\\/wp-content\\\/uploads\\\/2025\\\/03\\\/1000048664-1.jpg\",\"contentUrl\":\"https:\\\/\\\/www.nonsolomusicamagazine.it\\\/wp-content\\\/uploads\\\/2025\\\/03\\\/1000048664-1.jpg\",\"width\":800,\"height\":600},{\"@type\":\"BreadcrumbList\",\"@id\":\"https:\\\/\\\/www.nonsolomusicamagazine.it\\\/?p=9273#breadcrumb\",\"itemListElement\":[{\"@type\":\"ListItem\",\"position\":1,\"name\":\"Home\",\"item\":\"https:\\\/\\\/www.nonsolomusicamagazine.it\\\/\"},{\"@type\":\"ListItem\",\"position\":2,\"name\":\"LE FAVOLE DI PINOCCHIA\"}]},{\"@type\":\"WebSite\",\"@id\":\"https:\\\/\\\/www.nonsolomusicamagazine.it\\\/#website\",\"url\":\"https:\\\/\\\/www.nonsolomusicamagazine.it\\\/\",\"name\":\"Nonsolomusicamagazine\",\"description\":\"Dir. responsabile Manuel M Buccarella\",\"potentialAction\":[{\"@type\":\"SearchAction\",\"target\":{\"@type\":\"EntryPoint\",\"urlTemplate\":\"https:\\\/\\\/www.nonsolomusicamagazine.it\\\/?s={search_term_string}\"},\"query-input\":{\"@type\":\"PropertyValueSpecification\",\"valueRequired\":true,\"valueName\":\"search_term_string\"}}],\"inLanguage\":\"it-IT\"},{\"@type\":\"Person\",\"@id\":\"https:\\\/\\\/www.nonsolomusicamagazine.it\\\/#\\\/schema\\\/person\\\/a3349ad02300d046472d46cf6d31ae46\",\"name\":\"nonsolomusica\",\"image\":{\"@type\":\"ImageObject\",\"inLanguage\":\"it-IT\",\"@id\":\"https:\\\/\\\/www.nonsolomusicamagazine.it\\\/wp-content\\\/litespeed\\\/avatar\\\/3a675484bc84db6aba78d43bfc8b7197.jpg?ver=1776880798\",\"url\":\"https:\\\/\\\/www.nonsolomusicamagazine.it\\\/wp-content\\\/litespeed\\\/avatar\\\/3a675484bc84db6aba78d43bfc8b7197.jpg?ver=1776880798\",\"contentUrl\":\"https:\\\/\\\/www.nonsolomusicamagazine.it\\\/wp-content\\\/litespeed\\\/avatar\\\/3a675484bc84db6aba78d43bfc8b7197.jpg?ver=1776880798\",\"caption\":\"nonsolomusica\"},\"sameAs\":[\"https:\\\/\\\/www.nonsolomusicamagazine.it\"],\"url\":\"https:\\\/\\\/www.nonsolomusicamagazine.it\\\/?author=1\"}]}<\/script>\n<!-- \/ Yoast SEO plugin. -->","yoast_head_json":{"title":"LE FAVOLE DI PINOCCHIA - NonSoloMusicaMagazine","description":"LE FAVOLE DI PINOCCHIA","robots":{"index":"index","follow":"follow","max-snippet":"max-snippet:-1","max-image-preview":"max-image-preview:large","max-video-preview":"max-video-preview:-1"},"canonical":"https:\/\/www.nonsolomusicamagazine.it\/?p=9273","og_locale":"it_IT","og_type":"article","og_title":"LE FAVOLE DI PINOCCHIA - NonSoloMusicaMagazine","og_description":"LE FAVOLE DI PINOCCHIA","og_url":"https:\/\/www.nonsolomusicamagazine.it\/?p=9273","og_site_name":"NonSoloMusicaMagazine","article_published_time":"2025-03-28T19:24:35+00:00","article_modified_time":"2025-03-28T19:24:36+00:00","og_image":[{"width":800,"height":600,"url":"https:\/\/www.nonsolomusicamagazine.it\/wp-content\/uploads\/2025\/03\/1000048664-1.jpg","type":"image\/jpeg"}],"author":"nonsolomusica","twitter_card":"summary_large_image","twitter_misc":{"Scritto da":"nonsolomusica","Tempo di lettura stimato":"3 minuti"},"schema":{"@context":"https:\/\/schema.org","@graph":[{"@type":"Article","@id":"https:\/\/www.nonsolomusicamagazine.it\/?p=9273#article","isPartOf":{"@id":"https:\/\/www.nonsolomusicamagazine.it\/?p=9273"},"author":{"name":"nonsolomusica","@id":"https:\/\/www.nonsolomusicamagazine.it\/#\/schema\/person\/a3349ad02300d046472d46cf6d31ae46"},"headline":"LE FAVOLE DI PINOCCHIA","datePublished":"2025-03-28T19:24:35+00:00","dateModified":"2025-03-28T19:24:36+00:00","mainEntityOfPage":{"@id":"https:\/\/www.nonsolomusicamagazine.it\/?p=9273"},"wordCount":453,"commentCount":0,"image":{"@id":"https:\/\/www.nonsolomusicamagazine.it\/?p=9273#primaryimage"},"thumbnailUrl":"https:\/\/www.nonsolomusicamagazine.it\/wp-content\/uploads\/2025\/03\/1000048664-1.jpg","keywords":["Europa","Israele","Lobbying","Picierno"],"articleSection":["Politica"],"inLanguage":"it-IT","potentialAction":[{"@type":"CommentAction","name":"Comment","target":["https:\/\/www.nonsolomusicamagazine.it\/?p=9273#respond"]}]},{"@type":"WebPage","@id":"https:\/\/www.nonsolomusicamagazine.it\/?p=9273","url":"https:\/\/www.nonsolomusicamagazine.it\/?p=9273","name":"LE FAVOLE DI PINOCCHIA - NonSoloMusicaMagazine","isPartOf":{"@id":"https:\/\/www.nonsolomusicamagazine.it\/#website"},"primaryImageOfPage":{"@id":"https:\/\/www.nonsolomusicamagazine.it\/?p=9273#primaryimage"},"image":{"@id":"https:\/\/www.nonsolomusicamagazine.it\/?p=9273#primaryimage"},"thumbnailUrl":"https:\/\/www.nonsolomusicamagazine.it\/wp-content\/uploads\/2025\/03\/1000048664-1.jpg","datePublished":"2025-03-28T19:24:35+00:00","dateModified":"2025-03-28T19:24:36+00:00","author":{"@id":"https:\/\/www.nonsolomusicamagazine.it\/#\/schema\/person\/a3349ad02300d046472d46cf6d31ae46"},"description":"LE FAVOLE DI PINOCCHIA","breadcrumb":{"@id":"https:\/\/www.nonsolomusicamagazine.it\/?p=9273#breadcrumb"},"inLanguage":"it-IT","potentialAction":[{"@type":"ReadAction","target":["https:\/\/www.nonsolomusicamagazine.it\/?p=9273"]}]},{"@type":"ImageObject","inLanguage":"it-IT","@id":"https:\/\/www.nonsolomusicamagazine.it\/?p=9273#primaryimage","url":"https:\/\/www.nonsolomusicamagazine.it\/wp-content\/uploads\/2025\/03\/1000048664-1.jpg","contentUrl":"https:\/\/www.nonsolomusicamagazine.it\/wp-content\/uploads\/2025\/03\/1000048664-1.jpg","width":800,"height":600},{"@type":"BreadcrumbList","@id":"https:\/\/www.nonsolomusicamagazine.it\/?p=9273#breadcrumb","itemListElement":[{"@type":"ListItem","position":1,"name":"Home","item":"https:\/\/www.nonsolomusicamagazine.it\/"},{"@type":"ListItem","position":2,"name":"LE FAVOLE DI PINOCCHIA"}]},{"@type":"WebSite","@id":"https:\/\/www.nonsolomusicamagazine.it\/#website","url":"https:\/\/www.nonsolomusicamagazine.it\/","name":"Nonsolomusicamagazine","description":"Dir. responsabile Manuel M Buccarella","potentialAction":[{"@type":"SearchAction","target":{"@type":"EntryPoint","urlTemplate":"https:\/\/www.nonsolomusicamagazine.it\/?s={search_term_string}"},"query-input":{"@type":"PropertyValueSpecification","valueRequired":true,"valueName":"search_term_string"}}],"inLanguage":"it-IT"},{"@type":"Person","@id":"https:\/\/www.nonsolomusicamagazine.it\/#\/schema\/person\/a3349ad02300d046472d46cf6d31ae46","name":"nonsolomusica","image":{"@type":"ImageObject","inLanguage":"it-IT","@id":"https:\/\/www.nonsolomusicamagazine.it\/wp-content\/litespeed\/avatar\/3a675484bc84db6aba78d43bfc8b7197.jpg?ver=1776880798","url":"https:\/\/www.nonsolomusicamagazine.it\/wp-content\/litespeed\/avatar\/3a675484bc84db6aba78d43bfc8b7197.jpg?ver=1776880798","contentUrl":"https:\/\/www.nonsolomusicamagazine.it\/wp-content\/litespeed\/avatar\/3a675484bc84db6aba78d43bfc8b7197.jpg?ver=1776880798","caption":"nonsolomusica"},"sameAs":["https:\/\/www.nonsolomusicamagazine.it"],"url":"https:\/\/www.nonsolomusicamagazine.it\/?author=1"}]}},"amp_enabled":true,"_links":{"self":[{"href":"https:\/\/www.nonsolomusicamagazine.it\/index.php?rest_route=\/wp\/v2\/posts\/9273","targetHints":{"allow":["GET"]}}],"collection":[{"href":"https:\/\/www.nonsolomusicamagazine.it\/index.php?rest_route=\/wp\/v2\/posts"}],"about":[{"href":"https:\/\/www.nonsolomusicamagazine.it\/index.php?rest_route=\/wp\/v2\/types\/post"}],"author":[{"embeddable":true,"href":"https:\/\/www.nonsolomusicamagazine.it\/index.php?rest_route=\/wp\/v2\/users\/1"}],"replies":[{"embeddable":true,"href":"https:\/\/www.nonsolomusicamagazine.it\/index.php?rest_route=%2Fwp%2Fv2%2Fcomments&post=9273"}],"version-history":[{"count":0,"href":"https:\/\/www.nonsolomusicamagazine.it\/index.php?rest_route=\/wp\/v2\/posts\/9273\/revisions"}],"wp:featuredmedia":[{"embeddable":true,"href":"https:\/\/www.nonsolomusicamagazine.it\/index.php?rest_route=\/wp\/v2\/media\/9275"}],"wp:attachment":[{"href":"https:\/\/www.nonsolomusicamagazine.it\/index.php?rest_route=%2Fwp%2Fv2%2Fmedia&parent=9273"}],"wp:term":[{"taxonomy":"category","embeddable":true,"href":"https:\/\/www.nonsolomusicamagazine.it\/index.php?rest_route=%2Fwp%2Fv2%2Fcategories&post=9273"},{"taxonomy":"post_tag","embeddable":true,"href":"https:\/\/www.nonsolomusicamagazine.it\/index.php?rest_route=%2Fwp%2Fv2%2Ftags&post=9273"}],"curies":[{"name":"wp","href":"https:\/\/api.w.org\/{rel}","templated":true}]}}