{"id":9292,"date":"2025-03-29T08:27:48","date_gmt":"2025-03-29T07:27:48","guid":{"rendered":"https:\/\/www.nonsolomusicamagazine.it\/?p=9292"},"modified":"2025-03-29T08:27:49","modified_gmt":"2025-03-29T07:27:49","slug":"kater-i-rades-le-primavere-di-giorgia-salicandro","status":"publish","type":"post","link":"https:\/\/www.nonsolomusicamagazine.it\/?p=9292","title":{"rendered":"Kat\u00ebr I Rades, le &#8220;primavere&#8221; di Giorgia Salicandro"},"content":{"rendered":"\n<p>&#8220;Come sono complicate le primavere&#8230; E noi che ce le aspettiamo cos\u00ec, senza che in mezzo ci sia la vita, feroce, e impoderabile&#8230;&#8221;<\/p>\n\n\n\n<p>Ho scritto queste parole per Lindita, una dei due protagonisti di &#8220;Ballata per la Kat\u00ebr I Rades&#8221; che raccontano il naufragio del 28 marzo 1997 nel Canale d&#8217;Otranto, dice la scrittrice e giornalista Giorgia Salicandro (dalla sua pagina Facebook). Per\u00f2 &#8211; questo l&#8217;ho capito molto pi\u00f9 tardi &#8211; in questa esatta parte del testo non sono i presagi di Lindita a parlare, sono io stessa ad emergere dalla sua voce e a rubarle la parola.<\/p>\n\n\n\n<p>Ho sempre sentito che quando l&#8217;anno solare torna a battere il tempo del risveglio, quando la vita torna a farsi pi\u00f9 densa e pi\u00f9 vita, un pericoloso alito di distruzione esala dalle cose. \u00c8 sempre stato cos\u00ec per me. Col tempo ho maturato un pensiero: che non si tratta della primavera, ma della vita in s\u00e9. La vita scricchiola, si crepa, si scompone di pi\u00f9 crescendo. La vita non \u00e8 solo vita, ma questo ribollire di farsi e disfarsi, un&#8217;energia che tanto pi\u00f9 viene a crearsi, tanto pi\u00f9 inevitabilmente anche viene a smuoversi, a svellersi dalle radici della terra, scomporsi, cambiare forma, distruggersi.<\/p>\n\n\n\n<p>Ho imparato a temere e a diffidare della gioia semplice delle primavere. Ho imparato tuttavia anche a ringraziare ogni benedetto anno l&#8217;ordine delle cose, per avermi riportata alla luce di una nuova primavera, come che sia.<\/p>\n\n\n\n<p>&#8220;Mio padre &#8211; ho pensato l&#8217;anno scorso al principio della stagione rinnovata &#8211; non potr\u00e0 vedere questa primavera&#8221;. E con lui, la moltitudine di esseri umani e altre creature che ci hanno preceduti e anticipati.Come sono complicate le primavere, per noi che non siamo fatti per comprendere le cose imponderabili dell&#8217;essere. La morte \u00e8 nella vita, le malattie ci lambiscono, disastri e terremoti agitano la terra &#8211; mentre scrivo, Redi \u00e8 a Bangkok e tutti noi siamo grati che sia in salvo e preghiamo per le migliaia di morti e dispersi tra Myanmar e Thailandia &#8211; gorghi si aprono in mezzo al nostro cammino, e questo \u00e8 nell&#8217;ordine delle cose di questo mondo.<\/p>\n\n\n\n<p>Le guerre, quelle no: non le ha ordinate il destino. Le guerre sono una scelta deliberata non un destino. I bambini, le donne e gli uomini che annegarono dentro la pancia della Kater I Rades scappavano da uno stato d&#8217;anarchia violenta, a tutti gli effetti una guerra civile (quanti di noi conoscono la storia dei nostri vicini di casa albanesi?). E furono speronati da una nave della marina militare italiana durante una manovra di respingimento contraria a ogni precauzione (quanti se lo ricordano?).Cos\u00ec, anche chi vive a Gaza senza sapere se vivr\u00e0 o morir\u00e0 alla fine della giornata (e se vivr\u00e0, come vivr\u00e0?) non \u00e8 nell&#8217;ordine delle cose ma nella volont\u00e0 deliberata di esseri umani che hanno nomi e cognomi, e dei Governi e dei Paesi che rappresentano.E cos\u00ec via, per innumerevoli bambini donne e uomini, che se provassi a contarli resterei annichilita e sommersa.<\/p>\n\n\n\n<p>Ma oggi, 28 marzo (ieri ndr), a Brindisi dopo 28 anni ancora un gruppo di uomini e donne getta in mare dei fiori, per ricordare la tragedia della Kat\u00ebr I Rad\u00ebs. E anche questa \u00e8 una scelta deliberata.Cos\u00ec, in questo amalgama di pensieri che mi attraversa oggi, resto imbrigliata nell&#8217;immagine di queste persone che gettano fiori in mare anche per me. Mi tengo stretta a loro, ritrovo la forza di una buona parola, ricomincio in qualche modo a sentirmi in salvo.<\/p>\n\n\n\n<figure class=\"wp-block-image size-full\"><img decoding=\"async\" width=\"300\" height=\"168\" src=\"https:\/\/www.nonsolomusicamagazine.it\/wp-content\/uploads\/2025\/03\/1000048708.jpg\" alt=\"\" class=\"wp-image-9293\"\/><\/figure>\n","protected":false},"excerpt":{"rendered":"<p>&#8220;Come sono complicate le primavere&#8230; E noi che ce le aspettiamo cos\u00ec, senza che in mezzo ci sia la vita, feroce, e impoderabile&#8230;&#8221; Ho scritto queste parole per Lindita, una dei due protagonisti di &#8220;Ballata per la Kat\u00ebr I Rades&#8221; che raccontano il naufragio del 28 marzo 1997 nel Canale d&#8217;Otranto, dice la scrittrice e [&hellip;]<\/p>\n","protected":false},"author":1,"featured_media":9293,"comment_status":"open","ping_status":"closed","sticky":false,"template":"","format":"standard","meta":{"footnotes":""},"categories":[106],"tags":[4012,4003,4013],"class_list":["post-9292","post","type-post","status-publish","format-standard","has-post-thumbnail","hentry","category-cultura","tag-giorgia-salicandro","tag-kater-i-rades","tag-primavere"],"yoast_head":"<!-- This site is optimized with the Yoast SEO plugin v27.5 - https:\/\/yoast.com\/product\/yoast-seo-wordpress\/ -->\n<title>Kat\u00ebr I Rades, le &quot;primavere&quot; di Giorgia Salicandro - NonSoloMusicaMagazine<\/title>\n<meta name=\"description\" content=\"Kat\u00ebr I Rades le primavere\" \/>\n<meta name=\"robots\" content=\"index, follow, max-snippet:-1, max-image-preview:large, max-video-preview:-1\" \/>\n<link rel=\"canonical\" href=\"https:\/\/www.nonsolomusicamagazine.it\/?p=9292\" \/>\n<meta property=\"og:locale\" content=\"it_IT\" \/>\n<meta property=\"og:type\" content=\"article\" \/>\n<meta property=\"og:title\" content=\"Kat\u00ebr I Rades, le &quot;primavere&quot; di Giorgia Salicandro - NonSoloMusicaMagazine\" \/>\n<meta property=\"og:description\" content=\"Kat\u00ebr I Rades le primavere\" \/>\n<meta property=\"og:url\" content=\"https:\/\/www.nonsolomusicamagazine.it\/?p=9292\" \/>\n<meta property=\"og:site_name\" content=\"NonSoloMusicaMagazine\" \/>\n<meta property=\"article:published_time\" content=\"2025-03-29T07:27:48+00:00\" \/>\n<meta property=\"article:modified_time\" content=\"2025-03-29T07:27:49+00:00\" \/>\n<meta property=\"og:image\" content=\"https:\/\/www.nonsolomusicamagazine.it\/wp-content\/uploads\/2025\/03\/1000048708.jpg\" \/>\n\t<meta property=\"og:image:width\" content=\"300\" \/>\n\t<meta property=\"og:image:height\" content=\"168\" \/>\n\t<meta property=\"og:image:type\" content=\"image\/jpeg\" \/>\n<meta name=\"author\" content=\"nonsolomusica\" \/>\n<meta name=\"twitter:card\" content=\"summary_large_image\" \/>\n<meta name=\"twitter:label1\" content=\"Scritto da\" \/>\n\t<meta name=\"twitter:data1\" content=\"nonsolomusica\" \/>\n\t<meta name=\"twitter:label2\" content=\"Tempo di lettura stimato\" \/>\n\t<meta name=\"twitter:data2\" content=\"4 minuti\" \/>\n<script type=\"application\/ld+json\" class=\"yoast-schema-graph\">{\"@context\":\"https:\\\/\\\/schema.org\",\"@graph\":[{\"@type\":\"Article\",\"@id\":\"https:\\\/\\\/www.nonsolomusicamagazine.it\\\/?p=9292#article\",\"isPartOf\":{\"@id\":\"https:\\\/\\\/www.nonsolomusicamagazine.it\\\/?p=9292\"},\"author\":{\"name\":\"nonsolomusica\",\"@id\":\"https:\\\/\\\/www.nonsolomusicamagazine.it\\\/#\\\/schema\\\/person\\\/a3349ad02300d046472d46cf6d31ae46\"},\"headline\":\"Kat\u00ebr I Rades, le &#8220;primavere&#8221; di Giorgia Salicandro\",\"datePublished\":\"2025-03-29T07:27:48+00:00\",\"dateModified\":\"2025-03-29T07:27:49+00:00\",\"mainEntityOfPage\":{\"@id\":\"https:\\\/\\\/www.nonsolomusicamagazine.it\\\/?p=9292\"},\"wordCount\":592,\"commentCount\":0,\"image\":{\"@id\":\"https:\\\/\\\/www.nonsolomusicamagazine.it\\\/?p=9292#primaryimage\"},\"thumbnailUrl\":\"https:\\\/\\\/www.nonsolomusicamagazine.it\\\/wp-content\\\/uploads\\\/2025\\\/03\\\/1000048708.jpg\",\"keywords\":[\"Giorgia Salicandro\",\"Kater i Rades\",\"Primavere\"],\"articleSection\":[\"Cultura\"],\"inLanguage\":\"it-IT\",\"potentialAction\":[{\"@type\":\"CommentAction\",\"name\":\"Comment\",\"target\":[\"https:\\\/\\\/www.nonsolomusicamagazine.it\\\/?p=9292#respond\"]}]},{\"@type\":\"WebPage\",\"@id\":\"https:\\\/\\\/www.nonsolomusicamagazine.it\\\/?p=9292\",\"url\":\"https:\\\/\\\/www.nonsolomusicamagazine.it\\\/?p=9292\",\"name\":\"Kat\u00ebr I Rades, le \\\"primavere\\\" di Giorgia Salicandro - NonSoloMusicaMagazine\",\"isPartOf\":{\"@id\":\"https:\\\/\\\/www.nonsolomusicamagazine.it\\\/#website\"},\"primaryImageOfPage\":{\"@id\":\"https:\\\/\\\/www.nonsolomusicamagazine.it\\\/?p=9292#primaryimage\"},\"image\":{\"@id\":\"https:\\\/\\\/www.nonsolomusicamagazine.it\\\/?p=9292#primaryimage\"},\"thumbnailUrl\":\"https:\\\/\\\/www.nonsolomusicamagazine.it\\\/wp-content\\\/uploads\\\/2025\\\/03\\\/1000048708.jpg\",\"datePublished\":\"2025-03-29T07:27:48+00:00\",\"dateModified\":\"2025-03-29T07:27:49+00:00\",\"author\":{\"@id\":\"https:\\\/\\\/www.nonsolomusicamagazine.it\\\/#\\\/schema\\\/person\\\/a3349ad02300d046472d46cf6d31ae46\"},\"description\":\"Kat\u00ebr I Rades le primavere\",\"breadcrumb\":{\"@id\":\"https:\\\/\\\/www.nonsolomusicamagazine.it\\\/?p=9292#breadcrumb\"},\"inLanguage\":\"it-IT\",\"potentialAction\":[{\"@type\":\"ReadAction\",\"target\":[\"https:\\\/\\\/www.nonsolomusicamagazine.it\\\/?p=9292\"]}]},{\"@type\":\"ImageObject\",\"inLanguage\":\"it-IT\",\"@id\":\"https:\\\/\\\/www.nonsolomusicamagazine.it\\\/?p=9292#primaryimage\",\"url\":\"https:\\\/\\\/www.nonsolomusicamagazine.it\\\/wp-content\\\/uploads\\\/2025\\\/03\\\/1000048708.jpg\",\"contentUrl\":\"https:\\\/\\\/www.nonsolomusicamagazine.it\\\/wp-content\\\/uploads\\\/2025\\\/03\\\/1000048708.jpg\",\"width\":300,\"height\":168},{\"@type\":\"BreadcrumbList\",\"@id\":\"https:\\\/\\\/www.nonsolomusicamagazine.it\\\/?p=9292#breadcrumb\",\"itemListElement\":[{\"@type\":\"ListItem\",\"position\":1,\"name\":\"Home\",\"item\":\"https:\\\/\\\/www.nonsolomusicamagazine.it\\\/\"},{\"@type\":\"ListItem\",\"position\":2,\"name\":\"Kat\u00ebr I Rades, le &#8220;primavere&#8221; di Giorgia Salicandro\"}]},{\"@type\":\"WebSite\",\"@id\":\"https:\\\/\\\/www.nonsolomusicamagazine.it\\\/#website\",\"url\":\"https:\\\/\\\/www.nonsolomusicamagazine.it\\\/\",\"name\":\"Nonsolomusicamagazine\",\"description\":\"Dir. responsabile Manuel M Buccarella\",\"potentialAction\":[{\"@type\":\"SearchAction\",\"target\":{\"@type\":\"EntryPoint\",\"urlTemplate\":\"https:\\\/\\\/www.nonsolomusicamagazine.it\\\/?s={search_term_string}\"},\"query-input\":{\"@type\":\"PropertyValueSpecification\",\"valueRequired\":true,\"valueName\":\"search_term_string\"}}],\"inLanguage\":\"it-IT\"},{\"@type\":\"Person\",\"@id\":\"https:\\\/\\\/www.nonsolomusicamagazine.it\\\/#\\\/schema\\\/person\\\/a3349ad02300d046472d46cf6d31ae46\",\"name\":\"nonsolomusica\",\"image\":{\"@type\":\"ImageObject\",\"inLanguage\":\"it-IT\",\"@id\":\"https:\\\/\\\/www.nonsolomusicamagazine.it\\\/wp-content\\\/litespeed\\\/avatar\\\/3a675484bc84db6aba78d43bfc8b7197.jpg?ver=1776880798\",\"url\":\"https:\\\/\\\/www.nonsolomusicamagazine.it\\\/wp-content\\\/litespeed\\\/avatar\\\/3a675484bc84db6aba78d43bfc8b7197.jpg?ver=1776880798\",\"contentUrl\":\"https:\\\/\\\/www.nonsolomusicamagazine.it\\\/wp-content\\\/litespeed\\\/avatar\\\/3a675484bc84db6aba78d43bfc8b7197.jpg?ver=1776880798\",\"caption\":\"nonsolomusica\"},\"sameAs\":[\"https:\\\/\\\/www.nonsolomusicamagazine.it\"],\"url\":\"https:\\\/\\\/www.nonsolomusicamagazine.it\\\/?author=1\"}]}<\/script>\n<!-- \/ Yoast SEO plugin. -->","yoast_head_json":{"title":"Kat\u00ebr I Rades, le \"primavere\" di Giorgia Salicandro - NonSoloMusicaMagazine","description":"Kat\u00ebr I Rades le primavere","robots":{"index":"index","follow":"follow","max-snippet":"max-snippet:-1","max-image-preview":"max-image-preview:large","max-video-preview":"max-video-preview:-1"},"canonical":"https:\/\/www.nonsolomusicamagazine.it\/?p=9292","og_locale":"it_IT","og_type":"article","og_title":"Kat\u00ebr I Rades, le \"primavere\" di Giorgia Salicandro - NonSoloMusicaMagazine","og_description":"Kat\u00ebr I Rades le primavere","og_url":"https:\/\/www.nonsolomusicamagazine.it\/?p=9292","og_site_name":"NonSoloMusicaMagazine","article_published_time":"2025-03-29T07:27:48+00:00","article_modified_time":"2025-03-29T07:27:49+00:00","og_image":[{"width":300,"height":168,"url":"https:\/\/www.nonsolomusicamagazine.it\/wp-content\/uploads\/2025\/03\/1000048708.jpg","type":"image\/jpeg"}],"author":"nonsolomusica","twitter_card":"summary_large_image","twitter_misc":{"Scritto da":"nonsolomusica","Tempo di lettura stimato":"4 minuti"},"schema":{"@context":"https:\/\/schema.org","@graph":[{"@type":"Article","@id":"https:\/\/www.nonsolomusicamagazine.it\/?p=9292#article","isPartOf":{"@id":"https:\/\/www.nonsolomusicamagazine.it\/?p=9292"},"author":{"name":"nonsolomusica","@id":"https:\/\/www.nonsolomusicamagazine.it\/#\/schema\/person\/a3349ad02300d046472d46cf6d31ae46"},"headline":"Kat\u00ebr I Rades, le &#8220;primavere&#8221; di Giorgia Salicandro","datePublished":"2025-03-29T07:27:48+00:00","dateModified":"2025-03-29T07:27:49+00:00","mainEntityOfPage":{"@id":"https:\/\/www.nonsolomusicamagazine.it\/?p=9292"},"wordCount":592,"commentCount":0,"image":{"@id":"https:\/\/www.nonsolomusicamagazine.it\/?p=9292#primaryimage"},"thumbnailUrl":"https:\/\/www.nonsolomusicamagazine.it\/wp-content\/uploads\/2025\/03\/1000048708.jpg","keywords":["Giorgia Salicandro","Kater i Rades","Primavere"],"articleSection":["Cultura"],"inLanguage":"it-IT","potentialAction":[{"@type":"CommentAction","name":"Comment","target":["https:\/\/www.nonsolomusicamagazine.it\/?p=9292#respond"]}]},{"@type":"WebPage","@id":"https:\/\/www.nonsolomusicamagazine.it\/?p=9292","url":"https:\/\/www.nonsolomusicamagazine.it\/?p=9292","name":"Kat\u00ebr I Rades, le \"primavere\" di Giorgia Salicandro - NonSoloMusicaMagazine","isPartOf":{"@id":"https:\/\/www.nonsolomusicamagazine.it\/#website"},"primaryImageOfPage":{"@id":"https:\/\/www.nonsolomusicamagazine.it\/?p=9292#primaryimage"},"image":{"@id":"https:\/\/www.nonsolomusicamagazine.it\/?p=9292#primaryimage"},"thumbnailUrl":"https:\/\/www.nonsolomusicamagazine.it\/wp-content\/uploads\/2025\/03\/1000048708.jpg","datePublished":"2025-03-29T07:27:48+00:00","dateModified":"2025-03-29T07:27:49+00:00","author":{"@id":"https:\/\/www.nonsolomusicamagazine.it\/#\/schema\/person\/a3349ad02300d046472d46cf6d31ae46"},"description":"Kat\u00ebr I Rades le primavere","breadcrumb":{"@id":"https:\/\/www.nonsolomusicamagazine.it\/?p=9292#breadcrumb"},"inLanguage":"it-IT","potentialAction":[{"@type":"ReadAction","target":["https:\/\/www.nonsolomusicamagazine.it\/?p=9292"]}]},{"@type":"ImageObject","inLanguage":"it-IT","@id":"https:\/\/www.nonsolomusicamagazine.it\/?p=9292#primaryimage","url":"https:\/\/www.nonsolomusicamagazine.it\/wp-content\/uploads\/2025\/03\/1000048708.jpg","contentUrl":"https:\/\/www.nonsolomusicamagazine.it\/wp-content\/uploads\/2025\/03\/1000048708.jpg","width":300,"height":168},{"@type":"BreadcrumbList","@id":"https:\/\/www.nonsolomusicamagazine.it\/?p=9292#breadcrumb","itemListElement":[{"@type":"ListItem","position":1,"name":"Home","item":"https:\/\/www.nonsolomusicamagazine.it\/"},{"@type":"ListItem","position":2,"name":"Kat\u00ebr I Rades, le &#8220;primavere&#8221; di Giorgia Salicandro"}]},{"@type":"WebSite","@id":"https:\/\/www.nonsolomusicamagazine.it\/#website","url":"https:\/\/www.nonsolomusicamagazine.it\/","name":"Nonsolomusicamagazine","description":"Dir. responsabile Manuel M Buccarella","potentialAction":[{"@type":"SearchAction","target":{"@type":"EntryPoint","urlTemplate":"https:\/\/www.nonsolomusicamagazine.it\/?s={search_term_string}"},"query-input":{"@type":"PropertyValueSpecification","valueRequired":true,"valueName":"search_term_string"}}],"inLanguage":"it-IT"},{"@type":"Person","@id":"https:\/\/www.nonsolomusicamagazine.it\/#\/schema\/person\/a3349ad02300d046472d46cf6d31ae46","name":"nonsolomusica","image":{"@type":"ImageObject","inLanguage":"it-IT","@id":"https:\/\/www.nonsolomusicamagazine.it\/wp-content\/litespeed\/avatar\/3a675484bc84db6aba78d43bfc8b7197.jpg?ver=1776880798","url":"https:\/\/www.nonsolomusicamagazine.it\/wp-content\/litespeed\/avatar\/3a675484bc84db6aba78d43bfc8b7197.jpg?ver=1776880798","contentUrl":"https:\/\/www.nonsolomusicamagazine.it\/wp-content\/litespeed\/avatar\/3a675484bc84db6aba78d43bfc8b7197.jpg?ver=1776880798","caption":"nonsolomusica"},"sameAs":["https:\/\/www.nonsolomusicamagazine.it"],"url":"https:\/\/www.nonsolomusicamagazine.it\/?author=1"}]}},"amp_enabled":true,"_links":{"self":[{"href":"https:\/\/www.nonsolomusicamagazine.it\/index.php?rest_route=\/wp\/v2\/posts\/9292","targetHints":{"allow":["GET"]}}],"collection":[{"href":"https:\/\/www.nonsolomusicamagazine.it\/index.php?rest_route=\/wp\/v2\/posts"}],"about":[{"href":"https:\/\/www.nonsolomusicamagazine.it\/index.php?rest_route=\/wp\/v2\/types\/post"}],"author":[{"embeddable":true,"href":"https:\/\/www.nonsolomusicamagazine.it\/index.php?rest_route=\/wp\/v2\/users\/1"}],"replies":[{"embeddable":true,"href":"https:\/\/www.nonsolomusicamagazine.it\/index.php?rest_route=%2Fwp%2Fv2%2Fcomments&post=9292"}],"version-history":[{"count":0,"href":"https:\/\/www.nonsolomusicamagazine.it\/index.php?rest_route=\/wp\/v2\/posts\/9292\/revisions"}],"wp:featuredmedia":[{"embeddable":true,"href":"https:\/\/www.nonsolomusicamagazine.it\/index.php?rest_route=\/wp\/v2\/media\/9293"}],"wp:attachment":[{"href":"https:\/\/www.nonsolomusicamagazine.it\/index.php?rest_route=%2Fwp%2Fv2%2Fmedia&parent=9292"}],"wp:term":[{"taxonomy":"category","embeddable":true,"href":"https:\/\/www.nonsolomusicamagazine.it\/index.php?rest_route=%2Fwp%2Fv2%2Fcategories&post=9292"},{"taxonomy":"post_tag","embeddable":true,"href":"https:\/\/www.nonsolomusicamagazine.it\/index.php?rest_route=%2Fwp%2Fv2%2Ftags&post=9292"}],"curies":[{"name":"wp","href":"https:\/\/api.w.org\/{rel}","templated":true}]}}