{"id":9316,"date":"2025-03-31T18:03:23","date_gmt":"2025-03-31T16:03:23","guid":{"rendered":"https:\/\/www.nonsolomusicamagazine.it\/?p=9316"},"modified":"2025-03-31T18:03:24","modified_gmt":"2025-03-31T16:03:24","slug":"il-sopravvissuto-allolocausto-e-le-marce-pro-palestina","status":"publish","type":"post","link":"https:\/\/www.nonsolomusicamagazine.it\/?p=9316","title":{"rendered":"Il sopravvissuto all&#8217;Olocausto e le marce pro-Palestina"},"content":{"rendered":"\n<p>Il sopravvissuto all&#8217;Olocausto e le marce pro-Palestina.&#8221;Fermare il genocidio ora&#8221;. La testimonianza di Stephen Kapos pubblicata su Aljazeera<\/p>\n\n\n\n<p>Stephen Kapos, i cui parenti perirono nei campi di sterminio nazista, ha vergato un commovente articolo su al Jazeera, nel quale denuncia la criminalizzazione dei sostenitori dei diritti dei palestinesi in Gran Bretagna. <\/p>\n\n\n\n<p>&#8220;Avevo sette anni quando la Germania invase e occup\u00f2 il suo inaffidabile alleato, l\u2019Ungheria, nel marzo del 1944. Ci\u00f2 mi fa avere ora 87 anni. Ma i miei ricordi di quando mi nascondevo, ebreo braccato, con documenti falsi in mezzo alla totale devastazione causata dai combattimenti che avvenivano d\u2019attorno tra l\u2019esercito tedesco intrappolato e l\u2019Armata Rossa sono ancora un ricordo cristallino. Vedo le auto bruciate, i carri armati, i cavalli morti e i corpi umani, le munizioni e gli elmetti sparsi a terra, gli edifici dati alle fiamme, montagne di macerie e vetri rotti ovunque, proprio come appare oggi Gaza, tragicamente distrutta.<\/p>\n\n\n\n<p>Da oltre un anno \u00e8 chiaro che il piano di Israele \u00e8 quello di distruggere la societ\u00e0 palestinese di Gaza per costringere quante pi\u00f9 persone possibili ad andarsene. Questa politica presenta molte differenze rispetto al piano della Germania nazista di distruggere la societ\u00e0 ebraica in Europa, ma presenta anche molte somiglianze. Ecco perch\u00e9, come sopravvissuto all\u2019Olocausto, mi sono sentito obbligato a unirmi a varie proteste pro-Palestina organizzate a Londra.Queste proteste sono state numerose e hanno registrato spesso un\u2019enorme affluenza. Quindi, non sorprende che le autorit\u00e0 abbiano imposto restrizioni sempre pi\u00f9 vincolanti, per dissuadere la gente dal partecipare. Ma sono rimasto comunque sorpreso quando la Polizia mi ha convocato per essere interrogato.Non sappiamo esattamente fino a che punto quelli che sono al potere intendano spingersi con le restrizioni al diritto di protestare. Ma sappiamo che vogliono dipingere le manifestazioni pro-Palestina di Londra come contaminate dall\u2019antisemitismo. Questo nonostante il fatto che a queste proteste abbiano partecipato migliaia di ebrei e che molti ebrei, me compreso, abbiano parlato ai dimostranti dal palco.<\/p>\n\n\n\n<p>Un anno fa, nell\u2019aprile 2024, ho tenuto il mio primo discorso su un palco a Hyde Park, dove ho raccontato a una folla enorme che Adolf Eichmann era venuto in Ungheria per organizzare la deportazione di 400.000 ebrei ad Auschwitz. Ho parlato anche dei 15 membri della mia famiglia che sono morti l\u00ec e di mio padre che \u00e8 stato portato nei campi di concentramento di Belsen e Theresienstadt, anche se alla fine \u00e8 tornato.Ho concluso il discorso in questo modo: \u201cNoi ebrei sopravvissuti a tutto questo dolore, alle uccisioni, alle umiliazioni e alla distruzione siamo contrari all\u2019uso della memoria dell\u2019Olocausto da parte del governo di Israele come copertura e giustificazione per il genocidio in corso contro il popolo palestinese a Gaza e in Cisgiordania\u201d.Ci\u00f2 che pi\u00f9 mi ha colpito del discorso non \u00e8 tanto ci\u00f2 che ho detto, ma il fatto che quella folla enorme abbia ascoltato in un silenzio tanto rispettoso e poi abbia applaudito con grande entusiasmo. Sostenere che una folla del genere fosse antisemita, per non parlare del fatto che fosse potenzialmente violenta, \u00e8 assurdo.Eppure \u00e8 esattamente ci\u00f2 che hanno fatto diversi giornali quando hanno pubblicato articoli fuorvianti il giorno dopo, nei quali si affermava in maniera menzognera che la folla aveva minacciato di vandalizzare il memoriale dell\u2019Olocausto di Hyde Park.Da allora, politici e giornalisti pro-Israele hanno continuato a sostenere che le nostre proteste sono delle \u2018marce d\u2019odio\u2019 o \u201cuna cosa vietata agli ebrei\u201d. Le recenti affermazioni secondo cui le nostre marce sono una minaccia per le sinagoghe di Londra sono un ulteriore sviluppo di questa campagna incessante quanto infondata.Chiunque abbia assistito al calore e al sostegno travolgenti che il nostro gruppo di discendenti sopravvissuti all\u2019Olocausto, cos\u00ec come la pi\u00f9 ampia presenza ebraica, sperimentano regolarmente durante le marce, capir\u00e0 quanto siano infondate.La cosa pi\u00f9 importante \u00e8 che tutta questa campagna \u00e8 una distrazione intenzionale dal problema principale, che \u00e8 fermare il genocidio di Gaza ora. Mentre Israele riprende i suoi bombardamenti indiscriminati, uccidendo centinaia di civili a Gaza, \u00e8 fondamentale per tutti noi in Gran Bretagna denunciare ora la complicit\u00e0 del nostro governo nel genocidio provocato da Israele&#8221;.<\/p>\n\n\n\n<figure class=\"wp-block-image size-full\"><img decoding=\"async\" width=\"720\" height=\"481\" src=\"https:\/\/www.nonsolomusicamagazine.it\/wp-content\/uploads\/2025\/03\/1000049024.jpg\" alt=\"\" class=\"wp-image-9317\" srcset=\"https:\/\/www.nonsolomusicamagazine.it\/wp-content\/uploads\/2025\/03\/1000049024.jpg 720w, https:\/\/www.nonsolomusicamagazine.it\/wp-content\/uploads\/2025\/03\/1000049024-300x200.jpg 300w\" sizes=\"(max-width: 720px) 100vw, 720px\" \/><\/figure>\n\n\n\n<p><\/p>\n","protected":false},"excerpt":{"rendered":"<p>Il sopravvissuto all&#8217;Olocausto e le marce pro-Palestina.&#8221;Fermare il genocidio ora&#8221;. La testimonianza di Stephen Kapos pubblicata su Aljazeera Stephen Kapos, i cui parenti perirono nei campi di sterminio nazista, ha vergato un commovente articolo su al Jazeera, nel quale denuncia la criminalizzazione dei sostenitori dei diritti dei palestinesi in Gran Bretagna. &#8220;Avevo sette anni quando [&hellip;]<\/p>\n","protected":false},"author":1,"featured_media":9317,"comment_status":"open","ping_status":"closed","sticky":false,"template":"","format":"standard","meta":{"footnotes":""},"categories":[6],"tags":[2132,627,2217,216,2781,4020],"class_list":["post-9316","post","type-post","status-publish","format-standard","has-post-thumbnail","hentry","category-esteri","tag-ebrei","tag-gaza","tag-genocidio","tag-israele","tag-olocausto","tag-superstite"],"yoast_head":"<!-- This site is optimized with the Yoast SEO plugin v27.5 - https:\/\/yoast.com\/product\/yoast-seo-wordpress\/ -->\n<title>Il sopravvissuto all&#039;Olocausto e le marce pro-Palestina - NonSoloMusicaMagazine<\/title>\n<meta name=\"description\" content=\"Il sopravvissuto all&#039;Olocausto e le marce pro-Palestina\" \/>\n<meta name=\"robots\" content=\"index, follow, max-snippet:-1, max-image-preview:large, max-video-preview:-1\" \/>\n<link rel=\"canonical\" href=\"https:\/\/www.nonsolomusicamagazine.it\/?p=9316\" \/>\n<meta property=\"og:locale\" content=\"it_IT\" \/>\n<meta property=\"og:type\" content=\"article\" \/>\n<meta property=\"og:title\" content=\"Il sopravvissuto all&#039;Olocausto e le marce pro-Palestina - NonSoloMusicaMagazine\" \/>\n<meta property=\"og:description\" content=\"Il sopravvissuto all&#039;Olocausto e le marce pro-Palestina\" \/>\n<meta property=\"og:url\" content=\"https:\/\/www.nonsolomusicamagazine.it\/?p=9316\" \/>\n<meta property=\"og:site_name\" content=\"NonSoloMusicaMagazine\" \/>\n<meta property=\"article:published_time\" content=\"2025-03-31T16:03:23+00:00\" \/>\n<meta property=\"article:modified_time\" content=\"2025-03-31T16:03:24+00:00\" \/>\n<meta property=\"og:image\" content=\"https:\/\/www.nonsolomusicamagazine.it\/wp-content\/uploads\/2025\/03\/1000049024.jpg\" \/>\n\t<meta property=\"og:image:width\" content=\"720\" \/>\n\t<meta property=\"og:image:height\" content=\"481\" \/>\n\t<meta property=\"og:image:type\" content=\"image\/jpeg\" \/>\n<meta name=\"author\" content=\"nonsolomusica\" \/>\n<meta name=\"twitter:card\" content=\"summary_large_image\" \/>\n<meta name=\"twitter:label1\" content=\"Scritto da\" \/>\n\t<meta name=\"twitter:data1\" content=\"nonsolomusica\" \/>\n\t<meta name=\"twitter:label2\" content=\"Tempo di lettura stimato\" \/>\n\t<meta name=\"twitter:data2\" content=\"4 minuti\" \/>\n<script type=\"application\/ld+json\" class=\"yoast-schema-graph\">{\"@context\":\"https:\\\/\\\/schema.org\",\"@graph\":[{\"@type\":\"Article\",\"@id\":\"https:\\\/\\\/www.nonsolomusicamagazine.it\\\/?p=9316#article\",\"isPartOf\":{\"@id\":\"https:\\\/\\\/www.nonsolomusicamagazine.it\\\/?p=9316\"},\"author\":{\"name\":\"nonsolomusica\",\"@id\":\"https:\\\/\\\/www.nonsolomusicamagazine.it\\\/#\\\/schema\\\/person\\\/a3349ad02300d046472d46cf6d31ae46\"},\"headline\":\"Il sopravvissuto all&#8217;Olocausto e le marce pro-Palestina\",\"datePublished\":\"2025-03-31T16:03:23+00:00\",\"dateModified\":\"2025-03-31T16:03:24+00:00\",\"mainEntityOfPage\":{\"@id\":\"https:\\\/\\\/www.nonsolomusicamagazine.it\\\/?p=9316\"},\"wordCount\":689,\"commentCount\":0,\"image\":{\"@id\":\"https:\\\/\\\/www.nonsolomusicamagazine.it\\\/?p=9316#primaryimage\"},\"thumbnailUrl\":\"https:\\\/\\\/www.nonsolomusicamagazine.it\\\/wp-content\\\/uploads\\\/2025\\\/03\\\/1000049024.jpg\",\"keywords\":[\"Ebrei\",\"Gaza\",\"Genocidio\",\"Israele\",\"Olocausto\",\"Superstite\"],\"articleSection\":[\"Esteri\"],\"inLanguage\":\"it-IT\",\"potentialAction\":[{\"@type\":\"CommentAction\",\"name\":\"Comment\",\"target\":[\"https:\\\/\\\/www.nonsolomusicamagazine.it\\\/?p=9316#respond\"]}]},{\"@type\":\"WebPage\",\"@id\":\"https:\\\/\\\/www.nonsolomusicamagazine.it\\\/?p=9316\",\"url\":\"https:\\\/\\\/www.nonsolomusicamagazine.it\\\/?p=9316\",\"name\":\"Il sopravvissuto all'Olocausto e le marce pro-Palestina - NonSoloMusicaMagazine\",\"isPartOf\":{\"@id\":\"https:\\\/\\\/www.nonsolomusicamagazine.it\\\/#website\"},\"primaryImageOfPage\":{\"@id\":\"https:\\\/\\\/www.nonsolomusicamagazine.it\\\/?p=9316#primaryimage\"},\"image\":{\"@id\":\"https:\\\/\\\/www.nonsolomusicamagazine.it\\\/?p=9316#primaryimage\"},\"thumbnailUrl\":\"https:\\\/\\\/www.nonsolomusicamagazine.it\\\/wp-content\\\/uploads\\\/2025\\\/03\\\/1000049024.jpg\",\"datePublished\":\"2025-03-31T16:03:23+00:00\",\"dateModified\":\"2025-03-31T16:03:24+00:00\",\"author\":{\"@id\":\"https:\\\/\\\/www.nonsolomusicamagazine.it\\\/#\\\/schema\\\/person\\\/a3349ad02300d046472d46cf6d31ae46\"},\"description\":\"Il sopravvissuto all'Olocausto e le marce pro-Palestina\",\"breadcrumb\":{\"@id\":\"https:\\\/\\\/www.nonsolomusicamagazine.it\\\/?p=9316#breadcrumb\"},\"inLanguage\":\"it-IT\",\"potentialAction\":[{\"@type\":\"ReadAction\",\"target\":[\"https:\\\/\\\/www.nonsolomusicamagazine.it\\\/?p=9316\"]}]},{\"@type\":\"ImageObject\",\"inLanguage\":\"it-IT\",\"@id\":\"https:\\\/\\\/www.nonsolomusicamagazine.it\\\/?p=9316#primaryimage\",\"url\":\"https:\\\/\\\/www.nonsolomusicamagazine.it\\\/wp-content\\\/uploads\\\/2025\\\/03\\\/1000049024.jpg\",\"contentUrl\":\"https:\\\/\\\/www.nonsolomusicamagazine.it\\\/wp-content\\\/uploads\\\/2025\\\/03\\\/1000049024.jpg\",\"width\":720,\"height\":481},{\"@type\":\"BreadcrumbList\",\"@id\":\"https:\\\/\\\/www.nonsolomusicamagazine.it\\\/?p=9316#breadcrumb\",\"itemListElement\":[{\"@type\":\"ListItem\",\"position\":1,\"name\":\"Home\",\"item\":\"https:\\\/\\\/www.nonsolomusicamagazine.it\\\/\"},{\"@type\":\"ListItem\",\"position\":2,\"name\":\"Il sopravvissuto all&#8217;Olocausto e le marce pro-Palestina\"}]},{\"@type\":\"WebSite\",\"@id\":\"https:\\\/\\\/www.nonsolomusicamagazine.it\\\/#website\",\"url\":\"https:\\\/\\\/www.nonsolomusicamagazine.it\\\/\",\"name\":\"Nonsolomusicamagazine\",\"description\":\"Dir. responsabile Manuel M Buccarella\",\"potentialAction\":[{\"@type\":\"SearchAction\",\"target\":{\"@type\":\"EntryPoint\",\"urlTemplate\":\"https:\\\/\\\/www.nonsolomusicamagazine.it\\\/?s={search_term_string}\"},\"query-input\":{\"@type\":\"PropertyValueSpecification\",\"valueRequired\":true,\"valueName\":\"search_term_string\"}}],\"inLanguage\":\"it-IT\"},{\"@type\":\"Person\",\"@id\":\"https:\\\/\\\/www.nonsolomusicamagazine.it\\\/#\\\/schema\\\/person\\\/a3349ad02300d046472d46cf6d31ae46\",\"name\":\"nonsolomusica\",\"image\":{\"@type\":\"ImageObject\",\"inLanguage\":\"it-IT\",\"@id\":\"https:\\\/\\\/www.nonsolomusicamagazine.it\\\/wp-content\\\/litespeed\\\/avatar\\\/3a675484bc84db6aba78d43bfc8b7197.jpg?ver=1776880798\",\"url\":\"https:\\\/\\\/www.nonsolomusicamagazine.it\\\/wp-content\\\/litespeed\\\/avatar\\\/3a675484bc84db6aba78d43bfc8b7197.jpg?ver=1776880798\",\"contentUrl\":\"https:\\\/\\\/www.nonsolomusicamagazine.it\\\/wp-content\\\/litespeed\\\/avatar\\\/3a675484bc84db6aba78d43bfc8b7197.jpg?ver=1776880798\",\"caption\":\"nonsolomusica\"},\"sameAs\":[\"https:\\\/\\\/www.nonsolomusicamagazine.it\"],\"url\":\"https:\\\/\\\/www.nonsolomusicamagazine.it\\\/?author=1\"}]}<\/script>\n<!-- \/ Yoast SEO plugin. -->","yoast_head_json":{"title":"Il sopravvissuto all'Olocausto e le marce pro-Palestina - NonSoloMusicaMagazine","description":"Il sopravvissuto all'Olocausto e le marce pro-Palestina","robots":{"index":"index","follow":"follow","max-snippet":"max-snippet:-1","max-image-preview":"max-image-preview:large","max-video-preview":"max-video-preview:-1"},"canonical":"https:\/\/www.nonsolomusicamagazine.it\/?p=9316","og_locale":"it_IT","og_type":"article","og_title":"Il sopravvissuto all'Olocausto e le marce pro-Palestina - NonSoloMusicaMagazine","og_description":"Il sopravvissuto all'Olocausto e le marce pro-Palestina","og_url":"https:\/\/www.nonsolomusicamagazine.it\/?p=9316","og_site_name":"NonSoloMusicaMagazine","article_published_time":"2025-03-31T16:03:23+00:00","article_modified_time":"2025-03-31T16:03:24+00:00","og_image":[{"width":720,"height":481,"url":"https:\/\/www.nonsolomusicamagazine.it\/wp-content\/uploads\/2025\/03\/1000049024.jpg","type":"image\/jpeg"}],"author":"nonsolomusica","twitter_card":"summary_large_image","twitter_misc":{"Scritto da":"nonsolomusica","Tempo di lettura stimato":"4 minuti"},"schema":{"@context":"https:\/\/schema.org","@graph":[{"@type":"Article","@id":"https:\/\/www.nonsolomusicamagazine.it\/?p=9316#article","isPartOf":{"@id":"https:\/\/www.nonsolomusicamagazine.it\/?p=9316"},"author":{"name":"nonsolomusica","@id":"https:\/\/www.nonsolomusicamagazine.it\/#\/schema\/person\/a3349ad02300d046472d46cf6d31ae46"},"headline":"Il sopravvissuto all&#8217;Olocausto e le marce pro-Palestina","datePublished":"2025-03-31T16:03:23+00:00","dateModified":"2025-03-31T16:03:24+00:00","mainEntityOfPage":{"@id":"https:\/\/www.nonsolomusicamagazine.it\/?p=9316"},"wordCount":689,"commentCount":0,"image":{"@id":"https:\/\/www.nonsolomusicamagazine.it\/?p=9316#primaryimage"},"thumbnailUrl":"https:\/\/www.nonsolomusicamagazine.it\/wp-content\/uploads\/2025\/03\/1000049024.jpg","keywords":["Ebrei","Gaza","Genocidio","Israele","Olocausto","Superstite"],"articleSection":["Esteri"],"inLanguage":"it-IT","potentialAction":[{"@type":"CommentAction","name":"Comment","target":["https:\/\/www.nonsolomusicamagazine.it\/?p=9316#respond"]}]},{"@type":"WebPage","@id":"https:\/\/www.nonsolomusicamagazine.it\/?p=9316","url":"https:\/\/www.nonsolomusicamagazine.it\/?p=9316","name":"Il sopravvissuto all'Olocausto e le marce pro-Palestina - NonSoloMusicaMagazine","isPartOf":{"@id":"https:\/\/www.nonsolomusicamagazine.it\/#website"},"primaryImageOfPage":{"@id":"https:\/\/www.nonsolomusicamagazine.it\/?p=9316#primaryimage"},"image":{"@id":"https:\/\/www.nonsolomusicamagazine.it\/?p=9316#primaryimage"},"thumbnailUrl":"https:\/\/www.nonsolomusicamagazine.it\/wp-content\/uploads\/2025\/03\/1000049024.jpg","datePublished":"2025-03-31T16:03:23+00:00","dateModified":"2025-03-31T16:03:24+00:00","author":{"@id":"https:\/\/www.nonsolomusicamagazine.it\/#\/schema\/person\/a3349ad02300d046472d46cf6d31ae46"},"description":"Il sopravvissuto all'Olocausto e le marce pro-Palestina","breadcrumb":{"@id":"https:\/\/www.nonsolomusicamagazine.it\/?p=9316#breadcrumb"},"inLanguage":"it-IT","potentialAction":[{"@type":"ReadAction","target":["https:\/\/www.nonsolomusicamagazine.it\/?p=9316"]}]},{"@type":"ImageObject","inLanguage":"it-IT","@id":"https:\/\/www.nonsolomusicamagazine.it\/?p=9316#primaryimage","url":"https:\/\/www.nonsolomusicamagazine.it\/wp-content\/uploads\/2025\/03\/1000049024.jpg","contentUrl":"https:\/\/www.nonsolomusicamagazine.it\/wp-content\/uploads\/2025\/03\/1000049024.jpg","width":720,"height":481},{"@type":"BreadcrumbList","@id":"https:\/\/www.nonsolomusicamagazine.it\/?p=9316#breadcrumb","itemListElement":[{"@type":"ListItem","position":1,"name":"Home","item":"https:\/\/www.nonsolomusicamagazine.it\/"},{"@type":"ListItem","position":2,"name":"Il sopravvissuto all&#8217;Olocausto e le marce pro-Palestina"}]},{"@type":"WebSite","@id":"https:\/\/www.nonsolomusicamagazine.it\/#website","url":"https:\/\/www.nonsolomusicamagazine.it\/","name":"Nonsolomusicamagazine","description":"Dir. responsabile Manuel M Buccarella","potentialAction":[{"@type":"SearchAction","target":{"@type":"EntryPoint","urlTemplate":"https:\/\/www.nonsolomusicamagazine.it\/?s={search_term_string}"},"query-input":{"@type":"PropertyValueSpecification","valueRequired":true,"valueName":"search_term_string"}}],"inLanguage":"it-IT"},{"@type":"Person","@id":"https:\/\/www.nonsolomusicamagazine.it\/#\/schema\/person\/a3349ad02300d046472d46cf6d31ae46","name":"nonsolomusica","image":{"@type":"ImageObject","inLanguage":"it-IT","@id":"https:\/\/www.nonsolomusicamagazine.it\/wp-content\/litespeed\/avatar\/3a675484bc84db6aba78d43bfc8b7197.jpg?ver=1776880798","url":"https:\/\/www.nonsolomusicamagazine.it\/wp-content\/litespeed\/avatar\/3a675484bc84db6aba78d43bfc8b7197.jpg?ver=1776880798","contentUrl":"https:\/\/www.nonsolomusicamagazine.it\/wp-content\/litespeed\/avatar\/3a675484bc84db6aba78d43bfc8b7197.jpg?ver=1776880798","caption":"nonsolomusica"},"sameAs":["https:\/\/www.nonsolomusicamagazine.it"],"url":"https:\/\/www.nonsolomusicamagazine.it\/?author=1"}]}},"amp_enabled":true,"_links":{"self":[{"href":"https:\/\/www.nonsolomusicamagazine.it\/index.php?rest_route=\/wp\/v2\/posts\/9316","targetHints":{"allow":["GET"]}}],"collection":[{"href":"https:\/\/www.nonsolomusicamagazine.it\/index.php?rest_route=\/wp\/v2\/posts"}],"about":[{"href":"https:\/\/www.nonsolomusicamagazine.it\/index.php?rest_route=\/wp\/v2\/types\/post"}],"author":[{"embeddable":true,"href":"https:\/\/www.nonsolomusicamagazine.it\/index.php?rest_route=\/wp\/v2\/users\/1"}],"replies":[{"embeddable":true,"href":"https:\/\/www.nonsolomusicamagazine.it\/index.php?rest_route=%2Fwp%2Fv2%2Fcomments&post=9316"}],"version-history":[{"count":0,"href":"https:\/\/www.nonsolomusicamagazine.it\/index.php?rest_route=\/wp\/v2\/posts\/9316\/revisions"}],"wp:featuredmedia":[{"embeddable":true,"href":"https:\/\/www.nonsolomusicamagazine.it\/index.php?rest_route=\/wp\/v2\/media\/9317"}],"wp:attachment":[{"href":"https:\/\/www.nonsolomusicamagazine.it\/index.php?rest_route=%2Fwp%2Fv2%2Fmedia&parent=9316"}],"wp:term":[{"taxonomy":"category","embeddable":true,"href":"https:\/\/www.nonsolomusicamagazine.it\/index.php?rest_route=%2Fwp%2Fv2%2Fcategories&post=9316"},{"taxonomy":"post_tag","embeddable":true,"href":"https:\/\/www.nonsolomusicamagazine.it\/index.php?rest_route=%2Fwp%2Fv2%2Ftags&post=9316"}],"curies":[{"name":"wp","href":"https:\/\/api.w.org\/{rel}","templated":true}]}}