{"id":9332,"date":"2025-03-31T20:28:13","date_gmt":"2025-03-31T18:28:13","guid":{"rendered":"https:\/\/www.nonsolomusicamagazine.it\/?p=9332"},"modified":"2025-03-31T20:28:18","modified_gmt":"2025-03-31T18:28:18","slug":"e-cosi-calenda-si-avvicina-a-fratelli-ditalia","status":"publish","type":"post","link":"https:\/\/www.nonsolomusicamagazine.it\/?p=9332","title":{"rendered":"E cos\u00ec Calenda si avvicina a Fratelli d&#8217;Italia&#8230;"},"content":{"rendered":"\n<p class=\"has-text-align-center\"><strong>Manuel M Buccarella<\/strong><\/p>\n\n\n\n<p>La partecipazione lo scorso fine settimana di Meloni, Crosetto e Donzelli al congresso di Azione pare non essere stata casuale. Insomma non una semplice visita di cortesia, ma l&#8217;avvio di una collaborazione che gi\u00e0 ufficiosamente in parlamento su diversi punti, armi e sostegno all&#8217;Ucraina in primis, \u00e8 gi\u00e0 in corso, con tanto di votazioni favorevoli.<\/p>\n\n\n\n<p>L&#8217;abbraccio &#8220;mortale&#8221; tra Giorgia Meloni e Carlo Calenda dovrebbe partire ufficialmente dalle elezioni regionali nelle Marche.<\/p>\n\n\n\n<p>\u201cFacciamo l\u2019accordo per le Regionali? Pi\u00f9 di met\u00e0 partito \u00e8 per Acquaroli\u201d, chiede il dirigente di Azione nelle Marche. \u201cPenso proprio di s\u00ec\u201c, risponde Giovanni Donzelli, responsabile organizzazione di Fratelli d\u2019Italia. Lo scambio, riportato da Repubblica, si svolge a margine del congresso del partito di Carlo Calenda a Roma, a cui sabato \u00e8 stata ospite d\u2019onore \u2013 tra applausi e lodi reciproche \u2013 proprio la premier Giorgia Meloni. <\/p>\n\n\n\n<p>Dunque tra Fdi e Azione potrebbe partire l&#8217;accordo, proprio per le Regionali nelle Marche, dove in autunno il governatore di FdI Francesco Acquaroli cercher\u00e0 la rielezione contro Matteo Ricci, europarlamentare Pd ed ex sindaco di Pesaro. Quest\u2019ultimo \u00e8 un esponente dell\u2019ala moderata dem, in teoria un candidato ideale per Azione. Che per\u00f2, a quanto pare, si prepara a interpretare per la prima volta nelle Marche un ruolo finora inedito, quello di gamba centrista della coalizione di centrodestra. <\/p>\n\n\n\n<p>Non dimentichiamo che sempre al congresso di Azione erano presenti esponenti poco &#8220;raccomandabili&#8221; del PD, come la sionista Picierno e Gentiloni, espressione dell&#8217;ala cosiddetta moderata e riformista, cui Calenda ha in sostanza indirizzato un invito a fare una scelta moderata e centrista, di fatto staccandosi dal partito.<\/p>\n\n\n\n<figure class=\"wp-block-image size-full\"><img decoding=\"async\" width=\"400\" height=\"300\" src=\"https:\/\/www.nonsolomusicamagazine.it\/wp-content\/uploads\/2025\/03\/1000049127.jpg\" alt=\"\" class=\"wp-image-9333\" srcset=\"https:\/\/www.nonsolomusicamagazine.it\/wp-content\/uploads\/2025\/03\/1000049127.jpg 400w, https:\/\/www.nonsolomusicamagazine.it\/wp-content\/uploads\/2025\/03\/1000049127-300x225.jpg 300w\" sizes=\"(max-width: 400px) 100vw, 400px\" \/><\/figure>\n","protected":false},"excerpt":{"rendered":"<p>Manuel M Buccarella La partecipazione lo scorso fine settimana di Meloni, Crosetto e Donzelli al congresso di Azione pare non essere stata casuale. Insomma non una semplice visita di cortesia, ma l&#8217;avvio di una collaborazione che gi\u00e0 ufficiosamente in parlamento su diversi punti, armi e sostegno all&#8217;Ucraina in primis, \u00e8 gi\u00e0 in corso, con tanto [&hellip;]<\/p>\n","protected":false},"author":1,"featured_media":9333,"comment_status":"open","ping_status":"closed","sticky":false,"template":"","format":"standard","meta":{"footnotes":""},"categories":[5],"tags":[87,164,1077],"class_list":["post-9332","post","type-post","status-publish","format-standard","has-post-thumbnail","hentry","category-politica","tag-calenda","tag-fdi","tag-meloni"],"yoast_head":"<!-- This site is optimized with the Yoast SEO plugin v27.5 - https:\/\/yoast.com\/product\/yoast-seo-wordpress\/ -->\n<title>E cos\u00ec Calenda si avvicina a Fratelli d&#039;Italia... - NonSoloMusicaMagazine<\/title>\n<meta name=\"description\" content=\"E cos\u00ec Calenda si avvicina a Fratelli d&#039;Italia...\" \/>\n<meta name=\"robots\" content=\"index, follow, max-snippet:-1, max-image-preview:large, max-video-preview:-1\" \/>\n<link rel=\"canonical\" href=\"https:\/\/www.nonsolomusicamagazine.it\/?p=9332\" \/>\n<meta property=\"og:locale\" content=\"it_IT\" \/>\n<meta property=\"og:type\" content=\"article\" \/>\n<meta property=\"og:title\" content=\"E cos\u00ec Calenda si avvicina a Fratelli d&#039;Italia... - NonSoloMusicaMagazine\" \/>\n<meta property=\"og:description\" content=\"E cos\u00ec Calenda si avvicina a Fratelli d&#039;Italia...\" \/>\n<meta property=\"og:url\" content=\"https:\/\/www.nonsolomusicamagazine.it\/?p=9332\" \/>\n<meta property=\"og:site_name\" content=\"NonSoloMusicaMagazine\" \/>\n<meta property=\"article:published_time\" content=\"2025-03-31T18:28:13+00:00\" \/>\n<meta property=\"article:modified_time\" content=\"2025-03-31T18:28:18+00:00\" \/>\n<meta property=\"og:image\" content=\"https:\/\/www.nonsolomusicamagazine.it\/wp-content\/uploads\/2025\/03\/1000049127.jpg\" \/>\n\t<meta property=\"og:image:width\" content=\"400\" \/>\n\t<meta property=\"og:image:height\" content=\"300\" \/>\n\t<meta property=\"og:image:type\" content=\"image\/jpeg\" \/>\n<meta name=\"author\" content=\"nonsolomusica\" \/>\n<meta name=\"twitter:card\" content=\"summary_large_image\" \/>\n<meta name=\"twitter:label1\" content=\"Scritto da\" \/>\n\t<meta name=\"twitter:data1\" content=\"nonsolomusica\" \/>\n\t<meta name=\"twitter:label2\" content=\"Tempo di lettura stimato\" \/>\n\t<meta name=\"twitter:data2\" content=\"2 minuti\" \/>\n<script type=\"application\/ld+json\" class=\"yoast-schema-graph\">{\"@context\":\"https:\\\/\\\/schema.org\",\"@graph\":[{\"@type\":\"Article\",\"@id\":\"https:\\\/\\\/www.nonsolomusicamagazine.it\\\/?p=9332#article\",\"isPartOf\":{\"@id\":\"https:\\\/\\\/www.nonsolomusicamagazine.it\\\/?p=9332\"},\"author\":{\"name\":\"nonsolomusica\",\"@id\":\"https:\\\/\\\/www.nonsolomusicamagazine.it\\\/#\\\/schema\\\/person\\\/a3349ad02300d046472d46cf6d31ae46\"},\"headline\":\"E cos\u00ec Calenda si avvicina a Fratelli d&#8217;Italia&#8230;\",\"datePublished\":\"2025-03-31T18:28:13+00:00\",\"dateModified\":\"2025-03-31T18:28:18+00:00\",\"mainEntityOfPage\":{\"@id\":\"https:\\\/\\\/www.nonsolomusicamagazine.it\\\/?p=9332\"},\"wordCount\":279,\"commentCount\":0,\"image\":{\"@id\":\"https:\\\/\\\/www.nonsolomusicamagazine.it\\\/?p=9332#primaryimage\"},\"thumbnailUrl\":\"https:\\\/\\\/www.nonsolomusicamagazine.it\\\/wp-content\\\/uploads\\\/2025\\\/03\\\/1000049127.jpg\",\"keywords\":[\"Calenda\",\"Fdi\",\"Meloni\"],\"articleSection\":[\"Politica\"],\"inLanguage\":\"it-IT\",\"potentialAction\":[{\"@type\":\"CommentAction\",\"name\":\"Comment\",\"target\":[\"https:\\\/\\\/www.nonsolomusicamagazine.it\\\/?p=9332#respond\"]}]},{\"@type\":\"WebPage\",\"@id\":\"https:\\\/\\\/www.nonsolomusicamagazine.it\\\/?p=9332\",\"url\":\"https:\\\/\\\/www.nonsolomusicamagazine.it\\\/?p=9332\",\"name\":\"E cos\u00ec Calenda si avvicina a Fratelli d'Italia... - NonSoloMusicaMagazine\",\"isPartOf\":{\"@id\":\"https:\\\/\\\/www.nonsolomusicamagazine.it\\\/#website\"},\"primaryImageOfPage\":{\"@id\":\"https:\\\/\\\/www.nonsolomusicamagazine.it\\\/?p=9332#primaryimage\"},\"image\":{\"@id\":\"https:\\\/\\\/www.nonsolomusicamagazine.it\\\/?p=9332#primaryimage\"},\"thumbnailUrl\":\"https:\\\/\\\/www.nonsolomusicamagazine.it\\\/wp-content\\\/uploads\\\/2025\\\/03\\\/1000049127.jpg\",\"datePublished\":\"2025-03-31T18:28:13+00:00\",\"dateModified\":\"2025-03-31T18:28:18+00:00\",\"author\":{\"@id\":\"https:\\\/\\\/www.nonsolomusicamagazine.it\\\/#\\\/schema\\\/person\\\/a3349ad02300d046472d46cf6d31ae46\"},\"description\":\"E cos\u00ec Calenda si avvicina a Fratelli d'Italia...\",\"breadcrumb\":{\"@id\":\"https:\\\/\\\/www.nonsolomusicamagazine.it\\\/?p=9332#breadcrumb\"},\"inLanguage\":\"it-IT\",\"potentialAction\":[{\"@type\":\"ReadAction\",\"target\":[\"https:\\\/\\\/www.nonsolomusicamagazine.it\\\/?p=9332\"]}]},{\"@type\":\"ImageObject\",\"inLanguage\":\"it-IT\",\"@id\":\"https:\\\/\\\/www.nonsolomusicamagazine.it\\\/?p=9332#primaryimage\",\"url\":\"https:\\\/\\\/www.nonsolomusicamagazine.it\\\/wp-content\\\/uploads\\\/2025\\\/03\\\/1000049127.jpg\",\"contentUrl\":\"https:\\\/\\\/www.nonsolomusicamagazine.it\\\/wp-content\\\/uploads\\\/2025\\\/03\\\/1000049127.jpg\",\"width\":400,\"height\":300},{\"@type\":\"BreadcrumbList\",\"@id\":\"https:\\\/\\\/www.nonsolomusicamagazine.it\\\/?p=9332#breadcrumb\",\"itemListElement\":[{\"@type\":\"ListItem\",\"position\":1,\"name\":\"Home\",\"item\":\"https:\\\/\\\/www.nonsolomusicamagazine.it\\\/\"},{\"@type\":\"ListItem\",\"position\":2,\"name\":\"E cos\u00ec Calenda si avvicina a Fratelli d&#8217;Italia&#8230;\"}]},{\"@type\":\"WebSite\",\"@id\":\"https:\\\/\\\/www.nonsolomusicamagazine.it\\\/#website\",\"url\":\"https:\\\/\\\/www.nonsolomusicamagazine.it\\\/\",\"name\":\"Nonsolomusicamagazine\",\"description\":\"Dir. responsabile Manuel M Buccarella\",\"potentialAction\":[{\"@type\":\"SearchAction\",\"target\":{\"@type\":\"EntryPoint\",\"urlTemplate\":\"https:\\\/\\\/www.nonsolomusicamagazine.it\\\/?s={search_term_string}\"},\"query-input\":{\"@type\":\"PropertyValueSpecification\",\"valueRequired\":true,\"valueName\":\"search_term_string\"}}],\"inLanguage\":\"it-IT\"},{\"@type\":\"Person\",\"@id\":\"https:\\\/\\\/www.nonsolomusicamagazine.it\\\/#\\\/schema\\\/person\\\/a3349ad02300d046472d46cf6d31ae46\",\"name\":\"nonsolomusica\",\"image\":{\"@type\":\"ImageObject\",\"inLanguage\":\"it-IT\",\"@id\":\"https:\\\/\\\/www.nonsolomusicamagazine.it\\\/wp-content\\\/litespeed\\\/avatar\\\/3a675484bc84db6aba78d43bfc8b7197.jpg?ver=1776880798\",\"url\":\"https:\\\/\\\/www.nonsolomusicamagazine.it\\\/wp-content\\\/litespeed\\\/avatar\\\/3a675484bc84db6aba78d43bfc8b7197.jpg?ver=1776880798\",\"contentUrl\":\"https:\\\/\\\/www.nonsolomusicamagazine.it\\\/wp-content\\\/litespeed\\\/avatar\\\/3a675484bc84db6aba78d43bfc8b7197.jpg?ver=1776880798\",\"caption\":\"nonsolomusica\"},\"sameAs\":[\"https:\\\/\\\/www.nonsolomusicamagazine.it\"],\"url\":\"https:\\\/\\\/www.nonsolomusicamagazine.it\\\/?author=1\"}]}<\/script>\n<!-- \/ Yoast SEO plugin. -->","yoast_head_json":{"title":"E cos\u00ec Calenda si avvicina a Fratelli d'Italia... - NonSoloMusicaMagazine","description":"E cos\u00ec Calenda si avvicina a Fratelli d'Italia...","robots":{"index":"index","follow":"follow","max-snippet":"max-snippet:-1","max-image-preview":"max-image-preview:large","max-video-preview":"max-video-preview:-1"},"canonical":"https:\/\/www.nonsolomusicamagazine.it\/?p=9332","og_locale":"it_IT","og_type":"article","og_title":"E cos\u00ec Calenda si avvicina a Fratelli d'Italia... - NonSoloMusicaMagazine","og_description":"E cos\u00ec Calenda si avvicina a Fratelli d'Italia...","og_url":"https:\/\/www.nonsolomusicamagazine.it\/?p=9332","og_site_name":"NonSoloMusicaMagazine","article_published_time":"2025-03-31T18:28:13+00:00","article_modified_time":"2025-03-31T18:28:18+00:00","og_image":[{"width":400,"height":300,"url":"https:\/\/www.nonsolomusicamagazine.it\/wp-content\/uploads\/2025\/03\/1000049127.jpg","type":"image\/jpeg"}],"author":"nonsolomusica","twitter_card":"summary_large_image","twitter_misc":{"Scritto da":"nonsolomusica","Tempo di lettura stimato":"2 minuti"},"schema":{"@context":"https:\/\/schema.org","@graph":[{"@type":"Article","@id":"https:\/\/www.nonsolomusicamagazine.it\/?p=9332#article","isPartOf":{"@id":"https:\/\/www.nonsolomusicamagazine.it\/?p=9332"},"author":{"name":"nonsolomusica","@id":"https:\/\/www.nonsolomusicamagazine.it\/#\/schema\/person\/a3349ad02300d046472d46cf6d31ae46"},"headline":"E cos\u00ec Calenda si avvicina a Fratelli d&#8217;Italia&#8230;","datePublished":"2025-03-31T18:28:13+00:00","dateModified":"2025-03-31T18:28:18+00:00","mainEntityOfPage":{"@id":"https:\/\/www.nonsolomusicamagazine.it\/?p=9332"},"wordCount":279,"commentCount":0,"image":{"@id":"https:\/\/www.nonsolomusicamagazine.it\/?p=9332#primaryimage"},"thumbnailUrl":"https:\/\/www.nonsolomusicamagazine.it\/wp-content\/uploads\/2025\/03\/1000049127.jpg","keywords":["Calenda","Fdi","Meloni"],"articleSection":["Politica"],"inLanguage":"it-IT","potentialAction":[{"@type":"CommentAction","name":"Comment","target":["https:\/\/www.nonsolomusicamagazine.it\/?p=9332#respond"]}]},{"@type":"WebPage","@id":"https:\/\/www.nonsolomusicamagazine.it\/?p=9332","url":"https:\/\/www.nonsolomusicamagazine.it\/?p=9332","name":"E cos\u00ec Calenda si avvicina a Fratelli d'Italia... - NonSoloMusicaMagazine","isPartOf":{"@id":"https:\/\/www.nonsolomusicamagazine.it\/#website"},"primaryImageOfPage":{"@id":"https:\/\/www.nonsolomusicamagazine.it\/?p=9332#primaryimage"},"image":{"@id":"https:\/\/www.nonsolomusicamagazine.it\/?p=9332#primaryimage"},"thumbnailUrl":"https:\/\/www.nonsolomusicamagazine.it\/wp-content\/uploads\/2025\/03\/1000049127.jpg","datePublished":"2025-03-31T18:28:13+00:00","dateModified":"2025-03-31T18:28:18+00:00","author":{"@id":"https:\/\/www.nonsolomusicamagazine.it\/#\/schema\/person\/a3349ad02300d046472d46cf6d31ae46"},"description":"E cos\u00ec Calenda si avvicina a Fratelli d'Italia...","breadcrumb":{"@id":"https:\/\/www.nonsolomusicamagazine.it\/?p=9332#breadcrumb"},"inLanguage":"it-IT","potentialAction":[{"@type":"ReadAction","target":["https:\/\/www.nonsolomusicamagazine.it\/?p=9332"]}]},{"@type":"ImageObject","inLanguage":"it-IT","@id":"https:\/\/www.nonsolomusicamagazine.it\/?p=9332#primaryimage","url":"https:\/\/www.nonsolomusicamagazine.it\/wp-content\/uploads\/2025\/03\/1000049127.jpg","contentUrl":"https:\/\/www.nonsolomusicamagazine.it\/wp-content\/uploads\/2025\/03\/1000049127.jpg","width":400,"height":300},{"@type":"BreadcrumbList","@id":"https:\/\/www.nonsolomusicamagazine.it\/?p=9332#breadcrumb","itemListElement":[{"@type":"ListItem","position":1,"name":"Home","item":"https:\/\/www.nonsolomusicamagazine.it\/"},{"@type":"ListItem","position":2,"name":"E cos\u00ec Calenda si avvicina a Fratelli d&#8217;Italia&#8230;"}]},{"@type":"WebSite","@id":"https:\/\/www.nonsolomusicamagazine.it\/#website","url":"https:\/\/www.nonsolomusicamagazine.it\/","name":"Nonsolomusicamagazine","description":"Dir. responsabile Manuel M Buccarella","potentialAction":[{"@type":"SearchAction","target":{"@type":"EntryPoint","urlTemplate":"https:\/\/www.nonsolomusicamagazine.it\/?s={search_term_string}"},"query-input":{"@type":"PropertyValueSpecification","valueRequired":true,"valueName":"search_term_string"}}],"inLanguage":"it-IT"},{"@type":"Person","@id":"https:\/\/www.nonsolomusicamagazine.it\/#\/schema\/person\/a3349ad02300d046472d46cf6d31ae46","name":"nonsolomusica","image":{"@type":"ImageObject","inLanguage":"it-IT","@id":"https:\/\/www.nonsolomusicamagazine.it\/wp-content\/litespeed\/avatar\/3a675484bc84db6aba78d43bfc8b7197.jpg?ver=1776880798","url":"https:\/\/www.nonsolomusicamagazine.it\/wp-content\/litespeed\/avatar\/3a675484bc84db6aba78d43bfc8b7197.jpg?ver=1776880798","contentUrl":"https:\/\/www.nonsolomusicamagazine.it\/wp-content\/litespeed\/avatar\/3a675484bc84db6aba78d43bfc8b7197.jpg?ver=1776880798","caption":"nonsolomusica"},"sameAs":["https:\/\/www.nonsolomusicamagazine.it"],"url":"https:\/\/www.nonsolomusicamagazine.it\/?author=1"}]}},"amp_enabled":true,"_links":{"self":[{"href":"https:\/\/www.nonsolomusicamagazine.it\/index.php?rest_route=\/wp\/v2\/posts\/9332","targetHints":{"allow":["GET"]}}],"collection":[{"href":"https:\/\/www.nonsolomusicamagazine.it\/index.php?rest_route=\/wp\/v2\/posts"}],"about":[{"href":"https:\/\/www.nonsolomusicamagazine.it\/index.php?rest_route=\/wp\/v2\/types\/post"}],"author":[{"embeddable":true,"href":"https:\/\/www.nonsolomusicamagazine.it\/index.php?rest_route=\/wp\/v2\/users\/1"}],"replies":[{"embeddable":true,"href":"https:\/\/www.nonsolomusicamagazine.it\/index.php?rest_route=%2Fwp%2Fv2%2Fcomments&post=9332"}],"version-history":[{"count":0,"href":"https:\/\/www.nonsolomusicamagazine.it\/index.php?rest_route=\/wp\/v2\/posts\/9332\/revisions"}],"wp:featuredmedia":[{"embeddable":true,"href":"https:\/\/www.nonsolomusicamagazine.it\/index.php?rest_route=\/wp\/v2\/media\/9333"}],"wp:attachment":[{"href":"https:\/\/www.nonsolomusicamagazine.it\/index.php?rest_route=%2Fwp%2Fv2%2Fmedia&parent=9332"}],"wp:term":[{"taxonomy":"category","embeddable":true,"href":"https:\/\/www.nonsolomusicamagazine.it\/index.php?rest_route=%2Fwp%2Fv2%2Fcategories&post=9332"},{"taxonomy":"post_tag","embeddable":true,"href":"https:\/\/www.nonsolomusicamagazine.it\/index.php?rest_route=%2Fwp%2Fv2%2Ftags&post=9332"}],"curies":[{"name":"wp","href":"https:\/\/api.w.org\/{rel}","templated":true}]}}