{"id":9492,"date":"2025-04-09T22:34:36","date_gmt":"2025-04-09T20:34:36","guid":{"rendered":"https:\/\/www.nonsolomusicamagazine.it\/?p=9492"},"modified":"2025-04-09T22:34:36","modified_gmt":"2025-04-09T20:34:36","slug":"loperazione-weserubung-linvasione-tedesca-di-danimarca-e-norvegia-del-9-aprile-1940","status":"publish","type":"post","link":"https:\/\/www.nonsolomusicamagazine.it\/?p=9492","title":{"rendered":"L&#8217;Operazione Weser\u00fcbung: l&#8217;invasione tedesca di Danimarca e Norvegia del 9 aprile 1940"},"content":{"rendered":"\n<p>All&#8217;alba del 9 aprile 1940 la Germania nazista lanci\u00f2 l&#8217;Operazione Weser\u00fcbung, un attacco coordinato contro due nazioni neutrali: la Danimarca e la Norvegia. Questo evento segn\u00f2 l&#8217;inizio della campagna scandinava della Seconda Guerra Mondiale e rappresent\u00f2 un&#8217;importante estensione del conflitto verso il Nord Europa. <\/p>\n\n\n\n<p>L&#8217;operazione, pianificata con meticolosa precisione, aveva obiettivi strategici ben definiti e si rivel\u00f2 un successo per la macchina bellica tedesca, sebbene con esiti molto diversi nei due paesi invasi.<\/p>\n\n\n\n<h5 class=\"wp-block-heading\">Contesto storico e motivazioni strategiche<\/h5>\n\n\n\n<p>Nel 1940 la guerra stava attraversando quella che fu definita &#8220;strana guerra&#8221; (Phoney War), un periodo di relativa inattivit\u00e0 sul fronte occidentale dopo l&#8217;invasione della Polonia. Hitler, tuttavia, stava gi\u00e0 pianificando i passi successivi per espandere il controllo tedesco in Europa.<\/p>\n\n\n\n<p>L&#8217;invasione della Scandinavia rispondeva a diverse necessit\u00e0 strategiche per la Germania:accesso al ferro svedese: La Germania dipendeva fortemente dal minerale di ferro svedese per la sua industria bellica. Questo materiale strategico veniva trasportato attraverso i porti norvegesi di Narvik e Lule\u00e5 durante l&#8217;inverno quando il Mar Baltico era ghiacciato. <\/p>\n\n\n\n<p>Il controllo della Norvegia avrebbe garantito la continuit\u00e0 di questi rifornimenti vitali.Basi navali nel Nord Atlantico: Il controllo della costa norvegese offriva alla Kriegsmarine (marina tedesca) accesso diretto all&#8217;Oceano Atlantico, aggirando il blocco navale britannico nel Mare del Nord e permettendo alle navi tedesche di minacciare le rotte commerciali alleate.<\/p>\n\n\n\n<p>Prevenire l&#8217;intervento alleato: I tedeschi sapevano che gli Alleati stavano considerando di occupare essi stessi la Norvegia, sia per bloccare l&#8217;accesso tedesco al ferro svedese sia per aprire un fronte a nord. L&#8217;Operazione Weser\u00fcbung fu in parte un&#8217;azione preventiva.La &#8220;fortezza Norvegia&#8221;: Hitler vedeva la costa norvegese come parte di una futura &#8220;fortezza Europa&#8221;, da cui bombardieri e sottomarini avrebbero potuto attaccare la Gran Bretagna.<\/p>\n\n\n\n<h5 class=\"wp-block-heading\">La pianificazione dell&#8217;operazione<\/h5>\n\n\n\n<p>L&#8217;Operazione Weser\u00fcbung fu pianificata dal generale Nikolaus von Falkenhorst, che ricevette l&#8217;incarico direttamente da Hitler il 21 febbraio 1940. La pianificazione doveva essere completata in tempo record, e Falkenhorst la elabor\u00f2 in sole 24 ore, utilizzando una guida turistica della Norvegia come riferimento.<\/p>\n\n\n\n<figure class=\"wp-block-image size-full\"><img decoding=\"async\" width=\"768\" height=\"384\" src=\"https:\/\/www.nonsolomusicamagazine.it\/wp-content\/uploads\/2025\/04\/1000050626.jpg\" alt=\"\" class=\"wp-image-9493\" srcset=\"https:\/\/www.nonsolomusicamagazine.it\/wp-content\/uploads\/2025\/04\/1000050626.jpg 768w, https:\/\/www.nonsolomusicamagazine.it\/wp-content\/uploads\/2025\/04\/1000050626-300x150.jpg 300w\" sizes=\"(max-width: 768px) 100vw, 768px\" \/><\/figure>\n","protected":false},"excerpt":{"rendered":"<p>All&#8217;alba del 9 aprile 1940 la Germania nazista lanci\u00f2 l&#8217;Operazione Weser\u00fcbung, un attacco coordinato contro due nazioni neutrali: la Danimarca e la Norvegia. Questo evento segn\u00f2 l&#8217;inizio della campagna scandinava della Seconda Guerra Mondiale e rappresent\u00f2 un&#8217;importante estensione del conflitto verso il Nord Europa. L&#8217;operazione, pianificata con meticolosa precisione, aveva obiettivi strategici ben definiti e [&hellip;]<\/p>\n","protected":false},"author":1,"featured_media":9493,"comment_status":"open","ping_status":"closed","sticky":false,"template":"","format":"standard","meta":{"footnotes":""},"categories":[1321],"tags":[1101,429,614,543,2613,4073],"class_list":["post-9492","post","type-post","status-publish","format-standard","has-post-thumbnail","hentry","category-storia","tag-danimarca","tag-germania","tag-hitler","tag-nazisti","tag-norvegia","tag-operazione-weserubung"],"yoast_head":"<!-- This site is optimized with the Yoast SEO plugin v27.5 - https:\/\/yoast.com\/product\/yoast-seo-wordpress\/ -->\n<title>L&#039;Operazione Weser\u00fcbung: l&#039;invasione tedesca di Danimarca e Norvegia del 9 aprile 1940 - NonSoloMusicaMagazine<\/title>\n<meta name=\"description\" content=\"L&#039;Operazione Weser\u00fcbung: l&#039;invasione tedesca di Danimarca e Norvegia del 9 aprile 1940\" \/>\n<meta name=\"robots\" content=\"index, follow, max-snippet:-1, max-image-preview:large, max-video-preview:-1\" \/>\n<link rel=\"canonical\" href=\"https:\/\/www.nonsolomusicamagazine.it\/?p=9492\" \/>\n<meta property=\"og:locale\" content=\"it_IT\" \/>\n<meta property=\"og:type\" content=\"article\" \/>\n<meta property=\"og:title\" content=\"L&#039;Operazione Weser\u00fcbung: l&#039;invasione tedesca di Danimarca e Norvegia del 9 aprile 1940 - NonSoloMusicaMagazine\" \/>\n<meta property=\"og:description\" content=\"L&#039;Operazione Weser\u00fcbung: l&#039;invasione tedesca di Danimarca e Norvegia del 9 aprile 1940\" \/>\n<meta property=\"og:url\" content=\"https:\/\/www.nonsolomusicamagazine.it\/?p=9492\" \/>\n<meta property=\"og:site_name\" content=\"NonSoloMusicaMagazine\" \/>\n<meta property=\"article:published_time\" content=\"2025-04-09T20:34:36+00:00\" \/>\n<meta property=\"og:image\" content=\"https:\/\/www.nonsolomusicamagazine.it\/wp-content\/uploads\/2025\/04\/1000050626.jpg\" \/>\n\t<meta property=\"og:image:width\" content=\"768\" \/>\n\t<meta property=\"og:image:height\" content=\"384\" \/>\n\t<meta property=\"og:image:type\" content=\"image\/jpeg\" \/>\n<meta name=\"author\" content=\"nonsolomusica\" \/>\n<meta name=\"twitter:card\" content=\"summary_large_image\" \/>\n<meta name=\"twitter:label1\" content=\"Scritto da\" \/>\n\t<meta name=\"twitter:data1\" content=\"nonsolomusica\" \/>\n\t<meta name=\"twitter:label2\" content=\"Tempo di lettura stimato\" \/>\n\t<meta name=\"twitter:data2\" content=\"3 minuti\" \/>\n<script type=\"application\/ld+json\" class=\"yoast-schema-graph\">{\"@context\":\"https:\\\/\\\/schema.org\",\"@graph\":[{\"@type\":\"Article\",\"@id\":\"https:\\\/\\\/www.nonsolomusicamagazine.it\\\/?p=9492#article\",\"isPartOf\":{\"@id\":\"https:\\\/\\\/www.nonsolomusicamagazine.it\\\/?p=9492\"},\"author\":{\"name\":\"nonsolomusica\",\"@id\":\"https:\\\/\\\/www.nonsolomusicamagazine.it\\\/#\\\/schema\\\/person\\\/a3349ad02300d046472d46cf6d31ae46\"},\"headline\":\"L&#8217;Operazione Weser\u00fcbung: l&#8217;invasione tedesca di Danimarca e Norvegia del 9 aprile 1940\",\"datePublished\":\"2025-04-09T20:34:36+00:00\",\"mainEntityOfPage\":{\"@id\":\"https:\\\/\\\/www.nonsolomusicamagazine.it\\\/?p=9492\"},\"wordCount\":357,\"commentCount\":0,\"image\":{\"@id\":\"https:\\\/\\\/www.nonsolomusicamagazine.it\\\/?p=9492#primaryimage\"},\"thumbnailUrl\":\"https:\\\/\\\/www.nonsolomusicamagazine.it\\\/wp-content\\\/uploads\\\/2025\\\/04\\\/1000050626.jpg\",\"keywords\":[\"Danimarca\",\"Germania\",\"Hitler\",\"Nazisti\",\"Norvegia\",\"Operazione Weser\u00fcbung\"],\"articleSection\":[\"Storia\"],\"inLanguage\":\"it-IT\",\"potentialAction\":[{\"@type\":\"CommentAction\",\"name\":\"Comment\",\"target\":[\"https:\\\/\\\/www.nonsolomusicamagazine.it\\\/?p=9492#respond\"]}]},{\"@type\":\"WebPage\",\"@id\":\"https:\\\/\\\/www.nonsolomusicamagazine.it\\\/?p=9492\",\"url\":\"https:\\\/\\\/www.nonsolomusicamagazine.it\\\/?p=9492\",\"name\":\"L'Operazione Weser\u00fcbung: l'invasione tedesca di Danimarca e Norvegia del 9 aprile 1940 - NonSoloMusicaMagazine\",\"isPartOf\":{\"@id\":\"https:\\\/\\\/www.nonsolomusicamagazine.it\\\/#website\"},\"primaryImageOfPage\":{\"@id\":\"https:\\\/\\\/www.nonsolomusicamagazine.it\\\/?p=9492#primaryimage\"},\"image\":{\"@id\":\"https:\\\/\\\/www.nonsolomusicamagazine.it\\\/?p=9492#primaryimage\"},\"thumbnailUrl\":\"https:\\\/\\\/www.nonsolomusicamagazine.it\\\/wp-content\\\/uploads\\\/2025\\\/04\\\/1000050626.jpg\",\"datePublished\":\"2025-04-09T20:34:36+00:00\",\"author\":{\"@id\":\"https:\\\/\\\/www.nonsolomusicamagazine.it\\\/#\\\/schema\\\/person\\\/a3349ad02300d046472d46cf6d31ae46\"},\"description\":\"L'Operazione Weser\u00fcbung: l'invasione tedesca di Danimarca e Norvegia del 9 aprile 1940\",\"breadcrumb\":{\"@id\":\"https:\\\/\\\/www.nonsolomusicamagazine.it\\\/?p=9492#breadcrumb\"},\"inLanguage\":\"it-IT\",\"potentialAction\":[{\"@type\":\"ReadAction\",\"target\":[\"https:\\\/\\\/www.nonsolomusicamagazine.it\\\/?p=9492\"]}]},{\"@type\":\"ImageObject\",\"inLanguage\":\"it-IT\",\"@id\":\"https:\\\/\\\/www.nonsolomusicamagazine.it\\\/?p=9492#primaryimage\",\"url\":\"https:\\\/\\\/www.nonsolomusicamagazine.it\\\/wp-content\\\/uploads\\\/2025\\\/04\\\/1000050626.jpg\",\"contentUrl\":\"https:\\\/\\\/www.nonsolomusicamagazine.it\\\/wp-content\\\/uploads\\\/2025\\\/04\\\/1000050626.jpg\",\"width\":768,\"height\":384},{\"@type\":\"BreadcrumbList\",\"@id\":\"https:\\\/\\\/www.nonsolomusicamagazine.it\\\/?p=9492#breadcrumb\",\"itemListElement\":[{\"@type\":\"ListItem\",\"position\":1,\"name\":\"Home\",\"item\":\"https:\\\/\\\/www.nonsolomusicamagazine.it\\\/\"},{\"@type\":\"ListItem\",\"position\":2,\"name\":\"L&#8217;Operazione Weser\u00fcbung: l&#8217;invasione tedesca di Danimarca e Norvegia del 9 aprile 1940\"}]},{\"@type\":\"WebSite\",\"@id\":\"https:\\\/\\\/www.nonsolomusicamagazine.it\\\/#website\",\"url\":\"https:\\\/\\\/www.nonsolomusicamagazine.it\\\/\",\"name\":\"Nonsolomusicamagazine\",\"description\":\"Dir. responsabile Manuel M Buccarella\",\"potentialAction\":[{\"@type\":\"SearchAction\",\"target\":{\"@type\":\"EntryPoint\",\"urlTemplate\":\"https:\\\/\\\/www.nonsolomusicamagazine.it\\\/?s={search_term_string}\"},\"query-input\":{\"@type\":\"PropertyValueSpecification\",\"valueRequired\":true,\"valueName\":\"search_term_string\"}}],\"inLanguage\":\"it-IT\"},{\"@type\":\"Person\",\"@id\":\"https:\\\/\\\/www.nonsolomusicamagazine.it\\\/#\\\/schema\\\/person\\\/a3349ad02300d046472d46cf6d31ae46\",\"name\":\"nonsolomusica\",\"image\":{\"@type\":\"ImageObject\",\"inLanguage\":\"it-IT\",\"@id\":\"https:\\\/\\\/www.nonsolomusicamagazine.it\\\/wp-content\\\/litespeed\\\/avatar\\\/3a675484bc84db6aba78d43bfc8b7197.jpg?ver=1776880798\",\"url\":\"https:\\\/\\\/www.nonsolomusicamagazine.it\\\/wp-content\\\/litespeed\\\/avatar\\\/3a675484bc84db6aba78d43bfc8b7197.jpg?ver=1776880798\",\"contentUrl\":\"https:\\\/\\\/www.nonsolomusicamagazine.it\\\/wp-content\\\/litespeed\\\/avatar\\\/3a675484bc84db6aba78d43bfc8b7197.jpg?ver=1776880798\",\"caption\":\"nonsolomusica\"},\"sameAs\":[\"https:\\\/\\\/www.nonsolomusicamagazine.it\"],\"url\":\"https:\\\/\\\/www.nonsolomusicamagazine.it\\\/?author=1\"}]}<\/script>\n<!-- \/ Yoast SEO plugin. -->","yoast_head_json":{"title":"L'Operazione Weser\u00fcbung: l'invasione tedesca di Danimarca e Norvegia del 9 aprile 1940 - NonSoloMusicaMagazine","description":"L'Operazione Weser\u00fcbung: l'invasione tedesca di Danimarca e Norvegia del 9 aprile 1940","robots":{"index":"index","follow":"follow","max-snippet":"max-snippet:-1","max-image-preview":"max-image-preview:large","max-video-preview":"max-video-preview:-1"},"canonical":"https:\/\/www.nonsolomusicamagazine.it\/?p=9492","og_locale":"it_IT","og_type":"article","og_title":"L'Operazione Weser\u00fcbung: l'invasione tedesca di Danimarca e Norvegia del 9 aprile 1940 - NonSoloMusicaMagazine","og_description":"L'Operazione Weser\u00fcbung: l'invasione tedesca di Danimarca e Norvegia del 9 aprile 1940","og_url":"https:\/\/www.nonsolomusicamagazine.it\/?p=9492","og_site_name":"NonSoloMusicaMagazine","article_published_time":"2025-04-09T20:34:36+00:00","og_image":[{"width":768,"height":384,"url":"https:\/\/www.nonsolomusicamagazine.it\/wp-content\/uploads\/2025\/04\/1000050626.jpg","type":"image\/jpeg"}],"author":"nonsolomusica","twitter_card":"summary_large_image","twitter_misc":{"Scritto da":"nonsolomusica","Tempo di lettura stimato":"3 minuti"},"schema":{"@context":"https:\/\/schema.org","@graph":[{"@type":"Article","@id":"https:\/\/www.nonsolomusicamagazine.it\/?p=9492#article","isPartOf":{"@id":"https:\/\/www.nonsolomusicamagazine.it\/?p=9492"},"author":{"name":"nonsolomusica","@id":"https:\/\/www.nonsolomusicamagazine.it\/#\/schema\/person\/a3349ad02300d046472d46cf6d31ae46"},"headline":"L&#8217;Operazione Weser\u00fcbung: l&#8217;invasione tedesca di Danimarca e Norvegia del 9 aprile 1940","datePublished":"2025-04-09T20:34:36+00:00","mainEntityOfPage":{"@id":"https:\/\/www.nonsolomusicamagazine.it\/?p=9492"},"wordCount":357,"commentCount":0,"image":{"@id":"https:\/\/www.nonsolomusicamagazine.it\/?p=9492#primaryimage"},"thumbnailUrl":"https:\/\/www.nonsolomusicamagazine.it\/wp-content\/uploads\/2025\/04\/1000050626.jpg","keywords":["Danimarca","Germania","Hitler","Nazisti","Norvegia","Operazione Weser\u00fcbung"],"articleSection":["Storia"],"inLanguage":"it-IT","potentialAction":[{"@type":"CommentAction","name":"Comment","target":["https:\/\/www.nonsolomusicamagazine.it\/?p=9492#respond"]}]},{"@type":"WebPage","@id":"https:\/\/www.nonsolomusicamagazine.it\/?p=9492","url":"https:\/\/www.nonsolomusicamagazine.it\/?p=9492","name":"L'Operazione Weser\u00fcbung: l'invasione tedesca di Danimarca e Norvegia del 9 aprile 1940 - NonSoloMusicaMagazine","isPartOf":{"@id":"https:\/\/www.nonsolomusicamagazine.it\/#website"},"primaryImageOfPage":{"@id":"https:\/\/www.nonsolomusicamagazine.it\/?p=9492#primaryimage"},"image":{"@id":"https:\/\/www.nonsolomusicamagazine.it\/?p=9492#primaryimage"},"thumbnailUrl":"https:\/\/www.nonsolomusicamagazine.it\/wp-content\/uploads\/2025\/04\/1000050626.jpg","datePublished":"2025-04-09T20:34:36+00:00","author":{"@id":"https:\/\/www.nonsolomusicamagazine.it\/#\/schema\/person\/a3349ad02300d046472d46cf6d31ae46"},"description":"L'Operazione Weser\u00fcbung: l'invasione tedesca di Danimarca e Norvegia del 9 aprile 1940","breadcrumb":{"@id":"https:\/\/www.nonsolomusicamagazine.it\/?p=9492#breadcrumb"},"inLanguage":"it-IT","potentialAction":[{"@type":"ReadAction","target":["https:\/\/www.nonsolomusicamagazine.it\/?p=9492"]}]},{"@type":"ImageObject","inLanguage":"it-IT","@id":"https:\/\/www.nonsolomusicamagazine.it\/?p=9492#primaryimage","url":"https:\/\/www.nonsolomusicamagazine.it\/wp-content\/uploads\/2025\/04\/1000050626.jpg","contentUrl":"https:\/\/www.nonsolomusicamagazine.it\/wp-content\/uploads\/2025\/04\/1000050626.jpg","width":768,"height":384},{"@type":"BreadcrumbList","@id":"https:\/\/www.nonsolomusicamagazine.it\/?p=9492#breadcrumb","itemListElement":[{"@type":"ListItem","position":1,"name":"Home","item":"https:\/\/www.nonsolomusicamagazine.it\/"},{"@type":"ListItem","position":2,"name":"L&#8217;Operazione Weser\u00fcbung: l&#8217;invasione tedesca di Danimarca e Norvegia del 9 aprile 1940"}]},{"@type":"WebSite","@id":"https:\/\/www.nonsolomusicamagazine.it\/#website","url":"https:\/\/www.nonsolomusicamagazine.it\/","name":"Nonsolomusicamagazine","description":"Dir. responsabile Manuel M Buccarella","potentialAction":[{"@type":"SearchAction","target":{"@type":"EntryPoint","urlTemplate":"https:\/\/www.nonsolomusicamagazine.it\/?s={search_term_string}"},"query-input":{"@type":"PropertyValueSpecification","valueRequired":true,"valueName":"search_term_string"}}],"inLanguage":"it-IT"},{"@type":"Person","@id":"https:\/\/www.nonsolomusicamagazine.it\/#\/schema\/person\/a3349ad02300d046472d46cf6d31ae46","name":"nonsolomusica","image":{"@type":"ImageObject","inLanguage":"it-IT","@id":"https:\/\/www.nonsolomusicamagazine.it\/wp-content\/litespeed\/avatar\/3a675484bc84db6aba78d43bfc8b7197.jpg?ver=1776880798","url":"https:\/\/www.nonsolomusicamagazine.it\/wp-content\/litespeed\/avatar\/3a675484bc84db6aba78d43bfc8b7197.jpg?ver=1776880798","contentUrl":"https:\/\/www.nonsolomusicamagazine.it\/wp-content\/litespeed\/avatar\/3a675484bc84db6aba78d43bfc8b7197.jpg?ver=1776880798","caption":"nonsolomusica"},"sameAs":["https:\/\/www.nonsolomusicamagazine.it"],"url":"https:\/\/www.nonsolomusicamagazine.it\/?author=1"}]}},"amp_enabled":true,"_links":{"self":[{"href":"https:\/\/www.nonsolomusicamagazine.it\/index.php?rest_route=\/wp\/v2\/posts\/9492","targetHints":{"allow":["GET"]}}],"collection":[{"href":"https:\/\/www.nonsolomusicamagazine.it\/index.php?rest_route=\/wp\/v2\/posts"}],"about":[{"href":"https:\/\/www.nonsolomusicamagazine.it\/index.php?rest_route=\/wp\/v2\/types\/post"}],"author":[{"embeddable":true,"href":"https:\/\/www.nonsolomusicamagazine.it\/index.php?rest_route=\/wp\/v2\/users\/1"}],"replies":[{"embeddable":true,"href":"https:\/\/www.nonsolomusicamagazine.it\/index.php?rest_route=%2Fwp%2Fv2%2Fcomments&post=9492"}],"version-history":[{"count":0,"href":"https:\/\/www.nonsolomusicamagazine.it\/index.php?rest_route=\/wp\/v2\/posts\/9492\/revisions"}],"wp:featuredmedia":[{"embeddable":true,"href":"https:\/\/www.nonsolomusicamagazine.it\/index.php?rest_route=\/wp\/v2\/media\/9493"}],"wp:attachment":[{"href":"https:\/\/www.nonsolomusicamagazine.it\/index.php?rest_route=%2Fwp%2Fv2%2Fmedia&parent=9492"}],"wp:term":[{"taxonomy":"category","embeddable":true,"href":"https:\/\/www.nonsolomusicamagazine.it\/index.php?rest_route=%2Fwp%2Fv2%2Fcategories&post=9492"},{"taxonomy":"post_tag","embeddable":true,"href":"https:\/\/www.nonsolomusicamagazine.it\/index.php?rest_route=%2Fwp%2Fv2%2Ftags&post=9492"}],"curies":[{"name":"wp","href":"https:\/\/api.w.org\/{rel}","templated":true}]}}