{"id":9573,"date":"2025-04-14T07:28:00","date_gmt":"2025-04-14T05:28:00","guid":{"rendered":"https:\/\/www.nonsolomusicamagazine.it\/?p=9573"},"modified":"2025-04-14T07:28:01","modified_gmt":"2025-04-14T05:28:01","slug":"stamattina-a-lecce-luniversita-nel-2025-tra-precarieta-e-ossessione-securitaria-una-conferenza-promossa-dal-m5s","status":"publish","type":"post","link":"https:\/\/www.nonsolomusicamagazine.it\/?p=9573","title":{"rendered":"Stamattina a Lecce \u201cL&#8217;Universit\u00e0 nel 2025. Tra precariet\u00e0 e ossessione securitaria\u201d. Una conferenza promossa dal M5S"},"content":{"rendered":"\n<p>Stamattina alle ore 11, presso le Officine Cantelmo di Lecce si terr\u00e0 una conferenza dal tema \u201cL&#8217;Universit\u00e0 nel 2025. Tra precariet\u00e0 e ossessione securitaria\u201d.<\/p>\n\n\n\n<p>L\u2019evento, organizzato dall\u2019eurodeputata del Movimento 5Stelle Valentina Palmisano (gruppo The Left), prevede un variegato pacchetto di relatori: per M5S Valentina Palmisano, Leonardo Donno (deputato) e Cristian Casili (consigliere regionale ), i rappresentanti di tre associazioni studentesche in UniSalento, la professoressa di Unisalento Elisa Rubino (Storia della filosofia) e l\u2019avvocato Pinuccio Milli.<\/p>\n\n\n\n<p>Si parler\u00e0 di precariato, di dl Sicurezza, del trattamento che il governo Meloni sta riservando all\u2019universit\u00e0 pubblica.<\/p>\n\n\n\n<h5 class=\"wp-block-heading\">Il precariato nell\u2019universit\u00e0 italiana<\/h5>\n\n\n\n<p>Il precariato nell\u2019universit\u00e0 italiana \u00e8 un problema persistente che colpisce molti ricercatori e docenti. Dal 2012, il lavoro \u201ca tempo determinato\u201d \u00e8 diventato la regola, rendendo difficile per molti la possibilit\u00e0 di ottenere un posto di lavoro stabile.La situazione \u00e8 aggravata dal fatto che l\u2019Italia ha bisogno di almeno 45.000 nuovi posti di professori di ruolo per risolvere il problema del precariato. Tuttavia, il reclutamento \u00e8 reso difficile dalle normative esistenti, che spesso favoriscono la stabilit\u00e0 dei posti di lavoro esistenti piuttosto che la creazione di nuovi posti.Il precariato nell\u2019universit\u00e0 italiana ha anche un impatto negativo sulla qualit\u00e0 della ricerca e dell\u2019insegnamento, poich\u00e9 molti ricercatori e docenti sono costretti a lavorare in condizioni di incertezza e instabilit\u00e0.Per risolvere questo problema, \u00e8 necessario un cambiamento radicale nelle politiche di reclutamento e di gestione del personale nelle universit\u00e0 italiane.<\/p>\n\n\n\n<p>E le cose non vanno per nulla meglio nella scuola.<\/p>\n\n\n\n<figure class=\"wp-block-image size-large\"><img decoding=\"async\" width=\"727\" height=\"1024\" src=\"https:\/\/www.nonsolomusicamagazine.it\/wp-content\/uploads\/2025\/04\/1000050767-727x1024.jpg\" alt=\"\" class=\"wp-image-9574\" srcset=\"https:\/\/www.nonsolomusicamagazine.it\/wp-content\/uploads\/2025\/04\/1000050767-727x1024.jpg 727w, https:\/\/www.nonsolomusicamagazine.it\/wp-content\/uploads\/2025\/04\/1000050767-213x300.jpg 213w, https:\/\/www.nonsolomusicamagazine.it\/wp-content\/uploads\/2025\/04\/1000050767-768x1082.jpg 768w, https:\/\/www.nonsolomusicamagazine.it\/wp-content\/uploads\/2025\/04\/1000050767.jpg 993w\" sizes=\"(max-width: 727px) 100vw, 727px\" \/><\/figure>\n","protected":false},"excerpt":{"rendered":"<p>Stamattina alle ore 11, presso le Officine Cantelmo di Lecce si terr\u00e0 una conferenza dal tema \u201cL&#8217;Universit\u00e0 nel 2025. Tra precariet\u00e0 e ossessione securitaria\u201d. L\u2019evento, organizzato dall\u2019eurodeputata del Movimento 5Stelle Valentina Palmisano (gruppo The Left), prevede un variegato pacchetto di relatori: per M5S Valentina Palmisano, Leonardo Donno (deputato) e Cristian Casili (consigliere regionale ), i [&hellip;]<\/p>\n","protected":false},"author":1,"featured_media":9574,"comment_status":"open","ping_status":"closed","sticky":false,"template":"","format":"standard","meta":{"footnotes":""},"categories":[106,5],"tags":[941,52,198,1193,2727],"class_list":["post-9573","post","type-post","status-publish","format-standard","has-post-thumbnail","hentry","category-cultura","category-politica","tag-conferenza","tag-lecce","tag-m5s","tag-precariato","tag-universita"],"yoast_head":"<!-- This site is optimized with the Yoast SEO plugin v27.4 - https:\/\/yoast.com\/product\/yoast-seo-wordpress\/ -->\n<title>Stamattina a Lecce \u201cL&#039;Universit\u00e0 nel 2025. Tra precariet\u00e0 e ossessione securitaria\u201d. Una conferenza promossa dal M5S - NonSoloMusicaMagazine<\/title>\n<meta name=\"description\" content=\"L&#039;Universit\u00e0 nel 2025. Tra precariet\u00e0 e ossessione securitaria\u201d.\" \/>\n<meta name=\"robots\" content=\"index, follow, max-snippet:-1, max-image-preview:large, max-video-preview:-1\" \/>\n<link rel=\"canonical\" href=\"https:\/\/www.nonsolomusicamagazine.it\/?p=9573\" \/>\n<meta property=\"og:locale\" content=\"it_IT\" \/>\n<meta property=\"og:type\" content=\"article\" \/>\n<meta property=\"og:title\" content=\"Stamattina a Lecce \u201cL&#039;Universit\u00e0 nel 2025. Tra precariet\u00e0 e ossessione securitaria\u201d. Una conferenza promossa dal M5S - NonSoloMusicaMagazine\" \/>\n<meta property=\"og:description\" content=\"L&#039;Universit\u00e0 nel 2025. Tra precariet\u00e0 e ossessione securitaria\u201d.\" \/>\n<meta property=\"og:url\" content=\"https:\/\/www.nonsolomusicamagazine.it\/?p=9573\" \/>\n<meta property=\"og:site_name\" content=\"NonSoloMusicaMagazine\" \/>\n<meta property=\"article:published_time\" content=\"2025-04-14T05:28:00+00:00\" \/>\n<meta property=\"article:modified_time\" content=\"2025-04-14T05:28:01+00:00\" \/>\n<meta property=\"og:image\" content=\"https:\/\/www.nonsolomusicamagazine.it\/wp-content\/uploads\/2025\/04\/1000050767.jpg\" \/>\n\t<meta property=\"og:image:width\" content=\"993\" \/>\n\t<meta property=\"og:image:height\" content=\"1399\" \/>\n\t<meta property=\"og:image:type\" content=\"image\/jpeg\" \/>\n<meta name=\"author\" content=\"nonsolomusica\" \/>\n<meta name=\"twitter:card\" content=\"summary_large_image\" \/>\n<meta name=\"twitter:label1\" content=\"Scritto da\" \/>\n\t<meta name=\"twitter:data1\" content=\"nonsolomusica\" \/>\n\t<meta name=\"twitter:label2\" content=\"Tempo di lettura stimato\" \/>\n\t<meta name=\"twitter:data2\" content=\"2 minuti\" \/>\n<script type=\"application\/ld+json\" class=\"yoast-schema-graph\">{\"@context\":\"https:\\\/\\\/schema.org\",\"@graph\":[{\"@type\":\"Article\",\"@id\":\"https:\\\/\\\/www.nonsolomusicamagazine.it\\\/?p=9573#article\",\"isPartOf\":{\"@id\":\"https:\\\/\\\/www.nonsolomusicamagazine.it\\\/?p=9573\"},\"author\":{\"name\":\"nonsolomusica\",\"@id\":\"https:\\\/\\\/www.nonsolomusicamagazine.it\\\/#\\\/schema\\\/person\\\/a3349ad02300d046472d46cf6d31ae46\"},\"headline\":\"Stamattina a Lecce \u201cL&#8217;Universit\u00e0 nel 2025. Tra precariet\u00e0 e ossessione securitaria\u201d. Una conferenza promossa dal M5S\",\"datePublished\":\"2025-04-14T05:28:00+00:00\",\"dateModified\":\"2025-04-14T05:28:01+00:00\",\"mainEntityOfPage\":{\"@id\":\"https:\\\/\\\/www.nonsolomusicamagazine.it\\\/?p=9573\"},\"wordCount\":264,\"commentCount\":0,\"image\":{\"@id\":\"https:\\\/\\\/www.nonsolomusicamagazine.it\\\/?p=9573#primaryimage\"},\"thumbnailUrl\":\"https:\\\/\\\/www.nonsolomusicamagazine.it\\\/wp-content\\\/uploads\\\/2025\\\/04\\\/1000050767.jpg\",\"keywords\":[\"Conferenza\",\"Lecce\",\"M5S\",\"Precariato\",\"Universit\u00e0\"],\"articleSection\":[\"Cultura\",\"Politica\"],\"inLanguage\":\"it-IT\",\"potentialAction\":[{\"@type\":\"CommentAction\",\"name\":\"Comment\",\"target\":[\"https:\\\/\\\/www.nonsolomusicamagazine.it\\\/?p=9573#respond\"]}]},{\"@type\":\"WebPage\",\"@id\":\"https:\\\/\\\/www.nonsolomusicamagazine.it\\\/?p=9573\",\"url\":\"https:\\\/\\\/www.nonsolomusicamagazine.it\\\/?p=9573\",\"name\":\"Stamattina a Lecce \u201cL'Universit\u00e0 nel 2025. Tra precariet\u00e0 e ossessione securitaria\u201d. Una conferenza promossa dal M5S - NonSoloMusicaMagazine\",\"isPartOf\":{\"@id\":\"https:\\\/\\\/www.nonsolomusicamagazine.it\\\/#website\"},\"primaryImageOfPage\":{\"@id\":\"https:\\\/\\\/www.nonsolomusicamagazine.it\\\/?p=9573#primaryimage\"},\"image\":{\"@id\":\"https:\\\/\\\/www.nonsolomusicamagazine.it\\\/?p=9573#primaryimage\"},\"thumbnailUrl\":\"https:\\\/\\\/www.nonsolomusicamagazine.it\\\/wp-content\\\/uploads\\\/2025\\\/04\\\/1000050767.jpg\",\"datePublished\":\"2025-04-14T05:28:00+00:00\",\"dateModified\":\"2025-04-14T05:28:01+00:00\",\"author\":{\"@id\":\"https:\\\/\\\/www.nonsolomusicamagazine.it\\\/#\\\/schema\\\/person\\\/a3349ad02300d046472d46cf6d31ae46\"},\"description\":\"L'Universit\u00e0 nel 2025. Tra precariet\u00e0 e ossessione securitaria\u201d.\",\"breadcrumb\":{\"@id\":\"https:\\\/\\\/www.nonsolomusicamagazine.it\\\/?p=9573#breadcrumb\"},\"inLanguage\":\"it-IT\",\"potentialAction\":[{\"@type\":\"ReadAction\",\"target\":[\"https:\\\/\\\/www.nonsolomusicamagazine.it\\\/?p=9573\"]}]},{\"@type\":\"ImageObject\",\"inLanguage\":\"it-IT\",\"@id\":\"https:\\\/\\\/www.nonsolomusicamagazine.it\\\/?p=9573#primaryimage\",\"url\":\"https:\\\/\\\/www.nonsolomusicamagazine.it\\\/wp-content\\\/uploads\\\/2025\\\/04\\\/1000050767.jpg\",\"contentUrl\":\"https:\\\/\\\/www.nonsolomusicamagazine.it\\\/wp-content\\\/uploads\\\/2025\\\/04\\\/1000050767.jpg\",\"width\":993,\"height\":1399},{\"@type\":\"BreadcrumbList\",\"@id\":\"https:\\\/\\\/www.nonsolomusicamagazine.it\\\/?p=9573#breadcrumb\",\"itemListElement\":[{\"@type\":\"ListItem\",\"position\":1,\"name\":\"Home\",\"item\":\"https:\\\/\\\/www.nonsolomusicamagazine.it\\\/\"},{\"@type\":\"ListItem\",\"position\":2,\"name\":\"Stamattina a Lecce \u201cL&#8217;Universit\u00e0 nel 2025. Tra precariet\u00e0 e ossessione securitaria\u201d. Una conferenza promossa dal M5S\"}]},{\"@type\":\"WebSite\",\"@id\":\"https:\\\/\\\/www.nonsolomusicamagazine.it\\\/#website\",\"url\":\"https:\\\/\\\/www.nonsolomusicamagazine.it\\\/\",\"name\":\"Nonsolomusicamagazine\",\"description\":\"Dir. responsabile Manuel M Buccarella\",\"potentialAction\":[{\"@type\":\"SearchAction\",\"target\":{\"@type\":\"EntryPoint\",\"urlTemplate\":\"https:\\\/\\\/www.nonsolomusicamagazine.it\\\/?s={search_term_string}\"},\"query-input\":{\"@type\":\"PropertyValueSpecification\",\"valueRequired\":true,\"valueName\":\"search_term_string\"}}],\"inLanguage\":\"it-IT\"},{\"@type\":\"Person\",\"@id\":\"https:\\\/\\\/www.nonsolomusicamagazine.it\\\/#\\\/schema\\\/person\\\/a3349ad02300d046472d46cf6d31ae46\",\"name\":\"nonsolomusica\",\"image\":{\"@type\":\"ImageObject\",\"inLanguage\":\"it-IT\",\"@id\":\"https:\\\/\\\/www.nonsolomusicamagazine.it\\\/wp-content\\\/litespeed\\\/avatar\\\/3a675484bc84db6aba78d43bfc8b7197.jpg?ver=1776880798\",\"url\":\"https:\\\/\\\/www.nonsolomusicamagazine.it\\\/wp-content\\\/litespeed\\\/avatar\\\/3a675484bc84db6aba78d43bfc8b7197.jpg?ver=1776880798\",\"contentUrl\":\"https:\\\/\\\/www.nonsolomusicamagazine.it\\\/wp-content\\\/litespeed\\\/avatar\\\/3a675484bc84db6aba78d43bfc8b7197.jpg?ver=1776880798\",\"caption\":\"nonsolomusica\"},\"sameAs\":[\"https:\\\/\\\/www.nonsolomusicamagazine.it\"],\"url\":\"https:\\\/\\\/www.nonsolomusicamagazine.it\\\/?author=1\"}]}<\/script>\n<!-- \/ Yoast SEO plugin. -->","yoast_head_json":{"title":"Stamattina a Lecce \u201cL'Universit\u00e0 nel 2025. Tra precariet\u00e0 e ossessione securitaria\u201d. Una conferenza promossa dal M5S - NonSoloMusicaMagazine","description":"L'Universit\u00e0 nel 2025. Tra precariet\u00e0 e ossessione securitaria\u201d.","robots":{"index":"index","follow":"follow","max-snippet":"max-snippet:-1","max-image-preview":"max-image-preview:large","max-video-preview":"max-video-preview:-1"},"canonical":"https:\/\/www.nonsolomusicamagazine.it\/?p=9573","og_locale":"it_IT","og_type":"article","og_title":"Stamattina a Lecce \u201cL'Universit\u00e0 nel 2025. Tra precariet\u00e0 e ossessione securitaria\u201d. Una conferenza promossa dal M5S - NonSoloMusicaMagazine","og_description":"L'Universit\u00e0 nel 2025. Tra precariet\u00e0 e ossessione securitaria\u201d.","og_url":"https:\/\/www.nonsolomusicamagazine.it\/?p=9573","og_site_name":"NonSoloMusicaMagazine","article_published_time":"2025-04-14T05:28:00+00:00","article_modified_time":"2025-04-14T05:28:01+00:00","og_image":[{"width":993,"height":1399,"url":"https:\/\/www.nonsolomusicamagazine.it\/wp-content\/uploads\/2025\/04\/1000050767.jpg","type":"image\/jpeg"}],"author":"nonsolomusica","twitter_card":"summary_large_image","twitter_misc":{"Scritto da":"nonsolomusica","Tempo di lettura stimato":"2 minuti"},"schema":{"@context":"https:\/\/schema.org","@graph":[{"@type":"Article","@id":"https:\/\/www.nonsolomusicamagazine.it\/?p=9573#article","isPartOf":{"@id":"https:\/\/www.nonsolomusicamagazine.it\/?p=9573"},"author":{"name":"nonsolomusica","@id":"https:\/\/www.nonsolomusicamagazine.it\/#\/schema\/person\/a3349ad02300d046472d46cf6d31ae46"},"headline":"Stamattina a Lecce \u201cL&#8217;Universit\u00e0 nel 2025. Tra precariet\u00e0 e ossessione securitaria\u201d. Una conferenza promossa dal M5S","datePublished":"2025-04-14T05:28:00+00:00","dateModified":"2025-04-14T05:28:01+00:00","mainEntityOfPage":{"@id":"https:\/\/www.nonsolomusicamagazine.it\/?p=9573"},"wordCount":264,"commentCount":0,"image":{"@id":"https:\/\/www.nonsolomusicamagazine.it\/?p=9573#primaryimage"},"thumbnailUrl":"https:\/\/www.nonsolomusicamagazine.it\/wp-content\/uploads\/2025\/04\/1000050767.jpg","keywords":["Conferenza","Lecce","M5S","Precariato","Universit\u00e0"],"articleSection":["Cultura","Politica"],"inLanguage":"it-IT","potentialAction":[{"@type":"CommentAction","name":"Comment","target":["https:\/\/www.nonsolomusicamagazine.it\/?p=9573#respond"]}]},{"@type":"WebPage","@id":"https:\/\/www.nonsolomusicamagazine.it\/?p=9573","url":"https:\/\/www.nonsolomusicamagazine.it\/?p=9573","name":"Stamattina a Lecce \u201cL'Universit\u00e0 nel 2025. Tra precariet\u00e0 e ossessione securitaria\u201d. Una conferenza promossa dal M5S - NonSoloMusicaMagazine","isPartOf":{"@id":"https:\/\/www.nonsolomusicamagazine.it\/#website"},"primaryImageOfPage":{"@id":"https:\/\/www.nonsolomusicamagazine.it\/?p=9573#primaryimage"},"image":{"@id":"https:\/\/www.nonsolomusicamagazine.it\/?p=9573#primaryimage"},"thumbnailUrl":"https:\/\/www.nonsolomusicamagazine.it\/wp-content\/uploads\/2025\/04\/1000050767.jpg","datePublished":"2025-04-14T05:28:00+00:00","dateModified":"2025-04-14T05:28:01+00:00","author":{"@id":"https:\/\/www.nonsolomusicamagazine.it\/#\/schema\/person\/a3349ad02300d046472d46cf6d31ae46"},"description":"L'Universit\u00e0 nel 2025. Tra precariet\u00e0 e ossessione securitaria\u201d.","breadcrumb":{"@id":"https:\/\/www.nonsolomusicamagazine.it\/?p=9573#breadcrumb"},"inLanguage":"it-IT","potentialAction":[{"@type":"ReadAction","target":["https:\/\/www.nonsolomusicamagazine.it\/?p=9573"]}]},{"@type":"ImageObject","inLanguage":"it-IT","@id":"https:\/\/www.nonsolomusicamagazine.it\/?p=9573#primaryimage","url":"https:\/\/www.nonsolomusicamagazine.it\/wp-content\/uploads\/2025\/04\/1000050767.jpg","contentUrl":"https:\/\/www.nonsolomusicamagazine.it\/wp-content\/uploads\/2025\/04\/1000050767.jpg","width":993,"height":1399},{"@type":"BreadcrumbList","@id":"https:\/\/www.nonsolomusicamagazine.it\/?p=9573#breadcrumb","itemListElement":[{"@type":"ListItem","position":1,"name":"Home","item":"https:\/\/www.nonsolomusicamagazine.it\/"},{"@type":"ListItem","position":2,"name":"Stamattina a Lecce \u201cL&#8217;Universit\u00e0 nel 2025. Tra precariet\u00e0 e ossessione securitaria\u201d. Una conferenza promossa dal M5S"}]},{"@type":"WebSite","@id":"https:\/\/www.nonsolomusicamagazine.it\/#website","url":"https:\/\/www.nonsolomusicamagazine.it\/","name":"Nonsolomusicamagazine","description":"Dir. responsabile Manuel M Buccarella","potentialAction":[{"@type":"SearchAction","target":{"@type":"EntryPoint","urlTemplate":"https:\/\/www.nonsolomusicamagazine.it\/?s={search_term_string}"},"query-input":{"@type":"PropertyValueSpecification","valueRequired":true,"valueName":"search_term_string"}}],"inLanguage":"it-IT"},{"@type":"Person","@id":"https:\/\/www.nonsolomusicamagazine.it\/#\/schema\/person\/a3349ad02300d046472d46cf6d31ae46","name":"nonsolomusica","image":{"@type":"ImageObject","inLanguage":"it-IT","@id":"https:\/\/www.nonsolomusicamagazine.it\/wp-content\/litespeed\/avatar\/3a675484bc84db6aba78d43bfc8b7197.jpg?ver=1776880798","url":"https:\/\/www.nonsolomusicamagazine.it\/wp-content\/litespeed\/avatar\/3a675484bc84db6aba78d43bfc8b7197.jpg?ver=1776880798","contentUrl":"https:\/\/www.nonsolomusicamagazine.it\/wp-content\/litespeed\/avatar\/3a675484bc84db6aba78d43bfc8b7197.jpg?ver=1776880798","caption":"nonsolomusica"},"sameAs":["https:\/\/www.nonsolomusicamagazine.it"],"url":"https:\/\/www.nonsolomusicamagazine.it\/?author=1"}]}},"amp_enabled":true,"_links":{"self":[{"href":"https:\/\/www.nonsolomusicamagazine.it\/index.php?rest_route=\/wp\/v2\/posts\/9573","targetHints":{"allow":["GET"]}}],"collection":[{"href":"https:\/\/www.nonsolomusicamagazine.it\/index.php?rest_route=\/wp\/v2\/posts"}],"about":[{"href":"https:\/\/www.nonsolomusicamagazine.it\/index.php?rest_route=\/wp\/v2\/types\/post"}],"author":[{"embeddable":true,"href":"https:\/\/www.nonsolomusicamagazine.it\/index.php?rest_route=\/wp\/v2\/users\/1"}],"replies":[{"embeddable":true,"href":"https:\/\/www.nonsolomusicamagazine.it\/index.php?rest_route=%2Fwp%2Fv2%2Fcomments&post=9573"}],"version-history":[{"count":0,"href":"https:\/\/www.nonsolomusicamagazine.it\/index.php?rest_route=\/wp\/v2\/posts\/9573\/revisions"}],"wp:featuredmedia":[{"embeddable":true,"href":"https:\/\/www.nonsolomusicamagazine.it\/index.php?rest_route=\/wp\/v2\/media\/9574"}],"wp:attachment":[{"href":"https:\/\/www.nonsolomusicamagazine.it\/index.php?rest_route=%2Fwp%2Fv2%2Fmedia&parent=9573"}],"wp:term":[{"taxonomy":"category","embeddable":true,"href":"https:\/\/www.nonsolomusicamagazine.it\/index.php?rest_route=%2Fwp%2Fv2%2Fcategories&post=9573"},{"taxonomy":"post_tag","embeddable":true,"href":"https:\/\/www.nonsolomusicamagazine.it\/index.php?rest_route=%2Fwp%2Fv2%2Ftags&post=9573"}],"curies":[{"name":"wp","href":"https:\/\/api.w.org\/{rel}","templated":true}]}}