{"id":9578,"date":"2025-04-14T18:18:07","date_gmt":"2025-04-14T16:18:07","guid":{"rendered":"https:\/\/www.nonsolomusicamagazine.it\/?p=9578"},"modified":"2025-04-14T18:18:12","modified_gmt":"2025-04-14T16:18:12","slug":"strage-a-sumy-e-criminale-continuare-la-guerra-che-toglie-la-vita-a-persone-innocenti-e-giova-solo-ai-mercanti-di-armi-vladimir-volcic-e-emanuele-filippone-faro-di-roma","status":"publish","type":"post","link":"https:\/\/www.nonsolomusicamagazine.it\/?p=9578","title":{"rendered":"Strage a Sumy: \u00e8 criminale continuare la guerra che toglie la vita a persone innocenti e giova solo ai mercanti di armi (Vladimir Volcic e Emanuele Filippone &#8211; Faro di Roma)"},"content":{"rendered":"\n<p>Prendiamo spunto dall&#8217;articolo pubblicato oggi da Faro di Roma per alcune considerazioni a margine della strage di Sumy in Ucraina ieri mattina.<\/p>\n\n\n\n<p>&#8220;Nella Domenica delle Palme, mentre l\u2019Ucraina celebrava una delle festivit\u00e0 pi\u00f9 importanti del calendario ortodosso, la citt\u00e0 di Sumy \u00e8 stata teatro di un devastante attacco missilistico russo che ha provocato almeno 34 morti e 117 feriti, tra cui 15 bambini (i bambini morti sarebbero due, hanno dichiarato in rettifica oggi le autorit\u00e0 ucraine ndr)<br>L\u2019attacco, avvenuto nel cuore della citt\u00e0, ha colpito il centro congressi dell\u2019Universit\u00e0 statale di Sumy e l\u2019edificio dell\u2019Accademia bancaria, scatenando una nuova ondata di indignazione internazionale e riaccendendo il dibattito sulla natura degli obiettivi militari russi.<\/p>\n\n\n\n<p>La versione ufficiale ucraina, immediatamente rilanciata dai media occidentali, parla di un attacco deliberato contro la popolazione civile. Secondo questa narrazione, i missili russi avrebbero colpito il centro della citt\u00e0 mentre i cittadini si riunivano per celebrare la Domenica delle Palme, in un chiaro atto di terrorismo contro civili innocenti.<br>L\u2019oligarca ucraino Volodymyr Zelensky ha definito l\u2019attacco un atto barbaro compiuto da una \u201cfeccia completamente fuori di testa\u201d, sottolineando che i missili hanno colpito \u201cproprio nel cuore della citt\u00e0\u201d durante una festivit\u00e0 religiosa. Il capo del Centro per la lotta alla disinformazione del Consiglio nazionale di difesa e sicurezza ucraino, Andriy Kovalenko, ha rafforzato questa narrativa, affermando che i russi hanno deliberatamente lanciato l\u2019attacco durante la Domenica delle Palme per causare il massimo numero di vittime tra i fedeli.<\/p>\n\n\n\n<p>Tuttavia, una versione radicalmente diversa dell\u2019accaduto \u00e8 emersa da fonti interne all\u2019Ucraina stessa, sistematicamente ignorata dai media occidentali. La deputata della Verkhovna Rada (il parlamento ucraino) Maryana Bezuglaya ha rivelato su Telegram che l\u2019attacco russo ha colpito in realt\u00e0 una cerimonia di premiazione militare dove si registrava la presenza di civili. In un post che contraddice apertamente la narrazione ufficiale, Bezuglaya ha scritto: \u201cUn appello a Syrsky e separatamente al comandante delle truppe: non radunate personale militare per cerimonie di premiazione, e soprattutto non nelle citt\u00e0 e in presenza di civili. Ancora una volta, i russi avevano informazioni sul raduno.\u201d<\/p>\n\n\n\n<p>Questa versione \u00e8 stata confermata anche dall\u2019ex deputato della Verkhovna Rada Igor Mosiychuk, che ha specificato che l\u2019attacco russo a Sumy \u00e8 avvenuto durante la cerimonia di premiazione dei militari della 117\u00aa Brigata di difesa territoriale, in concomitanza con il 7\u00b0 anniversario della fondazione dell\u2019unit\u00e0. Secondo Mosiychuk, le autorit\u00e0 regionali avevano invitato all\u2019evento anche civili, compresi bambini, esponendoli cos\u00ec al pericolo.<br>Le testimonianze raccolte descrivono un attacco particolarmente letale, eseguito con una tattica che ha massimizzato il numero delle vittime. Due missili balistici russi hanno colpito in rapida successione: il primo ha colpito l\u2019edificio universitario, mentre il secondo \u00e8 esploso pochi minuti dopo, quando i soccorritori e i passanti erano gi\u00e0 accorsi per aiutare i feriti del primo attacco.<\/p>\n\n\n\n<p>Le immagini pubblicate online mostrano file di sacchi neri per cadaveri sul ciglio della strada, corpi avvolti in coperte termiche tra i detriti, e vigili del fuoco che lottavano per spegnere le carcasse delle auto bruciate tra le macerie degli edifici danneggiati. Oltre all\u2019universit\u00e0, l\u2019attacco ha danneggiato cinque condomini, bar, negozi e il tribunale distrettuale, per un totale di 20 edifici colpiti.<br>Secondo Zelensky, 68 persone ferite nell\u2019attacco sono attualmente ricoverate in strutture mediche, 8 delle quali in gravi condizioni. Tra i feriti ci sono anche bambini, inclusa una bambina nata nel 2025.<\/p>\n\n\n\n<p>L\u2019attacco ha provocato una forte condanna da parte della comunit\u00e0 internazionale. Per non contraddire la versione fornita dal oligarca Zelensky e le dichiarazioni dei leader europei i media occidentali hanno attuato una censura delle voci dissonanti in quanto provenienti dall\u2019interno del parlamento e del governo ucraini.<br>\u00c8 significativo notare come le dichiarazioni della deputata Bezuglaya e dell\u2019ex deputato Mosiychuk, che contraddicono la versione ufficiale ucraina, siano state sistematicamente ignorate dai media occidentali. Questa omissione solleva interrogativi sulla completezza e l\u2019obiettivit\u00e0 dell\u2019informazione fornita al pubblico europeo.<br>Mentre i leader e i media occidentali accettano acriticamente la versione di Kiev, trasformando tutte le vittime in civili innocenti e omettendo qualsiasi riferimento alla cerimonia di premiazione militare, emerge un quadro pi\u00f9 complesso della realt\u00e0 sul campo.<br>Secondo testimoni oculari citati da fonti alternative, la versione fornita da Bezuglaya corrisponde alla realt\u00e0: all\u2019evento erano presenti sia militari che civili, inclusi bambini, e oltre la met\u00e0 delle vittime sarebbero in realt\u00e0 militari, non civili.&#8221;<\/p>\n\n\n\n<h5 class=\"wp-block-heading\">Osservazioni della redazione <\/h5>\n\n\n\n<p>\u00c8 evidente che pur ammettendo la versione non mainstream, e cio\u00e8 che l&#8217;attacco russo si sarebbe scatenato su obiettivi e personale militari nel corso di una premiazione ufficiale, ci\u00f2 non esclude la gravit\u00e0 del fatto, che risponde ad un continuo esacerbarsi degli animi e di un conflitto che, nonostante i &#8220;buoni propositi&#8221; trumpiani ed i tentativi di addivenire quanto meno ad una tregua entro il 20.aprile (Pasqua) e nonostante un precedente accordo tra le parti firmato con la mediazione Usa che prevedeva una tregua parziale relativamente al Mar Nero ed alle infrastrutture energetiche di entrambi i Paesi, tregua prontamente violata sia dai russi che dagli ucraini, la situazione \u00e8 precipitata negli ultimi giorni. I russi hanno preso di mira, anche oggi, Odessa, porto strategico sul Mar Nero ed anello di congiunzione tra Donbass e Crimea, che probabilmente vorrebbero annettersi. Ritornando all&#8217;attacco di ieri su Sumy, indipendentemente dalla natura precisa dell\u2019obiettivo, l\u2019attacco a Sumy rappresenta un errore strategico da parte russa. Anche se l\u2019obiettivo era colpire reparti militari ucraini, la presenza nota di civili alla cerimonia avrebbe dovuto far desistere i comandanti russi dall\u2019ordinare l\u2019attaco.<\/p>\n\n\n\n<p>L\u2019attacco missilistico a Sumy rientra nell\u2019offensiva russa nella regione, seguita alla decimazione dei reparti ucraini che avevano invaso Kursk. L\u2019offensiva russa riguarda anche le citt\u00e0 di Kherson e Zaphoriza.<br>Il giorno prima dell\u2019attacco a Sumy i russi avevano effettuato nel distretto di Sumy bombardamenti con l\u2019impiego di tre FAB-500 contro una concentrazione di fanteria appartenente alla 47a brigata meccanizzata separata delle Forze armate ucraine.<\/p>\n\n\n\n<p>\u00c8 evidente come la Russia intenda rafforzare la propria avanzata approfittando dell&#8217;inferiorit\u00e0 numerica e di mezzi dell&#8217;Ucraina, in modo da arrivare al tavolo di un eventuale negoziato ancora pi\u00f9 forti. I partner europei non dispongono al momento, salvo qualche eccezione, di munizioni e mezzi sufficienti da donare o vendere a Kiev per contrastare con efficacia le forze armate russe, visto anche che di fatto gli Stati Uniti si stanno sfilando.<\/p>\n\n\n\n<p>Resta dunque l&#8217;urgenza di portare le parti ad un negoziato efficace e realistico, che porti alla pace quanto prima e conservando dignit\u00e0 all&#8217;Ucraina. \u00c8 evidente che le ambizioni di Trump e Putin vadano in qualche modo ridimensionate. Il ruolo della UE dovrebbe essere pertanto fondamentalmente negoziale. Armare gli ucraini con pochi uomini &#8220;fino alla vittoria finale&#8221; appare irrealistico, anche perch\u00e9 la UE non ha i mezzi n\u00e9 finanziari n\u00e9 militari sufficienti (ci penseranno Germania e UK? Ma in quanto tempo?).<\/p>\n\n\n\n<figure class=\"wp-block-image size-full\"><img decoding=\"async\" width=\"768\" height=\"1024\" src=\"https:\/\/www.nonsolomusicamagazine.it\/wp-content\/uploads\/2025\/04\/1000051220.jpg\" alt=\"\" class=\"wp-image-9579\" srcset=\"https:\/\/www.nonsolomusicamagazine.it\/wp-content\/uploads\/2025\/04\/1000051220.jpg 768w, https:\/\/www.nonsolomusicamagazine.it\/wp-content\/uploads\/2025\/04\/1000051220-225x300.jpg 225w\" sizes=\"(max-width: 768px) 100vw, 768px\" \/><\/figure>\n\n\n\n<p><\/p>\n\n\n\n<p><\/p>\n","protected":false},"excerpt":{"rendered":"<p>Prendiamo spunto dall&#8217;articolo pubblicato oggi da Faro di Roma per alcune considerazioni a margine della strage di Sumy in Ucraina ieri mattina. &#8220;Nella Domenica delle Palme, mentre l\u2019Ucraina celebrava una delle festivit\u00e0 pi\u00f9 importanti del calendario ortodosso, la citt\u00e0 di Sumy \u00e8 stata teatro di un devastante attacco missilistico russo che ha provocato almeno 34 [&hellip;]<\/p>\n","protected":false},"author":1,"featured_media":9579,"comment_status":"open","ping_status":"closed","sticky":false,"template":"","format":"standard","meta":{"footnotes":""},"categories":[6],"tags":[12,1847,4095,13],"class_list":["post-9578","post","type-post","status-publish","format-standard","has-post-thumbnail","hentry","category-esteri","tag-russia","tag-strage","tag-sumy","tag-ucraina"],"yoast_head":"<!-- This site is optimized with the Yoast SEO plugin v27.4 - https:\/\/yoast.com\/product\/yoast-seo-wordpress\/ -->\n<title>Strage a Sumy: \u00e8 criminale continuare la guerra che toglie la vita a persone innocenti e giova solo ai mercanti di armi (Vladimir Volcic e Emanuele Filippone - Faro di Roma) - NonSoloMusicaMagazine<\/title>\n<meta name=\"description\" content=\"Strage a Sumy\" \/>\n<meta name=\"robots\" content=\"index, follow, max-snippet:-1, max-image-preview:large, max-video-preview:-1\" \/>\n<link rel=\"canonical\" href=\"https:\/\/www.nonsolomusicamagazine.it\/?p=9578\" \/>\n<meta property=\"og:locale\" content=\"it_IT\" \/>\n<meta property=\"og:type\" content=\"article\" \/>\n<meta property=\"og:title\" content=\"Strage a Sumy: \u00e8 criminale continuare la guerra che toglie la vita a persone innocenti e giova solo ai mercanti di armi (Vladimir Volcic e Emanuele Filippone - Faro di Roma) - NonSoloMusicaMagazine\" \/>\n<meta property=\"og:description\" content=\"Strage a Sumy\" \/>\n<meta property=\"og:url\" content=\"https:\/\/www.nonsolomusicamagazine.it\/?p=9578\" \/>\n<meta property=\"og:site_name\" content=\"NonSoloMusicaMagazine\" \/>\n<meta property=\"article:published_time\" content=\"2025-04-14T16:18:07+00:00\" \/>\n<meta property=\"article:modified_time\" content=\"2025-04-14T16:18:12+00:00\" \/>\n<meta property=\"og:image\" content=\"https:\/\/www.nonsolomusicamagazine.it\/wp-content\/uploads\/2025\/04\/1000051220.jpg\" \/>\n\t<meta property=\"og:image:width\" content=\"768\" \/>\n\t<meta property=\"og:image:height\" content=\"1024\" \/>\n\t<meta property=\"og:image:type\" content=\"image\/jpeg\" \/>\n<meta name=\"author\" content=\"nonsolomusica\" \/>\n<meta name=\"twitter:card\" content=\"summary_large_image\" \/>\n<meta name=\"twitter:label1\" content=\"Scritto da\" \/>\n\t<meta name=\"twitter:data1\" content=\"nonsolomusica\" \/>\n\t<meta name=\"twitter:label2\" content=\"Tempo di lettura stimato\" \/>\n\t<meta name=\"twitter:data2\" content=\"7 minuti\" \/>\n<script type=\"application\/ld+json\" class=\"yoast-schema-graph\">{\"@context\":\"https:\\\/\\\/schema.org\",\"@graph\":[{\"@type\":\"Article\",\"@id\":\"https:\\\/\\\/www.nonsolomusicamagazine.it\\\/?p=9578#article\",\"isPartOf\":{\"@id\":\"https:\\\/\\\/www.nonsolomusicamagazine.it\\\/?p=9578\"},\"author\":{\"name\":\"nonsolomusica\",\"@id\":\"https:\\\/\\\/www.nonsolomusicamagazine.it\\\/#\\\/schema\\\/person\\\/a3349ad02300d046472d46cf6d31ae46\"},\"headline\":\"Strage a Sumy: \u00e8 criminale continuare la guerra che toglie la vita a persone innocenti e giova solo ai mercanti di armi (Vladimir Volcic e Emanuele Filippone &#8211; Faro di Roma)\",\"datePublished\":\"2025-04-14T16:18:07+00:00\",\"dateModified\":\"2025-04-14T16:18:12+00:00\",\"mainEntityOfPage\":{\"@id\":\"https:\\\/\\\/www.nonsolomusicamagazine.it\\\/?p=9578\"},\"wordCount\":1167,\"commentCount\":0,\"image\":{\"@id\":\"https:\\\/\\\/www.nonsolomusicamagazine.it\\\/?p=9578#primaryimage\"},\"thumbnailUrl\":\"https:\\\/\\\/www.nonsolomusicamagazine.it\\\/wp-content\\\/uploads\\\/2025\\\/04\\\/1000051220.jpg\",\"keywords\":[\"Russia\",\"Strage\",\"Sumy\",\"Ucraina\"],\"articleSection\":[\"Esteri\"],\"inLanguage\":\"it-IT\",\"potentialAction\":[{\"@type\":\"CommentAction\",\"name\":\"Comment\",\"target\":[\"https:\\\/\\\/www.nonsolomusicamagazine.it\\\/?p=9578#respond\"]}]},{\"@type\":\"WebPage\",\"@id\":\"https:\\\/\\\/www.nonsolomusicamagazine.it\\\/?p=9578\",\"url\":\"https:\\\/\\\/www.nonsolomusicamagazine.it\\\/?p=9578\",\"name\":\"Strage a Sumy: \u00e8 criminale continuare la guerra che toglie la vita a persone innocenti e giova solo ai mercanti di armi (Vladimir Volcic e Emanuele Filippone - Faro di Roma) - NonSoloMusicaMagazine\",\"isPartOf\":{\"@id\":\"https:\\\/\\\/www.nonsolomusicamagazine.it\\\/#website\"},\"primaryImageOfPage\":{\"@id\":\"https:\\\/\\\/www.nonsolomusicamagazine.it\\\/?p=9578#primaryimage\"},\"image\":{\"@id\":\"https:\\\/\\\/www.nonsolomusicamagazine.it\\\/?p=9578#primaryimage\"},\"thumbnailUrl\":\"https:\\\/\\\/www.nonsolomusicamagazine.it\\\/wp-content\\\/uploads\\\/2025\\\/04\\\/1000051220.jpg\",\"datePublished\":\"2025-04-14T16:18:07+00:00\",\"dateModified\":\"2025-04-14T16:18:12+00:00\",\"author\":{\"@id\":\"https:\\\/\\\/www.nonsolomusicamagazine.it\\\/#\\\/schema\\\/person\\\/a3349ad02300d046472d46cf6d31ae46\"},\"description\":\"Strage a Sumy\",\"breadcrumb\":{\"@id\":\"https:\\\/\\\/www.nonsolomusicamagazine.it\\\/?p=9578#breadcrumb\"},\"inLanguage\":\"it-IT\",\"potentialAction\":[{\"@type\":\"ReadAction\",\"target\":[\"https:\\\/\\\/www.nonsolomusicamagazine.it\\\/?p=9578\"]}]},{\"@type\":\"ImageObject\",\"inLanguage\":\"it-IT\",\"@id\":\"https:\\\/\\\/www.nonsolomusicamagazine.it\\\/?p=9578#primaryimage\",\"url\":\"https:\\\/\\\/www.nonsolomusicamagazine.it\\\/wp-content\\\/uploads\\\/2025\\\/04\\\/1000051220.jpg\",\"contentUrl\":\"https:\\\/\\\/www.nonsolomusicamagazine.it\\\/wp-content\\\/uploads\\\/2025\\\/04\\\/1000051220.jpg\",\"width\":768,\"height\":1024},{\"@type\":\"BreadcrumbList\",\"@id\":\"https:\\\/\\\/www.nonsolomusicamagazine.it\\\/?p=9578#breadcrumb\",\"itemListElement\":[{\"@type\":\"ListItem\",\"position\":1,\"name\":\"Home\",\"item\":\"https:\\\/\\\/www.nonsolomusicamagazine.it\\\/\"},{\"@type\":\"ListItem\",\"position\":2,\"name\":\"Strage a Sumy: \u00e8 criminale continuare la guerra che toglie la vita a persone innocenti e giova solo ai mercanti di armi (Vladimir Volcic e Emanuele Filippone &#8211; Faro di Roma)\"}]},{\"@type\":\"WebSite\",\"@id\":\"https:\\\/\\\/www.nonsolomusicamagazine.it\\\/#website\",\"url\":\"https:\\\/\\\/www.nonsolomusicamagazine.it\\\/\",\"name\":\"Nonsolomusicamagazine\",\"description\":\"Dir. responsabile Manuel M Buccarella\",\"potentialAction\":[{\"@type\":\"SearchAction\",\"target\":{\"@type\":\"EntryPoint\",\"urlTemplate\":\"https:\\\/\\\/www.nonsolomusicamagazine.it\\\/?s={search_term_string}\"},\"query-input\":{\"@type\":\"PropertyValueSpecification\",\"valueRequired\":true,\"valueName\":\"search_term_string\"}}],\"inLanguage\":\"it-IT\"},{\"@type\":\"Person\",\"@id\":\"https:\\\/\\\/www.nonsolomusicamagazine.it\\\/#\\\/schema\\\/person\\\/a3349ad02300d046472d46cf6d31ae46\",\"name\":\"nonsolomusica\",\"image\":{\"@type\":\"ImageObject\",\"inLanguage\":\"it-IT\",\"@id\":\"https:\\\/\\\/www.nonsolomusicamagazine.it\\\/wp-content\\\/litespeed\\\/avatar\\\/3a675484bc84db6aba78d43bfc8b7197.jpg?ver=1776880798\",\"url\":\"https:\\\/\\\/www.nonsolomusicamagazine.it\\\/wp-content\\\/litespeed\\\/avatar\\\/3a675484bc84db6aba78d43bfc8b7197.jpg?ver=1776880798\",\"contentUrl\":\"https:\\\/\\\/www.nonsolomusicamagazine.it\\\/wp-content\\\/litespeed\\\/avatar\\\/3a675484bc84db6aba78d43bfc8b7197.jpg?ver=1776880798\",\"caption\":\"nonsolomusica\"},\"sameAs\":[\"https:\\\/\\\/www.nonsolomusicamagazine.it\"],\"url\":\"https:\\\/\\\/www.nonsolomusicamagazine.it\\\/?author=1\"}]}<\/script>\n<!-- \/ Yoast SEO plugin. -->","yoast_head_json":{"title":"Strage a Sumy: \u00e8 criminale continuare la guerra che toglie la vita a persone innocenti e giova solo ai mercanti di armi (Vladimir Volcic e Emanuele Filippone - Faro di Roma) - NonSoloMusicaMagazine","description":"Strage a Sumy","robots":{"index":"index","follow":"follow","max-snippet":"max-snippet:-1","max-image-preview":"max-image-preview:large","max-video-preview":"max-video-preview:-1"},"canonical":"https:\/\/www.nonsolomusicamagazine.it\/?p=9578","og_locale":"it_IT","og_type":"article","og_title":"Strage a Sumy: \u00e8 criminale continuare la guerra che toglie la vita a persone innocenti e giova solo ai mercanti di armi (Vladimir Volcic e Emanuele Filippone - Faro di Roma) - NonSoloMusicaMagazine","og_description":"Strage a Sumy","og_url":"https:\/\/www.nonsolomusicamagazine.it\/?p=9578","og_site_name":"NonSoloMusicaMagazine","article_published_time":"2025-04-14T16:18:07+00:00","article_modified_time":"2025-04-14T16:18:12+00:00","og_image":[{"width":768,"height":1024,"url":"https:\/\/www.nonsolomusicamagazine.it\/wp-content\/uploads\/2025\/04\/1000051220.jpg","type":"image\/jpeg"}],"author":"nonsolomusica","twitter_card":"summary_large_image","twitter_misc":{"Scritto da":"nonsolomusica","Tempo di lettura stimato":"7 minuti"},"schema":{"@context":"https:\/\/schema.org","@graph":[{"@type":"Article","@id":"https:\/\/www.nonsolomusicamagazine.it\/?p=9578#article","isPartOf":{"@id":"https:\/\/www.nonsolomusicamagazine.it\/?p=9578"},"author":{"name":"nonsolomusica","@id":"https:\/\/www.nonsolomusicamagazine.it\/#\/schema\/person\/a3349ad02300d046472d46cf6d31ae46"},"headline":"Strage a Sumy: \u00e8 criminale continuare la guerra che toglie la vita a persone innocenti e giova solo ai mercanti di armi (Vladimir Volcic e Emanuele Filippone &#8211; Faro di Roma)","datePublished":"2025-04-14T16:18:07+00:00","dateModified":"2025-04-14T16:18:12+00:00","mainEntityOfPage":{"@id":"https:\/\/www.nonsolomusicamagazine.it\/?p=9578"},"wordCount":1167,"commentCount":0,"image":{"@id":"https:\/\/www.nonsolomusicamagazine.it\/?p=9578#primaryimage"},"thumbnailUrl":"https:\/\/www.nonsolomusicamagazine.it\/wp-content\/uploads\/2025\/04\/1000051220.jpg","keywords":["Russia","Strage","Sumy","Ucraina"],"articleSection":["Esteri"],"inLanguage":"it-IT","potentialAction":[{"@type":"CommentAction","name":"Comment","target":["https:\/\/www.nonsolomusicamagazine.it\/?p=9578#respond"]}]},{"@type":"WebPage","@id":"https:\/\/www.nonsolomusicamagazine.it\/?p=9578","url":"https:\/\/www.nonsolomusicamagazine.it\/?p=9578","name":"Strage a Sumy: \u00e8 criminale continuare la guerra che toglie la vita a persone innocenti e giova solo ai mercanti di armi (Vladimir Volcic e Emanuele Filippone - Faro di Roma) - NonSoloMusicaMagazine","isPartOf":{"@id":"https:\/\/www.nonsolomusicamagazine.it\/#website"},"primaryImageOfPage":{"@id":"https:\/\/www.nonsolomusicamagazine.it\/?p=9578#primaryimage"},"image":{"@id":"https:\/\/www.nonsolomusicamagazine.it\/?p=9578#primaryimage"},"thumbnailUrl":"https:\/\/www.nonsolomusicamagazine.it\/wp-content\/uploads\/2025\/04\/1000051220.jpg","datePublished":"2025-04-14T16:18:07+00:00","dateModified":"2025-04-14T16:18:12+00:00","author":{"@id":"https:\/\/www.nonsolomusicamagazine.it\/#\/schema\/person\/a3349ad02300d046472d46cf6d31ae46"},"description":"Strage a Sumy","breadcrumb":{"@id":"https:\/\/www.nonsolomusicamagazine.it\/?p=9578#breadcrumb"},"inLanguage":"it-IT","potentialAction":[{"@type":"ReadAction","target":["https:\/\/www.nonsolomusicamagazine.it\/?p=9578"]}]},{"@type":"ImageObject","inLanguage":"it-IT","@id":"https:\/\/www.nonsolomusicamagazine.it\/?p=9578#primaryimage","url":"https:\/\/www.nonsolomusicamagazine.it\/wp-content\/uploads\/2025\/04\/1000051220.jpg","contentUrl":"https:\/\/www.nonsolomusicamagazine.it\/wp-content\/uploads\/2025\/04\/1000051220.jpg","width":768,"height":1024},{"@type":"BreadcrumbList","@id":"https:\/\/www.nonsolomusicamagazine.it\/?p=9578#breadcrumb","itemListElement":[{"@type":"ListItem","position":1,"name":"Home","item":"https:\/\/www.nonsolomusicamagazine.it\/"},{"@type":"ListItem","position":2,"name":"Strage a Sumy: \u00e8 criminale continuare la guerra che toglie la vita a persone innocenti e giova solo ai mercanti di armi (Vladimir Volcic e Emanuele Filippone &#8211; Faro di Roma)"}]},{"@type":"WebSite","@id":"https:\/\/www.nonsolomusicamagazine.it\/#website","url":"https:\/\/www.nonsolomusicamagazine.it\/","name":"Nonsolomusicamagazine","description":"Dir. responsabile Manuel M Buccarella","potentialAction":[{"@type":"SearchAction","target":{"@type":"EntryPoint","urlTemplate":"https:\/\/www.nonsolomusicamagazine.it\/?s={search_term_string}"},"query-input":{"@type":"PropertyValueSpecification","valueRequired":true,"valueName":"search_term_string"}}],"inLanguage":"it-IT"},{"@type":"Person","@id":"https:\/\/www.nonsolomusicamagazine.it\/#\/schema\/person\/a3349ad02300d046472d46cf6d31ae46","name":"nonsolomusica","image":{"@type":"ImageObject","inLanguage":"it-IT","@id":"https:\/\/www.nonsolomusicamagazine.it\/wp-content\/litespeed\/avatar\/3a675484bc84db6aba78d43bfc8b7197.jpg?ver=1776880798","url":"https:\/\/www.nonsolomusicamagazine.it\/wp-content\/litespeed\/avatar\/3a675484bc84db6aba78d43bfc8b7197.jpg?ver=1776880798","contentUrl":"https:\/\/www.nonsolomusicamagazine.it\/wp-content\/litespeed\/avatar\/3a675484bc84db6aba78d43bfc8b7197.jpg?ver=1776880798","caption":"nonsolomusica"},"sameAs":["https:\/\/www.nonsolomusicamagazine.it"],"url":"https:\/\/www.nonsolomusicamagazine.it\/?author=1"}]}},"amp_enabled":true,"_links":{"self":[{"href":"https:\/\/www.nonsolomusicamagazine.it\/index.php?rest_route=\/wp\/v2\/posts\/9578","targetHints":{"allow":["GET"]}}],"collection":[{"href":"https:\/\/www.nonsolomusicamagazine.it\/index.php?rest_route=\/wp\/v2\/posts"}],"about":[{"href":"https:\/\/www.nonsolomusicamagazine.it\/index.php?rest_route=\/wp\/v2\/types\/post"}],"author":[{"embeddable":true,"href":"https:\/\/www.nonsolomusicamagazine.it\/index.php?rest_route=\/wp\/v2\/users\/1"}],"replies":[{"embeddable":true,"href":"https:\/\/www.nonsolomusicamagazine.it\/index.php?rest_route=%2Fwp%2Fv2%2Fcomments&post=9578"}],"version-history":[{"count":0,"href":"https:\/\/www.nonsolomusicamagazine.it\/index.php?rest_route=\/wp\/v2\/posts\/9578\/revisions"}],"wp:featuredmedia":[{"embeddable":true,"href":"https:\/\/www.nonsolomusicamagazine.it\/index.php?rest_route=\/wp\/v2\/media\/9579"}],"wp:attachment":[{"href":"https:\/\/www.nonsolomusicamagazine.it\/index.php?rest_route=%2Fwp%2Fv2%2Fmedia&parent=9578"}],"wp:term":[{"taxonomy":"category","embeddable":true,"href":"https:\/\/www.nonsolomusicamagazine.it\/index.php?rest_route=%2Fwp%2Fv2%2Fcategories&post=9578"},{"taxonomy":"post_tag","embeddable":true,"href":"https:\/\/www.nonsolomusicamagazine.it\/index.php?rest_route=%2Fwp%2Fv2%2Ftags&post=9578"}],"curies":[{"name":"wp","href":"https:\/\/api.w.org\/{rel}","templated":true}]}}