{"id":9590,"date":"2025-04-14T21:39:59","date_gmt":"2025-04-14T19:39:59","guid":{"rendered":"https:\/\/www.nonsolomusicamagazine.it\/?p=9590"},"modified":"2025-04-14T21:40:09","modified_gmt":"2025-04-14T19:40:09","slug":"serbia-manifestazione-a-novi-pazar-nel-segno-della-fratellanza-e-dellunita-delle-etnie","status":"publish","type":"post","link":"https:\/\/www.nonsolomusicamagazine.it\/?p=9590","title":{"rendered":"Serbia, manifestazione a Novi Pazar nel segno della fratellanza e dell&#8217;unit\u00e0 delle etnie"},"content":{"rendered":"\n<p>Sabato a Novi Pazar, comune serbo di circa 100mila abitanti nel Sangiaccato, vicino al confine con il Kosovo, si \u00e8 tenuta una manifestazione di protesta degli studenti del &#8220;blocco&#8221; (quelli che da mesi occupano scuole ed universit\u00e0 in tutta la Serbia e praticano anche blocchi stradali con insegnanti, lavoratori ed agricoltori contro corruzione e nazionalismo), ispirata dal motto &#8220;La libert\u00e0 governa il bazar&#8221;.<\/p>\n\n\n\n<p>La protesta ha radunato partecipanti provenienti da diverse citt\u00e0 della Serbia e numerose foto della manifestazione sono diventate virali.<\/p>\n\n\n\n<p>Gli studenti hanno trasmesso il messaggio che esiste una Serbia forte e diversa, che vuole non solo un cambiamento di governo, ma anche dell&#8217;intero sistema di valori basato sul nazionalismo.Con questo spirito la dichiarazione di uno dei partecipanti alla protesta che, in un&#8217;esibizione infuocata davanti alle telecamere, ha smascherato ogni minaccia al regime attuale.<\/p>\n\n\n\n<p>&#8220;Finalmente, dopo molti anni, stiamo spezzando uno degli abomini pi\u00f9 grandi di questo regime, questo attacco alla religione, questo attacco alla nazionalit\u00e0, siamo tutti persone, non importa di quale nazionalit\u00e0 sia, ci\u00f2 che conta \u00e8 chi \u00e8 che tipo di persona e finch\u00e9 ci proveranno non passer\u00e0, siamo delle nuove generazioni che stanno lottando per un tempo nuovo e migliore e non saranno in grado di separarci, non saranno in grado di riempire i loro conti privati dividendoci. Vivremo tutti in armonia, come in ogni altro mondo normale, lunga vita alla Serbia&#8221;, ha affermato.<\/p>\n\n\n\n<p>La sua dichiarazione \u00e8 stata condivisa su numerosi canali social ed \u00e8 diventata virale.La manifestazione di Novi Pazar ha attirato molta attenzione da parte dell&#8217;opinione pubblica regionale e, secondo numerose valutazioni, \u00e8 stata una forte risposta alla manifestazione organizzata da Vu\u010di\u0107 il giorno prima a Belgrado.<\/p>\n\n\n\n<p>La Serbia \u00e8 un paese popolato da etnie e nazionalit\u00e0 differenti, con religioni differenti, che intendono vivere in pace, nel reciproco rispetto e solidariet\u00e0. Come non sentire nelle parole dei manifestanti l&#8217;eco dei principi fondanti (fratellanza ed unit\u00e0) della Jugoslavia di Tito.<\/p>\n\n\n\n<p>fonte: Novi Dani<\/p>\n\n\n\n<figure class=\"wp-block-image size-full\"><img decoding=\"async\" width=\"768\" height=\"432\" src=\"https:\/\/www.nonsolomusicamagazine.it\/wp-content\/uploads\/2025\/04\/1000051278.jpg\" alt=\"\" class=\"wp-image-9591\" srcset=\"https:\/\/www.nonsolomusicamagazine.it\/wp-content\/uploads\/2025\/04\/1000051278.jpg 768w, https:\/\/www.nonsolomusicamagazine.it\/wp-content\/uploads\/2025\/04\/1000051278-300x169.jpg 300w\" sizes=\"(max-width: 768px) 100vw, 768px\" \/><\/figure>\n","protected":false},"excerpt":{"rendered":"<p>Sabato a Novi Pazar, comune serbo di circa 100mila abitanti nel Sangiaccato, vicino al confine con il Kosovo, si \u00e8 tenuta una manifestazione di protesta degli studenti del &#8220;blocco&#8221; (quelli che da mesi occupano scuole ed universit\u00e0 in tutta la Serbia e praticano anche blocchi stradali con insegnanti, lavoratori ed agricoltori contro corruzione e nazionalismo), [&hellip;]<\/p>\n","protected":false},"author":1,"featured_media":9591,"comment_status":"open","ping_status":"closed","sticky":false,"template":"","format":"standard","meta":{"footnotes":""},"categories":[6],"tags":[4101,650,4100,1894],"class_list":["post-9590","post","type-post","status-publish","format-standard","has-post-thumbnail","hentry","category-esteri","tag-fratellanza","tag-jugoslavia","tag-novi-pazar","tag-serbia"],"yoast_head":"<!-- This site is optimized with the Yoast SEO plugin v27.4 - https:\/\/yoast.com\/product\/yoast-seo-wordpress\/ -->\n<title>Serbia, manifestazione a Novi Pazar nel segno della fratellanza e dell&#039;unit\u00e0 delle etnie - NonSoloMusicaMagazine<\/title>\n<meta name=\"description\" content=\"Novi Pazar\" \/>\n<meta name=\"robots\" content=\"index, follow, max-snippet:-1, max-image-preview:large, max-video-preview:-1\" \/>\n<link rel=\"canonical\" href=\"https:\/\/www.nonsolomusicamagazine.it\/?p=9590\" \/>\n<meta property=\"og:locale\" content=\"it_IT\" \/>\n<meta property=\"og:type\" content=\"article\" \/>\n<meta property=\"og:title\" content=\"Serbia, manifestazione a Novi Pazar nel segno della fratellanza e dell&#039;unit\u00e0 delle etnie - NonSoloMusicaMagazine\" \/>\n<meta property=\"og:description\" content=\"Novi Pazar\" \/>\n<meta property=\"og:url\" content=\"https:\/\/www.nonsolomusicamagazine.it\/?p=9590\" \/>\n<meta property=\"og:site_name\" content=\"NonSoloMusicaMagazine\" \/>\n<meta property=\"article:published_time\" content=\"2025-04-14T19:39:59+00:00\" \/>\n<meta property=\"article:modified_time\" content=\"2025-04-14T19:40:09+00:00\" \/>\n<meta property=\"og:image\" content=\"https:\/\/www.nonsolomusicamagazine.it\/wp-content\/uploads\/2025\/04\/1000051278.jpg\" \/>\n\t<meta property=\"og:image:width\" content=\"768\" \/>\n\t<meta property=\"og:image:height\" content=\"432\" \/>\n\t<meta property=\"og:image:type\" content=\"image\/jpeg\" \/>\n<meta name=\"author\" content=\"nonsolomusica\" \/>\n<meta name=\"twitter:card\" content=\"summary_large_image\" \/>\n<meta name=\"twitter:label1\" content=\"Scritto da\" \/>\n\t<meta name=\"twitter:data1\" content=\"nonsolomusica\" \/>\n\t<meta name=\"twitter:label2\" content=\"Tempo di lettura stimato\" \/>\n\t<meta name=\"twitter:data2\" content=\"3 minuti\" \/>\n<script type=\"application\/ld+json\" class=\"yoast-schema-graph\">{\"@context\":\"https:\\\/\\\/schema.org\",\"@graph\":[{\"@type\":\"Article\",\"@id\":\"https:\\\/\\\/www.nonsolomusicamagazine.it\\\/?p=9590#article\",\"isPartOf\":{\"@id\":\"https:\\\/\\\/www.nonsolomusicamagazine.it\\\/?p=9590\"},\"author\":{\"name\":\"nonsolomusica\",\"@id\":\"https:\\\/\\\/www.nonsolomusicamagazine.it\\\/#\\\/schema\\\/person\\\/a3349ad02300d046472d46cf6d31ae46\"},\"headline\":\"Serbia, manifestazione a Novi Pazar nel segno della fratellanza e dell&#8217;unit\u00e0 delle etnie\",\"datePublished\":\"2025-04-14T19:39:59+00:00\",\"dateModified\":\"2025-04-14T19:40:09+00:00\",\"mainEntityOfPage\":{\"@id\":\"https:\\\/\\\/www.nonsolomusicamagazine.it\\\/?p=9590\"},\"wordCount\":335,\"commentCount\":0,\"image\":{\"@id\":\"https:\\\/\\\/www.nonsolomusicamagazine.it\\\/?p=9590#primaryimage\"},\"thumbnailUrl\":\"https:\\\/\\\/www.nonsolomusicamagazine.it\\\/wp-content\\\/uploads\\\/2025\\\/04\\\/1000051278.jpg\",\"keywords\":[\"Fratellanza\",\"Jugoslavia\",\"Novi Pazar\",\"Serbia\"],\"articleSection\":[\"Esteri\"],\"inLanguage\":\"it-IT\",\"potentialAction\":[{\"@type\":\"CommentAction\",\"name\":\"Comment\",\"target\":[\"https:\\\/\\\/www.nonsolomusicamagazine.it\\\/?p=9590#respond\"]}]},{\"@type\":\"WebPage\",\"@id\":\"https:\\\/\\\/www.nonsolomusicamagazine.it\\\/?p=9590\",\"url\":\"https:\\\/\\\/www.nonsolomusicamagazine.it\\\/?p=9590\",\"name\":\"Serbia, manifestazione a Novi Pazar nel segno della fratellanza e dell'unit\u00e0 delle etnie - NonSoloMusicaMagazine\",\"isPartOf\":{\"@id\":\"https:\\\/\\\/www.nonsolomusicamagazine.it\\\/#website\"},\"primaryImageOfPage\":{\"@id\":\"https:\\\/\\\/www.nonsolomusicamagazine.it\\\/?p=9590#primaryimage\"},\"image\":{\"@id\":\"https:\\\/\\\/www.nonsolomusicamagazine.it\\\/?p=9590#primaryimage\"},\"thumbnailUrl\":\"https:\\\/\\\/www.nonsolomusicamagazine.it\\\/wp-content\\\/uploads\\\/2025\\\/04\\\/1000051278.jpg\",\"datePublished\":\"2025-04-14T19:39:59+00:00\",\"dateModified\":\"2025-04-14T19:40:09+00:00\",\"author\":{\"@id\":\"https:\\\/\\\/www.nonsolomusicamagazine.it\\\/#\\\/schema\\\/person\\\/a3349ad02300d046472d46cf6d31ae46\"},\"description\":\"Novi Pazar\",\"breadcrumb\":{\"@id\":\"https:\\\/\\\/www.nonsolomusicamagazine.it\\\/?p=9590#breadcrumb\"},\"inLanguage\":\"it-IT\",\"potentialAction\":[{\"@type\":\"ReadAction\",\"target\":[\"https:\\\/\\\/www.nonsolomusicamagazine.it\\\/?p=9590\"]}]},{\"@type\":\"ImageObject\",\"inLanguage\":\"it-IT\",\"@id\":\"https:\\\/\\\/www.nonsolomusicamagazine.it\\\/?p=9590#primaryimage\",\"url\":\"https:\\\/\\\/www.nonsolomusicamagazine.it\\\/wp-content\\\/uploads\\\/2025\\\/04\\\/1000051278.jpg\",\"contentUrl\":\"https:\\\/\\\/www.nonsolomusicamagazine.it\\\/wp-content\\\/uploads\\\/2025\\\/04\\\/1000051278.jpg\",\"width\":768,\"height\":432},{\"@type\":\"BreadcrumbList\",\"@id\":\"https:\\\/\\\/www.nonsolomusicamagazine.it\\\/?p=9590#breadcrumb\",\"itemListElement\":[{\"@type\":\"ListItem\",\"position\":1,\"name\":\"Home\",\"item\":\"https:\\\/\\\/www.nonsolomusicamagazine.it\\\/\"},{\"@type\":\"ListItem\",\"position\":2,\"name\":\"Serbia, manifestazione a Novi Pazar nel segno della fratellanza e dell&#8217;unit\u00e0 delle etnie\"}]},{\"@type\":\"WebSite\",\"@id\":\"https:\\\/\\\/www.nonsolomusicamagazine.it\\\/#website\",\"url\":\"https:\\\/\\\/www.nonsolomusicamagazine.it\\\/\",\"name\":\"Nonsolomusicamagazine\",\"description\":\"Dir. responsabile Manuel M Buccarella\",\"potentialAction\":[{\"@type\":\"SearchAction\",\"target\":{\"@type\":\"EntryPoint\",\"urlTemplate\":\"https:\\\/\\\/www.nonsolomusicamagazine.it\\\/?s={search_term_string}\"},\"query-input\":{\"@type\":\"PropertyValueSpecification\",\"valueRequired\":true,\"valueName\":\"search_term_string\"}}],\"inLanguage\":\"it-IT\"},{\"@type\":\"Person\",\"@id\":\"https:\\\/\\\/www.nonsolomusicamagazine.it\\\/#\\\/schema\\\/person\\\/a3349ad02300d046472d46cf6d31ae46\",\"name\":\"nonsolomusica\",\"image\":{\"@type\":\"ImageObject\",\"inLanguage\":\"it-IT\",\"@id\":\"https:\\\/\\\/www.nonsolomusicamagazine.it\\\/wp-content\\\/litespeed\\\/avatar\\\/3a675484bc84db6aba78d43bfc8b7197.jpg?ver=1776880798\",\"url\":\"https:\\\/\\\/www.nonsolomusicamagazine.it\\\/wp-content\\\/litespeed\\\/avatar\\\/3a675484bc84db6aba78d43bfc8b7197.jpg?ver=1776880798\",\"contentUrl\":\"https:\\\/\\\/www.nonsolomusicamagazine.it\\\/wp-content\\\/litespeed\\\/avatar\\\/3a675484bc84db6aba78d43bfc8b7197.jpg?ver=1776880798\",\"caption\":\"nonsolomusica\"},\"sameAs\":[\"https:\\\/\\\/www.nonsolomusicamagazine.it\"],\"url\":\"https:\\\/\\\/www.nonsolomusicamagazine.it\\\/?author=1\"}]}<\/script>\n<!-- \/ Yoast SEO plugin. -->","yoast_head_json":{"title":"Serbia, manifestazione a Novi Pazar nel segno della fratellanza e dell'unit\u00e0 delle etnie - NonSoloMusicaMagazine","description":"Novi Pazar","robots":{"index":"index","follow":"follow","max-snippet":"max-snippet:-1","max-image-preview":"max-image-preview:large","max-video-preview":"max-video-preview:-1"},"canonical":"https:\/\/www.nonsolomusicamagazine.it\/?p=9590","og_locale":"it_IT","og_type":"article","og_title":"Serbia, manifestazione a Novi Pazar nel segno della fratellanza e dell'unit\u00e0 delle etnie - NonSoloMusicaMagazine","og_description":"Novi Pazar","og_url":"https:\/\/www.nonsolomusicamagazine.it\/?p=9590","og_site_name":"NonSoloMusicaMagazine","article_published_time":"2025-04-14T19:39:59+00:00","article_modified_time":"2025-04-14T19:40:09+00:00","og_image":[{"width":768,"height":432,"url":"https:\/\/www.nonsolomusicamagazine.it\/wp-content\/uploads\/2025\/04\/1000051278.jpg","type":"image\/jpeg"}],"author":"nonsolomusica","twitter_card":"summary_large_image","twitter_misc":{"Scritto da":"nonsolomusica","Tempo di lettura stimato":"3 minuti"},"schema":{"@context":"https:\/\/schema.org","@graph":[{"@type":"Article","@id":"https:\/\/www.nonsolomusicamagazine.it\/?p=9590#article","isPartOf":{"@id":"https:\/\/www.nonsolomusicamagazine.it\/?p=9590"},"author":{"name":"nonsolomusica","@id":"https:\/\/www.nonsolomusicamagazine.it\/#\/schema\/person\/a3349ad02300d046472d46cf6d31ae46"},"headline":"Serbia, manifestazione a Novi Pazar nel segno della fratellanza e dell&#8217;unit\u00e0 delle etnie","datePublished":"2025-04-14T19:39:59+00:00","dateModified":"2025-04-14T19:40:09+00:00","mainEntityOfPage":{"@id":"https:\/\/www.nonsolomusicamagazine.it\/?p=9590"},"wordCount":335,"commentCount":0,"image":{"@id":"https:\/\/www.nonsolomusicamagazine.it\/?p=9590#primaryimage"},"thumbnailUrl":"https:\/\/www.nonsolomusicamagazine.it\/wp-content\/uploads\/2025\/04\/1000051278.jpg","keywords":["Fratellanza","Jugoslavia","Novi Pazar","Serbia"],"articleSection":["Esteri"],"inLanguage":"it-IT","potentialAction":[{"@type":"CommentAction","name":"Comment","target":["https:\/\/www.nonsolomusicamagazine.it\/?p=9590#respond"]}]},{"@type":"WebPage","@id":"https:\/\/www.nonsolomusicamagazine.it\/?p=9590","url":"https:\/\/www.nonsolomusicamagazine.it\/?p=9590","name":"Serbia, manifestazione a Novi Pazar nel segno della fratellanza e dell'unit\u00e0 delle etnie - NonSoloMusicaMagazine","isPartOf":{"@id":"https:\/\/www.nonsolomusicamagazine.it\/#website"},"primaryImageOfPage":{"@id":"https:\/\/www.nonsolomusicamagazine.it\/?p=9590#primaryimage"},"image":{"@id":"https:\/\/www.nonsolomusicamagazine.it\/?p=9590#primaryimage"},"thumbnailUrl":"https:\/\/www.nonsolomusicamagazine.it\/wp-content\/uploads\/2025\/04\/1000051278.jpg","datePublished":"2025-04-14T19:39:59+00:00","dateModified":"2025-04-14T19:40:09+00:00","author":{"@id":"https:\/\/www.nonsolomusicamagazine.it\/#\/schema\/person\/a3349ad02300d046472d46cf6d31ae46"},"description":"Novi Pazar","breadcrumb":{"@id":"https:\/\/www.nonsolomusicamagazine.it\/?p=9590#breadcrumb"},"inLanguage":"it-IT","potentialAction":[{"@type":"ReadAction","target":["https:\/\/www.nonsolomusicamagazine.it\/?p=9590"]}]},{"@type":"ImageObject","inLanguage":"it-IT","@id":"https:\/\/www.nonsolomusicamagazine.it\/?p=9590#primaryimage","url":"https:\/\/www.nonsolomusicamagazine.it\/wp-content\/uploads\/2025\/04\/1000051278.jpg","contentUrl":"https:\/\/www.nonsolomusicamagazine.it\/wp-content\/uploads\/2025\/04\/1000051278.jpg","width":768,"height":432},{"@type":"BreadcrumbList","@id":"https:\/\/www.nonsolomusicamagazine.it\/?p=9590#breadcrumb","itemListElement":[{"@type":"ListItem","position":1,"name":"Home","item":"https:\/\/www.nonsolomusicamagazine.it\/"},{"@type":"ListItem","position":2,"name":"Serbia, manifestazione a Novi Pazar nel segno della fratellanza e dell&#8217;unit\u00e0 delle etnie"}]},{"@type":"WebSite","@id":"https:\/\/www.nonsolomusicamagazine.it\/#website","url":"https:\/\/www.nonsolomusicamagazine.it\/","name":"Nonsolomusicamagazine","description":"Dir. responsabile Manuel M Buccarella","potentialAction":[{"@type":"SearchAction","target":{"@type":"EntryPoint","urlTemplate":"https:\/\/www.nonsolomusicamagazine.it\/?s={search_term_string}"},"query-input":{"@type":"PropertyValueSpecification","valueRequired":true,"valueName":"search_term_string"}}],"inLanguage":"it-IT"},{"@type":"Person","@id":"https:\/\/www.nonsolomusicamagazine.it\/#\/schema\/person\/a3349ad02300d046472d46cf6d31ae46","name":"nonsolomusica","image":{"@type":"ImageObject","inLanguage":"it-IT","@id":"https:\/\/www.nonsolomusicamagazine.it\/wp-content\/litespeed\/avatar\/3a675484bc84db6aba78d43bfc8b7197.jpg?ver=1776880798","url":"https:\/\/www.nonsolomusicamagazine.it\/wp-content\/litespeed\/avatar\/3a675484bc84db6aba78d43bfc8b7197.jpg?ver=1776880798","contentUrl":"https:\/\/www.nonsolomusicamagazine.it\/wp-content\/litespeed\/avatar\/3a675484bc84db6aba78d43bfc8b7197.jpg?ver=1776880798","caption":"nonsolomusica"},"sameAs":["https:\/\/www.nonsolomusicamagazine.it"],"url":"https:\/\/www.nonsolomusicamagazine.it\/?author=1"}]}},"amp_enabled":true,"_links":{"self":[{"href":"https:\/\/www.nonsolomusicamagazine.it\/index.php?rest_route=\/wp\/v2\/posts\/9590","targetHints":{"allow":["GET"]}}],"collection":[{"href":"https:\/\/www.nonsolomusicamagazine.it\/index.php?rest_route=\/wp\/v2\/posts"}],"about":[{"href":"https:\/\/www.nonsolomusicamagazine.it\/index.php?rest_route=\/wp\/v2\/types\/post"}],"author":[{"embeddable":true,"href":"https:\/\/www.nonsolomusicamagazine.it\/index.php?rest_route=\/wp\/v2\/users\/1"}],"replies":[{"embeddable":true,"href":"https:\/\/www.nonsolomusicamagazine.it\/index.php?rest_route=%2Fwp%2Fv2%2Fcomments&post=9590"}],"version-history":[{"count":0,"href":"https:\/\/www.nonsolomusicamagazine.it\/index.php?rest_route=\/wp\/v2\/posts\/9590\/revisions"}],"wp:featuredmedia":[{"embeddable":true,"href":"https:\/\/www.nonsolomusicamagazine.it\/index.php?rest_route=\/wp\/v2\/media\/9591"}],"wp:attachment":[{"href":"https:\/\/www.nonsolomusicamagazine.it\/index.php?rest_route=%2Fwp%2Fv2%2Fmedia&parent=9590"}],"wp:term":[{"taxonomy":"category","embeddable":true,"href":"https:\/\/www.nonsolomusicamagazine.it\/index.php?rest_route=%2Fwp%2Fv2%2Fcategories&post=9590"},{"taxonomy":"post_tag","embeddable":true,"href":"https:\/\/www.nonsolomusicamagazine.it\/index.php?rest_route=%2Fwp%2Fv2%2Ftags&post=9590"}],"curies":[{"name":"wp","href":"https:\/\/api.w.org\/{rel}","templated":true}]}}